{"id":94814,"date":"2025-03-06T07:25:03","date_gmt":"2025-03-06T11:25:03","guid":{"rendered":"https:\/\/lasprimeras.com.do\/?p=94814"},"modified":"2025-03-06T07:25:04","modified_gmt":"2025-03-06T11:25:04","slug":"hallan-muerto-a-punaladas-a-joven-latino-en-playa-de-nueva-york","status":"publish","type":"post","link":"https:\/\/lasprimeras.com.do\/index.php\/2025\/03\/06\/hallan-muerto-a-punaladas-a-joven-latino-en-playa-de-nueva-york\/","title":{"rendered":"Hallan muerto a pu\u00f1aladas a joven latino en playa de Nueva York"},"content":{"rendered":"\n<p>Un joven hispano fue encontrado muerto con heridas de pu\u00f1al en la playa dentro de una tranquila comunidad de Long Island (NY). Nadie ha sido arrestado.<\/p>\n\n\n\n<p>Carlos L\u00f3pez, joven de 27 a\u00f1os, fue encontrado muerto con heridas de pu\u00f1al ayer al amanecer en una playa dentro de una peque\u00f1a y tranquila comunidad de Long Island (NY).<\/p>\n\n\n\n<p>L\u00f3pez, residente de Central Islip, fue descubierto alrededor de las 6:30 a.m. del martes con heridas de arma blanca alrededor del cuerpo cerca de la orilla de una playa al final de Blue Point Av en la pintoresca aldea de Blue Point en el condado Suffolk, dijo la polic\u00eda.<\/p>\n\n\n\n<p>Un transe\u00fante vio a la v\u00edctima y notific\u00f3 a la polic\u00eda, dijeron las autoridades. L\u00f3pez fue declarado oficialmente muerto en la escena. Los detectives est\u00e1n investigando el caso. Hasta ahora no ha habido informaci\u00f3n sobre un motivo para el crimen, inform\u00f3 New York Post.<\/p>\n\n\n\n<p>No se han realizado arrestos ni identificado sospechosos. Quien posea informaci\u00f3n debe llamar a 1-800-577-TIPS (8477) y en espa\u00f1ol 1-888-57-PISTA (74782). Tambi\u00e9n a trav\u00e9s de la p\u00e1gina crimestoppers.nypdonline.org o por mensaje de texto a 274637 (CRIMES), seguido por TIP577. Todas las comunicaciones son estrictamente confidenciales.<\/p>\n\n\n\n<p>En general es com\u00fan el hallazgo de cad\u00e1veres completos o en partes en sitios p\u00fablicos en Nueva York y \u00e1reas cercanas, y a veces toma tiempo identificar a las v\u00edctimas.<\/p>\n\n\n\n<p>La semana pasada un ni\u00f1o de 3 a\u00f1os fue encontrado muerto en un r\u00edo despu\u00e9s de ser reportado desaparecido en Mamaroneck, condado Westchester de Nueva York. D\u00edas antes un cad\u00e1ver masculino fue encontrado flotando en el East River bajo el ic\u00f3nico Brooklyn Bridge (NYC), siguiendo casos similares en esa zona el a\u00f1o pasado.<\/p>\n\n\n\n<p>A principios de febrero se encontr\u00f3 en una maleta lanzada al East River el cuerpo desmembrado de un hispano de 65 a\u00f1os y su joven roommate luego admiti\u00f3 haberlo matado y cortado en pedazos.<\/p>\n\n\n\n<p>En diciembre NYPD hall\u00f3 a un hombre mayor muerto encontrado flotando en el East River que separa a Queens y Manhattan. A fines de noviembre unos restos \u00f3seos humanos encontrados en Troy (NY) fueron finalmente identificados como pertenecientes a Amanda King, una mujer que desapareci\u00f3 hac\u00eda 11 a\u00f1os. Tambi\u00e9n ese mes el cuerpo de una mujer de 60 a\u00f1os fue encontrado en el East River, cerca de College Point, Queens (NYC).<\/p>\n\n\n\n<p>En agosto un cad\u00e1ver masculino fue encontrado flotando en las aguas cerca de Pier 12 en Brooklyn. D\u00edas antes un hombre hab\u00eda sido hallado muerto en un parque en Hoboken ubicado frente al Hudson River que separa a Nueva Jersey de Manhattan (NYC).<\/p>\n\n\n\n<p>En mayo una cabeza humana fue hallada flotando en Jamaica Bay (Queens) Previamente ese mes un hombre fue encontrado muerto flotando en aguas cercanas al terminal de ferry de Staten Island en el Bajo Manhattan.<\/p>\n\n\n\n<p>Tambi\u00e9n en mayo unos restos humanos encontrados sumergidos en un arroyo en Nueva Jersey fueron identificados como pertenecientes a Charles Murphy, un hombre desaparecido desde 1982. En abril tambi\u00e9n se cerr\u00f3 en Nueva Jersey un caso que estuvo casi 39 a\u00f1os abierto: la reci\u00e9n nacida hallada muerta en una bolsa en un parque en la v\u00edspera de la Navidad de 1984.<\/p>\n\n\n\n<p>Quien posea informaci\u00f3n sobre alguno de estos casos debe llamar a 1-800-577-TIPS (8477) y en espa\u00f1ol 1-888-57-PISTA (74782). Tambi\u00e9n a trav\u00e9s de la p\u00e1gina crimestoppers.nypdonline.org o por mensaje de texto a 274637 (CRIMES), seguido por TIP577. Todas las comunicaciones son estrictamente confidenciales.<\/p>\n\n\n\n<p>Fuente eldiariony.com<\/p>\n","protected":false},"excerpt":{"rendered":"<p>Un joven hispano fue encontrado muerto con heridas de pu\u00f1al en la playa dentro de una tranquila comunidad de Long Island (NY). Nadie ha sido arrestado. Carlos L\u00f3pez, joven de&hellip;<\/p>\n","protected":false},"author":2,"featured_media":94815,"comment_status":"open","ping_status":"open","sticky":false,"template":"","format":"standard","meta":{"content-type":"","jetpack_post_was_ever_published":false,"_jetpack_newsletter_access":"","_jetpack_dont_email_post_to_subs":false,"_jetpack_newsletter_tier_id":0,"_jetpack_memberships_contains_paywalled_content":false,"_jetpack_memberships_contains_paid_content":false,"footnotes":""},"categories":[16289],"tags":[242,17875,309,5335,5105],"class_list":["post-94814","post","type-post","status-publish","format-standard","has-post-thumbnail","hentry","category-internacionales","tag-hallan","tag-joven-latino","tag-muerto","tag-playa","tag-punaladas"],"jetpack_featured_media_url":"https:\/\/lasprimeras.com.do\/wp-content\/uploads\/2025\/03\/Playa-en-Nueva-York.png","jetpack-related-posts":[{"id":98823,"url":"https:\/\/lasprimeras.com.do\/index.php\/2025\/05\/13\/sangriento-fin-de-semana-en-nyc-alto-manhattan-fue-escenario-duelo-a-machetazos\/","url_meta":{"origin":94814,"position":0},"title":"Sangriento fin de semana en NYC; Alto Manhattan fue escenario duelo a machetazos","author":"Nelson Feliz","date":"13 de mayo de 2025","format":false,"excerpt":"Por Ram\u00f3n Mercedes NUEVA YORK.- El pasado fin de semana se torno muy violento en esta ciudad, con muertos y heridos, entre ellos civiles y agentes policiales, en diferentes circunstancia. Dos hombres, presuntamente dominicanos, sostuvieron un duelo a machetazos, frente a una bodega en el 144 de la avenida Nagle\u2026","rel":"","context":"En \u00abINTERNACIONALES\u00bb","block_context":{"text":"INTERNACIONALES","link":"https:\/\/lasprimeras.com.do\/index.php\/category\/sin-categoria\/internacionales\/"},"img":{"alt_text":"","src":"https:\/\/i0.wp.com\/lasprimeras.com.do\/wp-content\/uploads\/2025\/05\/WhatsApp-Image-2025-05-13-at-5.49.20-AM.jpeg?resize=350%2C200&ssl=1","width":350,"height":200,"srcset":"https:\/\/i0.wp.com\/lasprimeras.com.do\/wp-content\/uploads\/2025\/05\/WhatsApp-Image-2025-05-13-at-5.49.20-AM.jpeg?resize=350%2C200&ssl=1 1x, https:\/\/i0.wp.com\/lasprimeras.com.do\/wp-content\/uploads\/2025\/05\/WhatsApp-Image-2025-05-13-at-5.49.20-AM.jpeg?resize=525%2C300&ssl=1 1.5x"},"classes":[]},{"id":94932,"url":"https:\/\/lasprimeras.com.do\/index.php\/2025\/03\/07\/hallan-cadaver-de-hispana-en-una-maleta-en-nueva-york-ex-novio-arrestado\/","url_meta":{"origin":94814,"position":1},"title":"Hallan cad\u00e1ver de hispana en una maleta en Nueva York; ex novio arrestado","author":"Nelson Feliz","date":"7 de marzo de 2025","format":false,"excerpt":"Una joven latina que hab\u00eda sido reportada desaparecida en NYC fue encontrada muerta en una maleta en Yonkers. Su ex novio fue detenido como sospechoso. Pamela Alc\u00e1ntara, joven de 26 a\u00f1os que hab\u00eda sido reportada desaparecida el domingo en El Bronx (NYC), fue encontrada muerta en una maleta en Yonkers\u2026","rel":"","context":"En \u00abINTERNACIONALES\u00bb","block_context":{"text":"INTERNACIONALES","link":"https:\/\/lasprimeras.com.do\/index.php\/category\/sin-categoria\/internacionales\/"},"img":{"alt_text":"","src":"https:\/\/i0.wp.com\/lasprimeras.com.do\/wp-content\/uploads\/2025\/03\/HISPA.png?resize=350%2C200&ssl=1","width":350,"height":200},"classes":[]},{"id":108510,"url":"https:\/\/lasprimeras.com.do\/index.php\/2025\/09\/08\/hallan-a-una-joven-de-16-anos-con-multiples-punaladas-en-guerra\/","url_meta":{"origin":94814,"position":2},"title":"Hallan a una joven de 16 a\u00f1os con m\u00faltiples pu\u00f1aladas en Guerra","author":"Nelson Feliz","date":"8 de septiembre de 2025","format":false,"excerpt":"El novio es el principal sospechoso. Una joven de 16 a\u00f1os, Maite Evangelina Jer\u00f3nimo de la Cruz, fue encontrada muerta tras presentar m\u00faltiples heridas de arma blanca, en un hecho por el cual su novio, Henry Rafael Torres, de 26 a\u00f1os, figura como principal sospechoso, inform\u00f3 la Polic\u00eda Nacional. El\u2026","rel":"","context":"En \u00abNACIONALES\u00bb","block_context":{"text":"NACIONALES","link":"https:\/\/lasprimeras.com.do\/index.php\/category\/nacionales\/"},"img":{"alt_text":"","src":"https:\/\/i0.wp.com\/lasprimeras.com.do\/wp-content\/uploads\/2023\/07\/Cuchillo.jpg?resize=350%2C200&ssl=1","width":350,"height":200,"srcset":"https:\/\/i0.wp.com\/lasprimeras.com.do\/wp-content\/uploads\/2023\/07\/Cuchillo.jpg?resize=350%2C200&ssl=1 1x, https:\/\/i0.wp.com\/lasprimeras.com.do\/wp-content\/uploads\/2023\/07\/Cuchillo.jpg?resize=525%2C300&ssl=1 1.5x"},"classes":[]},{"id":58891,"url":"https:\/\/lasprimeras.com.do\/index.php\/2023\/08\/29\/latino-mato-a-su-esposa-dos-bebes-y-luego-a-si-mismo-en-su-hogar-en-nueva-york\/","url_meta":{"origin":94814,"position":3},"title":"Latino mat\u00f3 a su esposa, dos beb\u00e9s y luego a s\u00ed mismo en su hogar en Nueva York","author":"Nelson Feliz","date":"29 de agosto de 2023","format":false,"excerpt":"Un hispano de 41 a\u00f1os fue identificado por NYPD como el hombre que acuchill\u00f3 fatalmente a su esposa, sus dos beb\u00e9s y luego a s\u00ed mismo en su hogar en el edificio donde laboraba como \"s\u00faper\" en el UWS de Manhattan. Edison L\u00f3pez fue identificado por la polic\u00eda de Nueva\u2026","rel":"","context":"En \u00abSin categor\u00eda\u00bb","block_context":{"text":"Sin categor\u00eda","link":"https:\/\/lasprimeras.com.do\/index.php\/category\/sin-categoria\/"},"img":{"alt_text":"","src":"https:\/\/i0.wp.com\/lasprimeras.com.do\/wp-content\/uploads\/2023\/08\/NY.jpg?resize=350%2C200&ssl=1","width":350,"height":200,"srcset":"https:\/\/i0.wp.com\/lasprimeras.com.do\/wp-content\/uploads\/2023\/08\/NY.jpg?resize=350%2C200&ssl=1 1x, https:\/\/i0.wp.com\/lasprimeras.com.do\/wp-content\/uploads\/2023\/08\/NY.jpg?resize=525%2C300&ssl=1 1.5x, https:\/\/i0.wp.com\/lasprimeras.com.do\/wp-content\/uploads\/2023\/08\/NY.jpg?resize=700%2C400&ssl=1 2x"},"classes":[]},{"id":59248,"url":"https:\/\/lasprimeras.com.do\/index.php\/2023\/09\/01\/tragedia-de-familia-acuchillada-en-su-hogar-en-manhattan-recrudece-el-debate-sobre-la-violencia-domestica-silenciosa\/","url_meta":{"origin":94814,"position":4},"title":"Tragedia de familia acuchillada en su hogar en Manhattan recrudece el debate sobre la violencia dom\u00e9stica \u201csilenciosa\u201d","author":"Nelson Feliz","date":"1 de septiembre de 2023","format":false,"excerpt":"Ocho historias de presuntos asesinatos intrafamiliares han sacudido a Nueva York desde el pasado mes de diciembre. El caso de la familia L\u00f3pez Witek en la calle 86 y Riverside Drive todav\u00eda est\u00e1 bajo la sombra del misterio. Por Fernando Mart\u00ednez Pasan los d\u00edas y la conmoci\u00f3n, las dudas y\u2026","rel":"","context":"En \u00abSin categor\u00eda\u00bb","block_context":{"text":"Sin categor\u00eda","link":"https:\/\/lasprimeras.com.do\/index.php\/category\/sin-categoria\/"},"img":{"alt_text":"","src":"https:\/\/i0.wp.com\/lasprimeras.com.do\/wp-content\/uploads\/2023\/09\/rueda-de-prensa.jpg?resize=350%2C200&ssl=1","width":350,"height":200,"srcset":"https:\/\/i0.wp.com\/lasprimeras.com.do\/wp-content\/uploads\/2023\/09\/rueda-de-prensa.jpg?resize=350%2C200&ssl=1 1x, https:\/\/i0.wp.com\/lasprimeras.com.do\/wp-content\/uploads\/2023\/09\/rueda-de-prensa.jpg?resize=525%2C300&ssl=1 1.5x, https:\/\/i0.wp.com\/lasprimeras.com.do\/wp-content\/uploads\/2023\/09\/rueda-de-prensa.jpg?resize=700%2C400&ssl=1 2x"},"classes":[]},{"id":60263,"url":"https:\/\/lasprimeras.com.do\/index.php\/2023\/09\/12\/matan-a-una-joven-durante-confuso-incidente-en-playa-de-puerto-plata\/","url_meta":{"origin":94814,"position":5},"title":"Matan a una joven durante confuso incidente en playa de Puerto Plata","author":"Nelson Feliz","date":"12 de septiembre de 2023","format":false,"excerpt":"Su deceso se produjo a causa de una herida de proyectil en el pecho. Una joven de 19 a\u00f1os falleci\u00f3 la madrugada de este martes durante un confuso incidente en la playa Acapulco, ubicada en el Malec\u00f3n de Puerto Plata. La fallecida fue identificada como Jorgenis Mart\u00ednez Montero, de 19\u2026","rel":"","context":"En \u00abNACIONALES\u00bb","block_context":{"text":"NACIONALES","link":"https:\/\/lasprimeras.com.do\/index.php\/category\/nacionales\/"},"img":{"alt_text":"Jorgenis Mart\u00ednez Montero muerta por un disparo en el pecho","src":"https:\/\/i0.wp.com\/lasprimeras.com.do\/wp-content\/uploads\/2023\/09\/Jorgenis-Martinez-Montero.jpg?resize=350%2C200&ssl=1","width":350,"height":200,"srcset":"https:\/\/i0.wp.com\/lasprimeras.com.do\/wp-content\/uploads\/2023\/09\/Jorgenis-Martinez-Montero.jpg?resize=350%2C200&ssl=1 1x, https:\/\/i0.wp.com\/lasprimeras.com.do\/wp-content\/uploads\/2023\/09\/Jorgenis-Martinez-Montero.jpg?resize=525%2C300&ssl=1 1.5x, https:\/\/i0.wp.com\/lasprimeras.com.do\/wp-content\/uploads\/2023\/09\/Jorgenis-Martinez-Montero.jpg?resize=700%2C400&ssl=1 2x"},"classes":[]}],"jetpack_sharing_enabled":true,"_links":{"self":[{"href":"https:\/\/lasprimeras.com.do\/index.php\/wp-json\/wp\/v2\/posts\/94814","targetHints":{"allow":["GET"]}}],"collection":[{"href":"https:\/\/lasprimeras.com.do\/index.php\/wp-json\/wp\/v2\/posts"}],"about":[{"href":"https:\/\/lasprimeras.com.do\/index.php\/wp-json\/wp\/v2\/types\/post"}],"author":[{"embeddable":true,"href":"https:\/\/lasprimeras.com.do\/index.php\/wp-json\/wp\/v2\/users\/2"}],"replies":[{"embeddable":true,"href":"https:\/\/lasprimeras.com.do\/index.php\/wp-json\/wp\/v2\/comments?post=94814"}],"version-history":[{"count":2,"href":"https:\/\/lasprimeras.com.do\/index.php\/wp-json\/wp\/v2\/posts\/94814\/revisions"}],"predecessor-version":[{"id":94817,"href":"https:\/\/lasprimeras.com.do\/index.php\/wp-json\/wp\/v2\/posts\/94814\/revisions\/94817"}],"wp:featuredmedia":[{"embeddable":true,"href":"https:\/\/lasprimeras.com.do\/index.php\/wp-json\/wp\/v2\/media\/94815"}],"wp:attachment":[{"href":"https:\/\/lasprimeras.com.do\/index.php\/wp-json\/wp\/v2\/media?parent=94814"}],"wp:term":[{"taxonomy":"category","embeddable":true,"href":"https:\/\/lasprimeras.com.do\/index.php\/wp-json\/wp\/v2\/categories?post=94814"},{"taxonomy":"post_tag","embeddable":true,"href":"https:\/\/lasprimeras.com.do\/index.php\/wp-json\/wp\/v2\/tags?post=94814"}],"curies":[{"name":"wp","href":"https:\/\/api.w.org\/{rel}","templated":true}]}}