{"id":94821,"date":"2025-03-06T08:08:30","date_gmt":"2025-03-06T12:08:30","guid":{"rendered":"https:\/\/lasprimeras.com.do\/?p=94821"},"modified":"2025-03-06T08:08:31","modified_gmt":"2025-03-06T12:08:31","slug":"aumentan-las-muertes-de-trabajadores-de-construccion-en-ny-tras-caida-de-inspecciones-de-seguridad","status":"publish","type":"post","link":"https:\/\/lasprimeras.com.do\/index.php\/2025\/03\/06\/aumentan-las-muertes-de-trabajadores-de-construccion-en-ny-tras-caida-de-inspecciones-de-seguridad\/","title":{"rendered":"Aumentan las muertes de trabajadores de construcci\u00f3n en NY tras \u201cca\u00edda\u201d de inspecciones de seguridad"},"content":{"rendered":"\n<p><strong>Los latinos enfrentan un riesgo desproporcionado en este sector, representando el 10% de la fuerza laboral, pero el 26% de las fatalidades.<\/strong><\/p>\n\n\n\n<p>Por Fernando Mart\u00ednez<\/p>\n\n\n\n<p>El Comit\u00e9 de Nueva York para la Seguridad y Salud Ocupacional (NYCOSH) ponder\u00f3 en su informe anual sobre muertes en la construcci\u00f3n: \u201cun aumento significativo de las muertes de trabajadores en todo el estado y la persistencia de las disparidades raciales en los decesos en el lugar de trabajo\u201d.<\/p>\n\n\n\n<p>Se confirma que 30 trabajadores murieron en accidentes fatales en obras de construcci\u00f3n en 2023, la mayor cantidad en una d\u00e9cada, seg\u00fan el nuevo informe.<\/p>\n\n\n\n<p>El an\u00e1lisis anual de los datos de la Oficina Federal de Estad\u00edsticas Laborales documenta el a\u00f1o 2023, como el m\u00e1s mortal para los trabajadores de la construcci\u00f3n en Nueva York, desde que NYCOSH comenz\u00f3 a rastrear los datos en 2013.<\/p>\n\n\n\n<p>El reporte concluy\u00f3 que en la Gran Manzana, la tasa de mortalidad de los trabajadores aument\u00f3 ligeramente de 11.5 a 11.6 por cada 100,000 trabajadores (24 muertes en 2022 a 30 en 2023).<\/p>\n\n\n\n<p>Adem\u00e1s, los trabajadores latinos enfrentaron un riesgo desproporcionado, representando el 10% de la fuerza laboral, pero el 26% de las muertes.<\/p>\n\n\n\n<p>En el estado de Nueva York, hubo un alarmante aumento de la tasa del 8.3 % a 10.4 por cada 100,000 trabajadores. Adem\u00e1s, hubo un aumento del 48% en las muertes de obreros de la construcci\u00f3n en solo un a\u00f1o (50 muertes en 2022 a 74 en 2023).<\/p>\n\n\n\n<p>\u201cSi bien contamos con herramientas como la Ley Carlos y la Ley de Seguridad de Andamios, necesitamos urgentemente m\u00e1s fondos para la aplicaci\u00f3n de estas legislaciones y acciones proactivas para proteger a nuestros trabajadores m\u00e1s vulnerables\u201d afirm\u00f3 Charlene Obernauer, directora ejecutiva de NYCOSH.<\/p>\n\n\n\n<p>Un asunto de supervisi\u00f3n<\/p>\n\n\n\n<p>Seg\u00fan el informe, el Departamento de Edificios de la Ciudad de Nueva York (DOB) perdi\u00f3 119 funcionarios a pesar del auge de la construcci\u00f3n. Adem\u00e1s, seg\u00fan datos de la oficina del Contralor de la Ciudad de Nueva York, en enero de 2025, esta agencia municipal ten\u00eda una tasa de vacantes del 13.3%.<\/p>\n\n\n\n<p>Obernauer llam\u00f3 a actuar r\u00e1pido para financiar la dotaci\u00f3n de personal de supervisi\u00f3n del DOB y dejar de dar dinero a los contratistas que violan las leyes que mantienen seguros a los trabajadores.<\/p>\n\n\n\n<p>\u201cLos datos cuentan una historia cruda\u201d, dijo Sam Fisher, higienista industrial de NYCOSH y autor principal del informe. \u201cNo solo vimos un aumento del 48% en las muertes en la construcci\u00f3n en todo el estado, sino que nuestro an\u00e1lisis muestra que el 74% de los incidentes fatales tuvieron violaciones de seguridad evitables y el 77% de las muertes investigadas fueron de trabajadores no sindicalizados\u201d, agrego.<\/p>\n\n\n\n<p>Mientras tanto, las multas promedio de la Administraci\u00f3n de Seguridad y Salud Ocupacional (OSHA) del Departamento de Labor, por casos de fatalidad cayeron un 45.6% a solo $ 32,123, y los niveles de inspecci\u00f3n siguen siendo un 15.33% por debajo de las cifras previas a la pandemia. Esto como remarca el reporte, crea una \u201ctormenta perfecta\u201d en la que las infracciones son comunes y no se sancionan adecuadamente.<\/p>\n\n\n\n<p>Los m\u00e1s afectados<\/p>\n\n\n\n<p>Asimismo, Nilbia Coyote, directora ejecutiva de New Immigrant Community Empowerment (NICE) interpreta que el creciente n\u00famero de muertes en la industria de la construcci\u00f3n de Nueva York es un fracaso tr\u00e1gico e inaceptable de las protecciones de los trabajadores.<\/p>\n\n\n\n<p>\u201cDetr\u00e1s de cada estad\u00edstica hay un trabajador, a menudo un inmigrante, a menudo latino, cuya vida se vio truncada debido a peligros evitables y negligencia del empleador\u201d, consider\u00f3.<\/p>\n\n\n\n<p>La activista asevera que la p\u00e9rdida desproporcionada de trabajadores latinos, subraya la necesidad urgente de una aplicaci\u00f3n m\u00e1s estricta de la ley, la rendici\u00f3n de cuentas por los contratistas imprudentes y la inversi\u00f3n en una formaci\u00f3n integral en seguridad.<\/p>\n\n\n\n<p>Los informes de NYCOSH han demostrado de manera consistente que los trabajadores latinos e inmigrantes \u201cson explotados repetidamente por empleadores\u201d que violan deliberadamente las protecciones de seguridad y salud en el trabajo. Este segmento de esta fuerza laboral tiene menos probabilidades de denunciar las violaciones, por temor a represalias de los empleadores y las agencias gubernamentales.<\/p>\n\n\n\n<p>Muchas organizaciones de defensa de los trabajadores, hist\u00f3ricamente han puesto en evidencia que los trabajadores latinos en particular llenan grandes vac\u00edos en la industria, mientras enfrentan desproporcionadamente las consecuencias de trabajar en condiciones peligrosas. Las barreras del idioma, los empleadores explotadores y la falta de supervisi\u00f3n ponen sus vidas en riesgo.<\/p>\n\n\n\n<p>Sin sindicato, m\u00e1s vulnerables<\/p>\n\n\n\n<p>Asimismo, NYCOSH analiz\u00f3 las 39 investigaciones sobre muertes en la construcci\u00f3n en 2022 y descubri\u00f3 que en el estado de Nueva York, el 79% de los trabajadores que murieron en lugares de trabajo privados no estaban afiliados a un sindicato.<\/p>\n\n\n\n<p>Se pudo precisar adem\u00e1s que en los 19 lugares de trabajo investigados por OSHA en la Gran Manzana, el 90% de esta fuerza laboral de la construcci\u00f3n, que falleci\u00f3 producto de una fatalidad laboral, no era miembro de alguna agrupaci\u00f3n sindical.<\/p>\n\n\n\n<p>En efecto, los contratistas no afiliados a un sindicato, tienen poca supervisi\u00f3n fuera de las agencias reguladoras gubernamentales y, debido a la falta de fondos, los lugares de trabajo no reciben la cantidad de inspecciones necesarias para garantizar que se cumplan las normas de seguridad.<\/p>\n\n\n\n<p>En cambio, los lugares de trabajo afiliados a un sindicato, tienen delegados y una fuerza laboral capacitada que tienen m\u00e1s probabilidades de reconocer y denunciar las violaciones de seguridad. Los trabajadores afiliados a un sindicato tambi\u00e9n cuentan con la protecci\u00f3n de su sindicato contra las represalias del empleador despu\u00e9s de denunciar peligros.<\/p>\n\n\n\n<p>Ante esta realidad que sigue alarmando a los activistas de Nueva York, Ligia Guallpa, directora ejecutiva del Proyecto de Justicia Laboral, reitera que es momento de \u201cseguir empoderando a los trabajadores inmigrantes para que luchen por cambios sist\u00e9micos en la aplicaci\u00f3n de la ley, la regulaci\u00f3n y los est\u00e1ndares de la industria\u201d.<\/p>\n\n\n\n<p>Ca\u00eddas y resbalones<\/p>\n\n\n\n<p>Con base a un an\u00e1lisis del Consejo Nacional de Seguridad, las ca\u00eddas, resbalones y los tropiezos, son algunos de los peligros m\u00e1s mortales en la industria cada a\u00f1o, representando gran parte de todos los decesos en esta industria.<\/p>\n\n\n\n<p>A esto se suma las bajas por incidentes de transporte, como accidentes de camiones. Otras causas comunes de lesiones fatales en la construcci\u00f3n incluyen electrocuci\u00f3n, quedar atrapado en maquinaria, quedar atrapado entre o debajo de objetos, ser golpeado por una gr\u00faa u otro equipo pesado, u objetos que caen o se mueven.<\/p>\n\n\n\n<p>Otro cap\u00edtulo: el fentanilo<\/p>\n\n\n\n<p>Hay una realidad paralela que est\u00e1 afectando a este sector de la cual hay pocos registros. Con base a datos del Centros para el Control y Prevenci\u00f3n de Enfermedades (CDC), el sector construcci\u00f3n tiene la tasa m\u00e1s alta de incidencias por sobredosis, que cualquier otro sector laboral en el pa\u00eds.<\/p>\n\n\n\n<p>Las conclusiones de reportes del Departamento de Trabajo, derivado de an\u00e1lisis nacionales, es que hoy esta fuerza laboral tiene aproximadamente 16 veces m\u00e1s probabilidades de morir de una sobredosis, que de un accidente.<\/p>\n\n\n\n<p>Ahora, a juicio de activistas que trabajan de cerca con este sector, como Walter Sinche de la Alianza Ecuatoriana Internacional, el nuevo desaf\u00edo es c\u00f3mo reforzar la educaci\u00f3n para evitar sobredosis por \u201cnuevos productos que se venden libremente y no son de dif\u00edcil acceso en este momento en la ciudad\u201d.<\/p>\n\n\n\n<p>\u201cDe por s\u00ed tenemos una nueva generaci\u00f3n de trabajadores en este sector, en donde se observan muchos cuadros de ansiedad y depresi\u00f3n. Lo cual los hace muy vulnerables en caer en cualquier cosa. Ahora con las amenazas de redadas y deportaciones masivas sabemos que se va a poner peor. Vienen momentos de mucho p\u00e1nico\u201c, interpreta Sinche.<\/p>\n\n\n\n<p>Actualmente en la capacitaci\u00f3n obligatoria de Administraci\u00f3n de Seguridad y Salud Ocupacional (OSHA) de 40 horas, se incluye dos horas en donde se hacen referencias gen\u00e9ricas sobre los riesgos del alcohol y las drogas, pero todav\u00eda no se han incorporado \u201ccap\u00edtulos espec\u00edficos\u201d sobre este narc\u00f3tico que se est\u00e1 convirtiendo en un acompa\u00f1ante muy com\u00fan de estos trabajadores.<\/p>\n\n\n\n<p>El dato: 54,8 trabajadores han muerto en promedio cada a\u00f1o en el estado de Nueva York, durante la \u00faltima d\u00e9cada. El n\u00famero m\u00e1s bajo de muertes en un per\u00edodo de 10 a\u00f1os fue en 2013, con 40 fatalidades, el m\u00e1s alto fue en 2016, con 71.<\/p>\n\n\n\n<p>Fuente eldiariony.com<\/p>\n","protected":false},"excerpt":{"rendered":"<p>Los latinos enfrentan un riesgo desproporcionado en este sector, representando el 10% de la fuerza laboral, pero el 26% de las fatalidades. Por Fernando Mart\u00ednez El Comit\u00e9 de Nueva York&hellip;<\/p>\n","protected":false},"author":2,"featured_media":94822,"comment_status":"open","ping_status":"open","sticky":false,"template":"","format":"standard","meta":{"content-type":"","jetpack_post_was_ever_published":false,"_jetpack_newsletter_access":"","_jetpack_dont_email_post_to_subs":false,"_jetpack_newsletter_tier_id":0,"_jetpack_memberships_contains_paywalled_content":false,"_jetpack_memberships_contains_paid_content":false,"footnotes":""},"categories":[16289],"tags":[6546,17879,17878,24,76,156],"class_list":["post-94821","post","type-post","status-publish","format-standard","has-post-thumbnail","hentry","category-internacionales","tag-aumentan","tag-construccion-en-ny","tag-inspecciones","tag-muertes","tag-seguridad","tag-trabajadores"],"jetpack_featured_media_url":"https:\/\/lasprimeras.com.do\/wp-content\/uploads\/2025\/03\/trabajadores-murieron-en-accidentes-fatales.png","jetpack-related-posts":[{"id":82123,"url":"https:\/\/lasprimeras.com.do\/index.php\/2024\/04\/28\/en-el-dia-del-trabajador-caido-activistas-y-miembros-de-nice-exigen-mayor-seguridad\/","url_meta":{"origin":94821,"position":0},"title":"En el D\u00eda del Trabajador ca\u00eddo activistas y miembros de NICE exigen mayor seguridad","author":"Nelson Feliz","date":"28 de abril de 2024","format":false,"excerpt":"Honran en el Museo de Queens a quienes ejerciendo labores de riesgo perdieron sus vidas o quedaron lesionados. Por Juan Alberto V\u00e1zquez\/Especial ED Juan Camilo Casta\u00f1o es un inmigrante colombiano que lleg\u00f3 a trabajar a la Ciudad de Nueva York. Aunque en la construcci\u00f3n hab\u00eda mucho empleo, a \u00e9l siempre\u2026","rel":"","context":"En \u00abSin categor\u00eda\u00bb","block_context":{"text":"Sin categor\u00eda","link":"https:\/\/lasprimeras.com.do\/index.php\/category\/sin-categoria\/"},"img":{"alt_text":"","src":"https:\/\/i0.wp.com\/lasprimeras.com.do\/wp-content\/uploads\/2024\/04\/trabajador.jpg?resize=350%2C200&ssl=1","width":350,"height":200,"srcset":"https:\/\/i0.wp.com\/lasprimeras.com.do\/wp-content\/uploads\/2024\/04\/trabajador.jpg?resize=350%2C200&ssl=1 1x, https:\/\/i0.wp.com\/lasprimeras.com.do\/wp-content\/uploads\/2024\/04\/trabajador.jpg?resize=525%2C300&ssl=1 1.5x, https:\/\/i0.wp.com\/lasprimeras.com.do\/wp-content\/uploads\/2024\/04\/trabajador.jpg?resize=700%2C400&ssl=1 2x"},"classes":[]},{"id":95304,"url":"https:\/\/lasprimeras.com.do\/index.php\/2025\/03\/12\/fifa-habria-negado-acceso-al-azteca-a-supervisores-de-las-condiciones-laborales-de-los-trabajadores\/","url_meta":{"origin":94821,"position":1},"title":"FIFA habr\u00eda negado acceso al Azteca a supervisores de las condiciones laborales de los trabajadores","author":"Nelson Feliz","date":"12 de marzo de 2025","format":false,"excerpt":"POR CARLOS RODR\u00cdGUEZ CIUDAD DE M\u00c9XICO (AP) \u2014 Una federaci\u00f3n internacional de sindicatos dijo el martes que la FIFA le neg\u00f3 el acceso al Estadio Azteca para inspeccionar las condiciones labores de los trabajadores de la construcci\u00f3n que realizan las renovaciones al inmueble antes del Mundial de 2026. Ambet Yuson,\u2026","rel":"","context":"En \u00abDEPORTES\u00bb","block_context":{"text":"DEPORTES","link":"https:\/\/lasprimeras.com.do\/index.php\/category\/deportes\/"},"img":{"alt_text":"","src":"https:\/\/i0.wp.com\/lasprimeras.com.do\/wp-content\/uploads\/2025\/03\/FIFA.png?resize=350%2C200&ssl=1","width":350,"height":200,"srcset":"https:\/\/i0.wp.com\/lasprimeras.com.do\/wp-content\/uploads\/2025\/03\/FIFA.png?resize=350%2C200&ssl=1 1x, https:\/\/i0.wp.com\/lasprimeras.com.do\/wp-content\/uploads\/2025\/03\/FIFA.png?resize=525%2C300&ssl=1 1.5x, https:\/\/i0.wp.com\/lasprimeras.com.do\/wp-content\/uploads\/2025\/03\/FIFA.png?resize=700%2C400&ssl=1 2x"},"classes":[]},{"id":108440,"url":"https:\/\/lasprimeras.com.do\/index.php\/2025\/09\/07\/el-ministerio-de-trabajo-detiene-construccion-de-15-torres-en-el-dn-por-incumplimientos-de-seguridad\/","url_meta":{"origin":94821,"position":2},"title":"El Ministerio de Trabajo detiene construcci\u00f3n de 15 torres en el DN por incumplimientos de seguridad","author":"Nelson Feliz","date":"7 de septiembre de 2025","format":false,"excerpt":"Las obras no contaban con las medidas para prevenir accidentes y riesgos laborales, asegur\u00f3 la instituci\u00f3n. El Ministerio de Trabajo inform\u00f3 hoy que durante operativos especiales focalizados en sectores de la construcci\u00f3n del Distrito Nacional, fueron paralizadas 15 obras de construcci\u00f3n por presentar falta de seguridad y salud que pon\u00edan\u2026","rel":"","context":"En \u00abNACIONALES\u00bb","block_context":{"text":"NACIONALES","link":"https:\/\/lasprimeras.com.do\/index.php\/category\/nacionales\/"},"img":{"alt_text":"","src":"https:\/\/i0.wp.com\/lasprimeras.com.do\/wp-content\/uploads\/2025\/09\/torres.jpg?resize=350%2C200&ssl=1","width":350,"height":200,"srcset":"https:\/\/i0.wp.com\/lasprimeras.com.do\/wp-content\/uploads\/2025\/09\/torres.jpg?resize=350%2C200&ssl=1 1x, https:\/\/i0.wp.com\/lasprimeras.com.do\/wp-content\/uploads\/2025\/09\/torres.jpg?resize=525%2C300&ssl=1 1.5x, https:\/\/i0.wp.com\/lasprimeras.com.do\/wp-content\/uploads\/2025\/09\/torres.jpg?resize=700%2C400&ssl=1 2x"},"classes":[]},{"id":118533,"url":"https:\/\/lasprimeras.com.do\/index.php\/2025\/12\/30\/nuevas-leyes-en-ny-nj-ct-y-pa-a-partir-de-enero-2026-1-5-millones-dominicanos-son-residentes\/","url_meta":{"origin":94821,"position":3},"title":"Nuevas leyes en NY, NJ, CT y PA a partir de enero 2026; 1.5 millones dominicanos son residentes","author":"Nelson Feliz","date":"30 de diciembre de 2025","format":false,"excerpt":"Por Ram\u00f3n Mercedes NUEVA YORK.- Diferentes leyes entrar\u00e1n en vigor a partir de este 1 de enero 2026 en Estados Unidos y los estados de Nueva York, Nueva Jersey, Connecticut, y Pensilvania, lugares donde reside 2.3 millones de dominicanos. A partir del 1 de enero, enviar dinero al extranjero desde\u2026","rel":"","context":"En \u00abINTERNACIONALES\u00bb","block_context":{"text":"INTERNACIONALES","link":"https:\/\/lasprimeras.com.do\/index.php\/category\/sin-categoria\/internacionales\/"},"img":{"alt_text":"Nuevas leyes en NY, NJ, CT y PA a partir de enero 2026; 1.5 millones dominicanos son residentes","src":"https:\/\/i0.wp.com\/lasprimeras.com.do\/wp-content\/uploads\/2025\/12\/Nuevas-leyes-en-NY-NJ-CT-y-PA-a-partir-de-enero-2026-1.5-millones-dominicanos-son-residentes.jpg?resize=350%2C200&ssl=1","width":350,"height":200,"srcset":"https:\/\/i0.wp.com\/lasprimeras.com.do\/wp-content\/uploads\/2025\/12\/Nuevas-leyes-en-NY-NJ-CT-y-PA-a-partir-de-enero-2026-1.5-millones-dominicanos-son-residentes.jpg?resize=350%2C200&ssl=1 1x, https:\/\/i0.wp.com\/lasprimeras.com.do\/wp-content\/uploads\/2025\/12\/Nuevas-leyes-en-NY-NJ-CT-y-PA-a-partir-de-enero-2026-1.5-millones-dominicanos-son-residentes.jpg?resize=525%2C300&ssl=1 1.5x"},"classes":[]},{"id":103343,"url":"https:\/\/lasprimeras.com.do\/index.php\/2025\/07\/14\/barrick-pueblo-viejo-avanza-en-trabajos-de-manejo-de-erosion-y-control-de-sedimentos\/","url_meta":{"origin":94821,"position":4},"title":"Barrick Pueblo Viejo avanza en trabajos de manejo de erosi\u00f3n y control de sedimentos","author":"Nelson Feliz","date":"14 de julio de 2025","format":false,"excerpt":"Barrick Pueblo Viejo inform\u00f3 sobre los trabajos que realiza para el manejo adecuado de la erosi\u00f3n y el control de sedimentos en el r\u00edo Naranjo, lo cual constituye uno de los pilares fundamentales en todos los proyectos de construcci\u00f3n, particularmente en aquellos que se realizan en \u00e1reas de alta sensibilidad\u2026","rel":"","context":"En \u00abNACIONALES\u00bb","block_context":{"text":"NACIONALES","link":"https:\/\/lasprimeras.com.do\/index.php\/category\/nacionales\/"},"img":{"alt_text":"","src":"https:\/\/i0.wp.com\/lasprimeras.com.do\/wp-content\/uploads\/2025\/07\/Barrick-Pueblo-Viejo-1-1.jpg?resize=350%2C200&ssl=1","width":350,"height":200,"srcset":"https:\/\/i0.wp.com\/lasprimeras.com.do\/wp-content\/uploads\/2025\/07\/Barrick-Pueblo-Viejo-1-1.jpg?resize=350%2C200&ssl=1 1x, https:\/\/i0.wp.com\/lasprimeras.com.do\/wp-content\/uploads\/2025\/07\/Barrick-Pueblo-Viejo-1-1.jpg?resize=525%2C300&ssl=1 1.5x, https:\/\/i0.wp.com\/lasprimeras.com.do\/wp-content\/uploads\/2025\/07\/Barrick-Pueblo-Viejo-1-1.jpg?resize=700%2C400&ssl=1 2x"},"classes":[]},{"id":100529,"url":"https:\/\/lasprimeras.com.do\/index.php\/2025\/06\/08\/luis-abinader-pronunciara-discurso-en-la-conferencia-internacional-del-trabajo\/","url_meta":{"origin":94821,"position":5},"title":"Luis Abinader pronunciar\u00e1 discurso en la Conferencia Internacional del Trabajo","author":"Nelson Feliz","date":"8 de junio de 2025","format":false,"excerpt":"Las centrales sindicales le har\u00e1n un reconocimiento en la OIT por el \u00e9xito del di\u00e1logo tripartito, los aumentos salariales y la paz laboral alcanzada durante su mandato El presidente, Luis Abinader, pronunciar\u00e1 un discurso en el Foro Anual de la Coalici\u00f3n Mundial para la Justicia Social, en la sesi\u00f3n de\u2026","rel":"","context":"En \u00abNACIONALES\u00bb","block_context":{"text":"NACIONALES","link":"https:\/\/lasprimeras.com.do\/index.php\/category\/nacionales\/"},"img":{"alt_text":"","src":"https:\/\/i0.wp.com\/lasprimeras.com.do\/wp-content\/uploads\/2025\/06\/ABINADER-00.jpg?resize=350%2C200&ssl=1","width":350,"height":200,"srcset":"https:\/\/i0.wp.com\/lasprimeras.com.do\/wp-content\/uploads\/2025\/06\/ABINADER-00.jpg?resize=350%2C200&ssl=1 1x, https:\/\/i0.wp.com\/lasprimeras.com.do\/wp-content\/uploads\/2025\/06\/ABINADER-00.jpg?resize=525%2C300&ssl=1 1.5x, https:\/\/i0.wp.com\/lasprimeras.com.do\/wp-content\/uploads\/2025\/06\/ABINADER-00.jpg?resize=700%2C400&ssl=1 2x"},"classes":[]}],"jetpack_sharing_enabled":true,"_links":{"self":[{"href":"https:\/\/lasprimeras.com.do\/index.php\/wp-json\/wp\/v2\/posts\/94821","targetHints":{"allow":["GET"]}}],"collection":[{"href":"https:\/\/lasprimeras.com.do\/index.php\/wp-json\/wp\/v2\/posts"}],"about":[{"href":"https:\/\/lasprimeras.com.do\/index.php\/wp-json\/wp\/v2\/types\/post"}],"author":[{"embeddable":true,"href":"https:\/\/lasprimeras.com.do\/index.php\/wp-json\/wp\/v2\/users\/2"}],"replies":[{"embeddable":true,"href":"https:\/\/lasprimeras.com.do\/index.php\/wp-json\/wp\/v2\/comments?post=94821"}],"version-history":[{"count":1,"href":"https:\/\/lasprimeras.com.do\/index.php\/wp-json\/wp\/v2\/posts\/94821\/revisions"}],"predecessor-version":[{"id":94823,"href":"https:\/\/lasprimeras.com.do\/index.php\/wp-json\/wp\/v2\/posts\/94821\/revisions\/94823"}],"wp:featuredmedia":[{"embeddable":true,"href":"https:\/\/lasprimeras.com.do\/index.php\/wp-json\/wp\/v2\/media\/94822"}],"wp:attachment":[{"href":"https:\/\/lasprimeras.com.do\/index.php\/wp-json\/wp\/v2\/media?parent=94821"}],"wp:term":[{"taxonomy":"category","embeddable":true,"href":"https:\/\/lasprimeras.com.do\/index.php\/wp-json\/wp\/v2\/categories?post=94821"},{"taxonomy":"post_tag","embeddable":true,"href":"https:\/\/lasprimeras.com.do\/index.php\/wp-json\/wp\/v2\/tags?post=94821"}],"curies":[{"name":"wp","href":"https:\/\/api.w.org\/{rel}","templated":true}]}}