{"id":94824,"date":"2025-03-06T08:12:39","date_gmt":"2025-03-06T12:12:39","guid":{"rendered":"https:\/\/lasprimeras.com.do\/?p=94824"},"modified":"2025-03-06T08:12:40","modified_gmt":"2025-03-06T12:12:40","slug":"avalancha-entierra-a-tres-esquiadores-en-alaska-no-creen-encontrarlos-vivos","status":"publish","type":"post","link":"https:\/\/lasprimeras.com.do\/index.php\/2025\/03\/06\/avalancha-entierra-a-tres-esquiadores-en-alaska-no-creen-encontrarlos-vivos\/","title":{"rendered":"Avalancha entierra a tres esquiadores en Alaska: no creen encontrarlos vivos"},"content":{"rendered":"\n<p><strong>Los esquiadores volaron en un helic\u00f3ptero hasta la monta\u00f1a, pero la avalancha los sorprendi\u00f3. Las autoridades a\u00fan no los encuentran.<\/strong><\/p>\n\n\n\n<p>El Departamento de Seguridad P\u00fablica de Alaska inform\u00f3 que tres esquiadores fueron enterrados por una avalancha cuando se encontraban en la monta\u00f1a Chugach, cerca de la comunidad de esqu\u00ed de Girdwood.<\/p>\n\n\n\n<p>Los tres esquiadores, cuyas identidades no fueron reveladas por las autoridades, volaron en un helic\u00f3ptero hasta la parte superior de la monta\u00f1a, en un lugar donde no hay telesillas, pero fueron arrastrados por una avalancha y quedaron enterrados.<\/p>\n\n\n\n<p>El portavoz de la polic\u00eda, Austin McDaniel dijo a la agencia The Associated Press (AP), que los agentes que llevan el caso, no creen que los esquiadores sobrevivieran a la avalancha.<\/p>\n\n\n\n<p>Lograron identificar la zona<\/p>\n\n\n\n<p>El accidente sucedi\u00f3 el martes 4 de marzo por la tarde en las monta\u00f1as Chugach, cerca de la comunidad de esqu\u00ed de Girdwood, ubicada a unos 64 kil\u00f3metros al sur de Anchorage.<\/p>\n\n\n\n<p>Los gu\u00edas de la empresa de esqu\u00ed intentaron localizar a los esquiadores utilizando balizas de avalancha hasta que lograron identificar una zona donde probablemente est\u00e9n enterrados los esquiadores.<\/p>\n\n\n\n<p>\u201cPero no fue posible recuperar a las v\u00edctimas de inmediato debido a la profundidad a la que estaban enterradas\u201d, dijo McDaniel, al mismo medio.<\/p>\n\n\n\n<p>Las autoridades de Alaska informaron que la nieve que dej\u00f3 la avalancha ten\u00eda hasta 100 pies de profundidad, y los esquiadores probablemente quedaron enterrados a profundidades mayores de 30 pies (9 metros), inform\u00f3, Chugach Powder Guides, que organizaba el viaje.<\/p>\n\n\n\n<p>Testigos vieron a los esquiadores<\/p>\n\n\n\n<p>Las identidades de los esquiadores no fue compartida por las autoridades, pero si especificaron que los tres son hombres, no son del estado, y frecuentemente esquiaban en la misma zona.<\/p>\n\n\n\n<p>La portavoz de Chugach Powder Guides, Tracey Knutson coment\u00f3 a AP que cuando comenz\u00f3 el alud, los testigos vieron a los hombres desplegar sus bolsas de aire para avalanchas, chalecos inflables dise\u00f1ados para mantener a las v\u00edctimas de avalanchas por encima o cerca de la superficie.<\/p>\n\n\n\n<p>Al parecer, hab\u00eda una cuarta persona en el grupo, pero no qued\u00f3 atrapada en la avalancha.<\/p>\n\n\n\n<p>El clima no dej\u00f3 seguir labores de rescate<\/p>\n\n\n\n<p>\u201cTres gu\u00edas en el lugar emitieron inmediatamente una alerta de rescate e iniciaron la respuesta de rescate\u201d, dijo Knutson en un comunicado.<\/p>\n\n\n\n<p>El mi\u00e9rcoles 5 de marzo, intentaron realizar labores de rescate, pero las malas condiciones del clima, no permiti\u00f3 que los helic\u00f3pteros volaran para poder llevar a los expertos y no pudieron hacer una evaluaci\u00f3n del lugar.<\/p>\n\n\n\n<p>Girdwood es la capital del esqu\u00ed en Alaska y alberga el Alyeska Resort en la base del monte Alyeska, donde la gente practica esqu\u00ed alpino o snowboard con vistas impresionantes del Turnagain Arm.<\/p>\n\n\n\n<p>Con informaci\u00f3n de AP<\/p>\n","protected":false},"excerpt":{"rendered":"<p>Los esquiadores volaron en un helic\u00f3ptero hasta la monta\u00f1a, pero la avalancha los sorprendi\u00f3. Las autoridades a\u00fan no los encuentran. El Departamento de Seguridad P\u00fablica de Alaska inform\u00f3 que tres&hellip;<\/p>\n","protected":false},"author":2,"featured_media":94825,"comment_status":"open","ping_status":"open","sticky":false,"template":"","format":"standard","meta":{"content-type":"","jetpack_post_was_ever_published":false,"_jetpack_newsletter_access":"","_jetpack_dont_email_post_to_subs":false,"_jetpack_newsletter_tier_id":0,"_jetpack_memberships_contains_paywalled_content":false,"_jetpack_memberships_contains_paid_content":false,"footnotes":""},"categories":[16289],"tags":[5889,17881,7495,17880],"class_list":["post-94824","post","type-post","status-publish","format-standard","has-post-thumbnail","hentry","category-internacionales","tag-alaska","tag-avalancha","tag-entierra","tag-esquiadores"],"jetpack_featured_media_url":"https:\/\/lasprimeras.com.do\/wp-content\/uploads\/2025\/03\/esquiadores.png","jetpack-related-posts":[{"id":74355,"url":"https:\/\/lasprimeras.com.do\/index.php\/2024\/01\/22\/un-deslizamiento-de-tierra-en-china-entierra-a-47-personas-bajo-temperaturas-gelidas-y-nieve\/","url_meta":{"origin":94824,"position":0},"title":"Un deslizamiento de tierra en China entierra a 47 personas bajo temperaturas g\u00e9lidas y nieve","author":"Nelson Feliz","date":"22 de enero de 2024","format":false,"excerpt":"Se encuentran dos supervivientes. BEIJING (AP) \u2014 Un deslizamiento de tierra sepult\u00f3 el lunes a 47 personas en una aldea remota en el suroeste monta\u00f1oso de China, dijeron medios estatales. Horas m\u00e1s tarde, dos supervivientes fueron rescatados en medio de temperaturas g\u00e9lidas y nevadas. El desastre se produjo poco antes\u2026","rel":"","context":"En \u00abSin categor\u00eda\u00bb","block_context":{"text":"Sin categor\u00eda","link":"https:\/\/lasprimeras.com.do\/index.php\/category\/sin-categoria\/"},"img":{"alt_text":"Deslizamiento","src":"https:\/\/i0.wp.com\/lasprimeras.com.do\/wp-content\/uploads\/2024\/01\/Deslizamiento.jpg?resize=350%2C200&ssl=1","width":350,"height":200,"srcset":"https:\/\/i0.wp.com\/lasprimeras.com.do\/wp-content\/uploads\/2024\/01\/Deslizamiento.jpg?resize=350%2C200&ssl=1 1x, https:\/\/i0.wp.com\/lasprimeras.com.do\/wp-content\/uploads\/2024\/01\/Deslizamiento.jpg?resize=525%2C300&ssl=1 1.5x, https:\/\/i0.wp.com\/lasprimeras.com.do\/wp-content\/uploads\/2024\/01\/Deslizamiento.jpg?resize=700%2C400&ssl=1 2x"},"classes":[]},{"id":82120,"url":"https:\/\/lasprimeras.com.do\/index.php\/2024\/04\/28\/dos-escaladoras-cayeron-1000-pies-en-una-montana-en-alaska-una-de-ellas-murio\/","url_meta":{"origin":94824,"position":1},"title":"Dos escaladoras cayeron 1,000 pies en una monta\u00f1a en Alaska: una de ellas muri\u00f3","author":"Nelson Feliz","date":"28 de abril de 2024","format":false,"excerpt":"Las dos mujeres iban atadas mientras sub\u00edan una ruta empinada de roca, hielo y nieve en el monte Johnson, conocida como \"la escalera mec\u00e1nica\", cuando ocurri\u00f3 el accidente. Por Roxana Navarro Dos mujeres que se encontraban en el Parque Nacional y Reserva Denali en Alaska escalando una monta\u00f1a, sufrieron un\u2026","rel":"","context":"En \u00abSin categor\u00eda\u00bb","block_context":{"text":"Sin categor\u00eda","link":"https:\/\/lasprimeras.com.do\/index.php\/category\/sin-categoria\/"},"img":{"alt_text":"Escaladoras","src":"https:\/\/i0.wp.com\/lasprimeras.com.do\/wp-content\/uploads\/2024\/04\/Escaladoras.jpg?resize=350%2C200&ssl=1","width":350,"height":200,"srcset":"https:\/\/i0.wp.com\/lasprimeras.com.do\/wp-content\/uploads\/2024\/04\/Escaladoras.jpg?resize=350%2C200&ssl=1 1x, https:\/\/i0.wp.com\/lasprimeras.com.do\/wp-content\/uploads\/2024\/04\/Escaladoras.jpg?resize=525%2C300&ssl=1 1.5x, https:\/\/i0.wp.com\/lasprimeras.com.do\/wp-content\/uploads\/2024\/04\/Escaladoras.jpg?resize=700%2C400&ssl=1 2x"},"classes":[]},{"id":119278,"url":"https:\/\/lasprimeras.com.do\/index.php\/2026\/01\/10\/avalancha-de-basura-mato-a-cuatro-personas-y-dejo-a-decenas-de-desaparecidos-en-filipinas\/","url_meta":{"origin":94824,"position":2},"title":"Avalancha de basura mat\u00f3 a cuatro personas y dej\u00f3 a decenas de desaparecidos en Filipinas","author":"Nelson Feliz","date":"10 de enero de 2026","format":false,"excerpt":"Por Jim G\u00f3mez MANILA, Filipinas (AP) \u2014 Los rescatistas detectaron se\u00f1ales de vida en una avalancha de basura que mat\u00f3 al menos a cuatro trabajadores y dej\u00f3 a m\u00e1s de 30 desaparecidos el jueves en un vertedero del centro de Filipinas y planean intensificar los esfuerzos de b\u00fasqueda, dijo un\u2026","rel":"","context":"En \u00abINTERNACIONALES\u00bb","block_context":{"text":"INTERNACIONALES","link":"https:\/\/lasprimeras.com.do\/index.php\/category\/sin-categoria\/internacionales\/"},"img":{"alt_text":"","src":"https:\/\/i0.wp.com\/lasprimeras.com.do\/wp-content\/uploads\/2026\/01\/basura.jpg?resize=350%2C200&ssl=1","width":350,"height":200,"srcset":"https:\/\/i0.wp.com\/lasprimeras.com.do\/wp-content\/uploads\/2026\/01\/basura.jpg?resize=350%2C200&ssl=1 1x, https:\/\/i0.wp.com\/lasprimeras.com.do\/wp-content\/uploads\/2026\/01\/basura.jpg?resize=525%2C300&ssl=1 1.5x, https:\/\/i0.wp.com\/lasprimeras.com.do\/wp-content\/uploads\/2026\/01\/basura.jpg?resize=700%2C400&ssl=1 2x"},"classes":[]},{"id":73905,"url":"https:\/\/lasprimeras.com.do\/index.php\/2024\/01\/17\/mas-de-100-millones-de-personas-en-ee-uu-estan-bajo-alerta-por-tormenta-invernal\/","url_meta":{"origin":94824,"position":3},"title":"M\u00e1s de 100 millones de personas en EE.UU. est\u00e1n bajo alerta por tormenta invernal","author":"BIMARY DE JES\u00daS Matos","date":"17 de enero de 2024","format":false,"excerpt":"Washington.- El Servicio Meteorol\u00f3gico Nacional (NWS) estadounidense advirti\u00f3 este mi\u00e9rcoles sobre temperaturas muy bajas en 26 estados, donde m\u00e1s de 100 millones de residentes afectados por nevadas, aguardan una segunda tormenta invernal. Una segunda tormenta invernal avanza hacia las monta\u00f1as Rocosas y en Colorado se han difundido alertas sobre el\u2026","rel":"","context":"En \u00abSin categor\u00eda\u00bb","block_context":{"text":"Sin categor\u00eda","link":"https:\/\/lasprimeras.com.do\/index.php\/category\/sin-categoria\/"},"img":{"alt_text":"","src":"https:\/\/i0.wp.com\/lasprimeras.com.do\/wp-content\/uploads\/2024\/01\/WhatsApp-Image-2024-01-17-at-10.23.06-AM-1.webp?resize=350%2C200&ssl=1","width":350,"height":200,"srcset":"https:\/\/i0.wp.com\/lasprimeras.com.do\/wp-content\/uploads\/2024\/01\/WhatsApp-Image-2024-01-17-at-10.23.06-AM-1.webp?resize=350%2C200&ssl=1 1x, https:\/\/i0.wp.com\/lasprimeras.com.do\/wp-content\/uploads\/2024\/01\/WhatsApp-Image-2024-01-17-at-10.23.06-AM-1.webp?resize=525%2C300&ssl=1 1.5x"},"classes":[]},{"id":110319,"url":"https:\/\/lasprimeras.com.do\/index.php\/2025\/09\/27\/al-menos-38-muertos-en-una-avalancha-humana-durante-un-multitudinario-acto-del-actor-y-politico-indio-vijay\/","url_meta":{"origin":94824,"position":4},"title":"Al menos 38 muertos en una avalancha humana durante un multitudinario acto del actor y pol\u00edtico indio Vijay","author":"Nelson Feliz","date":"27 de septiembre de 2025","format":false,"excerpt":"Seg\u00fan las autoridades, cerca de 30.000 personas asistieron al evento del partido Tamilaga Vettri Kazhagam (TVK). La Polic\u00eda ha abierto una investigaci\u00f3n al secretario local del grupo pol\u00edtico y encargado de la organizaci\u00f3n. RTVE.es \/ AGENCIAS Al menos 38 personas, incluidos diez menores, han muerto y m\u00e1s de 50 han\u2026","rel":"","context":"En \u00abINTERNACIONALES\u00bb","block_context":{"text":"INTERNACIONALES","link":"https:\/\/lasprimeras.com.do\/index.php\/category\/sin-categoria\/internacionales\/"},"img":{"alt_text":"","src":"https:\/\/i0.wp.com\/lasprimeras.com.do\/wp-content\/uploads\/2025\/09\/candidatos.jpg?resize=350%2C200&ssl=1","width":350,"height":200,"srcset":"https:\/\/i0.wp.com\/lasprimeras.com.do\/wp-content\/uploads\/2025\/09\/candidatos.jpg?resize=350%2C200&ssl=1 1x, https:\/\/i0.wp.com\/lasprimeras.com.do\/wp-content\/uploads\/2025\/09\/candidatos.jpg?resize=525%2C300&ssl=1 1.5x, https:\/\/i0.wp.com\/lasprimeras.com.do\/wp-content\/uploads\/2025\/09\/candidatos.jpg?resize=700%2C400&ssl=1 2x"},"classes":[]},{"id":121652,"url":"https:\/\/lasprimeras.com.do\/index.php\/2026\/02\/08\/breezy-johnson-gana-descenso-olimpico-en-dia-marcado-por-caida-de-lindsey-vonn\/","url_meta":{"origin":94824,"position":5},"title":"Breezy Johnson gana descenso ol\u00edmpico en d\u00eda marcado por ca\u00edda de Lindsey Vonn","author":"Nelson Feliz","date":"8 de febrero de 2026","format":false,"excerpt":"POR ANDREW DAMPF and PAT GRAHAM CORTINA D\u2019AMPEZZO, Italia (AP) \u2014 La esquiadora estadounidense Breezy Johnson gan\u00f3 el descenso ol\u00edmpico el domingo con una carrera audaz en un d\u00eda empa\u00f1ado por el accidente de su compa\u00f1era de equipo Lindsey Vonn, quien fue trasladada en helic\u00f3ptero fuera de la monta\u00f1a. Johnson\u2026","rel":"","context":"En \u00abDEPORTES\u00bb","block_context":{"text":"DEPORTES","link":"https:\/\/lasprimeras.com.do\/index.php\/category\/deportes\/"},"img":{"alt_text":"Breezy Johnson gana descenso ol\u00edmpico en d\u00eda marcado por ca\u00edda de Lindsey Vonn","src":"https:\/\/i0.wp.com\/lasprimeras.com.do\/wp-content\/uploads\/2026\/02\/Breezy-Johnson-gana-descenso-olimpico-en-dia-marcado-por-caida-de-Lindsey-Vonn.jpg?resize=350%2C200&ssl=1","width":350,"height":200,"srcset":"https:\/\/i0.wp.com\/lasprimeras.com.do\/wp-content\/uploads\/2026\/02\/Breezy-Johnson-gana-descenso-olimpico-en-dia-marcado-por-caida-de-Lindsey-Vonn.jpg?resize=350%2C200&ssl=1 1x, https:\/\/i0.wp.com\/lasprimeras.com.do\/wp-content\/uploads\/2026\/02\/Breezy-Johnson-gana-descenso-olimpico-en-dia-marcado-por-caida-de-Lindsey-Vonn.jpg?resize=525%2C300&ssl=1 1.5x, https:\/\/i0.wp.com\/lasprimeras.com.do\/wp-content\/uploads\/2026\/02\/Breezy-Johnson-gana-descenso-olimpico-en-dia-marcado-por-caida-de-Lindsey-Vonn.jpg?resize=700%2C400&ssl=1 2x"},"classes":[]}],"jetpack_sharing_enabled":true,"_links":{"self":[{"href":"https:\/\/lasprimeras.com.do\/index.php\/wp-json\/wp\/v2\/posts\/94824","targetHints":{"allow":["GET"]}}],"collection":[{"href":"https:\/\/lasprimeras.com.do\/index.php\/wp-json\/wp\/v2\/posts"}],"about":[{"href":"https:\/\/lasprimeras.com.do\/index.php\/wp-json\/wp\/v2\/types\/post"}],"author":[{"embeddable":true,"href":"https:\/\/lasprimeras.com.do\/index.php\/wp-json\/wp\/v2\/users\/2"}],"replies":[{"embeddable":true,"href":"https:\/\/lasprimeras.com.do\/index.php\/wp-json\/wp\/v2\/comments?post=94824"}],"version-history":[{"count":1,"href":"https:\/\/lasprimeras.com.do\/index.php\/wp-json\/wp\/v2\/posts\/94824\/revisions"}],"predecessor-version":[{"id":94826,"href":"https:\/\/lasprimeras.com.do\/index.php\/wp-json\/wp\/v2\/posts\/94824\/revisions\/94826"}],"wp:featuredmedia":[{"embeddable":true,"href":"https:\/\/lasprimeras.com.do\/index.php\/wp-json\/wp\/v2\/media\/94825"}],"wp:attachment":[{"href":"https:\/\/lasprimeras.com.do\/index.php\/wp-json\/wp\/v2\/media?parent=94824"}],"wp:term":[{"taxonomy":"category","embeddable":true,"href":"https:\/\/lasprimeras.com.do\/index.php\/wp-json\/wp\/v2\/categories?post=94824"},{"taxonomy":"post_tag","embeddable":true,"href":"https:\/\/lasprimeras.com.do\/index.php\/wp-json\/wp\/v2\/tags?post=94824"}],"curies":[{"name":"wp","href":"https:\/\/api.w.org\/{rel}","templated":true}]}}