{"id":94842,"date":"2025-03-06T08:56:45","date_gmt":"2025-03-06T12:56:45","guid":{"rendered":"https:\/\/lasprimeras.com.do\/?p=94842"},"modified":"2025-03-06T08:56:46","modified_gmt":"2025-03-06T12:56:46","slug":"chargers-se-desprenden-de-linebacker-joey-bosa-tras-9-temporadas-con-la-franquicia","status":"publish","type":"post","link":"https:\/\/lasprimeras.com.do\/index.php\/2025\/03\/06\/chargers-se-desprenden-de-linebacker-joey-bosa-tras-9-temporadas-con-la-franquicia\/","title":{"rendered":"Chargers se desprenden de linebacker Joey Bosa tras 9 temporadas con la franquicia"},"content":{"rendered":"\n<p>POR JOE REEDY<\/p>\n\n\n\n<p>Los Chargers de Los \u00c1ngeles dieron de baja a Joey Bosa el mi\u00e9rcoles, con lo que pusieron fin a la carrera de nueve temporadas del linebacker con la franquicia.<\/p>\n\n\n\n<p>La decisi\u00f3n, que se tom\u00f3 menos de una semana antes del inicio del nuevo a\u00f1o de la liga, se esperaba debido al alto impacto que generaba la remuneraci\u00f3n de Bosa respecto del tope salarial y a su historial de lesiones.<\/p>\n\n\n\n<p>Bosa ten\u00eda un impacto de 36,47 millones de d\u00f3lares respecto del tope salarial para la temporada 2025 Los Chargers ahorrar\u00e1n 25,36 millones en espacio salarial.<\/p>\n\n\n\n<p>En el draft de 2016, Bosa fue la tercera selecci\u00f3n general de los Chargers y era el \u00faltimo jugador que hab\u00eda estado en la plantilla desde que el equipo jugaba en San Diego. Firm\u00f3 una extensi\u00f3n de contrato de cinco a\u00f1os por un valor de 135 millones de d\u00f3lares en 2020, lo que lo convirti\u00f3 en el jugador defensivo mejor pagado de la liga en ese momento.<\/p>\n\n\n\n<p>Bosa jug\u00f3 en 14 partidos la temporada pasada, incluidos nueve como titular, despu\u00e9s de acordar una reestructuraci\u00f3n de su contrato. Sin embargo, sus cinco capturas fueron la menor cifra en las seis temporadas en las que ha jugado al menos 12 partidos, mientras luchaba contra lesiones en la cadera y la espalda.<\/p>\n\n\n\n<p>Estuvo fuera en los \u00faltimos siete partidos de 2023 debido a una lesi\u00f3n en un pie.<\/p>\n\n\n\n<p>Las 72 capturas de Bosa est\u00e1n empatadas en el d\u00e9cimo lugar m\u00e1s alto en la NFL desde que ingres\u00f3 a la liga y son la segunda mejor marca en la historia de la franquicia.<\/p>\n\n\n\n<p>Con la liberaci\u00f3n de Bosa, los Chargers pondr\u00e1n un mayor \u00e9nfasis en firmar al linebacker Khalil Mack, quien es agente libre sin restricciones por primera vez en sus 11 a\u00f1os de carrera.<\/p>\n\n\n\n<p>Tuli Tuipulotu, quien lider\u00f3 a los Chargers con ocho capturas y media la temporada pasada, ocupar\u00eda un puesto de titular con la salida de Bosa.<\/p>\n","protected":false},"excerpt":{"rendered":"<p>POR JOE REEDY Los Chargers de Los \u00c1ngeles dieron de baja a Joey Bosa el mi\u00e9rcoles, con lo que pusieron fin a la carrera de nueve temporadas del linebacker con&hellip;<\/p>\n","protected":false},"author":2,"featured_media":94843,"comment_status":"open","ping_status":"open","sticky":false,"template":"","format":"standard","meta":{"content-type":"","jetpack_post_was_ever_published":false,"_jetpack_newsletter_access":"","_jetpack_dont_email_post_to_subs":false,"_jetpack_newsletter_tier_id":0,"_jetpack_memberships_contains_paywalled_content":false,"_jetpack_memberships_contains_paid_content":false,"footnotes":""},"categories":[630],"tags":[17888],"class_list":["post-94842","post","type-post","status-publish","format-standard","has-post-thumbnail","hentry","category-deportes","tag-chargers-se-desprenden-de-linebacker-joey-bosa-tras-9-temporadas-con-la-franquicia"],"jetpack_featured_media_url":"https:\/\/lasprimeras.com.do\/wp-content\/uploads\/2025\/03\/Joey-Bosa.png","jetpack-related-posts":[{"id":95322,"url":"https:\/\/lasprimeras.com.do\/index.php\/2025\/03\/12\/bills-acuerdan-firmar-a-joey-bosa-por-un-ano-y-126-millones-de-dolares-dice-fuente-de-ap\/","url_meta":{"origin":94842,"position":0},"title":"Bills acuerdan firmar a Joey Bosa por un a\u00f1o y 12,6 millones de d\u00f3lares, dice fuente de AP","author":"Nelson Feliz","date":"12 de marzo de 2025","format":false,"excerpt":"POR JOHN WAWROW ORCHARD PARK, Nueva York, EE.UU. (AP) \u2014 Los Bills de Buffalo recurrieron a Joey Bosa para satisfacer sus necesidades de presi\u00f3n al quarterback al llegar a un acuerdo por un contrato de un a\u00f1o y 12,6 millones de d\u00f3lares, le inform\u00f3 el martes a The Associated Press\u2026","rel":"","context":"En \u00abDEPORTES\u00bb","block_context":{"text":"DEPORTES","link":"https:\/\/lasprimeras.com.do\/index.php\/category\/deportes\/"},"img":{"alt_text":"","src":"https:\/\/i0.wp.com\/lasprimeras.com.do\/wp-content\/uploads\/2025\/03\/Joey-Bosa-1.png?resize=350%2C200&ssl=1","width":350,"height":200,"srcset":"https:\/\/i0.wp.com\/lasprimeras.com.do\/wp-content\/uploads\/2025\/03\/Joey-Bosa-1.png?resize=350%2C200&ssl=1 1x, https:\/\/i0.wp.com\/lasprimeras.com.do\/wp-content\/uploads\/2025\/03\/Joey-Bosa-1.png?resize=525%2C300&ssl=1 1.5x, https:\/\/i0.wp.com\/lasprimeras.com.do\/wp-content\/uploads\/2025\/03\/Joey-Bosa-1.png?resize=700%2C400&ssl=1 2x"},"classes":[]},{"id":71997,"url":"https:\/\/lasprimeras.com.do\/index.php\/2023\/12\/26\/el-renacimiento-de-miguel-bose-se-sintio-este-2023-en-un-documental\/","url_meta":{"origin":94842,"position":1},"title":"El renacimiento de Miguel Bos\u00e9 se sinti\u00f3 este 2023 en un documental","author":"BIMARY DE JES\u00daS Matos","date":"26 de diciembre de 2023","format":false,"excerpt":"ESPA\u00d1A.- Miguel Bos\u00e9 regres\u00f3 a escena en 2023 con intenci\u00f3n de quedarse, en un ejercicio de regeneraci\u00f3n que se ha plasmado en un documental, una serie y su participaci\u00f3n en un programa musical, adem\u00e1s del anuncio de un nuevo disco para 2024, una gira y un musical. Una exposici\u00f3n a\u2026","rel":"","context":"En \u00abENTRETENIMIENTO\u00bb","block_context":{"text":"ENTRETENIMIENTO","link":"https:\/\/lasprimeras.com.do\/index.php\/category\/entretenimiento\/"},"img":{"alt_text":"","src":"https:\/\/i0.wp.com\/lasprimeras.com.do\/wp-content\/uploads\/2023\/12\/WhatsApp-Image-2023-12-25-at-12.45.01-PM-6.jpeg?resize=350%2C200&ssl=1","width":350,"height":200,"srcset":"https:\/\/i0.wp.com\/lasprimeras.com.do\/wp-content\/uploads\/2023\/12\/WhatsApp-Image-2023-12-25-at-12.45.01-PM-6.jpeg?resize=350%2C200&ssl=1 1x, https:\/\/i0.wp.com\/lasprimeras.com.do\/wp-content\/uploads\/2023\/12\/WhatsApp-Image-2023-12-25-at-12.45.01-PM-6.jpeg?resize=525%2C300&ssl=1 1.5x"},"classes":[]},{"id":72911,"url":"https:\/\/lasprimeras.com.do\/index.php\/2024\/01\/04\/jetblue-lanza-tarifas-desde-54-por-su-venta-de-invierno\/","url_meta":{"origin":94842,"position":2},"title":"JetBlue lanza tarifas desde $54 por su venta de invierno","author":"Nelson Feliz","date":"4 de enero de 2024","format":false,"excerpt":"Las ofertas de la aerol\u00ednea incluyen a destinos en Estados Unidos, el Caribe y Europa. Con la llegada del a\u00f1o nuevo, la aerol\u00ednea estadounidense JetBlue lanz\u00f3 esta semana su tradicional venta de invierno, con tarifas desde $54. La venta, mejor conocida como Big Winter Sale, persigue que los viajeros planifiquen\u2026","rel":"","context":"En \u00abECONOM\u00cdA\u00bb","block_context":{"text":"ECONOM\u00cdA","link":"https:\/\/lasprimeras.com.do\/index.php\/category\/economia\/"},"img":{"alt_text":"JetBlue","src":"https:\/\/i0.wp.com\/lasprimeras.com.do\/wp-content\/uploads\/2024\/01\/JetBlue.jpg?resize=350%2C200&ssl=1","width":350,"height":200,"srcset":"https:\/\/i0.wp.com\/lasprimeras.com.do\/wp-content\/uploads\/2024\/01\/JetBlue.jpg?resize=350%2C200&ssl=1 1x, https:\/\/i0.wp.com\/lasprimeras.com.do\/wp-content\/uploads\/2024\/01\/JetBlue.jpg?resize=525%2C300&ssl=1 1.5x, https:\/\/i0.wp.com\/lasprimeras.com.do\/wp-content\/uploads\/2024\/01\/JetBlue.jpg?resize=700%2C400&ssl=1 2x"},"classes":[]},{"id":63978,"url":"https:\/\/lasprimeras.com.do\/index.php\/2023\/10\/17\/dak-prescott-y-los-cowboys-se-recuperan-en-el-ultimo-cuarto-para-vencer-20-17-a-los-chargers\/","url_meta":{"origin":94842,"position":3},"title":"Dak Prescott y los Cowboys se recuperan en el \u00faltimo cuarto para vencer 20-17 a los Chargers","author":"Nelson Feliz","date":"17 de octubre de 2023","format":false,"excerpt":"POR JOE REEDY INGLEWOOD, California (AP) \u2014 Los aficionados y algunos jugadores podr\u00edan poner los ojos en blanco cuando se describe un partido de la Semana 6 como algo que hay que ganar. Eso no le importa a Dak Prescott Despu\u00e9s de jugar uno de los peores partidos de sus\u2026","rel":"","context":"En \u00abSin categor\u00eda\u00bb","block_context":{"text":"Sin categor\u00eda","link":"https:\/\/lasprimeras.com.do\/index.php\/category\/sin-categoria\/"},"img":{"alt_text":"DALLAS","src":"https:\/\/i0.wp.com\/lasprimeras.com.do\/wp-content\/uploads\/2023\/10\/DALLAS.jpg?resize=350%2C200&ssl=1","width":350,"height":200,"srcset":"https:\/\/i0.wp.com\/lasprimeras.com.do\/wp-content\/uploads\/2023\/10\/DALLAS.jpg?resize=350%2C200&ssl=1 1x, https:\/\/i0.wp.com\/lasprimeras.com.do\/wp-content\/uploads\/2023\/10\/DALLAS.jpg?resize=525%2C300&ssl=1 1.5x, https:\/\/i0.wp.com\/lasprimeras.com.do\/wp-content\/uploads\/2023\/10\/DALLAS.jpg?resize=700%2C400&ssl=1 2x"},"classes":[]},{"id":102565,"url":"https:\/\/lasprimeras.com.do\/index.php\/2025\/07\/06\/juan-soto-no-fue-elegido-para-el-juego-de-estrellas\/","url_meta":{"origin":94842,"position":4},"title":"Juan Soto no fue elegido para el Juego de Estrellas","author":"Nelson Feliz","date":"6 de julio de 2025","format":false,"excerpt":"Seis jugadores dominicanos se unen a los titulares para el Juego de Estrellas de MLB. El jardinero dominicano de los Mets de Nueva York, Juan Soto, no estar\u00e1 en el Juego de Estrellas de las Grandes Ligas el pr\u00f3ximo martes 15 de julio. Soto, que fue seleccionado como el Jugador\u2026","rel":"","context":"En \u00abDEPORTES\u00bb","block_context":{"text":"DEPORTES","link":"https:\/\/lasprimeras.com.do\/index.php\/category\/deportes\/"},"img":{"alt_text":"","src":"https:\/\/i0.wp.com\/lasprimeras.com.do\/wp-content\/uploads\/2025\/06\/Juan-Soto.jpg?resize=350%2C200&ssl=1","width":350,"height":200,"srcset":"https:\/\/i0.wp.com\/lasprimeras.com.do\/wp-content\/uploads\/2025\/06\/Juan-Soto.jpg?resize=350%2C200&ssl=1 1x, https:\/\/i0.wp.com\/lasprimeras.com.do\/wp-content\/uploads\/2025\/06\/Juan-Soto.jpg?resize=525%2C300&ssl=1 1.5x, https:\/\/i0.wp.com\/lasprimeras.com.do\/wp-content\/uploads\/2025\/06\/Juan-Soto.jpg?resize=700%2C400&ssl=1 2x"},"classes":[]},{"id":95410,"url":"https:\/\/lasprimeras.com.do\/index.php\/2025\/03\/13\/los-jets-oficializan-la-salida-del-quarterback-aaron-rodgers-sera-agente-libre-por-primera-vez\/","url_meta":{"origin":94842,"position":5},"title":"Los Jets oficializan la salida del quarterback Aaron Rodgers. Ser\u00e1 agente libre por primera vez","author":"Nelson Feliz","date":"13 de marzo de 2025","format":false,"excerpt":"POR DENNIS WASZAK JR. La tan publicitada, pero abrumadoramente decepcionante etapa de dos a\u00f1os de Aaron Rodgers con los Jets de Nueva York lleg\u00f3 oficialmente a su fin. Como ya se esperaba, el equipo liber\u00f3 al cuatro veces MVP, y el mariscal de campo de 41 a\u00f1os ahora puede unirse\u2026","rel":"","context":"En \u00abDEPORTES\u00bb","block_context":{"text":"DEPORTES","link":"https:\/\/lasprimeras.com.do\/index.php\/category\/deportes\/"},"img":{"alt_text":"Aaron Rodgers","src":"https:\/\/i0.wp.com\/lasprimeras.com.do\/wp-content\/uploads\/2025\/03\/Aaron-Rodgers.png?resize=350%2C200&ssl=1","width":350,"height":200,"srcset":"https:\/\/i0.wp.com\/lasprimeras.com.do\/wp-content\/uploads\/2025\/03\/Aaron-Rodgers.png?resize=350%2C200&ssl=1 1x, https:\/\/i0.wp.com\/lasprimeras.com.do\/wp-content\/uploads\/2025\/03\/Aaron-Rodgers.png?resize=525%2C300&ssl=1 1.5x, https:\/\/i0.wp.com\/lasprimeras.com.do\/wp-content\/uploads\/2025\/03\/Aaron-Rodgers.png?resize=700%2C400&ssl=1 2x"},"classes":[]}],"jetpack_sharing_enabled":true,"_links":{"self":[{"href":"https:\/\/lasprimeras.com.do\/index.php\/wp-json\/wp\/v2\/posts\/94842","targetHints":{"allow":["GET"]}}],"collection":[{"href":"https:\/\/lasprimeras.com.do\/index.php\/wp-json\/wp\/v2\/posts"}],"about":[{"href":"https:\/\/lasprimeras.com.do\/index.php\/wp-json\/wp\/v2\/types\/post"}],"author":[{"embeddable":true,"href":"https:\/\/lasprimeras.com.do\/index.php\/wp-json\/wp\/v2\/users\/2"}],"replies":[{"embeddable":true,"href":"https:\/\/lasprimeras.com.do\/index.php\/wp-json\/wp\/v2\/comments?post=94842"}],"version-history":[{"count":1,"href":"https:\/\/lasprimeras.com.do\/index.php\/wp-json\/wp\/v2\/posts\/94842\/revisions"}],"predecessor-version":[{"id":94844,"href":"https:\/\/lasprimeras.com.do\/index.php\/wp-json\/wp\/v2\/posts\/94842\/revisions\/94844"}],"wp:featuredmedia":[{"embeddable":true,"href":"https:\/\/lasprimeras.com.do\/index.php\/wp-json\/wp\/v2\/media\/94843"}],"wp:attachment":[{"href":"https:\/\/lasprimeras.com.do\/index.php\/wp-json\/wp\/v2\/media?parent=94842"}],"wp:term":[{"taxonomy":"category","embeddable":true,"href":"https:\/\/lasprimeras.com.do\/index.php\/wp-json\/wp\/v2\/categories?post=94842"},{"taxonomy":"post_tag","embeddable":true,"href":"https:\/\/lasprimeras.com.do\/index.php\/wp-json\/wp\/v2\/tags?post=94842"}],"curies":[{"name":"wp","href":"https:\/\/api.w.org\/{rel}","templated":true}]}}