{"id":94851,"date":"2025-03-06T09:28:24","date_gmt":"2025-03-06T13:28:24","guid":{"rendered":"https:\/\/lasprimeras.com.do\/?p=94851"},"modified":"2025-03-06T09:28:25","modified_gmt":"2025-03-06T13:28:25","slug":"nelson-cruz-y-albert-pujols-aseguran-no-hay-ego-en-equipo-rd-clasico-beisbol","status":"publish","type":"post","link":"https:\/\/lasprimeras.com.do\/index.php\/2025\/03\/06\/nelson-cruz-y-albert-pujols-aseguran-no-hay-ego-en-equipo-rd-clasico-beisbol\/","title":{"rendered":"Nelson Cruz y Albert Pujols aseguran \u201cno hay ego\u201d en equipo RD Cl\u00e1sico Beisbol"},"content":{"rendered":"\n<p>La palabra ego fue muy redundante este mi\u00e9rcoles en la rueda de prensa virtual del equipo dominicano para el Cl\u00e1sico Mundial de B\u00e9isbol 2026.<\/p>\n\n\n\n<p>\u201cAqu\u00ed no hay ego\u201d, manifestaron con certeza Nelson Cruz y Albert Pujols, gerente y dirigente del equipo criollo. \u201cEl que quiere estar, que se ponga disponible, los vamos a llamar, lo vamos a localizar\u201d.<\/p>\n\n\n\n<p>Tanto Nelson Cruz como Albert Pujols est\u00e1n en Arizona, comunic\u00e1ndose con los peloteros dominicanos. Desde all\u00ed hablaron con la prensa por m\u00e1s de una hora, v\u00eda Zoom.<\/p>\n\n\n\n<p>\u201cEste es mi trabajo, desde que me anunciaron, he estado comunic\u00e1ndome, hay mucho tiempo, tenemos un a\u00f1o para el Cl\u00e1sico, y hasta ahora he recibido un feed back positivo de los peloteros\u201d, se\u00f1al\u00f3 Pujols, quien en varias ocasiones dijo \u201cno queremos ego, somos un pa\u00eds, no un equipo. Todos vamos a representar a Rep\u00fablica Dominicana\u201d.<\/p>\n\n\n\n<p>Sobre Marcell Ozuna, quien ha dicho p\u00fablicamente que no ir\u00e1 al Cl\u00e1sico, ya que en otros eventos no ha sido convocado, Nelson expres\u00f3 \u201cojal\u00e1 que cambie de idea, Marcell es un hermano, un amigo. Aqu\u00ed no hay ego. El que quiere jugar, que venga, el que quiere estar disponible, que lo diga\u2026 Las puertas est\u00e1n abiertas para todos los peloteros\u201d.<\/p>\n\n\n\n<p>Sobre el cuerpo de coaches, Pujols confirm\u00f3 a Fernando Tatis padre, coach de bateo y su asistente Jorge Mej\u00eda; H\u00e9ctor Borg, primera base y en tercera Tony D\u00edaz; Pl\u00e1cido Polanco coach de banca; Gilbert G\u00f3mez asistente del dirigente; Wellington Cepeda coach de pitcheo, su asistente Joel Peralta, Jos\u00e9 Can\u00f3 coach de bullpen, mientras que Ren\u00e9 Rojas ser\u00e1 coordinador de bateo.<\/p>\n\n\n\n<p>\u201cSon 10 coaches, queremos llegar a 12, pero son reglas y solo esperamos por MLB y su Comisionado, ya le enviamos la requisici\u00f3n. S\u00e9 que debemos tener m\u00e1s, incluso el pueblo quiere m\u00e1s coaches, pero son reglas y ojal\u00e1 que nadie se ponga guapo\u201d, inform\u00f3 Pujols sobre su cuerpo de staff.<\/p>\n\n\n\n<p>Dijo que espera que todos los jugadores dominicanos est\u00e9n con salud para llegar bien en forma al evento.<\/p>\n\n\n\n<p>\u201cNo puedo abundar mucho sobre el equipo, ya que hay mucho tiempo de por medio. Solo queremos que los peloteros tengan salud y est\u00e9n bien para el evento. Todos tenemos la misma meta, ganar el torneo\u201d. En 2013, Dominicana lo hizo de manera invicta, ganando los seis partidos. En 2023, no se pudo avanzar a la segunda ronda.<\/p>\n\n\n\n<p>Mark Vientos, quien ha dicho que quiere jugar con el equipo dominicano, tuvo una acogida por el gerente Cruz: \u201cEs bueno que \u00e9l quiera jugar para el pa\u00eds, al igual que Austin Wells, es bueno que se sepa que todos est\u00e1n bienvenidos, las puertas est\u00e1n abiertas. Incluso, ya he hablado con ellos de manera personal y est\u00e1n positivos\u201d.<\/p>\n\n\n\n<p>Dijo Nelson que \u201cel mensaje es llevar unidad, decisiones en conjunto, humildad. Es un sue\u00f1o llevar esta gerencia, tener un equipo unido en diferentes roles como con Pedro, David, Beltr\u00e9, Marichal, Vladimir\u201d.<\/p>\n\n\n\n<p>Manifest\u00f3 que \u201chemos hecho ejercicios para ver los escenarios (con los posibles peloteros)\u201d.<\/p>\n\n\n\n<p>Indic\u00f3 que \u201cahora mismo no hemos pensando en un mini-camp. Tenemos un a\u00f1o de por medio, pero debemos respetar las reglas de MLB. Aunque, hay que pensar en el mini-camp al menos 15 d\u00edas previos, pero con el ok de MLB.<\/p>\n\n\n\n<p>Sobre sus asistentes, dijo que m\u00e1s adelante lo dar\u00e1 a conocer.<\/p>\n\n\n\n<p>Detall\u00f3 que ahora mismo no puede hablar del posible roster, ya que es muy prematuro, pero que el comit\u00e9 gestor que dirige, junto a Pedro Mart\u00ednez, Juan Marichal, Vladimir Guerrero, Adri\u00e1n Beltr\u00e9, y Edwin Encarnaci\u00f3n, junto al dirigente Pujols, estar\u00e1n trabajando todo el tiempo para conformar el mejor equipo y as\u00ed conseguir el segundo cetro para Dominicana.<\/p>\n\n\n\n<p>Adri\u00e1n Beltr\u00e9: \u201cM\u00e1s que un orgullo ser parte de este equipo. Tenemos la encomienda de llevar esa corona a m\u00ed pa\u00eds. En nuestra presencia en el Cl\u00e1sico podemos aportar muchas cosas con esos peloteros j\u00f3venes\u201d.<\/p>\n\n\n\n<p>El presidente de Fedobe Juan N\u00fa\u00f1ez agradeci\u00f3 al comit\u00e9 gestor que conforman el equipo dominicano para el Cl\u00e1sico: \u00abEs un buen bloque, hay unidad, en conjunto. Lo que se est\u00e1 haciendo es para la historia, para el pa\u00eds, para el mundo\u00bb.<\/p>\n\n\n\n<p>David Ortiz: \u201cCreo que este equipo (el del 2026) ser\u00e1 el m\u00e1s preparado\u201d.<\/p>\n\n\n\n<p>Pedro Mart\u00ednez: \u201cCuando fui al Cl\u00e1sico me lo tom\u00e9 personal. Hice un sacrificio que es lo debemos hacer, disciplina. Hice un esfuerzo extra para estar en condiciones. No ganamos, perdimos ante Pa\u00edses Bajos. Cada pelotero debe tomarse el Cl\u00e1sico personal, el compromiso que tienen.<\/p>\n\n\n\n<p>La rueda de prensa virtual fue moderada por Miguel Medina y Juan Mercado.<\/p>\n","protected":false},"excerpt":{"rendered":"<p>La palabra ego fue muy redundante este mi\u00e9rcoles en la rueda de prensa virtual del equipo dominicano para el Cl\u00e1sico Mundial de B\u00e9isbol 2026. \u201cAqu\u00ed no hay ego\u201d, manifestaron con&hellip;<\/p>\n","protected":false},"author":2,"featured_media":94852,"comment_status":"open","ping_status":"open","sticky":false,"template":"","format":"standard","meta":{"content-type":"","jetpack_post_was_ever_published":false,"_jetpack_newsletter_access":"","_jetpack_dont_email_post_to_subs":false,"_jetpack_newsletter_tier_id":0,"_jetpack_memberships_contains_paywalled_content":false,"_jetpack_memberships_contains_paid_content":false,"footnotes":""},"categories":[630],"tags":[6773,17895,17894,7914,17893],"class_list":["post-94851","post","type-post","status-publish","format-standard","has-post-thumbnail","hentry","category-deportes","tag-albert-pujols","tag-clasico-beisbol","tag-equipo-rd","tag-nelson-cruz","tag-no-hay-ego"],"jetpack_featured_media_url":"https:\/\/lasprimeras.com.do\/wp-content\/uploads\/2025\/03\/Albert-Pujols-1.jpg","jetpack-related-posts":[{"id":94507,"url":"https:\/\/lasprimeras.com.do\/index.php\/2025\/03\/02\/albert-pujols-sera-el-manager-del-equipo-dominicano-para-el-clasico-mundial-de-beisbol-2026\/","url_meta":{"origin":94851,"position":0},"title":"Albert Pujols ser\u00e1 el manager del equipo dominicano para el Cl\u00e1sico Mundial de B\u00e9isbol 2026","author":"Nelson Feliz","date":"2 de marzo de 2025","format":false,"excerpt":"El gerente general de la selecci\u00f3n dominicana para el Cl\u00e1sico Mundial de B\u00e9isbol 2026, Nelson Cruz, junto al comit\u00e9 de trabajo integrado por grandes leyendas del b\u00e9isbol, anunciaron la escogencia a unanimidad de Albert Pujols como m\u00e1nager del equipo. Durante el anuncio, Cruz destac\u00f3 que la elecci\u00f3n de Pujols se\u2026","rel":"","context":"En \u00abDEPORTES\u00bb","block_context":{"text":"DEPORTES","link":"https:\/\/lasprimeras.com.do\/index.php\/category\/deportes\/"},"img":{"alt_text":"","src":"https:\/\/i0.wp.com\/lasprimeras.com.do\/wp-content\/uploads\/2025\/03\/Albert-Pujols.jpg?resize=350%2C200&ssl=1","width":350,"height":200,"srcset":"https:\/\/i0.wp.com\/lasprimeras.com.do\/wp-content\/uploads\/2025\/03\/Albert-Pujols.jpg?resize=350%2C200&ssl=1 1x, https:\/\/i0.wp.com\/lasprimeras.com.do\/wp-content\/uploads\/2025\/03\/Albert-Pujols.jpg?resize=525%2C300&ssl=1 1.5x, https:\/\/i0.wp.com\/lasprimeras.com.do\/wp-content\/uploads\/2025\/03\/Albert-Pujols.jpg?resize=700%2C400&ssl=1 2x"},"classes":[]},{"id":117270,"url":"https:\/\/lasprimeras.com.do\/index.php\/2025\/12\/09\/albert-pujols-y-nelson-cruz-anunciaran-la-alineacion-y-roster-del-clasico-mundial-de-beisbol-2026\/","url_meta":{"origin":94851,"position":1},"title":"Albert Pujols y Nelson Cruz anunciaran la alineaci\u00f3n y roster del Cl\u00e1sico Mundial de B\u00e9isbol 2026","author":"Nelson Feliz","date":"9 de diciembre de 2025","format":false,"excerpt":"Orlando, La Florida.- El m\u00e1nager del equipo dominicano, Albert Pujols, y el gerente general, Nelson Cruz, aseguraron que los fan\u00e1ticos \u201cse sentir\u00e1n orgullosos de la alineaci\u00f3n y del roster\u201d que ser\u00e1 anunciado oportunamente para el Cl\u00e1sico Mundial de B\u00e9isbol 2026. Ambos emitieron estas declaraciones durante una rueda de prensa en\u2026","rel":"","context":"En \u00abDEPORTES\u00bb","block_context":{"text":"DEPORTES","link":"https:\/\/lasprimeras.com.do\/index.php\/category\/deportes\/"},"img":{"alt_text":"","src":"","width":0,"height":0},"classes":[]},{"id":123465,"url":"https:\/\/lasprimeras.com.do\/index.php\/2026\/03\/01\/rd-entrena-unida-para-el-clasico-en-miami\/","url_meta":{"origin":94851,"position":2},"title":"RD entrena unida para el Cl\u00e1sico en Miami","author":"Nelson Feliz","date":"1 de marzo de 2026","format":false,"excerpt":"Miami, Florida.\u2013 El equipo dominicano que representar\u00e1 al pa\u00eds en el Cl\u00e1sico Mundial de B\u00e9isbol 2026 realiz\u00f3 este domingo su primera pr\u00e1ctica oficial en conjunto en la ciudad de Miami, marcando el inicio formal de la preparaci\u00f3n colectiva con miras al importante compromiso internacional. La sesi\u00f3n de entrenamientos estuvo encabezada\u2026","rel":"","context":"En \u00abDEPORTES\u00bb","block_context":{"text":"DEPORTES","link":"https:\/\/lasprimeras.com.do\/index.php\/category\/deportes\/"},"img":{"alt_text":"","src":"https:\/\/i0.wp.com\/lasprimeras.com.do\/wp-content\/uploads\/2026\/03\/rd-entrena-unida-para-el-clasico-en-miami.jpg?resize=350%2C200&ssl=1","width":350,"height":200,"srcset":"https:\/\/i0.wp.com\/lasprimeras.com.do\/wp-content\/uploads\/2026\/03\/rd-entrena-unida-para-el-clasico-en-miami.jpg?resize=350%2C200&ssl=1 1x, https:\/\/i0.wp.com\/lasprimeras.com.do\/wp-content\/uploads\/2026\/03\/rd-entrena-unida-para-el-clasico-en-miami.jpg?resize=525%2C300&ssl=1 1.5x, https:\/\/i0.wp.com\/lasprimeras.com.do\/wp-content\/uploads\/2026\/03\/rd-entrena-unida-para-el-clasico-en-miami.jpg?resize=700%2C400&ssl=1 2x"},"classes":[]},{"id":123010,"url":"https:\/\/lasprimeras.com.do\/index.php\/2026\/02\/24\/pujols-define-la-rotacion-abridora-para-el-clasico-mundial-de-beisbol\/","url_meta":{"origin":94851,"position":3},"title":"Pujols define la rotaci\u00f3n abridora para el Cl\u00e1sico Mundial de B\u00e9isbol","author":"Nelson Feliz","date":"24 de febrero de 2026","format":false,"excerpt":"S\u00e1nchez abrir\u00e1 ante Nicaragua y Alc\u00e1ntara cierra frente a Venezuela El m\u00e1nager de la selecci\u00f3n de la Rep\u00fablica Dominicana, Albert Pujols, ha despejado finalmente las dudas sobre el plan de ataque del conjunto quisqueyano para la fase de grupos del Cl\u00e1sico Mundial de B\u00e9isbol 2026. Durante su intervenci\u00f3n en el\u2026","rel":"","context":"En \u00abDEPORTES\u00bb","block_context":{"text":"DEPORTES","link":"https:\/\/lasprimeras.com.do\/index.php\/category\/deportes\/"},"img":{"alt_text":"Albert Pujols","src":"https:\/\/i0.wp.com\/lasprimeras.com.do\/wp-content\/uploads\/2025\/03\/Albert-Pujols-1.jpg?resize=350%2C200&ssl=1","width":350,"height":200,"srcset":"https:\/\/i0.wp.com\/lasprimeras.com.do\/wp-content\/uploads\/2025\/03\/Albert-Pujols-1.jpg?resize=350%2C200&ssl=1 1x, https:\/\/i0.wp.com\/lasprimeras.com.do\/wp-content\/uploads\/2025\/03\/Albert-Pujols-1.jpg?resize=525%2C300&ssl=1 1.5x, https:\/\/i0.wp.com\/lasprimeras.com.do\/wp-content\/uploads\/2025\/03\/Albert-Pujols-1.jpg?resize=700%2C400&ssl=1 2x"},"classes":[]},{"id":128543,"url":"https:\/\/lasprimeras.com.do\/index.php\/2026\/04\/24\/albert-pujols-nuevo-presidente-de-operaciones-de-las-estrellas-orientales\/","url_meta":{"origin":94851,"position":4},"title":"Albert Pujols nuevo presidente de operaciones de Las Estrellas Orientales","author":"Nelson Feliz","date":"24 de abril de 2026","format":false,"excerpt":"Escrito por Leo Corporan Las Estrellas anunciaron al legendario ex jugador Albert Pujols como su presidente de operaciones de b\u00e9isbol. El anuncio lo hizo el equipo con sede en San Pedro de Macor\u00eds por medio a un despacho de prensa, en el cual dieron a conocer que Pujols ya se\u2026","rel":"","context":"En \u00abDEPORTES\u00bb","block_context":{"text":"DEPORTES","link":"https:\/\/lasprimeras.com.do\/index.php\/category\/deportes\/"},"img":{"alt_text":"","src":"https:\/\/i0.wp.com\/lasprimeras.com.do\/wp-content\/uploads\/2026\/04\/23_Deportes_24_1nota2p01.webp?resize=350%2C200&ssl=1","width":350,"height":200,"srcset":"https:\/\/i0.wp.com\/lasprimeras.com.do\/wp-content\/uploads\/2026\/04\/23_Deportes_24_1nota2p01.webp?resize=350%2C200&ssl=1 1x, https:\/\/i0.wp.com\/lasprimeras.com.do\/wp-content\/uploads\/2026\/04\/23_Deportes_24_1nota2p01.webp?resize=525%2C300&ssl=1 1.5x, https:\/\/i0.wp.com\/lasprimeras.com.do\/wp-content\/uploads\/2026\/04\/23_Deportes_24_1nota2p01.webp?resize=700%2C400&ssl=1 2x"},"classes":[]},{"id":123863,"url":"https:\/\/lasprimeras.com.do\/index.php\/2026\/03\/06\/jce-entrega-nueva-cedula-a-integrantes-de-la-seleccion-dominicana-del-clasico-mundial-de-beisbol-2026\/","url_meta":{"origin":94851,"position":5},"title":"JCE entrega nueva c\u00e9dula a integrantes de la selecci\u00f3n dominicana del Cl\u00e1sico Mundial de B\u00e9isbol 2026","author":"Nelson Feliz","date":"6 de marzo de 2026","format":false,"excerpt":"Manny Machado y Austin Wells obtuvieron por primera vez la c\u00e9dula dominicana La Junta Central Electoral (JCE) realiz\u00f3 una jornada especial de captura de datos y entrega inmediata de la nueva c\u00e9dula a los integrantes de la selecci\u00f3n dominicana del Cl\u00e1sico Mundial de B\u00e9isbol previo a los jugadores partir a\u2026","rel":"","context":"En \u00abNACIONALES\u00bb","block_context":{"text":"NACIONALES","link":"https:\/\/lasprimeras.com.do\/index.php\/category\/nacionales\/"},"img":{"alt_text":"","src":"https:\/\/i0.wp.com\/lasprimeras.com.do\/wp-content\/uploads\/2026\/03\/Clasico-12.jpeg?resize=350%2C200&ssl=1","width":350,"height":200,"srcset":"https:\/\/i0.wp.com\/lasprimeras.com.do\/wp-content\/uploads\/2026\/03\/Clasico-12.jpeg?resize=350%2C200&ssl=1 1x, https:\/\/i0.wp.com\/lasprimeras.com.do\/wp-content\/uploads\/2026\/03\/Clasico-12.jpeg?resize=525%2C300&ssl=1 1.5x, https:\/\/i0.wp.com\/lasprimeras.com.do\/wp-content\/uploads\/2026\/03\/Clasico-12.jpeg?resize=700%2C400&ssl=1 2x, https:\/\/i0.wp.com\/lasprimeras.com.do\/wp-content\/uploads\/2026\/03\/Clasico-12.jpeg?resize=1050%2C600&ssl=1 3x"},"classes":[]}],"jetpack_sharing_enabled":true,"_links":{"self":[{"href":"https:\/\/lasprimeras.com.do\/index.php\/wp-json\/wp\/v2\/posts\/94851","targetHints":{"allow":["GET"]}}],"collection":[{"href":"https:\/\/lasprimeras.com.do\/index.php\/wp-json\/wp\/v2\/posts"}],"about":[{"href":"https:\/\/lasprimeras.com.do\/index.php\/wp-json\/wp\/v2\/types\/post"}],"author":[{"embeddable":true,"href":"https:\/\/lasprimeras.com.do\/index.php\/wp-json\/wp\/v2\/users\/2"}],"replies":[{"embeddable":true,"href":"https:\/\/lasprimeras.com.do\/index.php\/wp-json\/wp\/v2\/comments?post=94851"}],"version-history":[{"count":1,"href":"https:\/\/lasprimeras.com.do\/index.php\/wp-json\/wp\/v2\/posts\/94851\/revisions"}],"predecessor-version":[{"id":94853,"href":"https:\/\/lasprimeras.com.do\/index.php\/wp-json\/wp\/v2\/posts\/94851\/revisions\/94853"}],"wp:featuredmedia":[{"embeddable":true,"href":"https:\/\/lasprimeras.com.do\/index.php\/wp-json\/wp\/v2\/media\/94852"}],"wp:attachment":[{"href":"https:\/\/lasprimeras.com.do\/index.php\/wp-json\/wp\/v2\/media?parent=94851"}],"wp:term":[{"taxonomy":"category","embeddable":true,"href":"https:\/\/lasprimeras.com.do\/index.php\/wp-json\/wp\/v2\/categories?post=94851"},{"taxonomy":"post_tag","embeddable":true,"href":"https:\/\/lasprimeras.com.do\/index.php\/wp-json\/wp\/v2\/tags?post=94851"}],"curies":[{"name":"wp","href":"https:\/\/api.w.org\/{rel}","templated":true}]}}