{"id":94857,"date":"2025-03-06T09:46:08","date_gmt":"2025-03-06T13:46:08","guid":{"rendered":"https:\/\/lasprimeras.com.do\/?p=94857"},"modified":"2025-03-06T09:46:09","modified_gmt":"2025-03-06T13:46:09","slug":"reina-el-panico-en-fp-por-posible-reduccion-arbitraria-de-los-miembros-de-la-direccion-central","status":"publish","type":"post","link":"https:\/\/lasprimeras.com.do\/index.php\/2025\/03\/06\/reina-el-panico-en-fp-por-posible-reduccion-arbitraria-de-los-miembros-de-la-direccion-central\/","title":{"rendered":"Reina el p\u00e1nico en FP por posible reducci\u00f3n arbitraria de los miembros de la Direcci\u00f3n Central"},"content":{"rendered":"\n<p>Cientos de dirigentes de la actual Direcci\u00f3n Central(DC) del partido Fuerza del Pueblo(FP) est\u00e1n en p\u00e1nico ante la discriminada y desequilibrada distribuci\u00f3n de los miembro de ese organismos que pretende presentar este jueves la comisi\u00f3n electoral a la Direcci\u00f3n Pol\u00edtica encabezada por Henry Meran y Mery Valerio.<\/p>\n\n\n\n<p>Seg\u00fan revelaron a este medio, la mayor\u00eda de los miembros de la comisi\u00f3n electoral que tratan de reducir la matr\u00edcula del alto organismo fueron escogidos con el m\u00e1s elevado hermetismo y desconocimiento de los componentes de la DC.<\/p>\n\n\n\n<p>&#8220;Se dice que en dicha distribuci\u00f3n hay grandes privilegios de oficios en detrimento de los cuadros que llevaron a la organizaci\u00f3n al sitial que tiene hoy, un segundo lugar y 30% de aprobaci\u00f3n. Es como si le neg\u00e1ramos al Dr. Leonel Fern\u00e1ndez la candidatura presidencial&#8221;, expres\u00f3 la fuente. .<\/p>\n\n\n\n<p>Se\u00f1alan que el drama afectar\u00e1 dr\u00e1sticamente el liderazgo de la FP, a tal extremo que el Distrito Nacional perder\u00e1 m\u00e1s de 200 plazas, al igual que el Gran Santo Domingo, y lo mismo ocurrir\u00e1 en casi todas las provincias.<\/p>\n\n\n\n<p>Indicaron que los mayores afectados ser\u00e1n los del exterior, donde al parecer los planes son desastrosos.<\/p>\n\n\n\n<p>Precisaron que en el exterior se da por seguro que arrasar\u00e1n con la matr\u00edcula de los miembros del DC reduciendolos a cenizas, lo que podr\u00eda generar una visible estampida de esa organizaci\u00f3n.<\/p>\n\n\n\n<p>Seg\u00fan las malas lenguas, alguien tiene en su agenda descapitalizar esa regi\u00f3n, debido a la baja votaci\u00f3n de las elecciones pasadas, lo cual es preocupante, ya que comunidad en el exterior es un poder que vota e influye en todo el territorio nacional.<\/p>\n\n\n\n<p>Se recuerda que a nivel nacional y no s\u00f3lo en el exterior en las pasadas elecciones, en t\u00e9rminos de participaci\u00f3n, fue un fracaso para la FP.<\/p>\n\n\n\n<p>Consideraron que es extremadamente injusto el trato que se le pretende dar a la di\u00e1spora en la FP.<\/p>\n\n\n\n<p>&#8220;Todo parece indicar que la FP podr\u00eda perder el control al final de este ongreso y, en vez de salir fortalecida, puede que sebproduzca una desbandada, mientras el PLD se estima, ha salido bien parado&#8221;, puntualizaron.<\/p>\n\n\n\n<p>La FP acaba de finalizar su Congreso Ordinario, Franklin Almeyda y al parecer expresan los informantes no ha salido robustecida, cuesti\u00f3n que podr\u00eda mermar su caudal de votos de cara a las elecciones del 2028.<\/p>\n\n\n\n<p>Otro aspecto que ha salido a relucir en los \u00faltimos d\u00edas es que en esa instituci\u00f3n pol\u00edtica l\u00edder de la oposici\u00f3n no hay unidad de criterio entre sus principales dirigentes, ya que mientras unos apuestan a cambios importantes en la alta Direcci\u00f3n otros piensan que no se pueden generar cambios cruzando el r\u00edo.<\/p>\n","protected":false},"excerpt":{"rendered":"<p>Cientos de dirigentes de la actual Direcci\u00f3n Central(DC) del partido Fuerza del Pueblo(FP) est\u00e1n en p\u00e1nico ante la discriminada y desequilibrada distribuci\u00f3n de los miembro de ese organismos que pretende&hellip;<\/p>\n","protected":false},"author":2,"featured_media":52766,"comment_status":"open","ping_status":"open","sticky":false,"template":"","format":"standard","meta":{"content-type":"","jetpack_post_was_ever_published":false,"_jetpack_newsletter_access":"","_jetpack_dont_email_post_to_subs":false,"_jetpack_newsletter_tier_id":0,"_jetpack_memberships_contains_paywalled_content":false,"_jetpack_memberships_contains_paid_content":false,"footnotes":""},"categories":[16559],"tags":[8924,158,475,5446,17899,17898],"class_list":["post-94857","post","type-post","status-publish","format-standard","has-post-thumbnail","hentry","category-politica","tag-direccion-central","tag-fuerza-del-pueblo","tag-miembros","tag-panico","tag-reduccion-arbitraria","tag-reina"],"jetpack_featured_media_url":"https:\/\/lasprimeras.com.do\/wp-content\/uploads\/2023\/06\/fp-elegira-candidatos-por-encuestas-y-asamblea-de-dirigentes.jpg","jetpack-related-posts":[{"id":96000,"url":"https:\/\/lasprimeras.com.do\/index.php\/2025\/03\/24\/mayoria-miembros-dc-fp-ny-favorece-a-penita-como-secretario-general\/","url_meta":{"origin":94857,"position":0},"title":"Mayor\u00eda miembros DC FP-NY favorece a Pe\u00f1ita como secretario general","author":"Nelson Feliz","date":"24 de marzo de 2025","format":false,"excerpt":"Por Ram\u00f3n Mercedes NUEVA YORK.- Los 1,500 miembros de la Direcci\u00f3n Central (DC) del Partido Fuerza del Pueblo (FP) son los que tienen el derecho de elegir al presidente, vicepresidente y secretario general de esa entidad pol\u00edtica durante el congreso elector \u00abManolo Tav\u00e1rez\u00bb, a celebrarse pr\u00f3ximamente.Durante el evento, que viene\u2026","rel":"","context":"En \u00abPOLITICA\u00bb","block_context":{"text":"POLITICA","link":"https:\/\/lasprimeras.com.do\/index.php\/category\/politica\/"},"img":{"alt_text":"Mayor\u00eda miembros DC FP-NY favorece a Pe\u00f1ita como secretario general","src":"https:\/\/i0.wp.com\/lasprimeras.com.do\/wp-content\/uploads\/2025\/03\/WhatsApp-Image-2025-03-24-at-6.04.02-AM.jpeg?resize=350%2C200&ssl=1","width":350,"height":200,"srcset":"https:\/\/i0.wp.com\/lasprimeras.com.do\/wp-content\/uploads\/2025\/03\/WhatsApp-Image-2025-03-24-at-6.04.02-AM.jpeg?resize=350%2C200&ssl=1 1x, https:\/\/i0.wp.com\/lasprimeras.com.do\/wp-content\/uploads\/2025\/03\/WhatsApp-Image-2025-03-24-at-6.04.02-AM.jpeg?resize=525%2C300&ssl=1 1.5x, https:\/\/i0.wp.com\/lasprimeras.com.do\/wp-content\/uploads\/2025\/03\/WhatsApp-Image-2025-03-24-at-6.04.02-AM.jpeg?resize=700%2C400&ssl=1 2x"},"classes":[]},{"id":107896,"url":"https:\/\/lasprimeras.com.do\/index.php\/2025\/09\/01\/crece-descontento-en-dirigentes-fp-del-exterior-por-exclusion-en-proximas-votaciones-direccion-politica\/","url_meta":{"origin":94857,"position":1},"title":"Crece descontento en dirigentes FP del exterior por exclusi\u00f3n en pr\u00f3ximas votaciones Direcci\u00f3n Pol\u00edtica","author":"Nelson Feliz","date":"1 de septiembre de 2025","format":false,"excerpt":"Autor Francis P\u00e9rez Un gran disgusto y desconcierto se ha generado entre los miembros de la Direcci\u00f3n Central (DC) del partido Fuerza del Pueblo (FP) en el exterior despu\u00e9s que se diera a conocer la decisi\u00f3n de la Comisi\u00f3n Electoral que establece que ellos solo podr\u00e1n inscribirse, pero no podr\u00e1n\u2026","rel":"","context":"En \u00abSin categor\u00eda\u00bb","block_context":{"text":"Sin categor\u00eda","link":"https:\/\/lasprimeras.com.do\/index.php\/category\/sin-categoria\/"},"img":{"alt_text":"","src":"https:\/\/i0.wp.com\/lasprimeras.com.do\/wp-content\/uploads\/2023\/06\/fp-elegira-candidatos-por-encuestas-y-asamblea-de-dirigentes.jpg?resize=350%2C200&ssl=1","width":350,"height":200,"srcset":"https:\/\/i0.wp.com\/lasprimeras.com.do\/wp-content\/uploads\/2023\/06\/fp-elegira-candidatos-por-encuestas-y-asamblea-de-dirigentes.jpg?resize=350%2C200&ssl=1 1x, https:\/\/i0.wp.com\/lasprimeras.com.do\/wp-content\/uploads\/2023\/06\/fp-elegira-candidatos-por-encuestas-y-asamblea-de-dirigentes.jpg?resize=525%2C300&ssl=1 1.5x, https:\/\/i0.wp.com\/lasprimeras.com.do\/wp-content\/uploads\/2023\/06\/fp-elegira-candidatos-por-encuestas-y-asamblea-de-dirigentes.jpg?resize=700%2C400&ssl=1 2x"},"classes":[]},{"id":106279,"url":"https:\/\/lasprimeras.com.do\/index.php\/2025\/08\/13\/liderazgo-de-la-fp-en-sdn-que-apoya-a-manuel-brito-a-la-presidencia-saca-amplia-mayoria-de-la-dc\/","url_meta":{"origin":94857,"position":2},"title":"Liderazgo de la FP en SDN que apoya a Manuel Brito a la Presidencia saca amplia mayor\u00eda de la DC","author":"Nelson Feliz","date":"13 de agosto de 2025","format":false,"excerpt":"En el municipio Santo Domingo Norte fueron elegidos 34 nuevos miembros de la Direcci\u00f3n Central en su Congreso Ordinario Manuel Aurelio Tavares Justo -Manolo- de los cuales 26 de ellos apoyan al actual secretarios general, Manuel Brito, para que presida la organizaci\u00f3n pol\u00edtica en el municipio. De unos 19 a\u2026","rel":"","context":"En \u00abPOLITICA\u00bb","block_context":{"text":"POLITICA","link":"https:\/\/lasprimeras.com.do\/index.php\/category\/politica\/"},"img":{"alt_text":"","src":"https:\/\/i0.wp.com\/lasprimeras.com.do\/wp-content\/uploads\/2025\/08\/FP-3.jpg?resize=350%2C200&ssl=1","width":350,"height":200,"srcset":"https:\/\/i0.wp.com\/lasprimeras.com.do\/wp-content\/uploads\/2025\/08\/FP-3.jpg?resize=350%2C200&ssl=1 1x, https:\/\/i0.wp.com\/lasprimeras.com.do\/wp-content\/uploads\/2025\/08\/FP-3.jpg?resize=525%2C300&ssl=1 1.5x, https:\/\/i0.wp.com\/lasprimeras.com.do\/wp-content\/uploads\/2025\/08\/FP-3.jpg?resize=700%2C400&ssl=1 2x"},"classes":[]},{"id":128104,"url":"https:\/\/lasprimeras.com.do\/index.php\/2026\/04\/19\/leonel-fernandez-encabeza-sesiones-de-trabajo-de-la-dc-de-fp-en-el-este-y-el-gran-santo-domingo\/","url_meta":{"origin":94857,"position":3},"title":"Leonel Fern\u00e1ndez encabeza sesiones de trabajo de la DC de FP en el Este y el Gran Santo Domingo","author":"Nelson Feliz","date":"19 de abril de 2026","format":false,"excerpt":"Expresidente impulsa plan organizativo rumbo a 2028 y enfoca estrategia en fortalecer la estructura electoral del partido. El presidente del partido Fuerza del Pueblo, Leonel Fern\u00e1ndez, encabez\u00f3 este s\u00e1bado y domingo dos sesiones regionales de trabajo con miembros de la Direcci\u00f3n Central de esa organizaci\u00f3n, correspondientes a las provincias de\u2026","rel":"","context":"En \u00abPOLITICA\u00bb","block_context":{"text":"POLITICA","link":"https:\/\/lasprimeras.com.do\/index.php\/category\/politica\/"},"img":{"alt_text":"","src":"https:\/\/i0.wp.com\/lasprimeras.com.do\/wp-content\/uploads\/2026\/04\/Leonel-Fernandez-5.jpg?resize=350%2C200&ssl=1","width":350,"height":200,"srcset":"https:\/\/i0.wp.com\/lasprimeras.com.do\/wp-content\/uploads\/2026\/04\/Leonel-Fernandez-5.jpg?resize=350%2C200&ssl=1 1x, https:\/\/i0.wp.com\/lasprimeras.com.do\/wp-content\/uploads\/2026\/04\/Leonel-Fernandez-5.jpg?resize=525%2C300&ssl=1 1.5x, https:\/\/i0.wp.com\/lasprimeras.com.do\/wp-content\/uploads\/2026\/04\/Leonel-Fernandez-5.jpg?resize=700%2C400&ssl=1 2x"},"classes":[]},{"id":102697,"url":"https:\/\/lasprimeras.com.do\/index.php\/2025\/07\/07\/fp-anuncia-que-mas-de-75-mil-dirigentes-podran-votar-en-las-elecciones-internas-el-domingo-3-de-agosto\/","url_meta":{"origin":94857,"position":4},"title":"FP anuncia que m\u00e1s de 75 mil dirigentes podr\u00e1n votar en las elecciones internas el domingo 3 de agosto","author":"Nelson Feliz","date":"7 de julio de 2025","format":false,"excerpt":"La Comisi\u00f3n Nacional Electoral de la Fuerza del Pueblo encabezada por su presidente, el doctor Henry Mer\u00e1n, anunci\u00f3 que el pr\u00f3ximo 3 de agosto se llevar\u00e1 a cabo la primera ronda de elecciones internas para escoger a las nuevas autoridades de la organizaci\u00f3n, en el marco del Congreso Nacional Elector\u2026","rel":"","context":"En \u00abPOLITICA\u00bb","block_context":{"text":"POLITICA","link":"https:\/\/lasprimeras.com.do\/index.php\/category\/politica\/"},"img":{"alt_text":"","src":"https:\/\/i0.wp.com\/lasprimeras.com.do\/wp-content\/uploads\/2025\/07\/Henry-Meran.jpg?resize=350%2C200&ssl=1","width":350,"height":200,"srcset":"https:\/\/i0.wp.com\/lasprimeras.com.do\/wp-content\/uploads\/2025\/07\/Henry-Meran.jpg?resize=350%2C200&ssl=1 1x, https:\/\/i0.wp.com\/lasprimeras.com.do\/wp-content\/uploads\/2025\/07\/Henry-Meran.jpg?resize=525%2C300&ssl=1 1.5x, https:\/\/i0.wp.com\/lasprimeras.com.do\/wp-content\/uploads\/2025\/07\/Henry-Meran.jpg?resize=700%2C400&ssl=1 2x"},"classes":[]},{"id":109116,"url":"https:\/\/lasprimeras.com.do\/index.php\/2025\/09\/14\/leonel-fernandez-afirma-que-nueva-directiva-de-la-fp-asegurara-el-triunfo-en-el-2028\/","url_meta":{"origin":94857,"position":5},"title":"Leonel Fern\u00e1ndez afirma que nueva directiva de la FP asegurar\u00e1 el &#8220;triunfo&#8221; en el 2028","author":"Nelson Feliz","date":"14 de septiembre de 2025","format":false,"excerpt":"Ante el proceso electoral interno para la reestructuraci\u00f3n del partido Fuerza del Pueblo (FP) realizado este domingo, militantes, incluyendo a su l\u00edder Leonel Fern\u00e1ndez, aseguran que la nueva directiva garantizar\u00e1 el triunfo presidencial para el 2028. As\u00ed lo manifest\u00f3 el presidente de la organizaci\u00f3n pol\u00edtica opositora, luego de ejercer su\u2026","rel":"","context":"En \u00abPOLITICA\u00bb","block_context":{"text":"POLITICA","link":"https:\/\/lasprimeras.com.do\/index.php\/category\/politica\/"},"img":{"alt_text":"Leonel Fern\u00e1ndez","src":"https:\/\/i0.wp.com\/lasprimeras.com.do\/wp-content\/uploads\/2025\/09\/Leonel-Fernandez.jpeg?resize=350%2C200&ssl=1","width":350,"height":200,"srcset":"https:\/\/i0.wp.com\/lasprimeras.com.do\/wp-content\/uploads\/2025\/09\/Leonel-Fernandez.jpeg?resize=350%2C200&ssl=1 1x, https:\/\/i0.wp.com\/lasprimeras.com.do\/wp-content\/uploads\/2025\/09\/Leonel-Fernandez.jpeg?resize=525%2C300&ssl=1 1.5x, https:\/\/i0.wp.com\/lasprimeras.com.do\/wp-content\/uploads\/2025\/09\/Leonel-Fernandez.jpeg?resize=700%2C400&ssl=1 2x"},"classes":[]}],"jetpack_sharing_enabled":true,"_links":{"self":[{"href":"https:\/\/lasprimeras.com.do\/index.php\/wp-json\/wp\/v2\/posts\/94857","targetHints":{"allow":["GET"]}}],"collection":[{"href":"https:\/\/lasprimeras.com.do\/index.php\/wp-json\/wp\/v2\/posts"}],"about":[{"href":"https:\/\/lasprimeras.com.do\/index.php\/wp-json\/wp\/v2\/types\/post"}],"author":[{"embeddable":true,"href":"https:\/\/lasprimeras.com.do\/index.php\/wp-json\/wp\/v2\/users\/2"}],"replies":[{"embeddable":true,"href":"https:\/\/lasprimeras.com.do\/index.php\/wp-json\/wp\/v2\/comments?post=94857"}],"version-history":[{"count":1,"href":"https:\/\/lasprimeras.com.do\/index.php\/wp-json\/wp\/v2\/posts\/94857\/revisions"}],"predecessor-version":[{"id":94858,"href":"https:\/\/lasprimeras.com.do\/index.php\/wp-json\/wp\/v2\/posts\/94857\/revisions\/94858"}],"wp:featuredmedia":[{"embeddable":true,"href":"https:\/\/lasprimeras.com.do\/index.php\/wp-json\/wp\/v2\/media\/52766"}],"wp:attachment":[{"href":"https:\/\/lasprimeras.com.do\/index.php\/wp-json\/wp\/v2\/media?parent=94857"}],"wp:term":[{"taxonomy":"category","embeddable":true,"href":"https:\/\/lasprimeras.com.do\/index.php\/wp-json\/wp\/v2\/categories?post=94857"},{"taxonomy":"post_tag","embeddable":true,"href":"https:\/\/lasprimeras.com.do\/index.php\/wp-json\/wp\/v2\/tags?post=94857"}],"curies":[{"name":"wp","href":"https:\/\/api.w.org\/{rel}","templated":true}]}}