{"id":94859,"date":"2025-03-06T10:08:37","date_gmt":"2025-03-06T14:08:37","guid":{"rendered":"https:\/\/lasprimeras.com.do\/?p=94859"},"modified":"2025-03-06T10:08:38","modified_gmt":"2025-03-06T14:08:38","slug":"bagricola-y-ministerio-de-la-juventud-anuncian-rd40-millones-en-becas-para-campesinos-jovenes","status":"publish","type":"post","link":"https:\/\/lasprimeras.com.do\/index.php\/2025\/03\/06\/bagricola-y-ministerio-de-la-juventud-anuncian-rd40-millones-en-becas-para-campesinos-jovenes\/","title":{"rendered":"Bagr\u00edcola y Ministerio de la Juventud anuncian RD$40 millones en becas para campesinos j\u00f3venes"},"content":{"rendered":"\n<p>El Banco Agr\u00edcola (Bagr\u00edcola) y el Ministerio de la Juventud anunciaron que invertir\u00e1n RD$40 millones en becas, nacionales y extranjeras, para campesinos con edades entre 18 y 35 a\u00f1os, con el inter\u00e9s de formar profesionales de alto nivel en las diferentes \u00e1reas cient\u00edficas de la agropecuaria y garantizar el relevo generacional entre los productores de alimentos.<\/p>\n\n\n\n<p>Otros RD$10 millones ser\u00e1n destinados a un programa de intercambio que enviar\u00e1 a profesionales dominicanos a otras naciones a aprender nuevas t\u00e9cnicas de producci\u00f3n agr\u00edcola y pecuaria.<\/p>\n\n\n\n<p>Fernando Dur\u00e1n, administrador del Bagr\u00edcola y Carlos Valdez Matos, ministro de la Juventud, firmaron un convenio contentivo de las medidas.<\/p>\n\n\n\n<p>Afirmaron que esas iniciativas reforzar\u00e1n los objetivos del programa Campo Joven, que implementan ambas instituciones gubernamentales, con una cartera de cr\u00e9ditos agr\u00edcolas RD$200 millones a tasa cero.<\/p>\n\n\n\n<p>Fernando Dur\u00e1n dijo que es inter\u00e9s del Gobierno incentivar la producci\u00f3n entre los j\u00f3venes campesinos y las \u00e1reas relacionadas con la pesca, la ganader\u00eda, el pastoreo y la acuicultura.<\/p>\n\n\n\n<p>Record\u00f3 que el programa Campo Joven naci\u00f3 como respuesta a un estudio del Fondo Integral del Desarrollo Agr\u00edcola (FIDA), que indica que el 50% de los agricultores del pa\u00eds tienen edades superiores a los 55 a\u00f1os.<\/p>\n\n\n\n<p>\u201cEl sector de la agricultura est\u00e1 en decadencia\u201d, expres\u00f3 Dur\u00e1n durante la firma del acuerdo, presenciada por funcionarios del Bagr\u00edcola y del Ministerio de la Juventud, entre los que se destaca el subadministrador del Bagr\u00edcola, Juan Rosario y el coordinador de Campo Joven, Steven Baldera.<\/p>\n\n\n\n<p>\u201cEstamos trabajando para el debido relevo generacional en esta \u00e1rea vital para garantizar la suficiencia alimentaria que necesita el pa\u00eds para seguir el camino hacia el desarrollo econ\u00f3mico y social\u201d, expres\u00f3 Dur\u00e1n.<\/p>\n\n\n\n<p>\u201cEl sector agropecuario nacional es vital para asegurar la alimentaci\u00f3n del pueblo dominicano y el bienestar de la poblaci\u00f3n rural, la generaci\u00f3n de empleos y divisas\u201d, precis\u00f3.<\/p>\n\n\n\n<p>De su lado, el ministro de la Juventud agradeci\u00f3 al Bagr\u00edcola el apoyo financiero a los j\u00f3venes campesinos.<\/p>\n","protected":false},"excerpt":{"rendered":"<p>El Banco Agr\u00edcola (Bagr\u00edcola) y el Ministerio de la Juventud anunciaron que invertir\u00e1n RD$40 millones en becas, nacionales y extranjeras, para campesinos con edades entre 18 y 35 a\u00f1os, con&hellip;<\/p>\n","protected":false},"author":2,"featured_media":94860,"comment_status":"open","ping_status":"open","sticky":false,"template":"","format":"standard","meta":{"content-type":"","jetpack_post_was_ever_published":false,"_jetpack_newsletter_access":"","_jetpack_dont_email_post_to_subs":false,"_jetpack_newsletter_tier_id":0,"_jetpack_memberships_contains_paywalled_content":false,"_jetpack_memberships_contains_paid_content":false,"footnotes":""},"categories":[35],"tags":[12469,2877,2614,3899,1770],"class_list":["post-94859","post","type-post","status-publish","format-standard","has-post-thumbnail","hentry","category-nacionales","tag-bagricola-2","tag-becas","tag-campesinos","tag-jovenes","tag-ministerio-de-la-juventud"],"jetpack_featured_media_url":"https:\/\/lasprimeras.com.do\/wp-content\/uploads\/2025\/03\/FOTO-CON-LA-JUVENTUD.jpg","jetpack-related-posts":[{"id":80317,"url":"https:\/\/lasprimeras.com.do\/index.php\/2024\/04\/07\/bagricola-financia-rd30-millones-a-tasa-cero-a-jovenes-del-este\/","url_meta":{"origin":94859,"position":0},"title":"Bagr\u00edcola financia RD$30 millones a tasa cero a j\u00f3venes del Este","author":"Nelson Feliz","date":"7 de abril de 2024","format":false,"excerpt":"El Banco Agr\u00edcola de la Rep\u00fablica Dominicana (Bagr\u00edcola) y el Ministerio de la Juventud entregaron ayer RD$30 millones en pr\u00e9stamos a tasa cero a j\u00f3venes de las provincias del Este del pa\u00eds, con edades entre 18 y 35 a\u00f1os de edad. Se trata de la cuarta etapa del Programa de\u2026","rel":"","context":"En \u00abECONOM\u00cdA\u00bb","block_context":{"text":"ECONOM\u00cdA","link":"https:\/\/lasprimeras.com.do\/index.php\/category\/economia\/"},"img":{"alt_text":"Banco Agr\u00edcola","src":"https:\/\/i0.wp.com\/lasprimeras.com.do\/wp-content\/uploads\/2024\/04\/Banco-Agricola.jpg?resize=350%2C200&ssl=1","width":350,"height":200,"srcset":"https:\/\/i0.wp.com\/lasprimeras.com.do\/wp-content\/uploads\/2024\/04\/Banco-Agricola.jpg?resize=350%2C200&ssl=1 1x, https:\/\/i0.wp.com\/lasprimeras.com.do\/wp-content\/uploads\/2024\/04\/Banco-Agricola.jpg?resize=525%2C300&ssl=1 1.5x, https:\/\/i0.wp.com\/lasprimeras.com.do\/wp-content\/uploads\/2024\/04\/Banco-Agricola.jpg?resize=700%2C400&ssl=1 2x"},"classes":[]},{"id":83402,"url":"https:\/\/lasprimeras.com.do\/index.php\/2024\/05\/15\/bagricola-ha-recibido-rd23000-millones-del-presupuesto-nacional-para-prestarlo-a-campesinos\/","url_meta":{"origin":94859,"position":1},"title":"Bagr\u00edcola ha recibido RD$23,000 millones del Presupuesto Nacional para prestarlo a campesinos","author":"Nelson Feliz","date":"15 de mayo de 2024","format":false,"excerpt":"El administrador del Banco Agr\u00edcola (Bagr\u00edcola), Fernando Dur\u00e1n, dijo aqu\u00ed que el D\u00eda del Agricultor encuentra a los productores dominicanos enfrentando los grandes los desaf\u00edos que representan los efectos del cambio clim\u00e1tico y la competencia del comercio internacional. Sin embargo, el funcionario garantiz\u00f3 que el Gobierno realiza las inversiones para\u2026","rel":"","context":"En \u00abECONOM\u00cdA\u00bb","block_context":{"text":"ECONOM\u00cdA","link":"https:\/\/lasprimeras.com.do\/index.php\/category\/economia\/"},"img":{"alt_text":"","src":"https:\/\/i0.wp.com\/lasprimeras.com.do\/wp-content\/uploads\/2024\/05\/DIA-DEL-AGRICULTOR-4.jpg?resize=350%2C200&ssl=1","width":350,"height":200,"srcset":"https:\/\/i0.wp.com\/lasprimeras.com.do\/wp-content\/uploads\/2024\/05\/DIA-DEL-AGRICULTOR-4.jpg?resize=350%2C200&ssl=1 1x, https:\/\/i0.wp.com\/lasprimeras.com.do\/wp-content\/uploads\/2024\/05\/DIA-DEL-AGRICULTOR-4.jpg?resize=525%2C300&ssl=1 1.5x, https:\/\/i0.wp.com\/lasprimeras.com.do\/wp-content\/uploads\/2024\/05\/DIA-DEL-AGRICULTOR-4.jpg?resize=700%2C400&ssl=1 2x"},"classes":[]},{"id":98976,"url":"https:\/\/lasprimeras.com.do\/index.php\/2025\/05\/14\/prestamos-del-bagricola-superiores-a-rd143476-millones-de-pesos\/","url_meta":{"origin":94859,"position":2},"title":"Pr\u00e9stamos del Bagr\u00edcola superiores a RD$143,476 millones de pesos","author":"Nelson Feliz","date":"14 de mayo de 2025","format":false,"excerpt":"La seguridad alimentaria del pa\u00eds y el bienestar de los peque\u00f1os y medianos productores del campo es una meta constante del Gobierno, que ha llevado a l Banco Agr\u00edcola (Bagr\u00edcola) a formalizar pr\u00e9stamos en ese sector por un monto superior a RD$143,476.4 millones , en los \u00faltimos 5 a\u00f1os. Fernando\u2026","rel":"","context":"En \u00abECONOM\u00cdA\u00bb","block_context":{"text":"ECONOM\u00cdA","link":"https:\/\/lasprimeras.com.do\/index.php\/category\/economia\/"},"img":{"alt_text":"","src":"https:\/\/i0.wp.com\/lasprimeras.com.do\/wp-content\/uploads\/2025\/05\/DON-FERNANDO-AGRICULTOR.jpg?resize=350%2C200&ssl=1","width":350,"height":200,"srcset":"https:\/\/i0.wp.com\/lasprimeras.com.do\/wp-content\/uploads\/2025\/05\/DON-FERNANDO-AGRICULTOR.jpg?resize=350%2C200&ssl=1 1x, https:\/\/i0.wp.com\/lasprimeras.com.do\/wp-content\/uploads\/2025\/05\/DON-FERNANDO-AGRICULTOR.jpg?resize=525%2C300&ssl=1 1.5x"},"classes":[]},{"id":124651,"url":"https:\/\/lasprimeras.com.do\/index.php\/2026\/03\/14\/gobierno-otorga-8000-becas-steam-para-jovenes-dominicana\/","url_meta":{"origin":94859,"position":3},"title":"Gobierno otorga 8,000 becas STEAM para j\u00f3venes dominicana","author":"Nelson Feliz","date":"14 de marzo de 2026","format":false,"excerpt":"Ministro de la Juventud exhorta a los becarios a aprovechar esta oportunidad, destacando que el futuro tecnol\u00f3gico del pa\u00eds depende de su talento y preparaci\u00f3n. Los beneficiarios acceder\u00e1n a 135 programas formativos especializados en \u00e1reas tecnol\u00f3gicas, desarrollados con instituciones acad\u00e9micas nacionales e internacionales. En el marco del D\u00eda Internacional de\u2026","rel":"","context":"En \u00abNACIONALES\u00bb","block_context":{"text":"NACIONALES","link":"https:\/\/lasprimeras.com.do\/index.php\/category\/nacionales\/"},"img":{"alt_text":"","src":"https:\/\/i0.wp.com\/lasprimeras.com.do\/wp-content\/uploads\/2026\/03\/stem.jpg?resize=350%2C200&ssl=1","width":350,"height":200,"srcset":"https:\/\/i0.wp.com\/lasprimeras.com.do\/wp-content\/uploads\/2026\/03\/stem.jpg?resize=350%2C200&ssl=1 1x, https:\/\/i0.wp.com\/lasprimeras.com.do\/wp-content\/uploads\/2026\/03\/stem.jpg?resize=525%2C300&ssl=1 1.5x, https:\/\/i0.wp.com\/lasprimeras.com.do\/wp-content\/uploads\/2026\/03\/stem.jpg?resize=700%2C400&ssl=1 2x"},"classes":[]},{"id":119800,"url":"https:\/\/lasprimeras.com.do\/index.php\/2026\/01\/17\/abinader-impulsa-a-estudiantes-de-neiba-a-aprovechar-las-becas-que-ofrece-el-gobierno-para-su-formacion-universitaria\/","url_meta":{"origin":94859,"position":4},"title":"Abinader impulsa a estudiantes de Neiba a aprovechar las becas que ofrece el gobierno para su formaci\u00f3n universitaria","author":"Nelson Feliz","date":"17 de enero de 2026","format":false,"excerpt":"Tambi\u00e9n sostiene mesa de trabajo con productores de uva locales de la provincia. El presidente Luis Abinader llam\u00f3 este s\u00e1bado a los j\u00f3venes estudiantes de esta provincia a acceder a la plataforma de becas del Ministerio de Educaci\u00f3n Superior, Ciencia y Tecnolog\u00eda (MESCYT), destacando que estas oportunidades acad\u00e9micas representan una\u2026","rel":"","context":"En \u00abNACIONALES\u00bb","block_context":{"text":"NACIONALES","link":"https:\/\/lasprimeras.com.do\/index.php\/category\/nacionales\/"},"img":{"alt_text":"","src":"https:\/\/i0.wp.com\/lasprimeras.com.do\/wp-content\/uploads\/2026\/01\/Luis-Abinader-1.jpg?resize=350%2C200&ssl=1","width":350,"height":200,"srcset":"https:\/\/i0.wp.com\/lasprimeras.com.do\/wp-content\/uploads\/2026\/01\/Luis-Abinader-1.jpg?resize=350%2C200&ssl=1 1x, https:\/\/i0.wp.com\/lasprimeras.com.do\/wp-content\/uploads\/2026\/01\/Luis-Abinader-1.jpg?resize=525%2C300&ssl=1 1.5x, https:\/\/i0.wp.com\/lasprimeras.com.do\/wp-content\/uploads\/2026\/01\/Luis-Abinader-1.jpg?resize=700%2C400&ssl=1 2x"},"classes":[]},{"id":55207,"url":"https:\/\/lasprimeras.com.do\/index.php\/2023\/07\/19\/el-banco-agricola-asegura-diez-cultivos-abarcan-54-5-de-los-prestamos-a-tasa-cero\/","url_meta":{"origin":94859,"position":5},"title":"El Banco Agr\u00edcola asegura diez cultivos abarcan 54.5 % de los pr\u00e9stamos a tasa cero","author":"Nelson Feliz","date":"19 de julio de 2023","format":false,"excerpt":"En los primeros seis meses de este a\u00f1o, el Banco Agr\u00edcola ha formalizado 2,296 millones de pesos en pr\u00e9stamos a tasa cero, una pol\u00edtica de financiamiento vigente desde agosto del 2020 para facilitar cr\u00e9ditos a los productores agr\u00edcolas y pecuarios tras la crisis econ\u00f3mica del covid-19. De acuerdo a los\u2026","rel":"","context":"En \u00abECONOM\u00cdA\u00bb","block_context":{"text":"ECONOM\u00cdA","link":"https:\/\/lasprimeras.com.do\/index.php\/category\/economia\/"},"img":{"alt_text":"Banco Agr\u00edcola","src":"https:\/\/i0.wp.com\/lasprimeras.com.do\/wp-content\/uploads\/2023\/07\/Banco-Agricola.jpg?resize=350%2C200&ssl=1","width":350,"height":200,"srcset":"https:\/\/i0.wp.com\/lasprimeras.com.do\/wp-content\/uploads\/2023\/07\/Banco-Agricola.jpg?resize=350%2C200&ssl=1 1x, https:\/\/i0.wp.com\/lasprimeras.com.do\/wp-content\/uploads\/2023\/07\/Banco-Agricola.jpg?resize=525%2C300&ssl=1 1.5x, https:\/\/i0.wp.com\/lasprimeras.com.do\/wp-content\/uploads\/2023\/07\/Banco-Agricola.jpg?resize=700%2C400&ssl=1 2x"},"classes":[]}],"jetpack_sharing_enabled":true,"_links":{"self":[{"href":"https:\/\/lasprimeras.com.do\/index.php\/wp-json\/wp\/v2\/posts\/94859","targetHints":{"allow":["GET"]}}],"collection":[{"href":"https:\/\/lasprimeras.com.do\/index.php\/wp-json\/wp\/v2\/posts"}],"about":[{"href":"https:\/\/lasprimeras.com.do\/index.php\/wp-json\/wp\/v2\/types\/post"}],"author":[{"embeddable":true,"href":"https:\/\/lasprimeras.com.do\/index.php\/wp-json\/wp\/v2\/users\/2"}],"replies":[{"embeddable":true,"href":"https:\/\/lasprimeras.com.do\/index.php\/wp-json\/wp\/v2\/comments?post=94859"}],"version-history":[{"count":1,"href":"https:\/\/lasprimeras.com.do\/index.php\/wp-json\/wp\/v2\/posts\/94859\/revisions"}],"predecessor-version":[{"id":94861,"href":"https:\/\/lasprimeras.com.do\/index.php\/wp-json\/wp\/v2\/posts\/94859\/revisions\/94861"}],"wp:featuredmedia":[{"embeddable":true,"href":"https:\/\/lasprimeras.com.do\/index.php\/wp-json\/wp\/v2\/media\/94860"}],"wp:attachment":[{"href":"https:\/\/lasprimeras.com.do\/index.php\/wp-json\/wp\/v2\/media?parent=94859"}],"wp:term":[{"taxonomy":"category","embeddable":true,"href":"https:\/\/lasprimeras.com.do\/index.php\/wp-json\/wp\/v2\/categories?post=94859"},{"taxonomy":"post_tag","embeddable":true,"href":"https:\/\/lasprimeras.com.do\/index.php\/wp-json\/wp\/v2\/tags?post=94859"}],"curies":[{"name":"wp","href":"https:\/\/api.w.org\/{rel}","templated":true}]}}