{"id":94863,"date":"2025-03-06T10:14:06","date_gmt":"2025-03-06T14:14:06","guid":{"rendered":"https:\/\/lasprimeras.com.do\/?p=94863"},"modified":"2025-03-06T10:14:08","modified_gmt":"2025-03-06T14:14:08","slug":"adoexpo-relanza-el-instituto-del-exportador-para-fortalecer-el-sector","status":"publish","type":"post","link":"https:\/\/lasprimeras.com.do\/index.php\/2025\/03\/06\/adoexpo-relanza-el-instituto-del-exportador-para-fortalecer-el-sector\/","title":{"rendered":"ADOEXPO relanza el Instituto del Exportador para fortalecer el sector"},"content":{"rendered":"\n<p><strong>La entidad apuesta al futuro de ese rengl\u00f3n a trav\u00e9s de capacitaci\u00f3n como motor de crecimiento.<\/strong><\/p>\n\n\n\n<p>La Asociaci\u00f3n Dominicana de Exportadores (Adoexpo) anunci\u00f3 el relanzamiento del Instituto Dominicano del Exportador (IDEX), una iniciativa destinada a fortalecer la competitividad y el crecimiento de ese sector productivo en el pa\u00eds.<\/p>\n\n\n\n<p>La vicepresidente ejecutiva de Adoexpo, Roselyn Amaro Berg\u00e9s, explic\u00f3 que el IDEX ofrecer\u00e1 una plataforma de capacitaci\u00f3n renovada, con programas especializados dise\u00f1ados para potenciar el desarrollo de empresas y profesionales en el comercio internacional.<\/p>\n\n\n\n<p>Se\u00f1al\u00f3 que la misi\u00f3n del IDEX es proveer servicios de formaci\u00f3n y capacitaci\u00f3n continua a la vanguardia de las necesidades de los exportadores, destacando que, como parte de este proceso de transformaci\u00f3n, han establecido alianzas estrat\u00e9gicas con prestigiosas universidades y centros de formaci\u00f3n, que garantizan un programa acad\u00e9mico de alto nivel que responde a las demandas del mercado global.<\/p>\n\n\n\n<p>Amaro Berg\u00e9s precis\u00f3 la importancia que tendr\u00e1 el IDEX para el crecimiento de las exportaciones y el desarrollo competitivo de la Rep\u00fablica Dominicana, y se\u00f1al\u00f3 que \u201capostamos a la formaci\u00f3n como herramienta esencial para impulsar la internacionalizaci\u00f3n de nuestras empresas\u201d.<\/p>\n\n\n\n<p>Agreg\u00f3 que entre las \u00e1reas de formaci\u00f3n que ser\u00e1n impartidas se destacan estrategias de internacionalizaci\u00f3n y acceso a mercados, normativas y regulaciones para exportaciones, innovaci\u00f3n y competitividad en el comercio exterior, log\u00edstica y cadena de suministro para exportadores, sostenibilidad y exportaciones verdes.<\/p>\n\n\n\n<p>La vicepresidente ejecutiva de Adoexpo manifest\u00f3 que esa entidad ha puesto a disposici\u00f3n del p\u00fablico la oferta acad\u00e9mica del IDEX en su p\u00e1gina web adoexpo.org, y que pueden obtener m\u00e1s informaci\u00f3n en el correo electr\u00f3nico idex@adoexpo.org<\/p>\n","protected":false},"excerpt":{"rendered":"<p>La entidad apuesta al futuro de ese rengl\u00f3n a trav\u00e9s de capacitaci\u00f3n como motor de crecimiento. La Asociaci\u00f3n Dominicana de Exportadores (Adoexpo) anunci\u00f3 el relanzamiento del Instituto Dominicano del Exportador&hellip;<\/p>\n","protected":false},"author":2,"featured_media":94864,"comment_status":"open","ping_status":"open","sticky":false,"template":"","format":"standard","meta":{"content-type":"","jetpack_post_was_ever_published":false,"_jetpack_newsletter_access":"","_jetpack_dont_email_post_to_subs":false,"_jetpack_newsletter_tier_id":0,"_jetpack_memberships_contains_paywalled_content":false,"_jetpack_memberships_contains_paid_content":false,"footnotes":""},"categories":[39],"tags":[5019,17900,2679],"class_list":["post-94863","post","type-post","status-publish","format-standard","has-post-thumbnail","hentry","category-economia","tag-adoexpo","tag-exportador","tag-instituto"],"jetpack_featured_media_url":"https:\/\/lasprimeras.com.do\/wp-content\/uploads\/2025\/03\/Adoexpo.jpg","jetpack-related-posts":[{"id":55329,"url":"https:\/\/lasprimeras.com.do\/index.php\/2023\/07\/20\/presidenta-adoexpo-afirma-exportaciones-a-centroamerica-crecen-6-6\/","url_meta":{"origin":94863,"position":0},"title":"Presidenta Adoexpo afirma exportaciones a Centroam\u00e9rica crecen 6.6%","author":"Nelson Feliz","date":"20 de julio de 2023","format":false,"excerpt":"Elizabeth Mena destac\u00f3 este crecimiento en la cuarta edici\u00f3n del Premio Empresa Exportadora a Centroam\u00e9rica Lafise-Adoexpo 2023, otorgado a la Procesadora San Mart\u00edn de Porres. La presidenta de la Asociaci\u00f3n Dominicana de Exportadores (Adoexpo), Elizabeth Mena, destac\u00f3 que en el primer semestre del 2023 las exportaciones a Centroam\u00e9rica registraron un\u2026","rel":"","context":"En \u00abECONOM\u00cdA\u00bb","block_context":{"text":"ECONOM\u00cdA","link":"https:\/\/lasprimeras.com.do\/index.php\/category\/economia\/"},"img":{"alt_text":"Elizabeth Mena y Edgar del Toro conversan con periodistas","src":"https:\/\/i0.wp.com\/lasprimeras.com.do\/wp-content\/uploads\/2023\/07\/Elizabeth-Mena-y-Edgar-del-Toro-conversan-con-periodistas.jpg?resize=350%2C200&ssl=1","width":350,"height":200,"srcset":"https:\/\/i0.wp.com\/lasprimeras.com.do\/wp-content\/uploads\/2023\/07\/Elizabeth-Mena-y-Edgar-del-Toro-conversan-con-periodistas.jpg?resize=350%2C200&ssl=1 1x, https:\/\/i0.wp.com\/lasprimeras.com.do\/wp-content\/uploads\/2023\/07\/Elizabeth-Mena-y-Edgar-del-Toro-conversan-con-periodistas.jpg?resize=525%2C300&ssl=1 1.5x, https:\/\/i0.wp.com\/lasprimeras.com.do\/wp-content\/uploads\/2023\/07\/Elizabeth-Mena-y-Edgar-del-Toro-conversan-con-periodistas.jpg?resize=700%2C400&ssl=1 2x"},"classes":[]},{"id":55332,"url":"https:\/\/lasprimeras.com.do\/index.php\/2023\/07\/20\/fafise-y-adoexpo-reconocen-procesadora-san-martin-de-porres\/","url_meta":{"origin":94863,"position":1},"title":"Fafise y Adoexpo reconocen Procesadora San Mart\u00edn de Porres","author":"Nelson Feliz","date":"20 de julio de 2023","format":false,"excerpt":"En la cuarta edici\u00f3n del Premio Empresa Exportadora a Centroam\u00e9rica Lafise- Adoexpo 2023, se resalt\u00f3 el casi medio siglo de esta empresa que comercializa productos para ese mercado. Banco Lafise y la Asociaci\u00f3n Dominicana de Exportadores (Adoexpo) entregaron a la Procesadora San Mart\u00edn de Porres el Premio Empresa Exportadora a\u2026","rel":"","context":"En \u00abENTRETENIMIENTO\u00bb","block_context":{"text":"ENTRETENIMIENTO","link":"https:\/\/lasprimeras.com.do\/index.php\/category\/entretenimiento\/"},"img":{"alt_text":"El gerente general del Banco Lafise, Edgar del Toro","src":"https:\/\/i0.wp.com\/lasprimeras.com.do\/wp-content\/uploads\/2023\/07\/El-gerente-general-del-Banco-Lafise-Edgar-del-Toro.jpg?resize=350%2C200&ssl=1","width":350,"height":200,"srcset":"https:\/\/i0.wp.com\/lasprimeras.com.do\/wp-content\/uploads\/2023\/07\/El-gerente-general-del-Banco-Lafise-Edgar-del-Toro.jpg?resize=350%2C200&ssl=1 1x, https:\/\/i0.wp.com\/lasprimeras.com.do\/wp-content\/uploads\/2023\/07\/El-gerente-general-del-Banco-Lafise-Edgar-del-Toro.jpg?resize=525%2C300&ssl=1 1.5x, https:\/\/i0.wp.com\/lasprimeras.com.do\/wp-content\/uploads\/2023\/07\/El-gerente-general-del-Banco-Lafise-Edgar-del-Toro.jpg?resize=700%2C400&ssl=1 2x"},"classes":[]},{"id":90132,"url":"https:\/\/lasprimeras.com.do\/index.php\/2024\/10\/13\/adoexpo-muestra-sorpresa-y-preocupacion-por-proyecto-de-reforma-laboral\/","url_meta":{"origin":94863,"position":2},"title":"Adoexpo muestra sorpresa y preocupaci\u00f3n por proyecto de reforma laboral","author":"Nelson Feliz","date":"13 de octubre de 2024","format":false,"excerpt":"La entidad reaccion\u00f3 ante lo que defini\u00f3 como \u201crepentina\u201d la introducci\u00f3n hoy de la pieza legislativa en el Senado. La Asociaci\u00f3n Dominicana de Exportadores (ADOEXPO) expres\u00f3 hoy la preocupaci\u00f3n y sorpresa de ese sector ante la decisi\u00f3n del gobierno de presentar en el Senado el proyecto de ley de reforma\u2026","rel":"","context":"En \u00abECONOM\u00cdA\u00bb","block_context":{"text":"ECONOM\u00cdA","link":"https:\/\/lasprimeras.com.do\/index.php\/category\/economia\/"},"img":{"alt_text":"Karel Castillo","src":"https:\/\/i0.wp.com\/lasprimeras.com.do\/wp-content\/uploads\/2024\/10\/Karel-Castillo-presidente-de-Adoexpo.png?resize=350%2C200&ssl=1","width":350,"height":200,"srcset":"https:\/\/i0.wp.com\/lasprimeras.com.do\/wp-content\/uploads\/2024\/10\/Karel-Castillo-presidente-de-Adoexpo.png?resize=350%2C200&ssl=1 1x, https:\/\/i0.wp.com\/lasprimeras.com.do\/wp-content\/uploads\/2024\/10\/Karel-Castillo-presidente-de-Adoexpo.png?resize=525%2C300&ssl=1 1.5x"},"classes":[]},{"id":90383,"url":"https:\/\/lasprimeras.com.do\/index.php\/2024\/10\/20\/adoexpo-valora-positivo-retiro-anteproyecto-de-modernizacion-fiscal\/","url_meta":{"origin":94863,"position":3},"title":"ADOEXPO valora positivo retiro anteproyecto de modernizaci\u00f3n fiscal","author":"Nelson Feliz","date":"20 de octubre de 2024","format":false,"excerpt":"La Asociaci\u00f3n Dominicana de Exportadores (ADOEXPO) valor\u00f3 este domingo como positiva la decisi\u00f3n del presidente Luis Abinader de retirar ante el Congreso Nacional el anteproyecto de Ley de Modernizaci\u00f3n Fiscal. El presidente de la entidad empresarial, Karel Castillo, afirm\u00f3 que \u201creconocemos la necesidad de realizar cambios estructurales en el pa\u00eds,\u2026","rel":"","context":"En \u00abECONOM\u00cdA\u00bb","block_context":{"text":"ECONOM\u00cdA","link":"https:\/\/lasprimeras.com.do\/index.php\/category\/economia\/"},"img":{"alt_text":"Karel Castillo","src":"https:\/\/i0.wp.com\/lasprimeras.com.do\/wp-content\/uploads\/2024\/10\/Karel-Castillo.png?resize=350%2C200&ssl=1","width":350,"height":200,"srcset":"https:\/\/i0.wp.com\/lasprimeras.com.do\/wp-content\/uploads\/2024\/10\/Karel-Castillo.png?resize=350%2C200&ssl=1 1x, https:\/\/i0.wp.com\/lasprimeras.com.do\/wp-content\/uploads\/2024\/10\/Karel-Castillo.png?resize=525%2C300&ssl=1 1.5x"},"classes":[]},{"id":58270,"url":"https:\/\/lasprimeras.com.do\/index.php\/2023\/08\/22\/adoexpo-pospone-almuerzo-conferencia-y-otras-actividades\/","url_meta":{"origin":94863,"position":4},"title":"Adoexpo pospone almuerzo-conferencia y otras actividades","author":"Nelson Feliz","date":"22 de agosto de 2023","format":false,"excerpt":"La entidad insta al sector a tomar las medidas necesarias para salvaguardar la integridad f\u00edsica de las personas y propiedades por la tormenta Franklin. La Asociaci\u00f3n Dominicana de Exportadores (Adoexpo) inform\u00f3 que, debido al posible paso de la tormenta Franklin por el territorio nacional, pospuso para el 5 de septiembre\u2026","rel":"","context":"En \u00abNACIONALES\u00bb","block_context":{"text":"NACIONALES","link":"https:\/\/lasprimeras.com.do\/index.php\/category\/nacionales\/"},"img":{"alt_text":"Adoexpo","src":"https:\/\/i0.wp.com\/lasprimeras.com.do\/wp-content\/uploads\/2023\/08\/Adoexpo.png?resize=350%2C200&ssl=1","width":350,"height":200,"srcset":"https:\/\/i0.wp.com\/lasprimeras.com.do\/wp-content\/uploads\/2023\/08\/Adoexpo.png?resize=350%2C200&ssl=1 1x, https:\/\/i0.wp.com\/lasprimeras.com.do\/wp-content\/uploads\/2023\/08\/Adoexpo.png?resize=525%2C300&ssl=1 1.5x, https:\/\/i0.wp.com\/lasprimeras.com.do\/wp-content\/uploads\/2023\/08\/Adoexpo.png?resize=700%2C400&ssl=1 2x"},"classes":[]},{"id":59613,"url":"https:\/\/lasprimeras.com.do\/index.php\/2023\/09\/05\/paliza-agenda-integral-de-abinader-ha-permitido-importantes-avances-en-los-sectores-productivos-de-rd\/","url_meta":{"origin":94863,"position":5},"title":"Paliza: \u201cAgenda integral de Abinader ha permitido importantes avances en los sectores productivos de RD\u201d","author":"Nelson Feliz","date":"5 de septiembre de 2023","format":false,"excerpt":"El funcionario particip\u00f3 como orador en el almuerzo-conferencia de la Asociaci\u00f3n Dominicana de Exportadores (Adoexpo) El ministro Administrativo de la Presidencia, Jos\u00e9 Ignacio Paliza, particip\u00f3 en un almuerzo-conferencia organizado por la Asociaci\u00f3n Dominicana de Exportadores (Adoexpo), el cual tuvo como tema central \u201cCompetitividad log\u00edstica dominicana, perspectiva 2030\u201d. La presidenta de\u2026","rel":"","context":"En \u00abECONOM\u00cdA\u00bb","block_context":{"text":"ECONOM\u00cdA","link":"https:\/\/lasprimeras.com.do\/index.php\/category\/economia\/"},"img":{"alt_text":"Jos\u00e9 Ignacio Paliza","src":"https:\/\/i0.wp.com\/lasprimeras.com.do\/wp-content\/uploads\/2023\/09\/Paliza.jpg?resize=350%2C200&ssl=1","width":350,"height":200,"srcset":"https:\/\/i0.wp.com\/lasprimeras.com.do\/wp-content\/uploads\/2023\/09\/Paliza.jpg?resize=350%2C200&ssl=1 1x, https:\/\/i0.wp.com\/lasprimeras.com.do\/wp-content\/uploads\/2023\/09\/Paliza.jpg?resize=525%2C300&ssl=1 1.5x, https:\/\/i0.wp.com\/lasprimeras.com.do\/wp-content\/uploads\/2023\/09\/Paliza.jpg?resize=700%2C400&ssl=1 2x"},"classes":[]}],"jetpack_sharing_enabled":true,"_links":{"self":[{"href":"https:\/\/lasprimeras.com.do\/index.php\/wp-json\/wp\/v2\/posts\/94863","targetHints":{"allow":["GET"]}}],"collection":[{"href":"https:\/\/lasprimeras.com.do\/index.php\/wp-json\/wp\/v2\/posts"}],"about":[{"href":"https:\/\/lasprimeras.com.do\/index.php\/wp-json\/wp\/v2\/types\/post"}],"author":[{"embeddable":true,"href":"https:\/\/lasprimeras.com.do\/index.php\/wp-json\/wp\/v2\/users\/2"}],"replies":[{"embeddable":true,"href":"https:\/\/lasprimeras.com.do\/index.php\/wp-json\/wp\/v2\/comments?post=94863"}],"version-history":[{"count":1,"href":"https:\/\/lasprimeras.com.do\/index.php\/wp-json\/wp\/v2\/posts\/94863\/revisions"}],"predecessor-version":[{"id":94865,"href":"https:\/\/lasprimeras.com.do\/index.php\/wp-json\/wp\/v2\/posts\/94863\/revisions\/94865"}],"wp:featuredmedia":[{"embeddable":true,"href":"https:\/\/lasprimeras.com.do\/index.php\/wp-json\/wp\/v2\/media\/94864"}],"wp:attachment":[{"href":"https:\/\/lasprimeras.com.do\/index.php\/wp-json\/wp\/v2\/media?parent=94863"}],"wp:term":[{"taxonomy":"category","embeddable":true,"href":"https:\/\/lasprimeras.com.do\/index.php\/wp-json\/wp\/v2\/categories?post=94863"},{"taxonomy":"post_tag","embeddable":true,"href":"https:\/\/lasprimeras.com.do\/index.php\/wp-json\/wp\/v2\/tags?post=94863"}],"curies":[{"name":"wp","href":"https:\/\/api.w.org\/{rel}","templated":true}]}}