{"id":94866,"date":"2025-03-06T10:21:06","date_gmt":"2025-03-06T14:21:06","guid":{"rendered":"https:\/\/lasprimeras.com.do\/?p=94866"},"modified":"2025-03-06T10:21:07","modified_gmt":"2025-03-06T14:21:07","slug":"santiago-matias-inscribira-candidatura-presidencial-en-el-2028","status":"publish","type":"post","link":"https:\/\/lasprimeras.com.do\/index.php\/2025\/03\/06\/santiago-matias-inscribira-candidatura-presidencial-en-el-2028\/","title":{"rendered":"Santiago Mat\u00edas inscribir\u00e1 candidatura presidencial en el 2028"},"content":{"rendered":"\n<p>Por Carlos Miguel Fern\u00e1ndez<\/p>\n\n\n\n<p>El comunicador y empresario Santiago Mat\u00edas, conocido como Alofoke, anunci\u00f3 este mi\u00e9rcoles su intenci\u00f3n de inscribirse como candidato a la presidencia de la Rep\u00fablica Dominicana en las elecciones del 2028.<\/p>\n\n\n\n<p>Mat\u00edas realiz\u00f3 la declaraci\u00f3n durante una transmisi\u00f3n en vivo de &#8220;Alofoke Radio Show&#8221; desde la Plaza Colinas Mall en Santiago de los Caballeros, donde tambi\u00e9n se celebr\u00f3 la premiere de la pel\u00edcula Los Rechazados.<\/p>\n\n\n\n<p>Durante la transmisi\u00f3n, el panelista Eduardo Santile, del programa Hablamos en el 2028, un movimiento pol\u00edtico y programa de radio digital, le pregunt\u00f3 a Mat\u00edas si considerar\u00eda postularse a la presidencia en las pr\u00f3ximas elecciones.<\/p>\n\n\n\n<p>Ante esta interrogante, Mat\u00edas respondi\u00f3 con un contundente &#8220;s\u00ed&#8221;, afirmando que aprovechar\u00e1 la posibilidad de aspirar de manera independiente, gracias a las nuevas disposiciones electorales del pa\u00eds.<\/p>\n\n\n\n<p>El empresario tambi\u00e9n pregunt\u00f3 a la multitud presente si estar\u00edan dispuestos a apoyarlo en su candidatura, recibiendo una respuesta positiva y entusiasta de los asistentes.<\/p>\n\n\n\n<p>Su anuncio gener\u00f3 reacciones inmediatas en redes sociales y en la opini\u00f3n p\u00fablica, donde se debate sobre el impacto de su incursi\u00f3n en la pol\u00edtica dominicana.<\/p>\n\n\n\n<p>Santiago Mat\u00edas es una figura influyente en los medios de comunicaci\u00f3n y la industria del entretenimiento en la Rep\u00fablica Dominicana. Fundador de Alofoke Media Group, ha entrevistado a importantes figuras del \u00e1mbito pol\u00edtico, musical y empresarial, consolid\u00e1ndose como una de las voces m\u00e1s relevantes de la comunicaci\u00f3n digital en el pa\u00eds.<\/p>\n\n\n\n<p>Con este anuncio, Mat\u00edas se suma a la lista de posibles candidatos presidenciales para el 2028, apostando por un nuevo estilo de liderazgo basado en su conexi\u00f3n con la juventud y las comunidades a trav\u00e9s de plataformas digitales.<\/p>\n","protected":false},"excerpt":{"rendered":"<p>Por Carlos Miguel Fern\u00e1ndez El comunicador y empresario Santiago Mat\u00edas, conocido como Alofoke, anunci\u00f3 este mi\u00e9rcoles su intenci\u00f3n de inscribirse como candidato a la presidencia de la Rep\u00fablica Dominicana en&hellip;<\/p>\n","protected":false},"author":2,"featured_media":94867,"comment_status":"open","ping_status":"open","sticky":false,"template":"","format":"standard","meta":{"content-type":"","jetpack_post_was_ever_published":false,"_jetpack_newsletter_access":"","_jetpack_dont_email_post_to_subs":false,"_jetpack_newsletter_tier_id":0,"_jetpack_memberships_contains_paywalled_content":false,"_jetpack_memberships_contains_paid_content":false,"footnotes":""},"categories":[16559,25],"tags":[1526,2078,935,1226,3059],"class_list":["post-94866","post","type-post","status-publish","format-standard","has-post-thumbnail","hentry","category-politica","category-portada","tag-candidato","tag-independiente","tag-presidente","tag-republica-dominicana","tag-santiago-matias"],"jetpack_featured_media_url":"https:\/\/lasprimeras.com.do\/wp-content\/uploads\/2025\/03\/Santiago-Matias.png","jetpack-related-posts":[{"id":68537,"url":"https:\/\/lasprimeras.com.do\/index.php\/2023\/11\/25\/santiago-matias-hace-entrega-de-dinero-recaudado-para-afectados-por-inundaciones\/","url_meta":{"origin":94866,"position":0},"title":"Santiago Mat\u00edas hace entrega de dinero recaudado para afectados por inundaciones","author":"BIMARY DE JES\u00daS Matos","date":"25 de noviembre de 2023","format":false,"excerpt":"Santo Domingo.- Cumpliendo con lo prometido el pasado domingo, de ayudar a los afectados por las lluvias registradas en el pa\u00eds el pasado fin de semana, el empresario Santiago Mat\u00edas hizo entrega del dinero recaudado en el Telemarat\u00f3n de Alofoke Radio Show. Un total de 4 millones 292 mil 949\u2026","rel":"","context":"En \u00abENTRETENIMIENTO\u00bb","block_context":{"text":"ENTRETENIMIENTO","link":"https:\/\/lasprimeras.com.do\/index.php\/category\/entretenimiento\/"},"img":{"alt_text":"","src":"https:\/\/i0.wp.com\/lasprimeras.com.do\/wp-content\/uploads\/2023\/11\/WhatsApp-Image-2023-11-24-at-1.48.00-PM-8.jpeg?resize=350%2C200&ssl=1","width":350,"height":200,"srcset":"https:\/\/i0.wp.com\/lasprimeras.com.do\/wp-content\/uploads\/2023\/11\/WhatsApp-Image-2023-11-24-at-1.48.00-PM-8.jpeg?resize=350%2C200&ssl=1 1x, https:\/\/i0.wp.com\/lasprimeras.com.do\/wp-content\/uploads\/2023\/11\/WhatsApp-Image-2023-11-24-at-1.48.00-PM-8.jpeg?resize=525%2C300&ssl=1 1.5x"},"classes":[]},{"id":66586,"url":"https:\/\/lasprimeras.com.do\/index.php\/2023\/11\/08\/santiago-matias-le-pide-disculpas-a-isaura-taveras\/","url_meta":{"origin":94866,"position":1},"title":"Santiago Mat\u00edas le pide disculpas a Isaura Taveras","author":"BIMARY DE JES\u00daS Matos","date":"8 de noviembre de 2023","format":false,"excerpt":"Santo Domingo.- El influencer y empresario Santiago Mat\u00edas \u00abAlofoke\u00bb utiliz\u00f3 su plataforma \u00abAlofoke Radio Show\u00bb para pedirle disculpas a la comunicadora Isaura Taveras, quien lleva una demanda en su contra bajo las acusaciones de difamaci\u00f3n e injuria. El famoso creador de contenido expres\u00f3 que sus palabras \u00abson de todo coraz\u00f3n\u00bb\u2026","rel":"","context":"En \u00abENTRETENIMIENTO\u00bb","block_context":{"text":"ENTRETENIMIENTO","link":"https:\/\/lasprimeras.com.do\/index.php\/category\/entretenimiento\/"},"img":{"alt_text":"","src":"https:\/\/i0.wp.com\/lasprimeras.com.do\/wp-content\/uploads\/2023\/11\/valentin-1.png?resize=350%2C200&ssl=1","width":350,"height":200},"classes":[]},{"id":79551,"url":"https:\/\/lasprimeras.com.do\/index.php\/2024\/03\/28\/tony-dandrades-y-santiago-matias-se-unen-en-nuevo-programa\/","url_meta":{"origin":94866,"position":2},"title":"Tony Dandrades y Santiago Mat\u00edas se unen en nuevo programa","author":"BIMARY DE JES\u00daS Matos","date":"28 de marzo de 2024","format":false,"excerpt":"Santo Domingo.-Los dominicanos Santiago Mat\u00edas (Alofoke) y Tony Dandrades se unen para presentar un nuevo programa que se suma a la parrilla de la comunicaci\u00f3n digital: \u201cPunto medio con Alofoke y Tony Dandrades\u201d. Este espacio se transmitir\u00e1 en vivo todos los viernes a las 7 de la noche a partir\u2026","rel":"","context":"En \u00abENTRETENIMIENTO\u00bb","block_context":{"text":"ENTRETENIMIENTO","link":"https:\/\/lasprimeras.com.do\/index.php\/category\/entretenimiento\/"},"img":{"alt_text":"","src":"https:\/\/i0.wp.com\/lasprimeras.com.do\/wp-content\/uploads\/2024\/03\/Captura-de-pantalla-2024-01-22-124640-1.jpg?resize=350%2C200&ssl=1","width":350,"height":200,"srcset":"https:\/\/i0.wp.com\/lasprimeras.com.do\/wp-content\/uploads\/2024\/03\/Captura-de-pantalla-2024-01-22-124640-1.jpg?resize=350%2C200&ssl=1 1x, https:\/\/i0.wp.com\/lasprimeras.com.do\/wp-content\/uploads\/2024\/03\/Captura-de-pantalla-2024-01-22-124640-1.jpg?resize=525%2C300&ssl=1 1.5x, https:\/\/i0.wp.com\/lasprimeras.com.do\/wp-content\/uploads\/2024\/03\/Captura-de-pantalla-2024-01-22-124640-1.jpg?resize=700%2C400&ssl=1 2x"},"classes":[]},{"id":64521,"url":"https:\/\/lasprimeras.com.do\/index.php\/2023\/10\/20\/fijan-para-el-31-audiencia-por-denuncia-de-isaura-taveras-a-santiago-matias-alofoke\/","url_meta":{"origin":94866,"position":3},"title":"Fijan para el 31 audiencia por denuncia de Isaura Taveras a Santiago Mat\u00edas \u201cAlofoke\u201d","author":"BIMARY DE JES\u00daS Matos","date":"20 de octubre de 2023","format":false,"excerpt":"Santo Domingo.-La fiscal de Santo Domingo Oeste, Gervacia Cid Mart\u00ednez, fij\u00f3 para el pr\u00f3ximo martes 31 de octubre la audiencia por la querella interpuesta por Isaura Taveras a Santiago Mat\u00edas \u201cAlofoke\u201d e Ingrid Hahn por difamaci\u00f3n e injuria. De acuerdo con Okensy Contreras, abogado de Alofoke, las partes no fueron\u2026","rel":"","context":"En \u00abENTRETENIMIENTO\u00bb","block_context":{"text":"ENTRETENIMIENTO","link":"https:\/\/lasprimeras.com.do\/index.php\/category\/entretenimiento\/"},"img":{"alt_text":"","src":"https:\/\/i0.wp.com\/lasprimeras.com.do\/wp-content\/uploads\/2023\/10\/WhatsApp-Image-2023-10-18-at-9.33.42-PM-16.jpeg?resize=350%2C200&ssl=1","width":350,"height":200,"srcset":"https:\/\/i0.wp.com\/lasprimeras.com.do\/wp-content\/uploads\/2023\/10\/WhatsApp-Image-2023-10-18-at-9.33.42-PM-16.jpeg?resize=350%2C200&ssl=1 1x, https:\/\/i0.wp.com\/lasprimeras.com.do\/wp-content\/uploads\/2023\/10\/WhatsApp-Image-2023-10-18-at-9.33.42-PM-16.jpeg?resize=525%2C300&ssl=1 1.5x, https:\/\/i0.wp.com\/lasprimeras.com.do\/wp-content\/uploads\/2023\/10\/WhatsApp-Image-2023-10-18-at-9.33.42-PM-16.jpeg?resize=700%2C400&ssl=1 2x"},"classes":[]},{"id":66164,"url":"https:\/\/lasprimeras.com.do\/index.php\/2023\/11\/03\/gerard-pique-invita-a-santiago-matias-a-barcelona\/","url_meta":{"origin":94866,"position":4},"title":"Gerard Piqu\u00e9 invita a Santiago Mat\u00edas a Barcelona","author":"BIMARY DE JES\u00daS Matos","date":"3 de noviembre de 2023","format":false,"excerpt":"Santo Domingo, RD.\u2013 El presidente de la Kings League Am\u00e9ricas, Gerald Piqu\u00e9, invit\u00f3 al empresario Santiago Mat\u00edas a la ciudad de Barcelona, catalogando al presidente del equipo @galacticosdelcaribe como \u201cDios\u201d. \u201cYo creo que Alofoke tiene que venir a Barcelona. Por ah\u00ed, por el programa de Alofoke, han pasado todos\u201d, dijo\u2026","rel":"","context":"En \u00abENTRETENIMIENTO\u00bb","block_context":{"text":"ENTRETENIMIENTO","link":"https:\/\/lasprimeras.com.do\/index.php\/category\/entretenimiento\/"},"img":{"alt_text":"","src":"https:\/\/i0.wp.com\/lasprimeras.com.do\/wp-content\/uploads\/2023\/11\/WhatsApp-Image-2023-11-03-at-8.28.25-AM-3.jpeg?resize=350%2C200&ssl=1","width":350,"height":200,"srcset":"https:\/\/i0.wp.com\/lasprimeras.com.do\/wp-content\/uploads\/2023\/11\/WhatsApp-Image-2023-11-03-at-8.28.25-AM-3.jpeg?resize=350%2C200&ssl=1 1x, https:\/\/i0.wp.com\/lasprimeras.com.do\/wp-content\/uploads\/2023\/11\/WhatsApp-Image-2023-11-03-at-8.28.25-AM-3.jpeg?resize=525%2C300&ssl=1 1.5x"},"classes":[]},{"id":64425,"url":"https:\/\/lasprimeras.com.do\/index.php\/2023\/10\/20\/isaura-taveras-se-querella-contra-santiago-matias\/","url_meta":{"origin":94866,"position":5},"title":"Isaura Taveras se querella contra Santiago Mat\u00edas","author":"BIMARY DE JES\u00daS Matos","date":"20 de octubre de 2023","format":false,"excerpt":"Santo Domingo.-La comunicadora Isaura Taveras se querell\u00f3 contra Santiago Mat\u00edas \u201cAlofoke\u201d. El Ministerio P\u00fablico cit\u00f3 para ma\u00f1ana viernes a Alofoke a la Fiscal\u00eda de Santo Domingo Oeste advirti\u00e9ndole que de no comparecer se solicitar\u00e1 una orden de arresto, indica el documento de la querella. El productor se encuentra actualmente en\u2026","rel":"","context":"En \u00abENTRETENIMIENTO\u00bb","block_context":{"text":"ENTRETENIMIENTO","link":"https:\/\/lasprimeras.com.do\/index.php\/category\/entretenimiento\/"},"img":{"alt_text":"","src":"https:\/\/i0.wp.com\/lasprimeras.com.do\/wp-content\/uploads\/2023\/10\/WhatsApp-Image-2023-10-18-at-9.33.42-PM-11.jpeg?resize=350%2C200&ssl=1","width":350,"height":200,"srcset":"https:\/\/i0.wp.com\/lasprimeras.com.do\/wp-content\/uploads\/2023\/10\/WhatsApp-Image-2023-10-18-at-9.33.42-PM-11.jpeg?resize=350%2C200&ssl=1 1x, https:\/\/i0.wp.com\/lasprimeras.com.do\/wp-content\/uploads\/2023\/10\/WhatsApp-Image-2023-10-18-at-9.33.42-PM-11.jpeg?resize=525%2C300&ssl=1 1.5x"},"classes":[]}],"jetpack_sharing_enabled":true,"_links":{"self":[{"href":"https:\/\/lasprimeras.com.do\/index.php\/wp-json\/wp\/v2\/posts\/94866","targetHints":{"allow":["GET"]}}],"collection":[{"href":"https:\/\/lasprimeras.com.do\/index.php\/wp-json\/wp\/v2\/posts"}],"about":[{"href":"https:\/\/lasprimeras.com.do\/index.php\/wp-json\/wp\/v2\/types\/post"}],"author":[{"embeddable":true,"href":"https:\/\/lasprimeras.com.do\/index.php\/wp-json\/wp\/v2\/users\/2"}],"replies":[{"embeddable":true,"href":"https:\/\/lasprimeras.com.do\/index.php\/wp-json\/wp\/v2\/comments?post=94866"}],"version-history":[{"count":1,"href":"https:\/\/lasprimeras.com.do\/index.php\/wp-json\/wp\/v2\/posts\/94866\/revisions"}],"predecessor-version":[{"id":94868,"href":"https:\/\/lasprimeras.com.do\/index.php\/wp-json\/wp\/v2\/posts\/94866\/revisions\/94868"}],"wp:featuredmedia":[{"embeddable":true,"href":"https:\/\/lasprimeras.com.do\/index.php\/wp-json\/wp\/v2\/media\/94867"}],"wp:attachment":[{"href":"https:\/\/lasprimeras.com.do\/index.php\/wp-json\/wp\/v2\/media?parent=94866"}],"wp:term":[{"taxonomy":"category","embeddable":true,"href":"https:\/\/lasprimeras.com.do\/index.php\/wp-json\/wp\/v2\/categories?post=94866"},{"taxonomy":"post_tag","embeddable":true,"href":"https:\/\/lasprimeras.com.do\/index.php\/wp-json\/wp\/v2\/tags?post=94866"}],"curies":[{"name":"wp","href":"https:\/\/api.w.org\/{rel}","templated":true}]}}