{"id":94869,"date":"2025-03-06T10:29:33","date_gmt":"2025-03-06T14:29:33","guid":{"rendered":"https:\/\/lasprimeras.com.do\/?p=94869"},"modified":"2025-03-06T10:29:34","modified_gmt":"2025-03-06T14:29:34","slug":"garcia-fermin-recibe-embajador-de-marruecos-con-miras-a-fortalecer-cooperacion-educativa","status":"publish","type":"post","link":"https:\/\/lasprimeras.com.do\/index.php\/2025\/03\/06\/garcia-fermin-recibe-embajador-de-marruecos-con-miras-a-fortalecer-cooperacion-educativa\/","title":{"rendered":"Garc\u00eda Ferm\u00edn recibe Embajador de Marruecos con miras a fortalecer cooperaci\u00f3n educativa"},"content":{"rendered":"\n<p>El ministro de Educaci\u00f3n Superior, Ciencia y Tecnolog\u00eda, Franklin Garc\u00eda Ferm\u00edn, recibi\u00f3 al embajador de Marruecos en la Rep\u00fablica Dominicana, Hichame Dahane, con la finalidad de seguir fortaleciendo los v\u00ednculos en materia de educaci\u00f3n superior dominicana en tierras marroqu\u00edes.<\/p>\n\n\n\n<p>Durante el encuentro entre el funcionario y el diplom\u00e1tico marroqu\u00ed, se abordaron temas relacionados con los 22 programas de grado que se est\u00e1n impartiendo en las universidades ubicadas en Marruecos.<\/p>\n\n\n\n<p>El titular del MESCyT, doctor Franklin Garc\u00eda Ferm\u00edn, explic\u00f3 que la instituci\u00f3n, a trav\u00e9s de la Agencia Marroqu\u00ed de Cooperaci\u00f3n Internacional (AMCI) y el Ministerio de Relaciones Exteriores (MIREX), hab\u00eda enviado a 22 estudiantes, que cursan programas de grado en universidades ubicadas en Marruecos, con becas de 100 %.<\/p>\n\n\n\n<p>\u201cMediante la selecci\u00f3n de los j\u00f3venes escogidos, son egresados del programa que lleva a cabo el MESCyT del programa Ingl\u00e9s de Inmersi\u00f3n para la competitividad, considerando que las carreras son tanto en este como en franc\u00e9s, por lo que tambi\u00e9n se capacitan durante un a\u00f1o en ambas lenguas\u201d, afirm\u00f3 Garc\u00eda Ferm\u00edn.<\/p>\n\n\n\n<p>De su lado, el embajador de Marruecos en Rep\u00fablica Dominicana, Hichame Dahane, resalt\u00f3 que el Reino de Marruecos est\u00e1 muy satisfecho al contribuir con el desarrollo en la educaci\u00f3n superior sostenible del pa\u00eds, e impactar en la vida de cada alumno dominicano becado.<\/p>\n\n\n\n<p>\u201cAgradezco al MESCyT y todo su equipo de apoyo por la labor que realizan d\u00eda tras d\u00edas, para hacer posible que tan honorable beneficio est\u00e9 al alcance de todos los j\u00f3venes de escasos recursos y por darnos el voto de confianza para seguir con las relaciones bilaterales\u201d, asegur\u00f3 Dahane.<\/p>\n\n\n\n<p>Ambos destacaron que el encuentro entre el MESCYT y el Reino de Marruecos representa un emocionante paso adelante en el desarrollo de la educaci\u00f3n superior en la Rep\u00fablica Dominicana, abriendo nuevas puertas para la juventud y promoviendo la colaboraci\u00f3n internacional en beneficio de la ense\u00f1anza y el futuro del pa\u00eds.<\/p>\n\n\n\n<p>Se recuerda que el MESCyT posee relaciones con el Reino de Marruecos desde el 2011. Sin embargo, no fue hasta octubre de 2022, que el primer grupo de 9 j\u00f3venes dominicanos viajaron a universidades de Marruecos para cursar sus estudios de grado.<\/p>\n\n\n\n<p>Mientras que el segundo grupo de 13 estudiantes, se encuentran cursando programas en universidades ubicadas en Marruecos, con becas del 100 %.<\/p>\n","protected":false},"excerpt":{"rendered":"<p>El ministro de Educaci\u00f3n Superior, Ciencia y Tecnolog\u00eda, Franklin Garc\u00eda Ferm\u00edn, recibi\u00f3 al embajador de Marruecos en la Rep\u00fablica Dominicana, Hichame Dahane, con la finalidad de seguir fortaleciendo los v\u00ednculos&hellip;<\/p>\n","protected":false},"author":2,"featured_media":94870,"comment_status":"open","ping_status":"open","sticky":false,"template":"","format":"standard","meta":{"content-type":"","jetpack_post_was_ever_published":false,"_jetpack_newsletter_access":"","_jetpack_dont_email_post_to_subs":false,"_jetpack_newsletter_tier_id":0,"_jetpack_memberships_contains_paywalled_content":false,"_jetpack_memberships_contains_paid_content":false,"footnotes":""},"categories":[35],"tags":[17901,1373],"class_list":["post-94869","post","type-post","status-publish","format-standard","has-post-thumbnail","hentry","category-nacionales","tag-embajador-de-marruecos","tag-franklin-garcia-fermin"],"jetpack_featured_media_url":"https:\/\/lasprimeras.com.do\/wp-content\/uploads\/2025\/03\/Franklin-Garcia-Fermin.jpg","jetpack-related-posts":[{"id":64378,"url":"https:\/\/lasprimeras.com.do\/index.php\/2023\/10\/19\/garcia-fermin-despide-9-becarios-que-estudiaran-en-universidades-de-marruecos\/","url_meta":{"origin":94869,"position":0},"title":"Garc\u00eda Ferm\u00edn despide 9 becarios que estudiar\u00e1n en universidades de Marruecos","author":"Nelson Feliz","date":"19 de octubre de 2023","format":false,"excerpt":"Por Martin Restituyo El ministro de Educaci\u00f3n Superior, doctor Franklin Garc\u00eda Ferm\u00edn, despidi\u00f3 a 9 j\u00f3venes meritorios seleccionados durante la convocatoria de Becas Internacionales del Reino de Marruecos 2023, para estudiar\u00a0 programas de grado en universidades marroqu\u00edes, en coordinaci\u00f3n con la Embajada Dominicana en la naci\u00f3n \u00e1rabe. Durante un emotivo\u2026","rel":"","context":"En \u00abNACIONALES\u00bb","block_context":{"text":"NACIONALES","link":"https:\/\/lasprimeras.com.do\/index.php\/category\/nacionales\/"},"img":{"alt_text":"Franklin Garc\u00eda Ferm\u00edn","src":"https:\/\/i0.wp.com\/lasprimeras.com.do\/wp-content\/uploads\/2023\/10\/fermin-1.jpg?resize=350%2C200&ssl=1","width":350,"height":200,"srcset":"https:\/\/i0.wp.com\/lasprimeras.com.do\/wp-content\/uploads\/2023\/10\/fermin-1.jpg?resize=350%2C200&ssl=1 1x, https:\/\/i0.wp.com\/lasprimeras.com.do\/wp-content\/uploads\/2023\/10\/fermin-1.jpg?resize=525%2C300&ssl=1 1.5x, https:\/\/i0.wp.com\/lasprimeras.com.do\/wp-content\/uploads\/2023\/10\/fermin-1.jpg?resize=700%2C400&ssl=1 2x"},"classes":[]},{"id":87770,"url":"https:\/\/lasprimeras.com.do\/index.php\/2024\/08\/17\/abinader-se-reune-con-el-ministro-de-exteriores-del-reino-de-marruecos\/","url_meta":{"origin":94869,"position":1},"title":"Abinader se re\u00fane con el ministro de Exteriores del Reino de Marruecos","author":"Nelson Feliz","date":"17 de agosto de 2024","format":false,"excerpt":"El presidente Luis Abinader sostuvo una reuni\u00f3n bilateral con el ministro de Asuntos Extranjeros, de Cooperaci\u00f3n Africana y de los Marroqu\u00edes en el Extranjero del Reino de Marruecos, Nasser Bourita, en el Palacio Nacional. El jefe del Estado dominicano recibi\u00f3 al ministro marroqu\u00ed en su sal\u00f3n privado del Palacio Nacional\u2026","rel":"","context":"En \u00abNACIONALES\u00bb","block_context":{"text":"NACIONALES","link":"https:\/\/lasprimeras.com.do\/index.php\/category\/nacionales\/"},"img":{"alt_text":"Luis Abinader RM","src":"https:\/\/i0.wp.com\/lasprimeras.com.do\/wp-content\/uploads\/2024\/08\/Luis-Abinader-RM.jpg?resize=350%2C200&ssl=1","width":350,"height":200,"srcset":"https:\/\/i0.wp.com\/lasprimeras.com.do\/wp-content\/uploads\/2024\/08\/Luis-Abinader-RM.jpg?resize=350%2C200&ssl=1 1x, https:\/\/i0.wp.com\/lasprimeras.com.do\/wp-content\/uploads\/2024\/08\/Luis-Abinader-RM.jpg?resize=525%2C300&ssl=1 1.5x, https:\/\/i0.wp.com\/lasprimeras.com.do\/wp-content\/uploads\/2024\/08\/Luis-Abinader-RM.jpg?resize=700%2C400&ssl=1 2x"},"classes":[]},{"id":119887,"url":"https:\/\/lasprimeras.com.do\/index.php\/2026\/01\/18\/reconoce-gerencia-de-garcia-fermin-por-el-fortalecimiento-de-la-educacion-superior\/","url_meta":{"origin":94869,"position":2},"title":"Reconoce gerencia de Garc\u00eda Ferm\u00edn por el fortalecimiento de la educaci\u00f3n superior","author":"Nelson Feliz","date":"18 de enero de 2026","format":false,"excerpt":"El reconocimiento destaca los avances en becas, investigaci\u00f3n, calidad acad\u00e9mica y cooperaci\u00f3n interinstitucional. La Universidad Nacional para la Defensa \u201cGeneral Juan Pablo Duarte y D\u00edez\u201d (UNADE) otorg\u00f3 una placa de reconocimiento al ministro de Educaci\u00f3n Superior, Ciencia y Tecnolog\u00eda (MESCyT), doctor Franklin Garc\u00eda Ferm\u00edn, en m\u00e9rito a su gesti\u00f3n estrat\u00e9gica\u2026","rel":"","context":"En \u00abNACIONALES\u00bb","block_context":{"text":"NACIONALES","link":"https:\/\/lasprimeras.com.do\/index.php\/category\/nacionales\/"},"img":{"alt_text":"UNADE","src":"https:\/\/i0.wp.com\/lasprimeras.com.do\/wp-content\/uploads\/2026\/01\/UNADE-1.jpg?resize=350%2C200&ssl=1","width":350,"height":200,"srcset":"https:\/\/i0.wp.com\/lasprimeras.com.do\/wp-content\/uploads\/2026\/01\/UNADE-1.jpg?resize=350%2C200&ssl=1 1x, https:\/\/i0.wp.com\/lasprimeras.com.do\/wp-content\/uploads\/2026\/01\/UNADE-1.jpg?resize=525%2C300&ssl=1 1.5x, https:\/\/i0.wp.com\/lasprimeras.com.do\/wp-content\/uploads\/2026\/01\/UNADE-1.jpg?resize=700%2C400&ssl=1 2x"},"classes":[]},{"id":115689,"url":"https:\/\/lasprimeras.com.do\/index.php\/2025\/11\/24\/universidad-adventista-entrega-titulo-honoris-causa-al-ministro-franklin-garcia-fermin\/","url_meta":{"origin":94869,"position":3},"title":"Universidad Adventista entrega t\u00edtulo honoris causa al ministro Franklin Garc\u00eda Ferm\u00edn","author":"Nelson Feliz","date":"24 de noviembre de 2025","format":false,"excerpt":"La Universidad Adventista Dominicana entreg\u00f3 al pa\u00eds 273 nuevos profesionales de grado y postgrado, incluidos 27 doctores en Educaci\u00f3n, como parte de la quinquag\u00e9sima investidura ordinaria que celebr\u00f3 la academia con la presencia se sus m\u00e1s altas autoridades. El acto fue encabezado por el presidente de la Uni\u00f3n Dominicana de\u2026","rel":"","context":"En \u00abNACIONALES\u00bb","block_context":{"text":"NACIONALES","link":"https:\/\/lasprimeras.com.do\/index.php\/category\/nacionales\/"},"img":{"alt_text":"","src":"https:\/\/i0.wp.com\/lasprimeras.com.do\/wp-content\/uploads\/2025\/11\/Franklin-Garcia-Fermin.jpg?resize=350%2C200&ssl=1","width":350,"height":200,"srcset":"https:\/\/i0.wp.com\/lasprimeras.com.do\/wp-content\/uploads\/2025\/11\/Franklin-Garcia-Fermin.jpg?resize=350%2C200&ssl=1 1x, https:\/\/i0.wp.com\/lasprimeras.com.do\/wp-content\/uploads\/2025\/11\/Franklin-Garcia-Fermin.jpg?resize=525%2C300&ssl=1 1.5x, https:\/\/i0.wp.com\/lasprimeras.com.do\/wp-content\/uploads\/2025\/11\/Franklin-Garcia-Fermin.jpg?resize=700%2C400&ssl=1 2x"},"classes":[]},{"id":117054,"url":"https:\/\/lasprimeras.com.do\/index.php\/2025\/12\/07\/ministro-destaca-cooperacion-regional-para-impulsar-el-talento-humano-e-innovacion-en-al-y-el-caribe\/","url_meta":{"origin":94869,"position":4},"title":"Ministro destaca cooperaci\u00f3n regional para impulsar el talento humano e innovaci\u00f3n en AL y el Caribe","author":"Nelson Feliz","date":"7 de diciembre de 2025","format":false,"excerpt":"Cuernavaca, M\u00e9xico.\u2014 Durante el encuentro Ministerial de Ciencia, Humanidades, Tecnolog\u00eda e Innovaci\u00f3n celebrado en Cuernavaca, M\u00e9xico, el ministro de Educaci\u00f3n Superior, Ciencia y Tecnolog\u00eda de la Rep\u00fablica Dominicana, Franklin Garc\u00eda Ferm\u00edn, afirm\u00f3 que \u201cla integraci\u00f3n regional no es solo deseable, es imprescindible para convertir a Am\u00e9rica Latina y el Caribe\u2026","rel":"","context":"En \u00abLA VOZ DE LA DIASPORA\u00bb","block_context":{"text":"LA VOZ DE LA DIASPORA","link":"https:\/\/lasprimeras.com.do\/index.php\/category\/la-voz-de-la-diaspora\/"},"img":{"alt_text":"Franklin Garc\u00eda Ferm\u00edn","src":"https:\/\/i0.wp.com\/lasprimeras.com.do\/wp-content\/uploads\/2025\/12\/Franklin-Garcia-Fermin.jpg?resize=350%2C200&ssl=1","width":350,"height":200,"srcset":"https:\/\/i0.wp.com\/lasprimeras.com.do\/wp-content\/uploads\/2025\/12\/Franklin-Garcia-Fermin.jpg?resize=350%2C200&ssl=1 1x, https:\/\/i0.wp.com\/lasprimeras.com.do\/wp-content\/uploads\/2025\/12\/Franklin-Garcia-Fermin.jpg?resize=525%2C300&ssl=1 1.5x, https:\/\/i0.wp.com\/lasprimeras.com.do\/wp-content\/uploads\/2025\/12\/Franklin-Garcia-Fermin.jpg?resize=700%2C400&ssl=1 2x"},"classes":[]},{"id":104310,"url":"https:\/\/lasprimeras.com.do\/index.php\/2025\/07\/23\/garcia-fermin-rd-y-huawei-exploran-iniciativas-conjuntas-para-transformar-educacion-superior\/","url_meta":{"origin":94869,"position":5},"title":"Garc\u00eda Ferm\u00edn: \u201cRD y Huawei exploran iniciativas conjuntas para transformar educaci\u00f3n superior\u201d","author":"Nelson Feliz","date":"23 de julio de 2025","format":false,"excerpt":"Shangh\u00e1i, China.- El ministro de Educaci\u00f3n Superior, Ciencia y Tecnolog\u00eda, Franklin Garc\u00eda Ferm\u00edn, realiz\u00f3 una visita oficial al campus Huawei Qingpu, en Shangh\u00e1i, como parte de su agenda institucional en la Rep\u00fablica Popular China. Durante el recorrido, la delegaci\u00f3n conoci\u00f3 de cerca las m\u00e1s recientes innovaciones tecnol\u00f3gicas de Huawei en\u2026","rel":"","context":"En \u00abINTERNACIONALES\u00bb","block_context":{"text":"INTERNACIONALES","link":"https:\/\/lasprimeras.com.do\/index.php\/category\/sin-categoria\/internacionales\/"},"img":{"alt_text":"Franklin Garc\u00eda Ferm\u00edn","src":"https:\/\/i0.wp.com\/lasprimeras.com.do\/wp-content\/uploads\/2025\/07\/Franklin-Garcia-Fermin.jpg?resize=350%2C200&ssl=1","width":350,"height":200,"srcset":"https:\/\/i0.wp.com\/lasprimeras.com.do\/wp-content\/uploads\/2025\/07\/Franklin-Garcia-Fermin.jpg?resize=350%2C200&ssl=1 1x, https:\/\/i0.wp.com\/lasprimeras.com.do\/wp-content\/uploads\/2025\/07\/Franklin-Garcia-Fermin.jpg?resize=525%2C300&ssl=1 1.5x, https:\/\/i0.wp.com\/lasprimeras.com.do\/wp-content\/uploads\/2025\/07\/Franklin-Garcia-Fermin.jpg?resize=700%2C400&ssl=1 2x"},"classes":[]}],"jetpack_sharing_enabled":true,"_links":{"self":[{"href":"https:\/\/lasprimeras.com.do\/index.php\/wp-json\/wp\/v2\/posts\/94869","targetHints":{"allow":["GET"]}}],"collection":[{"href":"https:\/\/lasprimeras.com.do\/index.php\/wp-json\/wp\/v2\/posts"}],"about":[{"href":"https:\/\/lasprimeras.com.do\/index.php\/wp-json\/wp\/v2\/types\/post"}],"author":[{"embeddable":true,"href":"https:\/\/lasprimeras.com.do\/index.php\/wp-json\/wp\/v2\/users\/2"}],"replies":[{"embeddable":true,"href":"https:\/\/lasprimeras.com.do\/index.php\/wp-json\/wp\/v2\/comments?post=94869"}],"version-history":[{"count":1,"href":"https:\/\/lasprimeras.com.do\/index.php\/wp-json\/wp\/v2\/posts\/94869\/revisions"}],"predecessor-version":[{"id":94871,"href":"https:\/\/lasprimeras.com.do\/index.php\/wp-json\/wp\/v2\/posts\/94869\/revisions\/94871"}],"wp:featuredmedia":[{"embeddable":true,"href":"https:\/\/lasprimeras.com.do\/index.php\/wp-json\/wp\/v2\/media\/94870"}],"wp:attachment":[{"href":"https:\/\/lasprimeras.com.do\/index.php\/wp-json\/wp\/v2\/media?parent=94869"}],"wp:term":[{"taxonomy":"category","embeddable":true,"href":"https:\/\/lasprimeras.com.do\/index.php\/wp-json\/wp\/v2\/categories?post=94869"},{"taxonomy":"post_tag","embeddable":true,"href":"https:\/\/lasprimeras.com.do\/index.php\/wp-json\/wp\/v2\/tags?post=94869"}],"curies":[{"name":"wp","href":"https:\/\/api.w.org\/{rel}","templated":true}]}}