{"id":94875,"date":"2025-03-06T10:41:24","date_gmt":"2025-03-06T14:41:24","guid":{"rendered":"https:\/\/lasprimeras.com.do\/?p=94875"},"modified":"2025-03-06T10:41:24","modified_gmt":"2025-03-06T14:41:24","slug":"la-jce-y-el-iidh-capel-investigaran-abstencion-electoral-a-nivel-local-y-en-el-exterior","status":"publish","type":"post","link":"https:\/\/lasprimeras.com.do\/index.php\/2025\/03\/06\/la-jce-y-el-iidh-capel-investigaran-abstencion-electoral-a-nivel-local-y-en-el-exterior\/","title":{"rendered":"La JCE y el IIDH\/CAPEL investigaran abstenci\u00f3n electoral a nivel local y en el exterior"},"content":{"rendered":"\n<p>La Junta Central Electoral (JCE) y el Instituto Interamericano de Derechos Humanos, a trav\u00e9s de su Centro de Asesor\u00eda y Promoci\u00f3n Electoral (IIDH\/CAPEL), suscribieron el \u201cConvenio General de Cooperaci\u00f3n Interinstitucional\u201d con el prop\u00f3sito de realizar una investigaci\u00f3n para identificar las causas y patrones subyacentes que explican la abstenci\u00f3n electoral en la Rep\u00fablica Dominicana y entre los dominicanos y dominicanas residentes en el exterior.<\/p>\n\n\n\n<p>El acuerdo que fue rubricado por el presidente de la JCE, Rom\u00e1n Andr\u00e9s J\u00e1quez Liranzo y por el director ejecutivo de IIDH\/CAPEL, Jos\u00e9 Thompson Jim\u00e9nez, indica que se llevar\u00e1 a cabo una investigaci\u00f3n cualitativa en distintas zonas del pa\u00eds y en comunidades dominicanas en el exterior, permitiendo as\u00ed una comprensi\u00f3n m\u00e1s amplia del fen\u00f3meno que permita explorar factores socioculturales, econ\u00f3micos y pol\u00edticos que influyen en la participaci\u00f3n electoral.<\/p>\n\n\n\n<p>Este estudio, que se desarrollar\u00e1 durante un per\u00edodo de 12 meses, iniciando en este mes de abril de 2025, busca generar informaci\u00f3n \u00fatil para el dise\u00f1o de estrategias que fomenten una mayor participaci\u00f3n ciudadana en futuros procesos electorales.<\/p>\n\n\n\n<p>El documento explica que la investigaci\u00f3n se fundamenta en la abstenci\u00f3n electoral registrada en los comicios de 2024, un fen\u00f3meno com\u00fanmente se\u00f1alado como un desaf\u00edo para los procesos democr\u00e1ticos en todo el mundo.<\/p>\n\n\n\n<p>A trav\u00e9s del an\u00e1lisis cualitativo se pretende profundizar en las percepciones ciudadanas sobre el sistema electoral, los obst\u00e1culos estructurales que impiden el ejercicio del voto y las narrativas individuales que justifican la abstenci\u00f3n.<\/p>\n\n\n\n<p>Con este convenio, entre los resultados esperados, se encuentra la sistematizaci\u00f3n de los principales motivos de abstenci\u00f3n tanto a nivel nacional como en el exterior. Adem\u00e1s, se generar\u00e1n recomendaciones para la implementaci\u00f3n de estrategias dirigidas a reducir la abstenci\u00f3n en los futuros procesos electorales de la Rep\u00fablica Dominicana.<\/p>\n\n\n\n<p>El trabajo de campo que ser\u00e1 realizado por un experto internacional, un grupo acad\u00e9mico y analistas de la materia electoral, busca ofrecer un marco de referencia para futuras investigaciones sobre la participaci\u00f3n electoral de la ciudadan\u00eda dominicana, contribuyendo a la toma de decisiones de la Junta Central Electoral y promoviendo el voto como un derecho y deber ciudadano.<\/p>\n","protected":false},"excerpt":{"rendered":"<p>La Junta Central Electoral (JCE) y el Instituto Interamericano de Derechos Humanos, a trav\u00e9s de su Centro de Asesor\u00eda y Promoci\u00f3n Electoral (IIDH\/CAPEL), suscribieron el \u201cConvenio General de Cooperaci\u00f3n Interinstitucional\u201d&hellip;<\/p>\n","protected":false},"author":2,"featured_media":93500,"comment_status":"open","ping_status":"open","sticky":false,"template":"","format":"standard","meta":{"content-type":"","jetpack_post_was_ever_published":false,"_jetpack_newsletter_access":"","_jetpack_dont_email_post_to_subs":false,"_jetpack_newsletter_tier_id":0,"_jetpack_memberships_contains_paywalled_content":false,"_jetpack_memberships_contains_paid_content":false,"footnotes":""},"categories":[35,25],"tags":[13284,9175,711,17903,17904,183,12228],"class_list":["post-94875","post","type-post","status-publish","format-standard","has-post-thumbnail","hentry","category-nacionales","category-portada","tag-abstencion-electoral","tag-capel","tag-exterior","tag-iidh","tag-investigaran-2","tag-jce","tag-local"],"jetpack_featured_media_url":"https:\/\/lasprimeras.com.do\/wp-content\/uploads\/2025\/02\/jce-otorga-plazo-y-fija-reunion-con-organizaciones-politicas.jpg","jetpack-related-posts":[{"id":66991,"url":"https:\/\/lasprimeras.com.do\/index.php\/2023\/11\/12\/jce-y-capel-firman-convenio-para-auditoria-tecnica-al-software-del-edet\/","url_meta":{"origin":94875,"position":0},"title":"JCE y CAPEL firman convenio para auditor\u00eda t\u00e9cnica al software del EDET","author":"Nelson Feliz","date":"12 de noviembre de 2023","format":false,"excerpt":"Auditor\u00eda generar\u00e1 certeza a palpitantes. Por Martin Restituyo La Junta Central Electoral (JCE) y el Instituto Interamericano de Derechos Humanos, por medio de su Centro de Asesor\u00eda y Promoci\u00f3n Electoral (IIDH\/CAPEL), firmaron este viernes un convenio de cooperaci\u00f3n para la realizaci\u00f3n de una auditor\u00eda t\u00e9cnica al sistema de escrutinio, digitalizaci\u00f3n,\u2026","rel":"","context":"En \u00abECONOM\u00cdA\u00bb","block_context":{"text":"ECONOM\u00cdA","link":"https:\/\/lasprimeras.com.do\/index.php\/category\/economia\/"},"img":{"alt_text":"JCE","src":"https:\/\/i0.wp.com\/lasprimeras.com.do\/wp-content\/uploads\/2023\/11\/JCE-2.jpg?resize=350%2C200&ssl=1","width":350,"height":200,"srcset":"https:\/\/i0.wp.com\/lasprimeras.com.do\/wp-content\/uploads\/2023\/11\/JCE-2.jpg?resize=350%2C200&ssl=1 1x, https:\/\/i0.wp.com\/lasprimeras.com.do\/wp-content\/uploads\/2023\/11\/JCE-2.jpg?resize=525%2C300&ssl=1 1.5x, https:\/\/i0.wp.com\/lasprimeras.com.do\/wp-content\/uploads\/2023\/11\/JCE-2.jpg?resize=700%2C400&ssl=1 2x"},"classes":[]},{"id":113541,"url":"https:\/\/lasprimeras.com.do\/index.php\/2025\/11\/03\/jce-recibe-propuestas-de-aspirantes-a-miembros-de-las-oclee-en-pr-orlando-y-miami\/","url_meta":{"origin":94875,"position":1},"title":"JCE recibe propuestas de aspirantes a miembros de las OCLEE en PR, Orlando y Miami","author":"Nelson Feliz","date":"3 de noviembre de 2025","format":false,"excerpt":"Sugieren estrategia integral para enfrentar abstenci\u00f3n en el exterior Estados Unidos.- Una delegaci\u00f3n de la Junta Central Electoral (JCE) se traslad\u00f3 desde el 29 de octubre hasta el 3 de noviembre a Puerto Rico, Orlando y Miami para recibir las propuestas de los aspirantes a miembros de las Oficina de\u2026","rel":"","context":"En \u00abNACIONALES\u00bb","block_context":{"text":"NACIONALES","link":"https:\/\/lasprimeras.com.do\/index.php\/category\/nacionales\/"},"img":{"alt_text":"","src":"https:\/\/i0.wp.com\/lasprimeras.com.do\/wp-content\/uploads\/2025\/11\/JCE-1.jpg?resize=350%2C200&ssl=1","width":350,"height":200,"srcset":"https:\/\/i0.wp.com\/lasprimeras.com.do\/wp-content\/uploads\/2025\/11\/JCE-1.jpg?resize=350%2C200&ssl=1 1x, https:\/\/i0.wp.com\/lasprimeras.com.do\/wp-content\/uploads\/2025\/11\/JCE-1.jpg?resize=525%2C300&ssl=1 1.5x, https:\/\/i0.wp.com\/lasprimeras.com.do\/wp-content\/uploads\/2025\/11\/JCE-1.jpg?resize=700%2C400&ssl=1 2x"},"classes":[]},{"id":74610,"url":"https:\/\/lasprimeras.com.do\/index.php\/2024\/01\/24\/jce-da-a-conocer-el-informe-de-la-auditoria-tecnica-realizada-por-el-iidh-capel\/","url_meta":{"origin":94875,"position":2},"title":"JCE da a conocer el informe de la auditor\u00eda t\u00e9cnica realizada por el IIDH-CAPEL","author":"Nelson Feliz","date":"24 de enero de 2024","format":false,"excerpt":"El Pleno de la Junta Central Electoral (JCE) dio a conocer el informe de la auditor\u00eda t\u00e9cnica al sistema de escrutinio, digitalizaci\u00f3n, escaneo y transmisi\u00f3n de resultados (EDET) que realiz\u00f3 el Instituto Interamericano de Derechos Humanos (IIDH)\/Centro de Asesor\u00eda y Promoci\u00f3n Electoral (CAPEL), de cara a las elecciones municipales del\u2026","rel":"","context":"En \u00abNACIONALES\u00bb","block_context":{"text":"NACIONALES","link":"https:\/\/lasprimeras.com.do\/index.php\/category\/nacionales\/"},"img":{"alt_text":"Rom\u00e1n Andr\u00e9s J\u00e1quez Liranzo","src":"https:\/\/i0.wp.com\/lasprimeras.com.do\/wp-content\/uploads\/2024\/01\/Roman-Andres-Jaquez-Liranzo-1-1.jpg?resize=350%2C200&ssl=1","width":350,"height":200,"srcset":"https:\/\/i0.wp.com\/lasprimeras.com.do\/wp-content\/uploads\/2024\/01\/Roman-Andres-Jaquez-Liranzo-1-1.jpg?resize=350%2C200&ssl=1 1x, https:\/\/i0.wp.com\/lasprimeras.com.do\/wp-content\/uploads\/2024\/01\/Roman-Andres-Jaquez-Liranzo-1-1.jpg?resize=525%2C300&ssl=1 1.5x"},"classes":[]},{"id":66118,"url":"https:\/\/lasprimeras.com.do\/index.php\/2023\/11\/03\/auditaran-equipos-que-seran-usados-en-elecciones-del-2024\/","url_meta":{"origin":94875,"position":3},"title":"Auditar\u00e1n equipos que ser\u00e1n usados en elecciones del 2024","author":"BIMARY DE JES\u00daS Matos","date":"3 de noviembre de 2023","format":false,"excerpt":"Santo Domingo.-El Pleno de la Junta Central Electoral (JCE) y los partidos pol\u00edticos acordaron ayer que se realice una auditor\u00eda t\u00e9cnica a los m\u00e1s de 21 mil equipos de escaneo, digitalizaci\u00f3n, impresi\u00f3n y transmisi\u00f3n de datos (EDET) que se utilizar\u00e1n en las elecciones municipales del 18 de febrero y 19\u2026","rel":"","context":"En \u00abSin categor\u00eda\u00bb","block_context":{"text":"Sin categor\u00eda","link":"https:\/\/lasprimeras.com.do\/index.php\/category\/sin-categoria\/"},"img":{"alt_text":"","src":"https:\/\/i0.wp.com\/lasprimeras.com.do\/wp-content\/uploads\/2023\/11\/WhatsApp-Image-2023-11-02-at-7.42.09-PM-4.jpeg?resize=350%2C200&ssl=1","width":350,"height":200,"srcset":"https:\/\/i0.wp.com\/lasprimeras.com.do\/wp-content\/uploads\/2023\/11\/WhatsApp-Image-2023-11-02-at-7.42.09-PM-4.jpeg?resize=350%2C200&ssl=1 1x, https:\/\/i0.wp.com\/lasprimeras.com.do\/wp-content\/uploads\/2023\/11\/WhatsApp-Image-2023-11-02-at-7.42.09-PM-4.jpeg?resize=525%2C300&ssl=1 1.5x"},"classes":[]},{"id":72388,"url":"https:\/\/lasprimeras.com.do\/index.php\/2023\/12\/29\/jce-realiza-encuentro-sobre-seguridad-e-infraestructura-tecnologica-para-elecciones-2024\/","url_meta":{"origin":94875,"position":4},"title":"JCE realiza encuentro sobre seguridad e infraestructura tecnol\u00f3gica para elecciones 2024","author":"BIMARY DE JES\u00daS Matos","date":"29 de diciembre de 2023","format":false,"excerpt":"SANTO DOMINGO.- La Junta Central Electoral (JCE), a trav\u00e9s de la Mesa T\u00e9cnica y de la Comisi\u00f3n del Padr\u00f3n Electoral, se reuni\u00f3 este jueves con los delegados de las organizaciones pol\u00edticas reconocidas ante la instituci\u00f3n, para tratar sobre el sistema de seguridad y la infraestructura tecnol\u00f3gica que se implementar\u00e1n en\u2026","rel":"","context":"En \u00abSin categor\u00eda\u00bb","block_context":{"text":"Sin categor\u00eda","link":"https:\/\/lasprimeras.com.do\/index.php\/category\/sin-categoria\/"},"img":{"alt_text":"","src":"https:\/\/i0.wp.com\/lasprimeras.com.do\/wp-content\/uploads\/2023\/12\/WhatsApp-Image-2023-12-28-at-10.42.13-PM.webp?resize=350%2C200&ssl=1","width":350,"height":200,"srcset":"https:\/\/i0.wp.com\/lasprimeras.com.do\/wp-content\/uploads\/2023\/12\/WhatsApp-Image-2023-12-28-at-10.42.13-PM.webp?resize=350%2C200&ssl=1 1x, https:\/\/i0.wp.com\/lasprimeras.com.do\/wp-content\/uploads\/2023\/12\/WhatsApp-Image-2023-12-28-at-10.42.13-PM.webp?resize=525%2C300&ssl=1 1.5x"},"classes":[]},{"id":66083,"url":"https:\/\/lasprimeras.com.do\/index.php\/2023\/11\/02\/jce-otorga-plazo-a-organizaciones-politicas-para-que-conozcan-propuesta-de-auditoria-a-software\/","url_meta":{"origin":94875,"position":5},"title":"JCE otorga plazo a organizaciones pol\u00edticas para que conozcan propuesta de auditor\u00eda a software","author":"Nelson Feliz","date":"2 de noviembre de 2023","format":false,"excerpt":"En audiencia p\u00fablica Pleno trat\u00f3 tambi\u00e9n sobre el calendario electoral y plazos legales. El Pleno de la Junta Central Electoral (JCE) dio un plazo hasta el jueves 9 de noviembre a las 4:00 de la tarde a los partidos, agrupaciones y movimientos pol\u00edticos, para que presenten sus observaciones al proyecto\u2026","rel":"","context":"En \u00abSin categor\u00eda\u00bb","block_context":{"text":"Sin categor\u00eda","link":"https:\/\/lasprimeras.com.do\/index.php\/category\/sin-categoria\/"},"img":{"alt_text":"JCE","src":"https:\/\/i0.wp.com\/lasprimeras.com.do\/wp-content\/uploads\/2023\/07\/JCE.jpg?resize=350%2C200&ssl=1","width":350,"height":200,"srcset":"https:\/\/i0.wp.com\/lasprimeras.com.do\/wp-content\/uploads\/2023\/07\/JCE.jpg?resize=350%2C200&ssl=1 1x, https:\/\/i0.wp.com\/lasprimeras.com.do\/wp-content\/uploads\/2023\/07\/JCE.jpg?resize=525%2C300&ssl=1 1.5x, https:\/\/i0.wp.com\/lasprimeras.com.do\/wp-content\/uploads\/2023\/07\/JCE.jpg?resize=700%2C400&ssl=1 2x"},"classes":[]}],"jetpack_sharing_enabled":true,"_links":{"self":[{"href":"https:\/\/lasprimeras.com.do\/index.php\/wp-json\/wp\/v2\/posts\/94875","targetHints":{"allow":["GET"]}}],"collection":[{"href":"https:\/\/lasprimeras.com.do\/index.php\/wp-json\/wp\/v2\/posts"}],"about":[{"href":"https:\/\/lasprimeras.com.do\/index.php\/wp-json\/wp\/v2\/types\/post"}],"author":[{"embeddable":true,"href":"https:\/\/lasprimeras.com.do\/index.php\/wp-json\/wp\/v2\/users\/2"}],"replies":[{"embeddable":true,"href":"https:\/\/lasprimeras.com.do\/index.php\/wp-json\/wp\/v2\/comments?post=94875"}],"version-history":[{"count":1,"href":"https:\/\/lasprimeras.com.do\/index.php\/wp-json\/wp\/v2\/posts\/94875\/revisions"}],"predecessor-version":[{"id":94876,"href":"https:\/\/lasprimeras.com.do\/index.php\/wp-json\/wp\/v2\/posts\/94875\/revisions\/94876"}],"wp:featuredmedia":[{"embeddable":true,"href":"https:\/\/lasprimeras.com.do\/index.php\/wp-json\/wp\/v2\/media\/93500"}],"wp:attachment":[{"href":"https:\/\/lasprimeras.com.do\/index.php\/wp-json\/wp\/v2\/media?parent=94875"}],"wp:term":[{"taxonomy":"category","embeddable":true,"href":"https:\/\/lasprimeras.com.do\/index.php\/wp-json\/wp\/v2\/categories?post=94875"},{"taxonomy":"post_tag","embeddable":true,"href":"https:\/\/lasprimeras.com.do\/index.php\/wp-json\/wp\/v2\/tags?post=94875"}],"curies":[{"name":"wp","href":"https:\/\/api.w.org\/{rel}","templated":true}]}}