{"id":94877,"date":"2025-03-06T10:49:44","date_gmt":"2025-03-06T14:49:44","guid":{"rendered":"https:\/\/lasprimeras.com.do\/?p=94877"},"modified":"2025-03-06T10:49:44","modified_gmt":"2025-03-06T14:49:44","slug":"johnny-pujols-resalta-aportes-a-la-democracia-entrevista-del-ex-presidente-danilo-medina","status":"publish","type":"post","link":"https:\/\/lasprimeras.com.do\/index.php\/2025\/03\/06\/johnny-pujols-resalta-aportes-a-la-democracia-entrevista-del-ex-presidente-danilo-medina\/","title":{"rendered":"Johnny Pujols resalta aportes a la democracia entrevista del ex presidente Danilo Medina"},"content":{"rendered":"\n<p>El secretario general del Partido de la Liberaci\u00f3n Dominicana (PLD), Johnny Pujols, valor\u00f3 positivamente la participaci\u00f3n del Ex presidente de la Rep\u00fablica, Danilo Medina, en una entrevista radio televisada el pasado mi\u00e9rcoles, destacando los aportes que hiciera tanto la historia pol\u00edtica, como a la democracia.<\/p>\n\n\n\n<p>\u201cLa presencia del compa\u00f1ero Danilo Medina en los medios de comunicaci\u00f3n viene a fortalecer el debate p\u00fablico\u201d, dijo Pujols para responder una pregunta de los conductores del programa Hoy Mismo al que fue invitado.<\/p>\n\n\n\n<p>Apunt\u00f3 que tanto para la dirigencia como para la militancia del Partido de la Liberaci\u00f3n Dominicana la intervenci\u00f3n del presidente Danilo Medina ha sido un est\u00edmulo para continuar las tareas pol\u00edticas encomendadas.<\/p>\n\n\n\n<p>Pujols dijo que esa intervenci\u00f3n es un complemento de las actividades que viene realizando el PLD, que \u201cest\u00e1 en las calles\u201d.<\/p>\n\n\n\n<p>Considera tambi\u00e9n que lo revelado por el ex mandatario es tambi\u00e9n un aliciente para la sociedad por las aclaraciones y verdades dichas, enfrentando narrativa y versiones manipuladas.<\/p>\n\n\n\n<p>Apunt\u00f3 el secretario general del PLD que los actos que viene realizando el Partido en las provincias y circunscripciones y ahora la participaci\u00f3n del presidente Danilo Medina en los medios de comunicaci\u00f3n, ponen al PLD en pie de lucha.<\/p>\n\n\n\n<p>\u201cEl momento de hacer silencio en el Partido de la Liberaci\u00f3n Dominicana, ya pas\u00f3\u2026 estaremos en los medios de comunicaci\u00f3n y tambi\u00e9n en el territorio, como lo estamos haciendo en las asambleas que desde diciembre del pasado a\u00f1o venimos realizando\u201d, apunt\u00f3 Pujols.<\/p>\n\n\n\n<p>Al ser preguntado sobre la decisi\u00f3n adoptada por el Comit\u00e9 Pol\u00edtico en su reuni\u00f3n del pasado lunes, explic\u00f3 que se presentaron varias alternativas para la selecci\u00f3n de las o los posibles aspirantes a la candidatura presidencial de la organizaci\u00f3n pol\u00edtica se\u00f1alando que para este proceso han conformado una comisi\u00f3n, integrada por Lidio Cadet , su coordinador, Alejandrina Germ\u00e1n y Melanio Paredes en la que los aspirantes tendr\u00e1n participaci\u00f3n, fijando el primer trimestre del pr\u00f3ximo a\u00f1o para establecer el consenso para que exista un solo aspirante presidencial del PLD.<\/p>\n","protected":false},"excerpt":{"rendered":"<p>El secretario general del Partido de la Liberaci\u00f3n Dominicana (PLD), Johnny Pujols, valor\u00f3 positivamente la participaci\u00f3n del Ex presidente de la Rep\u00fablica, Danilo Medina, en una entrevista radio televisada el&hellip;<\/p>\n","protected":false},"author":2,"featured_media":94878,"comment_status":"open","ping_status":"open","sticky":false,"template":"","format":"standard","meta":{"content-type":"","jetpack_post_was_ever_published":false,"_jetpack_newsletter_access":"","_jetpack_dont_email_post_to_subs":false,"_jetpack_newsletter_tier_id":0,"_jetpack_memberships_contains_paywalled_content":false,"_jetpack_memberships_contains_paid_content":false,"footnotes":""},"categories":[16559,25],"tags":[1244,501,607,4087,4341],"class_list":["post-94877","post","type-post","status-publish","format-standard","has-post-thumbnail","hentry","category-politica","category-portada","tag-aportes","tag-danilo-medina","tag-democracia","tag-entrevista","tag-johnny-pujols"],"jetpack_featured_media_url":"https:\/\/lasprimeras.com.do\/wp-content\/uploads\/2025\/03\/Jhonny-Pujols-1.jpg","jetpack-related-posts":[{"id":125770,"url":"https:\/\/lasprimeras.com.do\/index.php\/2026\/03\/25\/embajadora-de-eeuu-se-reune-con-el-ex-presidente-danilo-medina-y-johnny-pujols\/","url_meta":{"origin":94877,"position":0},"title":"Embajadora de EEUU se re\u00fane con el ex Presidente Danilo Medina y Johnny Pujols","author":"Nelson Feliz","date":"25 de marzo de 2026","format":false,"excerpt":"Danilo Medina y la diplom\u00e1tica estadounidense abordaron temas de inter\u00e9s com\u00fan vinculados a la realidad nacional y la institucionalidad democr\u00e1tica. El expresidente de la Rep\u00fablica, Danilo Medina, sostuvo la tarde de este mi\u00e9rcoles un encuentro con la Embajadora de los Estados Unidos en la Rep\u00fablica Dominicana, Leah Francis Campos, en\u2026","rel":"","context":"En \u00abPOLITICA\u00bb","block_context":{"text":"POLITICA","link":"https:\/\/lasprimeras.com.do\/index.php\/category\/politica\/"},"img":{"alt_text":"Leah Francis Campos","src":"https:\/\/i0.wp.com\/lasprimeras.com.do\/wp-content\/uploads\/2026\/03\/Leah-Francis-Campos.jpg?resize=350%2C200&ssl=1","width":350,"height":200,"srcset":"https:\/\/i0.wp.com\/lasprimeras.com.do\/wp-content\/uploads\/2026\/03\/Leah-Francis-Campos.jpg?resize=350%2C200&ssl=1 1x, https:\/\/i0.wp.com\/lasprimeras.com.do\/wp-content\/uploads\/2026\/03\/Leah-Francis-Campos.jpg?resize=525%2C300&ssl=1 1.5x, https:\/\/i0.wp.com\/lasprimeras.com.do\/wp-content\/uploads\/2026\/03\/Leah-Francis-Campos.jpg?resize=700%2C400&ssl=1 2x"},"classes":[]},{"id":105311,"url":"https:\/\/lasprimeras.com.do\/index.php\/2025\/08\/01\/danilo-medina-y-johnny-pujols-encabezaran-asamblea-del-pld-en-la-vega-el-domingo\/","url_meta":{"origin":94877,"position":1},"title":"Danilo Medina y Johnny Pujols encabezar\u00e1n asamblea del PLD en La Vega el domingo","author":"Nelson Feliz","date":"1 de agosto de 2025","format":false,"excerpt":"El PLD en La Vega se prepara para la realizaci\u00f3n de la asamblea provincial programada para el pr\u00f3ximo domingo. El Partido de la Liberaci\u00f3n Dominicana (PLD) en La Vega afina los detalles para celebrar este domingo 3 de agosto la asamblea correspondiente a dicha provincia en la que participar\u00e1n miembros\u2026","rel":"","context":"En \u00abPOLITICA\u00bb","block_context":{"text":"POLITICA","link":"https:\/\/lasprimeras.com.do\/index.php\/category\/politica\/"},"img":{"alt_text":"Danilo Medina y Johnny Pujols","src":"https:\/\/i0.wp.com\/lasprimeras.com.do\/wp-content\/uploads\/2025\/08\/Danilo-Medina-y-Johnny-Pujols.jpg?resize=350%2C200&ssl=1","width":350,"height":200,"srcset":"https:\/\/i0.wp.com\/lasprimeras.com.do\/wp-content\/uploads\/2025\/08\/Danilo-Medina-y-Johnny-Pujols.jpg?resize=350%2C200&ssl=1 1x, https:\/\/i0.wp.com\/lasprimeras.com.do\/wp-content\/uploads\/2025\/08\/Danilo-Medina-y-Johnny-Pujols.jpg?resize=525%2C300&ssl=1 1.5x, https:\/\/i0.wp.com\/lasprimeras.com.do\/wp-content\/uploads\/2025\/08\/Danilo-Medina-y-Johnny-Pujols.jpg?resize=700%2C400&ssl=1 2x"},"classes":[]},{"id":122155,"url":"https:\/\/lasprimeras.com.do\/index.php\/2026\/02\/14\/barahona-preparada-para-gran-asamblea-del-pld-alli\/","url_meta":{"origin":94877,"position":2},"title":"Barahona preparada para Gran Asamblea del PLD all\u00ed","author":"Nelson Feliz","date":"14 de febrero de 2026","format":false,"excerpt":"Danilo Medina y Johnny Pujols","rel":"","context":"En \u00abPOLITICA\u00bb","block_context":{"text":"POLITICA","link":"https:\/\/lasprimeras.com.do\/index.php\/category\/politica\/"},"img":{"alt_text":"Danilo Medina y Johnny Pujols","src":"https:\/\/i0.wp.com\/lasprimeras.com.do\/wp-content\/uploads\/2026\/02\/Danilo-Medina-y-Johnny-Pujols.jpg?resize=350%2C200&ssl=1","width":350,"height":200,"srcset":"https:\/\/i0.wp.com\/lasprimeras.com.do\/wp-content\/uploads\/2026\/02\/Danilo-Medina-y-Johnny-Pujols.jpg?resize=350%2C200&ssl=1 1x, https:\/\/i0.wp.com\/lasprimeras.com.do\/wp-content\/uploads\/2026\/02\/Danilo-Medina-y-Johnny-Pujols.jpg?resize=525%2C300&ssl=1 1.5x, https:\/\/i0.wp.com\/lasprimeras.com.do\/wp-content\/uploads\/2026\/02\/Danilo-Medina-y-Johnny-Pujols.jpg?resize=700%2C400&ssl=1 2x"},"classes":[]},{"id":121039,"url":"https:\/\/lasprimeras.com.do\/index.php\/2026\/01\/30\/danilo-medina-y-johnny-pujols-encabezaran-asamblea-peledeista-en-sdn\/","url_meta":{"origin":94877,"position":3},"title":"Danilo Medina y Johnny Pujols encabezaran asamblea pelede\u00edsta en SDN","author":"Nelson Feliz","date":"30 de enero de 2026","format":false,"excerpt":"El ex presidente Danilo Medina, presidente del Partido de la Liberaci\u00f3n Dominicana (PLD), y Johnny Pujols, secretario general, estar\u00e1n encabezando la asamblea de miembros y militantes de la organizaci\u00f3n el pr\u00f3ximo domingo en el municipio Santo Domingo Norte. La direcci\u00f3n del Partido de la Liberaci\u00f3n Dominicana en la Circunscripci\u00f3n 6\u2026","rel":"","context":"En \u00abPOLITICA\u00bb","block_context":{"text":"POLITICA","link":"https:\/\/lasprimeras.com.do\/index.php\/category\/politica\/"},"img":{"alt_text":"","src":"https:\/\/i0.wp.com\/lasprimeras.com.do\/wp-content\/uploads\/2025\/10\/Danilo-Medina-y-Johnny-Pujols.jpeg?resize=350%2C200&ssl=1","width":350,"height":200,"srcset":"https:\/\/i0.wp.com\/lasprimeras.com.do\/wp-content\/uploads\/2025\/10\/Danilo-Medina-y-Johnny-Pujols.jpeg?resize=350%2C200&ssl=1 1x, https:\/\/i0.wp.com\/lasprimeras.com.do\/wp-content\/uploads\/2025\/10\/Danilo-Medina-y-Johnny-Pujols.jpeg?resize=525%2C300&ssl=1 1.5x, https:\/\/i0.wp.com\/lasprimeras.com.do\/wp-content\/uploads\/2025\/10\/Danilo-Medina-y-Johnny-Pujols.jpeg?resize=700%2C400&ssl=1 2x, https:\/\/i0.wp.com\/lasprimeras.com.do\/wp-content\/uploads\/2025\/10\/Danilo-Medina-y-Johnny-Pujols.jpeg?resize=1050%2C600&ssl=1 3x"},"classes":[]},{"id":125860,"url":"https:\/\/lasprimeras.com.do\/index.php\/2026\/03\/26\/danilo-medina-y-johnny-pujols-encabezaran-acto-dedicado-a-los-comunitarios-el-proximo-sabado\/","url_meta":{"origin":94877,"position":4},"title":"Danilo Medina y Johnny Pujols encabezar\u00e1n acto dedicado a los comunitarios, el pr\u00f3ximo s\u00e1bado","author":"Nelson Feliz","date":"26 de marzo de 2026","format":false,"excerpt":"El ex presidente de la Rep\u00fablica, Danilo Medina, Presidente del Partido de la Liberaci\u00f3n Dominicana (PLD) y el Secretario General, Johnny Pujols, encabezar\u00e1n el pr\u00f3ximo s\u00e1bado (28 marzo) la celebraci\u00f3n del D\u00eda Nacional de las Juntas de Vecinos en un acto que organiza la Secretar\u00eda de Participaci\u00f3n Comunitaria del PLD.\u2026","rel":"","context":"En \u00abPOLITICA\u00bb","block_context":{"text":"POLITICA","link":"https:\/\/lasprimeras.com.do\/index.php\/category\/politica\/"},"img":{"alt_text":"Danilo Medina Y Jhonny Pujols","src":"https:\/\/i0.wp.com\/lasprimeras.com.do\/wp-content\/uploads\/2026\/03\/Danilo-Medina-Y-Jhonny-Pujols.jpg?resize=350%2C200&ssl=1","width":350,"height":200,"srcset":"https:\/\/i0.wp.com\/lasprimeras.com.do\/wp-content\/uploads\/2026\/03\/Danilo-Medina-Y-Jhonny-Pujols.jpg?resize=350%2C200&ssl=1 1x, https:\/\/i0.wp.com\/lasprimeras.com.do\/wp-content\/uploads\/2026\/03\/Danilo-Medina-Y-Jhonny-Pujols.jpg?resize=525%2C300&ssl=1 1.5x, https:\/\/i0.wp.com\/lasprimeras.com.do\/wp-content\/uploads\/2026\/03\/Danilo-Medina-Y-Jhonny-Pujols.jpg?resize=700%2C400&ssl=1 2x"},"classes":[]},{"id":106517,"url":"https:\/\/lasprimeras.com.do\/index.php\/2025\/08\/16\/danilo-medina-y-johnny-pujols-encabezan-este-domingo-la-asamblea-de-dirigentes-en-mao\/","url_meta":{"origin":94877,"position":5},"title":"Danilo Medina y Johnny Pujols encabezan este domingo la asamblea de dirigentes en Mao","author":"Nelson Feliz","date":"16 de agosto de 2025","format":false,"excerpt":"El ex presidente de la Republica y presidente del Partido de la Liberaci\u00f3n Dominicana (PLD) Danilo Medina y el secretario general del PLD, encabezaran este domingo la asamblea de dirigentes en Valverde de Ma oeste domingo. El escenario para el encuentro de miembros, dirigentes y militantes del PLD en la\u2026","rel":"","context":"En \u00abPOLITICA\u00bb","block_context":{"text":"POLITICA","link":"https:\/\/lasprimeras.com.do\/index.php\/category\/politica\/"},"img":{"alt_text":"","src":"https:\/\/i0.wp.com\/lasprimeras.com.do\/wp-content\/uploads\/2025\/08\/as-sj.jpg?resize=350%2C200&ssl=1","width":350,"height":200,"srcset":"https:\/\/i0.wp.com\/lasprimeras.com.do\/wp-content\/uploads\/2025\/08\/as-sj.jpg?resize=350%2C200&ssl=1 1x, https:\/\/i0.wp.com\/lasprimeras.com.do\/wp-content\/uploads\/2025\/08\/as-sj.jpg?resize=525%2C300&ssl=1 1.5x, https:\/\/i0.wp.com\/lasprimeras.com.do\/wp-content\/uploads\/2025\/08\/as-sj.jpg?resize=700%2C400&ssl=1 2x"},"classes":[]}],"jetpack_sharing_enabled":true,"_links":{"self":[{"href":"https:\/\/lasprimeras.com.do\/index.php\/wp-json\/wp\/v2\/posts\/94877","targetHints":{"allow":["GET"]}}],"collection":[{"href":"https:\/\/lasprimeras.com.do\/index.php\/wp-json\/wp\/v2\/posts"}],"about":[{"href":"https:\/\/lasprimeras.com.do\/index.php\/wp-json\/wp\/v2\/types\/post"}],"author":[{"embeddable":true,"href":"https:\/\/lasprimeras.com.do\/index.php\/wp-json\/wp\/v2\/users\/2"}],"replies":[{"embeddable":true,"href":"https:\/\/lasprimeras.com.do\/index.php\/wp-json\/wp\/v2\/comments?post=94877"}],"version-history":[{"count":1,"href":"https:\/\/lasprimeras.com.do\/index.php\/wp-json\/wp\/v2\/posts\/94877\/revisions"}],"predecessor-version":[{"id":94879,"href":"https:\/\/lasprimeras.com.do\/index.php\/wp-json\/wp\/v2\/posts\/94877\/revisions\/94879"}],"wp:featuredmedia":[{"embeddable":true,"href":"https:\/\/lasprimeras.com.do\/index.php\/wp-json\/wp\/v2\/media\/94878"}],"wp:attachment":[{"href":"https:\/\/lasprimeras.com.do\/index.php\/wp-json\/wp\/v2\/media?parent=94877"}],"wp:term":[{"taxonomy":"category","embeddable":true,"href":"https:\/\/lasprimeras.com.do\/index.php\/wp-json\/wp\/v2\/categories?post=94877"},{"taxonomy":"post_tag","embeddable":true,"href":"https:\/\/lasprimeras.com.do\/index.php\/wp-json\/wp\/v2\/tags?post=94877"}],"curies":[{"name":"wp","href":"https:\/\/api.w.org\/{rel}","templated":true}]}}