{"id":94888,"date":"2025-03-06T12:06:44","date_gmt":"2025-03-06T16:06:44","guid":{"rendered":"https:\/\/lasprimeras.com.do\/?p=94888"},"modified":"2025-03-06T12:06:45","modified_gmt":"2025-03-06T16:06:45","slug":"pedro-richardson-todo-el-que-aspire-debe-dejar-el-gobierno","status":"publish","type":"post","link":"https:\/\/lasprimeras.com.do\/index.php\/2025\/03\/06\/pedro-richardson-todo-el-que-aspire-debe-dejar-el-gobierno\/","title":{"rendered":"Pedro Richardson: \u201cTodo el que aspire debe dejar el gobierno\u201d"},"content":{"rendered":"\n<p>El Director Ejecutivo de la Federaci\u00f3n Dominicana de Distritos Municipales (FEDODIM), Dr. Pedro Richardson, expres\u00f3 este jueves que cualquier persona que aspire a la presidencia de la Rep\u00fablica debe renunciar a su puesto en el gobierno. Adem\u00e1s, destac\u00f3 que los perreme\u00edstas deben enfocarse en una buena gesti\u00f3n, ya que sin un s\u00f3lido desempe\u00f1o en los a\u00f1os 2025, 2026 y 2027, no tendr\u00e1n \u00e9xito en las elecciones de 2028.<\/p>\n\n\n\n<p>En una entrevista en el programa Matutino Su Mundo, Richardson asegur\u00f3 que dentro de su organizaci\u00f3n pol\u00edtica debe primar la unidad. A pesar de los resultados de las encuestas, enfatiz\u00f3 la importancia de la unidad y la humildad como claves para el \u00e9xito pol\u00edtico futuro.<\/p>\n\n\n\n<p>\u201cNo podemos maltratar a nuestros compa\u00f1eros porque ma\u00f1ana los vamos a necesitar. Aqu\u00ed nadie gana solo; ganamos con un buen gobierno y un partido cohesionado\u201d, puntualiz\u00f3.<\/p>\n\n\n\n<p>Subray\u00f3 que una candidatura presidencial requiere tiempo para realizar trabajos pol\u00edticos, por lo que considera que todo aquel que aspire a la presidencia debe abandonar su puesto en el gobierno para dedicarse por completo a su proyecto presidencial.<\/p>\n\n\n\n<p>\u201cCreo que todos los compa\u00f1eros que aspiran, o dicen que aspiran, lo que deben hacer es salir del gobierno para dedicar su tiempo sin temores ni tentaciones. No digo que est\u00e9n utilizando los recursos del Estado para su campa\u00f1a, pero en este pa\u00eds, te hacen jefe de la basura y de inmediato tienes un grupo de aduladores dici\u00e9ndote que puedes ser presidente\u201d, agreg\u00f3.<\/p>\n\n\n\n<p>Respecto a sus preferencias para las elecciones de 2028, Richardson dej\u00f3 claro que su candidato presidencial es el ministro de Turismo, David Collado, a quien describi\u00f3 como un joven enfocado y que no utiliza el Ministerio de Turismo con fines pol\u00edticos.<\/p>\n\n\n\n<p>Destac\u00f3 la ardua labor que Collado est\u00e1 realizando en el ministerio y afirm\u00f3 que, si los n\u00fameros siguen as\u00ed, el pa\u00eds podr\u00eda recibir m\u00e1s de 13 millones de turistas en 2025. Adem\u00e1s, indic\u00f3 que el 90% de la municipalidad apoya a Collado en sus aspiraciones presidenciales.<\/p>\n\n\n\n<p>\u201cYo lo que quiero es ser Ministro de Medio Ambiente\u201d<\/p>\n\n\n\n<p>Richardson tambi\u00e9n comparti\u00f3 sus aspiraciones de ser Ministro de Medio Ambiente, para poder cuidar \u201cla casa grande\u201d, y resalt\u00f3 que tiene m\u00e9ritos para dirigir esa entidad, ya que fue el \u00fanico dominicano en presidir la Federaci\u00f3n Interamericana de Municipios Verdes, que agrupa a municipalidades de Andorra, Portugal y Am\u00e9rica Latina.<\/p>\n\n\n\n<p>\u201cAspiro a implementar programas que desde la municipalidad no puedo llevar a cabo por falta de recursos. Por ejemplo, \u2018Rep\u00fablica Dominicana Florece\u2019 es una iniciativa que estamos promoviendo en varios pa\u00edses de Am\u00e9rica Latina, y durante nuestra gesti\u00f3n en la municipalidad hemos logrado avances significativos\u201d, dijo.<\/p>\n\n\n\n<p>Sobre el expresidente Danilo Medina<\/p>\n\n\n\n<p>Respecto al expresidente Danilo Medina, Richardson expres\u00f3 sorpresa ante los comentarios de personas cercanas a \u00e9l, como los hermanos de Medina, quienes poseen grandes fortunas y a\u00fan se quejan de los sacrificios que implica trabajar.<\/p>\n\n\n\n<p>\u201cMe apenan estos planteamientos de una de las familias m\u00e1s poderosas del pa\u00eds. En su momento, valoraba mucho al presidente Medina, quien apostaba por los pobres y distribu\u00eda inversiones por todo el territorio nacional, a diferencia de lo que hicieron Leonel Fern\u00e1ndez y otros\u201d, coment\u00f3.<\/p>\n\n\n\n<p>Finalmente, manifest\u00f3 que, durante el gobierno del presidente Luis Abinader, los casos de corrupci\u00f3n que se han presentado han sido debidamente sometidos a la justicia, subrayando que el presidente no es ni procurador ni juez.<\/p>\n","protected":false},"excerpt":{"rendered":"<p>El Director Ejecutivo de la Federaci\u00f3n Dominicana de Distritos Municipales (FEDODIM), Dr. Pedro Richardson, expres\u00f3 este jueves que cualquier persona que aspire a la presidencia de la Rep\u00fablica debe renunciar&hellip;<\/p>\n","protected":false},"author":2,"featured_media":94889,"comment_status":"open","ping_status":"open","sticky":false,"template":"","format":"standard","meta":{"content-type":"","jetpack_post_was_ever_published":false,"_jetpack_newsletter_access":"","_jetpack_dont_email_post_to_subs":false,"_jetpack_newsletter_tier_id":0,"_jetpack_memberships_contains_paywalled_content":false,"_jetpack_memberships_contains_paid_content":false,"footnotes":""},"categories":[16559],"tags":[10014,17775],"class_list":["post-94888","post","type-post","status-publish","format-standard","has-post-thumbnail","hentry","category-politica","tag-fedodim","tag-pedro-richardson"],"jetpack_featured_media_url":"https:\/\/lasprimeras.com.do\/wp-content\/uploads\/2025\/03\/Pedro-Richardson.png","jetpack-related-posts":[{"id":100769,"url":"https:\/\/lasprimeras.com.do\/index.php\/2025\/06\/11\/fedodim-ve-propuesta-de-ley-amenaza-autonomia-y-existencia-de-los-distritos-municipales\/","url_meta":{"origin":94888,"position":0},"title":"FEDODIM ve propuesta de ley amenaza autonom\u00eda y existencia de los Distritos Municipales","author":"Nelson Feliz","date":"11 de junio de 2025","format":false,"excerpt":"La Federaci\u00f3n Dominicana de Distritos Municipales (FEDODIM) expresa su m\u00e1s en\u00e9rgico rechazo a la propuesta de modificaci\u00f3n del Art\u00edculo 24 de la Ley 368-22 de Ordenamiento Territorial, la cual busca crear un \"r\u00e9gimen de planificaci\u00f3n vinculada\". As\u00ed lo consider\u00f3 el director ejecutivo de Fedodim, Pedro Richardson quien ve una grave\u2026","rel":"","context":"En \u00abNACIONALES\u00bb","block_context":{"text":"NACIONALES","link":"https:\/\/lasprimeras.com.do\/index.php\/category\/nacionales\/"},"img":{"alt_text":"","src":"https:\/\/i0.wp.com\/lasprimeras.com.do\/wp-content\/uploads\/2025\/06\/WhatsApp-Image-2025-06-11-at-9.52.59-AM.jpeg?resize=350%2C200&ssl=1","width":350,"height":200,"srcset":"https:\/\/i0.wp.com\/lasprimeras.com.do\/wp-content\/uploads\/2025\/06\/WhatsApp-Image-2025-06-11-at-9.52.59-AM.jpeg?resize=350%2C200&ssl=1 1x, https:\/\/i0.wp.com\/lasprimeras.com.do\/wp-content\/uploads\/2025\/06\/WhatsApp-Image-2025-06-11-at-9.52.59-AM.jpeg?resize=525%2C300&ssl=1 1.5x, https:\/\/i0.wp.com\/lasprimeras.com.do\/wp-content\/uploads\/2025\/06\/WhatsApp-Image-2025-06-11-at-9.52.59-AM.jpeg?resize=700%2C400&ssl=1 2x"},"classes":[]},{"id":94561,"url":"https:\/\/lasprimeras.com.do\/index.php\/2025\/03\/02\/pedro-richardson-modificacion-a-la-ley-de-residuos-solidos-es-fundamental-para-la-sostenibilidad-economica-del-pais\/","url_meta":{"origin":94888,"position":1},"title":"Pedro Richardson: Modificaci\u00f3n a la ley de residuos s\u00f3lidos es fundamental para la sostenibilidad econ\u00f3mica del pa\u00eds","author":"Nelson Feliz","date":"2 de marzo de 2025","format":false,"excerpt":"El director ejecutivo de la Federaci\u00f3n Dominicana de Distritos Municipales (FEDODIM), Pedro Richardson, destac\u00f3 la urgencia de modificar la Ley 225-20 de Gesti\u00f3n Integral y Coprocesamiento de Residuos S\u00f3lidos, se\u00f1alando que la reforma es fundamental para garantizar la sostenibilidad econ\u00f3mica y lograr un pa\u00eds limpio y libre de basura. Richardson\u2026","rel":"","context":"En \u00abPOLITICA\u00bb","block_context":{"text":"POLITICA","link":"https:\/\/lasprimeras.com.do\/index.php\/category\/politica\/"},"img":{"alt_text":"","src":"https:\/\/i0.wp.com\/lasprimeras.com.do\/wp-content\/uploads\/2025\/03\/Pedro-Richardson-1.jpg?resize=350%2C200&ssl=1","width":350,"height":200,"srcset":"https:\/\/i0.wp.com\/lasprimeras.com.do\/wp-content\/uploads\/2025\/03\/Pedro-Richardson-1.jpg?resize=350%2C200&ssl=1 1x, https:\/\/i0.wp.com\/lasprimeras.com.do\/wp-content\/uploads\/2025\/03\/Pedro-Richardson-1.jpg?resize=525%2C300&ssl=1 1.5x, https:\/\/i0.wp.com\/lasprimeras.com.do\/wp-content\/uploads\/2025\/03\/Pedro-Richardson-1.jpg?resize=700%2C400&ssl=1 2x"},"classes":[]},{"id":69251,"url":"https:\/\/lasprimeras.com.do\/index.php\/2023\/11\/30\/fedodimpartidos-reciben-millones-pero-no-ofrecen-formacion-a-sus-dirigentes\/","url_meta":{"origin":94888,"position":2},"title":"FEDODIM:\u201dpartidos reciben millones pero \u201cno ofrecen formaci\u00f3n a sus dirigentes\u201d\u00a0 \u00a0 \u00a0 \u00a0 \u00a0 \u00a0 \u00a0 \u00a0\u00a0","author":"Nelson Feliz","date":"30 de noviembre de 2023","format":false,"excerpt":"\u00a0250 alcaldes,directores, vocales participan en II Congreso Comunicaci\u00f3n y Marketing pol\u00edtico\u201d. Veron -Punta Cana.-De los dos mil 400 millones\u00a0 que recibieron los partidos pol\u00edticos para el actual proceso electoral 2024, no invierten el obligado diez por ciento para la formaci\u00f3n de sus dirigentes, denunci\u00f3 el director de la Federaci\u00f3n Dominicana\u2026","rel":"","context":"En \u00abECONOM\u00cdA\u00bb","block_context":{"text":"ECONOM\u00cdA","link":"https:\/\/lasprimeras.com.do\/index.php\/category\/economia\/"},"img":{"alt_text":"","src":"https:\/\/i0.wp.com\/lasprimeras.com.do\/wp-content\/uploads\/2023\/11\/FEDODIM.jpg?resize=350%2C200&ssl=1","width":350,"height":200,"srcset":"https:\/\/i0.wp.com\/lasprimeras.com.do\/wp-content\/uploads\/2023\/11\/FEDODIM.jpg?resize=350%2C200&ssl=1 1x, https:\/\/i0.wp.com\/lasprimeras.com.do\/wp-content\/uploads\/2023\/11\/FEDODIM.jpg?resize=525%2C300&ssl=1 1.5x, https:\/\/i0.wp.com\/lasprimeras.com.do\/wp-content\/uploads\/2023\/11\/FEDODIM.jpg?resize=700%2C400&ssl=1 2x"},"classes":[]},{"id":102219,"url":"https:\/\/lasprimeras.com.do\/index.php\/2025\/07\/02\/fedomu-y-fedodim-buscan-soluciones-junto-al-pleno-de-la-camara-de-cuentas-sobre-alcaldes-sin-declaracion-jurada\/","url_meta":{"origin":94888,"position":3},"title":"Fedomu y Fedodim buscan soluciones junto al Pleno de la C\u00e1mara de Cuentas sobre alcaldes sin Declaraci\u00f3n Jurada","author":"Nelson Feliz","date":"2 de julio de 2025","format":false,"excerpt":"Los directivos de la Federaci\u00f3n Dominicana de Municipios (Fedomu) y Distritos Municipales (Fedodim) acudieron a la sede de la C\u00e1mara de Cuentas de la Rep\u00fablica Dominicana, donde sostuvieron un encuentro con los miembros del Pleno del \u00f3rgano fiscalizador. En la reuni\u00f3n, informaron que disponen de un equipo t\u00e9cnico habilitado para\u2026","rel":"","context":"En \u00abECONOM\u00cdA\u00bb","block_context":{"text":"ECONOM\u00cdA","link":"https:\/\/lasprimeras.com.do\/index.php\/category\/economia\/"},"img":{"alt_text":"","src":"https:\/\/i0.wp.com\/lasprimeras.com.do\/wp-content\/uploads\/2024\/12\/camara-de-cuentas.jpg?resize=350%2C200&ssl=1","width":350,"height":200,"srcset":"https:\/\/i0.wp.com\/lasprimeras.com.do\/wp-content\/uploads\/2024\/12\/camara-de-cuentas.jpg?resize=350%2C200&ssl=1 1x, https:\/\/i0.wp.com\/lasprimeras.com.do\/wp-content\/uploads\/2024\/12\/camara-de-cuentas.jpg?resize=525%2C300&ssl=1 1.5x, https:\/\/i0.wp.com\/lasprimeras.com.do\/wp-content\/uploads\/2024\/12\/camara-de-cuentas.jpg?resize=700%2C400&ssl=1 2x"},"classes":[]},{"id":84158,"url":"https:\/\/lasprimeras.com.do\/index.php\/2024\/05\/31\/fedodim-propone-constitucionalizar-el-poder-municipal\/","url_meta":{"origin":94888,"position":4},"title":"FEDODIM propone constitucionalizar el Poder Municipal","author":"Nelson Feliz","date":"31 de mayo de 2024","format":false,"excerpt":"El director ejecutivo de la Federaci\u00f3n Dominicana de Distritos Municipales (FEDODIM), Pedro Richardson, propuso la constitucionalizaci\u00f3n del Poder Municipal en la apertura del XVI Congreso \u201cLas finanzas municipales y IV Revoluci\u00f3n Industrial\u201d,celebrado en Punta Cana. El Congreso reuni\u00f3 a doscientos diez y siete directores de distritos municipales. \u201cAnte una reforma\u2026","rel":"","context":"En \u00abNACIONALES\u00bb","block_context":{"text":"NACIONALES","link":"https:\/\/lasprimeras.com.do\/index.php\/category\/nacionales\/"},"img":{"alt_text":"Pedro Richardson","src":"https:\/\/i0.wp.com\/lasprimeras.com.do\/wp-content\/uploads\/2024\/05\/Pedro-Richardson-1.jpg?resize=350%2C200&ssl=1","width":350,"height":200,"srcset":"https:\/\/i0.wp.com\/lasprimeras.com.do\/wp-content\/uploads\/2024\/05\/Pedro-Richardson-1.jpg?resize=350%2C200&ssl=1 1x, https:\/\/i0.wp.com\/lasprimeras.com.do\/wp-content\/uploads\/2024\/05\/Pedro-Richardson-1.jpg?resize=525%2C300&ssl=1 1.5x, https:\/\/i0.wp.com\/lasprimeras.com.do\/wp-content\/uploads\/2024\/05\/Pedro-Richardson-1.jpg?resize=700%2C400&ssl=1 2x"},"classes":[]},{"id":103161,"url":"https:\/\/lasprimeras.com.do\/index.php\/2025\/07\/12\/fedodim-pide-a-inversionistas-compas-de-espera-que-evite-pagar-dos-veces\/","url_meta":{"origin":94888,"position":5},"title":"FEDODIM pide a inversionistas compas de espera que evite pagar dos veces","author":"Nelson Feliz","date":"12 de julio de 2025","format":false,"excerpt":"La Federaci\u00f3n Dominicana de Distrito Municipales (FEDODIM) pidi\u00f3 hoy un compa de espera a los desarrolladores que tienen proyectos en los 27 distritos con poblaci\u00f3n superior a los 15 mil habitantes. El director ejecutivo de Fedodim, doctor Pedro Richardson, dijo que la tramitaci\u00f3n de la permisolog\u00eda, se espera que el\u2026","rel":"","context":"En \u00abNACIONALES\u00bb","block_context":{"text":"NACIONALES","link":"https:\/\/lasprimeras.com.do\/index.php\/category\/nacionales\/"},"img":{"alt_text":"","src":"https:\/\/i0.wp.com\/lasprimeras.com.do\/wp-content\/uploads\/2025\/07\/Pedro-Richardson.jpg?resize=350%2C200&ssl=1","width":350,"height":200,"srcset":"https:\/\/i0.wp.com\/lasprimeras.com.do\/wp-content\/uploads\/2025\/07\/Pedro-Richardson.jpg?resize=350%2C200&ssl=1 1x, https:\/\/i0.wp.com\/lasprimeras.com.do\/wp-content\/uploads\/2025\/07\/Pedro-Richardson.jpg?resize=525%2C300&ssl=1 1.5x, https:\/\/i0.wp.com\/lasprimeras.com.do\/wp-content\/uploads\/2025\/07\/Pedro-Richardson.jpg?resize=700%2C400&ssl=1 2x"},"classes":[]}],"jetpack_sharing_enabled":true,"_links":{"self":[{"href":"https:\/\/lasprimeras.com.do\/index.php\/wp-json\/wp\/v2\/posts\/94888","targetHints":{"allow":["GET"]}}],"collection":[{"href":"https:\/\/lasprimeras.com.do\/index.php\/wp-json\/wp\/v2\/posts"}],"about":[{"href":"https:\/\/lasprimeras.com.do\/index.php\/wp-json\/wp\/v2\/types\/post"}],"author":[{"embeddable":true,"href":"https:\/\/lasprimeras.com.do\/index.php\/wp-json\/wp\/v2\/users\/2"}],"replies":[{"embeddable":true,"href":"https:\/\/lasprimeras.com.do\/index.php\/wp-json\/wp\/v2\/comments?post=94888"}],"version-history":[{"count":1,"href":"https:\/\/lasprimeras.com.do\/index.php\/wp-json\/wp\/v2\/posts\/94888\/revisions"}],"predecessor-version":[{"id":94890,"href":"https:\/\/lasprimeras.com.do\/index.php\/wp-json\/wp\/v2\/posts\/94888\/revisions\/94890"}],"wp:featuredmedia":[{"embeddable":true,"href":"https:\/\/lasprimeras.com.do\/index.php\/wp-json\/wp\/v2\/media\/94889"}],"wp:attachment":[{"href":"https:\/\/lasprimeras.com.do\/index.php\/wp-json\/wp\/v2\/media?parent=94888"}],"wp:term":[{"taxonomy":"category","embeddable":true,"href":"https:\/\/lasprimeras.com.do\/index.php\/wp-json\/wp\/v2\/categories?post=94888"},{"taxonomy":"post_tag","embeddable":true,"href":"https:\/\/lasprimeras.com.do\/index.php\/wp-json\/wp\/v2\/tags?post=94888"}],"curies":[{"name":"wp","href":"https:\/\/api.w.org\/{rel}","templated":true}]}}