{"id":94891,"date":"2025-03-06T12:15:19","date_gmt":"2025-03-06T16:15:19","guid":{"rendered":"https:\/\/lasprimeras.com.do\/?p=94891"},"modified":"2025-03-06T12:15:21","modified_gmt":"2025-03-06T16:15:21","slug":"diputado-stalin-vasquez-somete-proyecto-de-ley-que-cambiaria-interior-y-policia","status":"publish","type":"post","link":"https:\/\/lasprimeras.com.do\/index.php\/2025\/03\/06\/diputado-stalin-vasquez-somete-proyecto-de-ley-que-cambiaria-interior-y-policia\/","title":{"rendered":"Diputado Stalin V\u00e1squez somete proyecto de ley que cambiar\u00eda Interior y Polic\u00eda"},"content":{"rendered":"\n<p>El presidente de la Comisi\u00f3n Permanente de Administraci\u00f3n P\u00fablica en la C\u00e1mara de Diputados, Stalin V\u00e1squez, someti\u00f3 por Secretar\u00eda un proyecto de ley para la transformaci\u00f3n del Ministerio de Interior y Polic\u00eda en el nuevo Ministerio de Seguridad Ciudadana.<\/p>\n\n\n\n<p>\u201cEl objetivo es fortalecer la gesti\u00f3n de la seguridad p\u00fablica y enfrentar de manera m\u00e1s eficiente los desaf\u00edos en materia de orden p\u00fablico, crimen organizado y control de emergencias\u201d, destac\u00f3 el legislador al hablar sobre el proyecto de ley.<\/p>\n\n\n\n<p>Explic\u00f3 que esta reforma responde a la necesidad de contar con un ministerio con atribuciones claras y una estructura funcional eficiente para gestionar la seguridad de forma integral. Consider\u00f3 que, actualmente, la dispersi\u00f3n de competencias entre distintas instituciones dificulta la implementaci\u00f3n de pol\u00edticas efectivas contra el crimen y la violencia.<\/p>\n\n\n\n<p>\u201cEl Ministerio de Seguridad Ciudadana tendr\u00e1 la misi\u00f3n de coordinar las estrategias de prevenci\u00f3n del delito, garantizar el respeto a los derechos humanos en acciones de seguridad p\u00fablica, mejorar la respuesta ante emergencias y desastres naturales, y optimizar el uso de tecnolog\u00eda en el control de armas y lucha contra la delincuencia\u201d, dijo.<\/p>\n\n\n\n<p>Entre los principales cambios y beneficios del proyecto de ley cit\u00f3 la reestructuraci\u00f3n del sistema de seguridad ciudadana, con una mejor coordinaci\u00f3n entre las instituciones encargadas del orden p\u00fablico; el fortalecimiento de la prevenci\u00f3n del crimen mediante pol\u00edticas basadas en an\u00e1lisis de riesgos y datos estad\u00edsticos; la creaci\u00f3n de subsistemas especializados, como el Subsistema de Control Fronterizo y Migratorio, el Subsistema de Control de Armas y Explosivos, y el Subsistema de Atenci\u00f3n de Emergencias y Seguridad 9-1-1.<\/p>\n\n\n\n<p>Adem\u00e1s, enfatiz\u00f3 el uso de tecnolog\u00eda avanzada, incluyendo videovigilancia e inteligencia artificial para mejorar la respuesta ante incidentes de seguridad; mayor participaci\u00f3n ciudadana, con la implementaci\u00f3n de Mesas Locales de Seguridad, programas de educaci\u00f3n y cultura de paz, y mecanismos que fomenten la denuncia ciudadana.<\/p>\n\n\n\n<p>Instituciones vinculadas al nuevo ministerio<\/p>\n\n\n\n<p>De acuerdo al legislador, el Ministerio de Seguridad Ciudadana asumir\u00eda la supervisi\u00f3n de instituciones clave como la Superintendencia de Seguridad Privada, la Direcci\u00f3n Nacional de Control de Drogas (DNCD), la Direcci\u00f3n General de Seguridad de Tr\u00e1nsito (DIGESETT), el Centro de Operaciones de Emergencias (COE), el Sistema 9-1-1, la Defensa Civil y varios cuerpos especializados en seguridad fronteriza, aeroportuaria y tur\u00edstica.<\/p>\n\n\n\n<p>Impacto esperado en la seguridad nacional<\/p>\n\n\n\n<p>El diputado V\u00e1squez indic\u00f3 que con esta reforma se busca reducir los niveles de violencia e inseguridad mediante una gesti\u00f3n m\u00e1s eficiente, coordinada y proactiva. La centralizaci\u00f3n de funciones permitir\u00e1 mejorar la persecuci\u00f3n del crimen, combatir el tr\u00e1fico de armas ilegales, reforzar la seguridad en las fronteras y optimizar la respuesta ante desastres naturales.<\/p>\n\n\n\n<p>A\u00f1adi\u00f3 que este proyecto de ley representa un avance fundamental en la modernizaci\u00f3n del sistema de seguridad en la Rep\u00fablica Dominicana, garantizando un enfoque preventivo basado en el uso de tecnolog\u00eda y en una mayor cooperaci\u00f3n entre el Estado y la ciudadan\u00eda.<\/p>\n","protected":false},"excerpt":{"rendered":"<p>El presidente de la Comisi\u00f3n Permanente de Administraci\u00f3n P\u00fablica en la C\u00e1mara de Diputados, Stalin V\u00e1squez, someti\u00f3 por Secretar\u00eda un proyecto de ley para la transformaci\u00f3n del Ministerio de Interior&hellip;<\/p>\n","protected":false},"author":2,"featured_media":94892,"comment_status":"open","ping_status":"open","sticky":false,"template":"","format":"standard","meta":{"content-type":"","jetpack_post_was_ever_published":false,"_jetpack_newsletter_access":"","_jetpack_dont_email_post_to_subs":false,"_jetpack_newsletter_tier_id":0,"_jetpack_memberships_contains_paywalled_content":false,"_jetpack_memberships_contains_paid_content":false,"footnotes":""},"categories":[16559],"tags":[78,854,1992,17911],"class_list":["post-94891","post","type-post","status-publish","format-standard","has-post-thumbnail","hentry","category-politica","tag-diputado","tag-interior-y-policia","tag-proyecto-de-ley","tag-stalin-vasquez"],"jetpack_featured_media_url":"https:\/\/lasprimeras.com.do\/wp-content\/uploads\/2025\/03\/Stalin-Vasquez.jpg","jetpack-related-posts":[{"id":63487,"url":"https:\/\/lasprimeras.com.do\/index.php\/2023\/10\/12\/prm-selecciona-a-stalin-vasquez-como-candidato-a-diputado-por-la-provincia-maria-trinidad-sanchez\/","url_meta":{"origin":94891,"position":0},"title":"PRM selecciona a Stalin V\u00e1squez como candidato a diputado por la provincia Mar\u00eda Trinidad S\u00e1nchez","author":"BIMARY DE JES\u00daS Matos","date":"12 de octubre de 2023","format":false,"excerpt":"Santo Domingo.- El Partido Revolucionario Moderno (PRM), escogi\u00f3 como candidato a diputado por la provincia Mar\u00eda Trinidad S\u00e1nchez al joven profesional Stalin V\u00e1squez con miras a las pr\u00f3ximas elecciones congresuales de mayo 2024. Al tiempo de agradecer su elecci\u00f3n a trav\u00e9s del m\u00e9todo de encuestas, V\u00e1squez adelant\u00f3 que tiene en\u2026","rel":"","context":"En \u00abSin categor\u00eda\u00bb","block_context":{"text":"Sin categor\u00eda","link":"https:\/\/lasprimeras.com.do\/index.php\/category\/sin-categoria\/"},"img":{"alt_text":"","src":"https:\/\/i0.wp.com\/lasprimeras.com.do\/wp-content\/uploads\/2023\/10\/WhatsApp-Image-2023-10-12-at-2.44.32-PM-2.jpeg?resize=350%2C200&ssl=1","width":350,"height":200,"srcset":"https:\/\/i0.wp.com\/lasprimeras.com.do\/wp-content\/uploads\/2023\/10\/WhatsApp-Image-2023-10-12-at-2.44.32-PM-2.jpeg?resize=350%2C200&ssl=1 1x, https:\/\/i0.wp.com\/lasprimeras.com.do\/wp-content\/uploads\/2023\/10\/WhatsApp-Image-2023-10-12-at-2.44.32-PM-2.jpeg?resize=525%2C300&ssl=1 1.5x"},"classes":[]},{"id":105190,"url":"https:\/\/lasprimeras.com.do\/index.php\/2025\/07\/31\/los-diputados-con-mas-proyectos-de-ley-depositados-en-esta-legislatura\/","url_meta":{"origin":94891,"position":1},"title":"Los Diputados con m\u00e1s proyectos de ley depositados en esta legislatura","author":"Nelson Feliz","date":"31 de julio de 2025","format":false,"excerpt":"Al menos nueve de los 190 diputados mostraron un destacado desempe\u00f1o tomando en consideraci\u00f3n la cantidad de iniciativas de ley que sometieron al pleno de la C\u00e1mara de Diputados desde el inicio de la legislatura el 27 de febrero de este a\u00f1o 2025 hasta su culminaci\u00f3n el 26 de julio,\u2026","rel":"","context":"En \u00abPOLITICA\u00bb","block_context":{"text":"POLITICA","link":"https:\/\/lasprimeras.com.do\/index.php\/category\/politica\/"},"img":{"alt_text":"","src":"https:\/\/i0.wp.com\/lasprimeras.com.do\/wp-content\/uploads\/2025\/07\/WhatsApp-Image-2025-07-30-at-3.37.16-PM.jpeg?resize=350%2C200&ssl=1","width":350,"height":200,"srcset":"https:\/\/i0.wp.com\/lasprimeras.com.do\/wp-content\/uploads\/2025\/07\/WhatsApp-Image-2025-07-30-at-3.37.16-PM.jpeg?resize=350%2C200&ssl=1 1x, https:\/\/i0.wp.com\/lasprimeras.com.do\/wp-content\/uploads\/2025\/07\/WhatsApp-Image-2025-07-30-at-3.37.16-PM.jpeg?resize=525%2C300&ssl=1 1.5x, https:\/\/i0.wp.com\/lasprimeras.com.do\/wp-content\/uploads\/2025\/07\/WhatsApp-Image-2025-07-30-at-3.37.16-PM.jpeg?resize=700%2C400&ssl=1 2x, https:\/\/i0.wp.com\/lasprimeras.com.do\/wp-content\/uploads\/2025\/07\/WhatsApp-Image-2025-07-30-at-3.37.16-PM.jpeg?resize=1050%2C600&ssl=1 3x"},"classes":[]},{"id":59672,"url":"https:\/\/lasprimeras.com.do\/index.php\/2023\/09\/06\/ministro-de-interior-confirma-se-han-incautado-15-mil-600-armas-de-fuego\/","url_meta":{"origin":94891,"position":2},"title":"Ministro de Interior confirma se han incautado 15 mil 600 armas de fuego","author":"Nelson Feliz","date":"6 de septiembre de 2023","format":false,"excerpt":"Por Mart\u00edn Restituyo El ministro de Interior y Polic\u00eda, Jes\u00fas V\u00e1squez Mart\u00ednez, inform\u00f3 que en los tres a\u00f1os de su gesti\u00f3n se han incautado 15 mil 600 armas de fuego. V\u00e1squez Mart\u00ednez, anunci\u00f3 que en los pr\u00f3ximos d\u00edas Interior y Polic\u00eda, el Ministerio P\u00fablico, realizar\u00e1n operativos en distintos puntos del\u2026","rel":"","context":"En \u00abNACIONALES\u00bb","block_context":{"text":"NACIONALES","link":"https:\/\/lasprimeras.com.do\/index.php\/category\/nacionales\/"},"img":{"alt_text":"Jes\u00fas V\u00e1squez Mart\u00ednez","src":"https:\/\/i0.wp.com\/lasprimeras.com.do\/wp-content\/uploads\/2023\/09\/Jesus-Vasquez-Martinez.jpg?resize=350%2C200&ssl=1","width":350,"height":200,"srcset":"https:\/\/i0.wp.com\/lasprimeras.com.do\/wp-content\/uploads\/2023\/09\/Jesus-Vasquez-Martinez.jpg?resize=350%2C200&ssl=1 1x, https:\/\/i0.wp.com\/lasprimeras.com.do\/wp-content\/uploads\/2023\/09\/Jesus-Vasquez-Martinez.jpg?resize=525%2C300&ssl=1 1.5x, https:\/\/i0.wp.com\/lasprimeras.com.do\/wp-content\/uploads\/2023\/09\/Jesus-Vasquez-Martinez.jpg?resize=700%2C400&ssl=1 2x"},"classes":[]},{"id":126216,"url":"https:\/\/lasprimeras.com.do\/index.php\/2026\/03\/30\/organizaciones-acuerdan-sacar-carreras-clandestinas-de-motocicletas-de-las-calles\/","url_meta":{"origin":94891,"position":3},"title":"Organizaciones acuerdan sacar carreras clandestinas de motocicletas de las calles","author":"Nelson Feliz","date":"30 de marzo de 2026","format":false,"excerpt":"Autoridades brillaron por su ausencia. Un conjunto de organizaciones acordaron sacar de las calles, las carreras clandestinas que realizan las motocicletas de bajo cilindraje, las cuales llevan el luto a miles de hogares dominicanos en diferentes puntos de la geograf\u00eda nacional con el fallecimiento de algunos de sus miembros. El\u2026","rel":"","context":"En \u00abNACIONALES\u00bb","block_context":{"text":"NACIONALES","link":"https:\/\/lasprimeras.com.do\/index.php\/category\/nacionales\/"},"img":{"alt_text":"","src":"https:\/\/i0.wp.com\/lasprimeras.com.do\/wp-content\/uploads\/2026\/03\/CARRERA-CLANDESTINAS.jpg?resize=350%2C200&ssl=1","width":350,"height":200,"srcset":"https:\/\/i0.wp.com\/lasprimeras.com.do\/wp-content\/uploads\/2026\/03\/CARRERA-CLANDESTINAS.jpg?resize=350%2C200&ssl=1 1x, https:\/\/i0.wp.com\/lasprimeras.com.do\/wp-content\/uploads\/2026\/03\/CARRERA-CLANDESTINAS.jpg?resize=525%2C300&ssl=1 1.5x, https:\/\/i0.wp.com\/lasprimeras.com.do\/wp-content\/uploads\/2026\/03\/CARRERA-CLANDESTINAS.jpg?resize=700%2C400&ssl=1 2x"},"classes":[]},{"id":64496,"url":"https:\/\/lasprimeras.com.do\/index.php\/2023\/10\/20\/interior-y-policia-entrega-nacionalidad-a-38-extranjeros\/","url_meta":{"origin":94891,"position":4},"title":"Interior y Polic\u00eda entrega nacionalidad a 38 extranjeros","author":"BIMARY DE JES\u00daS Matos","date":"20 de octubre de 2023","format":false,"excerpt":"SANTO DOMINGO.- Un grupo de 38 extranjeros adquiri\u00f3 la ciudadan\u00eda dominicana, en un acto en la sede del Ministerio de Interior y Polic\u00eda, en el que asumieron trabajar por el desarrollo del pa\u00eds. Quince mujeres y veintitr\u00e9s hombres integran la lista, procedentes de 16 naciones: Pakist\u00e1n, Polonia, Rusia, Italia, Francia,\u2026","rel":"","context":"En \u00abPORTADA\u00bb","block_context":{"text":"PORTADA","link":"https:\/\/lasprimeras.com.do\/index.php\/category\/portada\/"},"img":{"alt_text":"","src":"","width":0,"height":0},"classes":[]},{"id":89840,"url":"https:\/\/lasprimeras.com.do\/index.php\/2024\/10\/06\/interior-y-policia-reafirma-orden-para-manifestacion-convocada-en-la-plaza-de-la-bandera\/","url_meta":{"origin":94891,"position":5},"title":"Interior y Polic\u00eda reafirma orden para manifestaci\u00f3n convocada en la Plaza de la Bandera","author":"Nelson Feliz","date":"6 de octubre de 2024","format":false,"excerpt":"Ante la convocatoria realizada por el movimiento \"Antigua Orden Dominicana\" para llevar a cabo un plant\u00f3n permanente en la Plaza de la Bandera, un \u00e1rea de alta circulaci\u00f3n vehicular, el Ministerio de Interior y Polic\u00eda subraya que, si bien respeta el derecho a la protesta consagrado en la Constituci\u00f3n, es\u2026","rel":"","context":"En \u00abNACIONALES\u00bb","block_context":{"text":"NACIONALES","link":"https:\/\/lasprimeras.com.do\/index.php\/category\/nacionales\/"},"img":{"alt_text":"Faride Raful","src":"https:\/\/i0.wp.com\/lasprimeras.com.do\/wp-content\/uploads\/2023\/09\/Faride-Raful.jpg?resize=350%2C200&ssl=1","width":350,"height":200},"classes":[]}],"jetpack_sharing_enabled":true,"_links":{"self":[{"href":"https:\/\/lasprimeras.com.do\/index.php\/wp-json\/wp\/v2\/posts\/94891","targetHints":{"allow":["GET"]}}],"collection":[{"href":"https:\/\/lasprimeras.com.do\/index.php\/wp-json\/wp\/v2\/posts"}],"about":[{"href":"https:\/\/lasprimeras.com.do\/index.php\/wp-json\/wp\/v2\/types\/post"}],"author":[{"embeddable":true,"href":"https:\/\/lasprimeras.com.do\/index.php\/wp-json\/wp\/v2\/users\/2"}],"replies":[{"embeddable":true,"href":"https:\/\/lasprimeras.com.do\/index.php\/wp-json\/wp\/v2\/comments?post=94891"}],"version-history":[{"count":1,"href":"https:\/\/lasprimeras.com.do\/index.php\/wp-json\/wp\/v2\/posts\/94891\/revisions"}],"predecessor-version":[{"id":94893,"href":"https:\/\/lasprimeras.com.do\/index.php\/wp-json\/wp\/v2\/posts\/94891\/revisions\/94893"}],"wp:featuredmedia":[{"embeddable":true,"href":"https:\/\/lasprimeras.com.do\/index.php\/wp-json\/wp\/v2\/media\/94892"}],"wp:attachment":[{"href":"https:\/\/lasprimeras.com.do\/index.php\/wp-json\/wp\/v2\/media?parent=94891"}],"wp:term":[{"taxonomy":"category","embeddable":true,"href":"https:\/\/lasprimeras.com.do\/index.php\/wp-json\/wp\/v2\/categories?post=94891"},{"taxonomy":"post_tag","embeddable":true,"href":"https:\/\/lasprimeras.com.do\/index.php\/wp-json\/wp\/v2\/tags?post=94891"}],"curies":[{"name":"wp","href":"https:\/\/api.w.org\/{rel}","templated":true}]}}