{"id":94897,"date":"2025-03-06T12:28:51","date_gmt":"2025-03-06T16:28:51","guid":{"rendered":"https:\/\/lasprimeras.com.do\/?p=94897"},"modified":"2025-03-06T12:28:53","modified_gmt":"2025-03-06T16:28:53","slug":"pn-y-ff-aa-ocupan-drogas-y-armas-entre-otros-resultados-en-operativos-simultaneos-en-sdn","status":"publish","type":"post","link":"https:\/\/lasprimeras.com.do\/index.php\/2025\/03\/06\/pn-y-ff-aa-ocupan-drogas-y-armas-entre-otros-resultados-en-operativos-simultaneos-en-sdn\/","title":{"rendered":"PN y FF.AA ocupan drogas y armas entre otros resultados en operativos simult\u00e1neos en SDN"},"content":{"rendered":"\n<p>Agentes de la Polic\u00eda Nacional, adscritos a la Regional de Santo Domingo Norte, con el apoyo del Comando Conjunto Unificado de las Fuerzas Armadas \u2013integrado por el Ej\u00e9rcito, la Fuerza A\u00e9rea y la Armada\u2013, realizaron un amplio operativo en varios sectores del municipio.<\/p>\n\n\n\n<p>La intervenci\u00f3n inici\u00f3 en la madrugada de este jueves y se extendi\u00f3 hasta la ma\u00f1ana, con el prop\u00f3sito de continuar garantizando la seguridad ciudadana y prevenir actos delictivos.<\/p>\n\n\n\n<p>En Villa Mella, se ocuparon distintas porciones de sustancias controladas, presumiblemente marihuana, coca\u00edna, crack y \u00e9xtasis, adem\u00e1s de la detenci\u00f3n de personas en flagrante delito y para fines de investigaci\u00f3n. Tambi\u00e9n fueron confiscadas armas de fuego y armas blancas.<\/p>\n\n\n\n<p>En Los Guaricanos, Sabana Perdida y La Victoria, varias personas resultaron apresadas y se retuvieron decenas de motocicletas sin documentaci\u00f3n, adem\u00e1s de ocuparse m\u00e1quinas tragamonedas utilizadas de manera ilegal.<\/p>\n\n\n\n<p>La intervenci\u00f3n conjunta se concentr\u00f3 en los sectores Buena Vista Primera, M\u00e1ximo G\u00f3mez, La Piscina, La Senda, La Esperanza, Casa Vieja, Sol de Luz, El Primaveral, Cachim\u00e1n, Los Block, Barrio Nuevo, Loma del Chivo, Santa Cruz, Ponce, Guaricano Centro, La Mina, Los Multis y Sabana Centro, entre otros.<\/p>\n\n\n\n<p>Las evidencias ocupadas ser\u00e1n puestas a disposici\u00f3n del Ministerio P\u00fablico para los fines correspondientes.<\/p>\n","protected":false},"excerpt":{"rendered":"<p>Agentes de la Polic\u00eda Nacional, adscritos a la Regional de Santo Domingo Norte, con el apoyo del Comando Conjunto Unificado de las Fuerzas Armadas \u2013integrado por el Ej\u00e9rcito, la Fuerza&hellip;<\/p>\n","protected":false},"author":2,"featured_media":94898,"comment_status":"open","ping_status":"open","sticky":false,"template":"","format":"standard","meta":{"content-type":"","jetpack_post_was_ever_published":false,"_jetpack_newsletter_access":"","_jetpack_dont_email_post_to_subs":false,"_jetpack_newsletter_tier_id":0,"_jetpack_memberships_contains_paywalled_content":false,"_jetpack_memberships_contains_paid_content":false,"footnotes":""},"categories":[3057],"tags":[1923,5970,17914,477,2716],"class_list":["post-94897","post","type-post","status-publish","format-standard","has-post-thumbnail","hentry","category-militares","tag-armas","tag-drogas","tag-ff-aa-3","tag-pn","tag-santo-domingo-norte"],"jetpack_featured_media_url":"https:\/\/lasprimeras.com.do\/wp-content\/uploads\/2025\/03\/pn.jpg","jetpack-related-posts":[{"id":124364,"url":"https:\/\/lasprimeras.com.do\/index.php\/2026\/03\/11\/veteranos-de-ff-aa-y-pn-estrechan-lazos-con-gremios-de-prensa\/","url_meta":{"origin":94897,"position":0},"title":"Veteranos de FF.AA. y PN estrechan lazos con gremios de prensa","author":"Nelson Feliz","date":"11 de marzo de 2026","format":false,"excerpt":"El encuentro marca un paso para afianzar la cooperaci\u00f3n y el trabajo conjunto entre la Hermandad y los gremios de la prensa. El presidente de la Hermandad de Veteranos Pensionados de las Fuerzas Armadas y la Polic\u00eda Nacional, el Mayor General (r) Valerio Garc\u00eda Reyes, encabez\u00f3 un encuentro-almuerzo con destacados\u2026","rel":"","context":"En \u00abNACIONALES\u00bb","block_context":{"text":"NACIONALES","link":"https:\/\/lasprimeras.com.do\/index.php\/category\/nacionales\/"},"img":{"alt_text":"Veteranos de FF.AA.","src":"https:\/\/i0.wp.com\/lasprimeras.com.do\/wp-content\/uploads\/2026\/03\/veteranos.jpg?resize=350%2C200&ssl=1","width":350,"height":200,"srcset":"https:\/\/i0.wp.com\/lasprimeras.com.do\/wp-content\/uploads\/2026\/03\/veteranos.jpg?resize=350%2C200&ssl=1 1x, https:\/\/i0.wp.com\/lasprimeras.com.do\/wp-content\/uploads\/2026\/03\/veteranos.jpg?resize=525%2C300&ssl=1 1.5x, https:\/\/i0.wp.com\/lasprimeras.com.do\/wp-content\/uploads\/2026\/03\/veteranos.jpg?resize=700%2C400&ssl=1 2x"},"classes":[]},{"id":77619,"url":"https:\/\/lasprimeras.com.do\/index.php\/2024\/02\/23\/pn-junto-a-la-pgr-fard-dncd-y-migracion-asestan-duro-golpe-a-la-delincuencia-y-el-microtrafico-en-operativos-en-bani\/","url_meta":{"origin":94897,"position":1},"title":"PN, junto a la PGR, FARD, DNCD y Migraci\u00f3n asestan duro golpe a la delincuencia y el microtr\u00e1fico en operativos en Ban\u00ed","author":"BIMARY DE JES\u00daS Matos","date":"23 de febrero de 2024","format":false,"excerpt":"Martin Restituyo Ban\u00ed.-Agentes policiales, adscritos a la Direcci\u00f3n Regional Sur Central de la Polic\u00eda Nacional, con sede en Ban\u00ed, lograron sacar de las calles sustancias narc\u00f3ticas, balanzas, armas de fuego y cortopunzantes, municiones, entre otros elementos, durante la ejecuci\u00f3n de 57 operativos simult\u00e1neos en diversos puntos de la provincia Peravia,\u2026","rel":"","context":"En \u00abPORTADA\u00bb","block_context":{"text":"PORTADA","link":"https:\/\/lasprimeras.com.do\/index.php\/category\/portada\/"},"img":{"alt_text":"","src":"https:\/\/i0.wp.com\/lasprimeras.com.do\/wp-content\/uploads\/2024\/02\/IMG-20240223-WA0019.jpg?resize=350%2C200&ssl=1","width":350,"height":200,"srcset":"https:\/\/i0.wp.com\/lasprimeras.com.do\/wp-content\/uploads\/2024\/02\/IMG-20240223-WA0019.jpg?resize=350%2C200&ssl=1 1x, https:\/\/i0.wp.com\/lasprimeras.com.do\/wp-content\/uploads\/2024\/02\/IMG-20240223-WA0019.jpg?resize=525%2C300&ssl=1 1.5x, https:\/\/i0.wp.com\/lasprimeras.com.do\/wp-content\/uploads\/2024\/02\/IMG-20240223-WA0019.jpg?resize=700%2C400&ssl=1 2x"},"classes":[]},{"id":101071,"url":"https:\/\/lasprimeras.com.do\/index.php\/2025\/06\/15\/fard-obtiene-primer-lugar-en-los-juegos-deportivos-de-las-ff-aa-y-pn-2025\/","url_meta":{"origin":94897,"position":2},"title":"FARD obtiene primer lugar en los Juegos Deportivos de las FF.AA y PN 2025","author":"Nelson Feliz","date":"15 de junio de 2025","format":false,"excerpt":"Con una ceremonia celebrada en la sede del Ministerio de Defensa, concluyeron los Juegos Deportivos de las Fuerzas Armadas y la Polic\u00eda Nacional 2025, evento coordinado por la Confederaci\u00f3n Deportiva de las Fuerzas Armadas y la Polic\u00eda Nacional (CONFEDFAPNRD). El acto fue presidido por el teniente general Carlos Antonio Fern\u00e1ndez\u2026","rel":"","context":"En \u00abDEPORTES\u00bb","block_context":{"text":"DEPORTES","link":"https:\/\/lasprimeras.com.do\/index.php\/category\/deportes\/"},"img":{"alt_text":"","src":"https:\/\/i0.wp.com\/lasprimeras.com.do\/wp-content\/uploads\/2025\/06\/FARD.jpg?resize=350%2C200&ssl=1","width":350,"height":200,"srcset":"https:\/\/i0.wp.com\/lasprimeras.com.do\/wp-content\/uploads\/2025\/06\/FARD.jpg?resize=350%2C200&ssl=1 1x, https:\/\/i0.wp.com\/lasprimeras.com.do\/wp-content\/uploads\/2025\/06\/FARD.jpg?resize=525%2C300&ssl=1 1.5x, https:\/\/i0.wp.com\/lasprimeras.com.do\/wp-content\/uploads\/2025\/06\/FARD.jpg?resize=700%2C400&ssl=1 2x"},"classes":[]},{"id":68060,"url":"https:\/\/lasprimeras.com.do\/index.php\/2023\/11\/21\/pn-despliega-1754-agentes-preventivos-a-nivel-nacional\/","url_meta":{"origin":94897,"position":3},"title":"PN despliega 1,754 agentes preventivos a nivel nacional","author":"Nelson Feliz","date":"21 de noviembre de 2023","format":false,"excerpt":"Por Mart\u00edn Restituyo El director general de la Polic\u00eda Nacional, mayor general Ram\u00f3n Antonio Guzm\u00e1n Peralta, a trav\u00e9s de la Direcci\u00f3n Central de Prevenci\u00f3n, fueron desplegados anoche un total de 1,754 agentes que tambi\u00e9n incluyeron miembros adscritos a la Direcci\u00f3n Central de Investigaci\u00f3n (DICRIM) y 325 efectivos militares. Como resultado\u2026","rel":"","context":"En \u00abMILITARES\u00bb","block_context":{"text":"MILITARES","link":"https:\/\/lasprimeras.com.do\/index.php\/category\/militares\/"},"img":{"alt_text":"Ram\u00f3n Antonio Guzm\u00e1n Peralta","src":"https:\/\/i0.wp.com\/lasprimeras.com.do\/wp-content\/uploads\/2023\/11\/Ramon-Antonio-Guzman-Peralta.jpg?resize=350%2C200&ssl=1","width":350,"height":200,"srcset":"https:\/\/i0.wp.com\/lasprimeras.com.do\/wp-content\/uploads\/2023\/11\/Ramon-Antonio-Guzman-Peralta.jpg?resize=350%2C200&ssl=1 1x, https:\/\/i0.wp.com\/lasprimeras.com.do\/wp-content\/uploads\/2023\/11\/Ramon-Antonio-Guzman-Peralta.jpg?resize=525%2C300&ssl=1 1.5x, https:\/\/i0.wp.com\/lasprimeras.com.do\/wp-content\/uploads\/2023\/11\/Ramon-Antonio-Guzman-Peralta.jpg?resize=700%2C400&ssl=1 2x"},"classes":[]},{"id":67134,"url":"https:\/\/lasprimeras.com.do\/index.php\/2023\/11\/13\/alberto-then-se-despide-de-la-pn-mostrando-30000-armas-blancas-incautadas-en-ultimos-6-meses\/","url_meta":{"origin":94897,"position":4},"title":"Alberto Then se despide de la PN mostrando 30,000 armas blancas incautadas en \u00faltimos 6 meses","author":"BIMARY DE JES\u00daS Matos","date":"13 de noviembre de 2023","format":false,"excerpt":"Santo Domingo.-Este lunes el director general de la Polic\u00eda Nacional, Eduardo Alberto Then, mostr\u00f3 m\u00e1s de 30,000 armas blancas que fueron incautadas durante operativos realizados en los \u00faltimos seis meses. El titular de la entidad realiz\u00f3 la exhibici\u00f3n para evidenciar la efectividad del combate en contra de la criminalidad en\u2026","rel":"","context":"En \u00abNACIONALES\u00bb","block_context":{"text":"NACIONALES","link":"https:\/\/lasprimeras.com.do\/index.php\/category\/nacionales\/"},"img":{"alt_text":"","src":"https:\/\/i0.wp.com\/lasprimeras.com.do\/wp-content\/uploads\/2023\/11\/valentin-15.jpg?resize=350%2C200&ssl=1","width":350,"height":200,"srcset":"https:\/\/i0.wp.com\/lasprimeras.com.do\/wp-content\/uploads\/2023\/11\/valentin-15.jpg?resize=350%2C200&ssl=1 1x, https:\/\/i0.wp.com\/lasprimeras.com.do\/wp-content\/uploads\/2023\/11\/valentin-15.jpg?resize=525%2C300&ssl=1 1.5x"},"classes":[]},{"id":120188,"url":"https:\/\/lasprimeras.com.do\/index.php\/2026\/01\/21\/ege-haina-entrega-remozamiento-de-la-escuela-vocacional-de-las-ff-aa-y-de-la-pn-de-yaguate\/","url_meta":{"origin":94897,"position":5},"title":"EGE Haina entrega remozamiento de la Escuela Vocacional de las FF.AA. y de la PN de Yaguate","author":"Nelson Feliz","date":"21 de enero de 2026","format":false,"excerpt":"EGE Haina","rel":"","context":"En \u00abNACIONALES\u00bb","block_context":{"text":"NACIONALES","link":"https:\/\/lasprimeras.com.do\/index.php\/category\/nacionales\/"},"img":{"alt_text":"EGE Haina","src":"https:\/\/i0.wp.com\/lasprimeras.com.do\/wp-content\/uploads\/2026\/01\/EGE-Haina.jpg?resize=350%2C200&ssl=1","width":350,"height":200,"srcset":"https:\/\/i0.wp.com\/lasprimeras.com.do\/wp-content\/uploads\/2026\/01\/EGE-Haina.jpg?resize=350%2C200&ssl=1 1x, https:\/\/i0.wp.com\/lasprimeras.com.do\/wp-content\/uploads\/2026\/01\/EGE-Haina.jpg?resize=525%2C300&ssl=1 1.5x, https:\/\/i0.wp.com\/lasprimeras.com.do\/wp-content\/uploads\/2026\/01\/EGE-Haina.jpg?resize=700%2C400&ssl=1 2x"},"classes":[]}],"jetpack_sharing_enabled":true,"_links":{"self":[{"href":"https:\/\/lasprimeras.com.do\/index.php\/wp-json\/wp\/v2\/posts\/94897","targetHints":{"allow":["GET"]}}],"collection":[{"href":"https:\/\/lasprimeras.com.do\/index.php\/wp-json\/wp\/v2\/posts"}],"about":[{"href":"https:\/\/lasprimeras.com.do\/index.php\/wp-json\/wp\/v2\/types\/post"}],"author":[{"embeddable":true,"href":"https:\/\/lasprimeras.com.do\/index.php\/wp-json\/wp\/v2\/users\/2"}],"replies":[{"embeddable":true,"href":"https:\/\/lasprimeras.com.do\/index.php\/wp-json\/wp\/v2\/comments?post=94897"}],"version-history":[{"count":1,"href":"https:\/\/lasprimeras.com.do\/index.php\/wp-json\/wp\/v2\/posts\/94897\/revisions"}],"predecessor-version":[{"id":94899,"href":"https:\/\/lasprimeras.com.do\/index.php\/wp-json\/wp\/v2\/posts\/94897\/revisions\/94899"}],"wp:featuredmedia":[{"embeddable":true,"href":"https:\/\/lasprimeras.com.do\/index.php\/wp-json\/wp\/v2\/media\/94898"}],"wp:attachment":[{"href":"https:\/\/lasprimeras.com.do\/index.php\/wp-json\/wp\/v2\/media?parent=94897"}],"wp:term":[{"taxonomy":"category","embeddable":true,"href":"https:\/\/lasprimeras.com.do\/index.php\/wp-json\/wp\/v2\/categories?post=94897"},{"taxonomy":"post_tag","embeddable":true,"href":"https:\/\/lasprimeras.com.do\/index.php\/wp-json\/wp\/v2\/tags?post=94897"}],"curies":[{"name":"wp","href":"https:\/\/api.w.org\/{rel}","templated":true}]}}