{"id":94903,"date":"2025-03-06T12:48:34","date_gmt":"2025-03-06T16:48:34","guid":{"rendered":"https:\/\/lasprimeras.com.do\/?p=94903"},"modified":"2025-03-06T12:48:35","modified_gmt":"2025-03-06T16:48:35","slug":"mitur-y-cap-cana-presentan-detalles-del-republica-dominicana-open-copa-cap-cana-2025","status":"publish","type":"post","link":"https:\/\/lasprimeras.com.do\/index.php\/2025\/03\/06\/mitur-y-cap-cana-presentan-detalles-del-republica-dominicana-open-copa-cap-cana-2025\/","title":{"rendered":"MITUR y Cap Cana presentan detalles del Rep\u00fablica Dominicana Open Copa Cap Cana 2025"},"content":{"rendered":"\n<p>El Ministerio de Turismo y la Ciudad Destino Cap Cana, dieron a conocer este jueves los detalles del Rep\u00fablica Dominicana Open Copa Cana 2025, el torneo profesional de tenis m\u00e1s grande organizado en la historia del pa\u00eds del circuito ATP Challenger.<\/p>\n\n\n\n<p>El ATP Challenger 175, que se extender\u00e1 del 10 al 16 de marzo, ser\u00e1 el evento oficial que inaugurar\u00e1 las 6 canchas de tenis de Cap Cana, construidas para la ocasi\u00f3n, y representa uno de los m\u00e1s importantes torneos a desarrollarse por primera vez en el pa\u00eds y en Latinoam\u00e9rica, como antesala al Masters 1000 del Miami Open, uno de los m\u00e1s prestigiosos torneos del tenis internacional.<\/p>\n\n\n\n<p>La serie ATP Challenger 175 es la m\u00e1s prestigiosa dentro del circuito challenger porque es una modalidad que cre\u00f3 la ATP para que los jugadores puedan ganar puntos entre dos torneos Master 1000. Este en dominicana en particular se juega entre el Indian Wells y Miami Open.<\/p>\n\n\n\n<p>Con este evento Cap Cana y el MITUR reafirman el compromiso que tienen de trabajar a trav\u00e9s de alianzas p\u00fablico-privadas para el desarrollo del turismo deportivo en la Rep\u00fablica Dominicana, al igual que con otros torneos de gran categor\u00eda que se han venido realizando en los \u00faltimos a\u00f1os, atrayendo miles de turistas y aportes econ\u00f3micos al pa\u00eds.<\/p>\n\n\n\n<p>Para debutar en este ATP se ha confirmado la presencia de jugadores top en el mundo y del m\u00e1s alto nivel como lo son el chileno Alejandro Tabilo, los franceses Alexandre Muller y Benjamin Bonzi, el americano Brandon Nakashima, los argentinos Tom\u00e1s Martin Etcheverry y Mariano Navone. As\u00ed mismo de Holanda Talloon Grieskspoor, de la Rep\u00fablica Checa Jakub Mensik, de B\u00e9lgica David Goffin y de Gran Breta\u00f1a Cameron Norrie.<\/p>\n\n\n\n<p>Los detalles del torneo fueron presentados por el ministro de Turismo, David Collado y el presidente del Consejo de Administraci\u00f3n de Cap Cana, Fernando Hazoury.<\/p>\n\n\n\n<p>En su disertaci\u00f3n, el ministro de turismo David Collado extern\u00f3 que: &#8220;Seguimos apostando al turismo deportivo como una plataforma clave para fortalecer nuestra proyecci\u00f3n internacional y diversificar nuestra oferta. Este torneo ATP 175 en Cap Cana no solo reafirma que Rep\u00fablica Dominicana es mucho m\u00e1s que sol y playa, sino que tambi\u00e9n nos posiciona como un destino capaz de albergar grandes eventos internacionales. Hemos abrazado el tenis y otras disciplinas deportivas porque sabemos el impacto positivo que generan en la econom\u00eda, el turismo y la proyecci\u00f3n de nuestra marca pa\u00eds ante el mundo\u201d?<\/p>\n\n\n\n<p>De su lado, Fernando Hazoury, presidente del consejo de administraci\u00f3n de Cap Cana aprovech\u00f3 la ocasi\u00f3n de destacar la importancia que tiene el turismo deportivo para Cap Cana y aplaudi\u00f3 la acci\u00f3n del ministro Collado quien desde que fue alcalde de la ciudad ha promovido y apoyado el tenis, con una visi\u00f3n a futuro, viendo hoy estos frutos.<\/p>\n\n\n\n<p>Dijo Cap Cana Ciudad Destino el destino se siente orgulloso de poder dar la bienvenida junto al pa\u00eds a este important\u00edsimo evento que no solo atrae este tipo de turismo al pa\u00eds, sino que adem\u00e1s aporta al turismo en sentido general, invitando a que los jugadores y familiares vivan experiencias \u00fanicas y diversas formas de recreaci\u00f3n, mientras disfrutan de su pasi\u00f3n deportiva: \u201cEstamos muy contentos de que recibiremos en nuestro pa\u00eds y nuestra ciudad destino en particular una serie de jugadores internacionales que han sido colocados entre los tops mundiales y de los mejores de sus nacionalidades por su gran desempe\u00f1o en este apasionante deporte\u201d.<\/p>\n\n\n\n<p>\u201cA todos ustedes, y a usted en particular se\u00f1or ministro junto a su grandioso equipo, gracias por apoyarnos en Cap Cana a desarrollar este important\u00edsimo evento que es para el pa\u00eds, dentro de un lugar paradis\u00edaco que permite que todos los que jueguen y disfruten de los partidos se lleven adem\u00e1s una experiencia vivencial inigualable.\u201d, concluy\u00f3 Hazoury.<\/p>\n\n\n\n<p>La primera edici\u00f3n del Rep\u00fablica Dominicana Open, Copa Cap Cana, Ciudad Destino, servir\u00e1 como antesala del Masters 1000 de Miami, de los de m\u00e1s prestigio en el tenis internacional.<\/p>\n\n\n\n<p>Al igual que el torneo estadounidense, la Copa Cap Cana se jugar\u00e1 en 3 canchas y se practicar\u00e1 en 3 m\u00e1s de superficie dura, Hard Laykold, para facilitar la adaptaci\u00f3n de los atletas ya que las caracter\u00edsticas de esta son las mismas que de las canchas del Miami Open.<\/p>\n\n\n\n<p>El evento repartir\u00e1 una bolsa de 250 mil d\u00f3lares entre 28 jugadores de sencillos y 16 parejas de dobles. Los campeones en ambas modalidades sumar\u00e1n 175 puntos para el ranking mundial.<\/p>\n\n\n\n<p>Los amantes del tenis tendr\u00e1n la oportunidad de ver los partidos en el estadio principal, as\u00ed como en dos canchas Grand stand, con una capacidad total para m\u00e1s de 1700 personas. Y ser\u00e1n transmitidos por ESPN y Disney + localmente, as\u00ed como por Tennis Channel en Estados Unidos, Europa e India; por DAZN en Italia y Nueva Zelanda; en Arena Sport de Chechenia y Eslovaquia, y por BB Sport en Islandia y Rusia.<\/p>\n\n\n\n<p>Las boletas para los partidos del ATP Challenger 175 est\u00e1n a la venta a trav\u00e9s de copacapcana.uepatickets.com<\/p>\n","protected":false},"excerpt":{"rendered":"<p>El Ministerio de Turismo y la Ciudad Destino Cap Cana, dieron a conocer este jueves los detalles del Rep\u00fablica Dominicana Open Copa Cana 2025, el torneo profesional de tenis m\u00e1s&hellip;<\/p>\n","protected":false},"author":2,"featured_media":94904,"comment_status":"open","ping_status":"open","sticky":false,"template":"","format":"standard","meta":{"content-type":"","jetpack_post_was_ever_published":false,"_jetpack_newsletter_access":"","_jetpack_dont_email_post_to_subs":false,"_jetpack_newsletter_tier_id":0,"_jetpack_memberships_contains_paywalled_content":false,"_jetpack_memberships_contains_paid_content":false,"footnotes":""},"categories":[630],"tags":[4259,973,17917,1226],"class_list":["post-94903","post","type-post","status-publish","format-standard","has-post-thumbnail","hentry","category-deportes","tag-cap-cana","tag-mitur","tag-open-copa-cap-cana-2025","tag-republica-dominicana"],"jetpack_featured_media_url":"https:\/\/lasprimeras.com.do\/wp-content\/uploads\/2025\/03\/MITUR-y-la-Ciudad-Destino-Cap-Cana.jpg","jetpack-related-posts":[{"id":124419,"url":"https:\/\/lasprimeras.com.do\/index.php\/2026\/03\/12\/roberto-cid-debuta-este-martes-en-la-copa-cap-cana\/","url_meta":{"origin":94903,"position":0},"title":"Roberto Cid debuta este martes en la Copa Cap Cana","author":"Nelson Feliz","date":"12 de marzo de 2026","format":false,"excerpt":"El dominicano Roberto Cid ser\u00e1 el primer tenista local en debutar en el cuadro principal del Rep\u00fablica Dominicana Open, Copa Cap Cana 2026, lo que har\u00e1 este martes no antes de las 6:30 de la tarde. El partido del quisqueyano en el evento auspiciado por el Ministerio de Turismo ser\u00e1\u2026","rel":"","context":"En \u00abDEPORTES\u00bb","block_context":{"text":"DEPORTES","link":"https:\/\/lasprimeras.com.do\/index.php\/category\/deportes\/"},"img":{"alt_text":"","src":"https:\/\/i0.wp.com\/lasprimeras.com.do\/wp-content\/uploads\/2026\/03\/IMG-20260310-WA0176.jpg?resize=350%2C200&ssl=1","width":350,"height":200,"srcset":"https:\/\/i0.wp.com\/lasprimeras.com.do\/wp-content\/uploads\/2026\/03\/IMG-20260310-WA0176.jpg?resize=350%2C200&ssl=1 1x, https:\/\/i0.wp.com\/lasprimeras.com.do\/wp-content\/uploads\/2026\/03\/IMG-20260310-WA0176.jpg?resize=525%2C300&ssl=1 1.5x, https:\/\/i0.wp.com\/lasprimeras.com.do\/wp-content\/uploads\/2026\/03\/IMG-20260310-WA0176.jpg?resize=700%2C400&ssl=1 2x, https:\/\/i0.wp.com\/lasprimeras.com.do\/wp-content\/uploads\/2026\/03\/IMG-20260310-WA0176.jpg?resize=1050%2C600&ssl=1 3x"},"classes":[]},{"id":124422,"url":"https:\/\/lasprimeras.com.do\/index.php\/2026\/03\/12\/hurkacz-debuta-este-jueves-en-cap-cana-se-definiran-los-cuartos-de-final\/","url_meta":{"origin":94903,"position":1},"title":"Hurkacz debuta este jueves en Cap Cana; se definir\u00e1n los cuartos de final","author":"Nelson Feliz","date":"12 de marzo de 2026","format":false,"excerpt":"El polaco Hubert Hurkacz, ex n\u00famero seis del mundo y una de las principales atracciones del Rep\u00fablica Dominicana Open, Copa Cap Cana 2026, estar\u00e1 en acci\u00f3n este jueves debutando en el evento frente al italiano Mattia Bellucci. El partido del actual 71 del mundo est\u00e1 pautado en el estadio Cap\u2026","rel":"","context":"En \u00abDEPORTES\u00bb","block_context":{"text":"DEPORTES","link":"https:\/\/lasprimeras.com.do\/index.php\/category\/deportes\/"},"img":{"alt_text":"","src":"","width":0,"height":0},"classes":[]},{"id":57572,"url":"https:\/\/lasprimeras.com.do\/index.php\/2023\/08\/14\/genaro-olivieri-campeon-del-rd-open-2023-boscardin-y-heide-triunfan-en-dobles\/","url_meta":{"origin":94903,"position":2},"title":"Genaro Olivieri, campe\u00f3n del RD Open 2023; Boscardin y Heide triunfan en dobles","author":"Nelson Feliz","date":"14 de agosto de 2023","format":false,"excerpt":"El argentino Genaro Olivieri se alz\u00f3 con el t\u00edtulo de campe\u00f3n de RD Open 2023 tronchando las aspiraciones de su compatriota Marco Trungelliti, quien por segundo a\u00f1o consecutivo cae en la final del evento. Ambos jugadores accionaron en dos partidos este domingo puesto que jugaron la semifinal y luego la\u2026","rel":"","context":"En \u00abSin categor\u00eda\u00bb","block_context":{"text":"Sin categor\u00eda","link":"https:\/\/lasprimeras.com.do\/index.php\/category\/sin-categoria\/"},"img":{"alt_text":"Genaro Olivieri","src":"https:\/\/i0.wp.com\/lasprimeras.com.do\/wp-content\/uploads\/2023\/08\/Genaro-Olivieri.jpg?resize=350%2C200&ssl=1","width":350,"height":200,"srcset":"https:\/\/i0.wp.com\/lasprimeras.com.do\/wp-content\/uploads\/2023\/08\/Genaro-Olivieri.jpg?resize=350%2C200&ssl=1 1x, https:\/\/i0.wp.com\/lasprimeras.com.do\/wp-content\/uploads\/2023\/08\/Genaro-Olivieri.jpg?resize=525%2C300&ssl=1 1.5x, https:\/\/i0.wp.com\/lasprimeras.com.do\/wp-content\/uploads\/2023\/08\/Genaro-Olivieri.jpg?resize=700%2C400&ssl=1 2x"},"classes":[]},{"id":57301,"url":"https:\/\/lasprimeras.com.do\/index.php\/2023\/08\/10\/meligeni-supera-a-bertran-rd-open-2023-esta-noche-busca-sf-de-dobles\/","url_meta":{"origin":94903,"position":3},"title":"Meligeni supera a Bertran RD Open 2023; esta noche busca SF de dobles","author":"Nelson Feliz","date":"10 de agosto de 2023","format":false,"excerpt":"El dominicano Peter Bertran no pudo avanzar a cuayrtos de final del RD Open 2023 este jueves, luego de que cayera por 1-6, 3-6 frente al brasile\u00f1o Felipe Meligeni Alves en el estadio MITUR del Santo Domingo Tennis Club (La Bocha), donde se desarrolla el torneo hasta el pr\u00f3ximo domingo.\u2026","rel":"","context":"En \u00abSin categor\u00eda\u00bb","block_context":{"text":"Sin categor\u00eda","link":"https:\/\/lasprimeras.com.do\/index.php\/category\/sin-categoria\/"},"img":{"alt_text":"Meligeni supera a Bertran RD","src":"https:\/\/i0.wp.com\/lasprimeras.com.do\/wp-content\/uploads\/2023\/08\/Meligeni-supera-a-Bertran-RD.jpg?resize=350%2C200&ssl=1","width":350,"height":200,"srcset":"https:\/\/i0.wp.com\/lasprimeras.com.do\/wp-content\/uploads\/2023\/08\/Meligeni-supera-a-Bertran-RD.jpg?resize=350%2C200&ssl=1 1x, https:\/\/i0.wp.com\/lasprimeras.com.do\/wp-content\/uploads\/2023\/08\/Meligeni-supera-a-Bertran-RD.jpg?resize=525%2C300&ssl=1 1.5x, https:\/\/i0.wp.com\/lasprimeras.com.do\/wp-content\/uploads\/2023\/08\/Meligeni-supera-a-Bertran-RD.jpg?resize=700%2C400&ssl=1 2x"},"classes":[]},{"id":118004,"url":"https:\/\/lasprimeras.com.do\/index.php\/2025\/12\/19\/el-atp-tour-lanza-politica-de-proteccion-para-combatir-el-abuso-en-el-tenis\/","url_meta":{"origin":94903,"position":4},"title":"El ATP Tour lanza pol\u00edtica de protecci\u00f3n para combatir el abuso en el tenis","author":"Nelson Feliz","date":"19 de diciembre de 2025","format":false,"excerpt":"Londres, AP | El Tour de la ATP present\u00f3 el viernes una nueva pol\u00edtica de protecci\u00f3n que tiene como objetivo garantizar que los jugadores y el personal se sientan seguros de abusos durante el circuito de tenis y sepan c\u00f3mo reportar comportamientos inapropiados. En un movimiento que refleja el trabajo\u2026","rel":"","context":"En \u00abDEPORTES\u00bb","block_context":{"text":"DEPORTES","link":"https:\/\/lasprimeras.com.do\/index.php\/category\/deportes\/"},"img":{"alt_text":"Un trofeo y el logo de la ATP se muestran en una pantalla durante un partido de tenis individual de las Finales del ATP World Tour, en Tur\u00edn, Italia, el domingo 9 de noviembre de 2025.","src":"https:\/\/i0.wp.com\/lasprimeras.com.do\/wp-content\/uploads\/2025\/12\/ATP-Tour.jpg?resize=350%2C200&ssl=1","width":350,"height":200,"srcset":"https:\/\/i0.wp.com\/lasprimeras.com.do\/wp-content\/uploads\/2025\/12\/ATP-Tour.jpg?resize=350%2C200&ssl=1 1x, https:\/\/i0.wp.com\/lasprimeras.com.do\/wp-content\/uploads\/2025\/12\/ATP-Tour.jpg?resize=525%2C300&ssl=1 1.5x, https:\/\/i0.wp.com\/lasprimeras.com.do\/wp-content\/uploads\/2025\/12\/ATP-Tour.jpg?resize=700%2C400&ssl=1 2x"},"classes":[]},{"id":56983,"url":"https:\/\/lasprimeras.com.do\/index.php\/2023\/08\/07\/verdasco-debuta-este-martes-en-rd-open-hardt-y-bertran-cierran-la-jornada\/","url_meta":{"origin":94903,"position":5},"title":"Verdasco debuta este martes en RD Open; Hardt y Bertran cierran la jornada","author":"Nelson Feliz","date":"7 de agosto de 2023","format":false,"excerpt":"Tras una jornada recortada por la lluvia en el RD Open 2023, el partido estelar entre los dominicanos Nick Hardt y Peter Betran fue reprogramado para este martes no antes de las 7:00 de la noche en el estadio MITUR del Santo Domingo Tennis Club (La Bocha). Tambi\u00e9n en la\u2026","rel":"","context":"En \u00abSin categor\u00eda\u00bb","block_context":{"text":"Sin categor\u00eda","link":"https:\/\/lasprimeras.com.do\/index.php\/category\/sin-categoria\/"},"img":{"alt_text":"","src":"https:\/\/i0.wp.com\/lasprimeras.com.do\/wp-content\/uploads\/2023\/08\/Lluvia.jpg?resize=350%2C200&ssl=1","width":350,"height":200,"srcset":"https:\/\/i0.wp.com\/lasprimeras.com.do\/wp-content\/uploads\/2023\/08\/Lluvia.jpg?resize=350%2C200&ssl=1 1x, https:\/\/i0.wp.com\/lasprimeras.com.do\/wp-content\/uploads\/2023\/08\/Lluvia.jpg?resize=525%2C300&ssl=1 1.5x, https:\/\/i0.wp.com\/lasprimeras.com.do\/wp-content\/uploads\/2023\/08\/Lluvia.jpg?resize=700%2C400&ssl=1 2x"},"classes":[]}],"jetpack_sharing_enabled":true,"_links":{"self":[{"href":"https:\/\/lasprimeras.com.do\/index.php\/wp-json\/wp\/v2\/posts\/94903","targetHints":{"allow":["GET"]}}],"collection":[{"href":"https:\/\/lasprimeras.com.do\/index.php\/wp-json\/wp\/v2\/posts"}],"about":[{"href":"https:\/\/lasprimeras.com.do\/index.php\/wp-json\/wp\/v2\/types\/post"}],"author":[{"embeddable":true,"href":"https:\/\/lasprimeras.com.do\/index.php\/wp-json\/wp\/v2\/users\/2"}],"replies":[{"embeddable":true,"href":"https:\/\/lasprimeras.com.do\/index.php\/wp-json\/wp\/v2\/comments?post=94903"}],"version-history":[{"count":1,"href":"https:\/\/lasprimeras.com.do\/index.php\/wp-json\/wp\/v2\/posts\/94903\/revisions"}],"predecessor-version":[{"id":94905,"href":"https:\/\/lasprimeras.com.do\/index.php\/wp-json\/wp\/v2\/posts\/94903\/revisions\/94905"}],"wp:featuredmedia":[{"embeddable":true,"href":"https:\/\/lasprimeras.com.do\/index.php\/wp-json\/wp\/v2\/media\/94904"}],"wp:attachment":[{"href":"https:\/\/lasprimeras.com.do\/index.php\/wp-json\/wp\/v2\/media?parent=94903"}],"wp:term":[{"taxonomy":"category","embeddable":true,"href":"https:\/\/lasprimeras.com.do\/index.php\/wp-json\/wp\/v2\/categories?post=94903"},{"taxonomy":"post_tag","embeddable":true,"href":"https:\/\/lasprimeras.com.do\/index.php\/wp-json\/wp\/v2\/tags?post=94903"}],"curies":[{"name":"wp","href":"https:\/\/api.w.org\/{rel}","templated":true}]}}