{"id":94909,"date":"2025-03-07T07:24:53","date_gmt":"2025-03-07T11:24:53","guid":{"rendered":"https:\/\/lasprimeras.com.do\/?p=94909"},"modified":"2025-03-07T07:24:55","modified_gmt":"2025-03-07T11:24:55","slug":"mide-celebra-el-dia-internacional-de-la-mujer-con-reconocimiento-a-militares-destacadas","status":"publish","type":"post","link":"https:\/\/lasprimeras.com.do\/index.php\/2025\/03\/07\/mide-celebra-el-dia-internacional-de-la-mujer-con-reconocimiento-a-militares-destacadas\/","title":{"rendered":"MIDE celebra el D\u00eda Internacional de la Mujer con reconocimiento a militares destacadas"},"content":{"rendered":"\n<p>En conmemoraci\u00f3n del D\u00eda Internacional de la Mujer, el Ministerio de Defensa (MIDE) reconoci\u00f3 a mujeres destacadas del Ej\u00e9rcito, la Armada y la Fuerza A\u00e9rea de Rep\u00fablica Dominicana, cuerpos especializados, instituciones y dependencias de las Fuerzas Armadas, en honor a su esfuerzo, liderazgo y compromiso en el ejercicio de su carrera militar.<\/p>\n\n\n\n<p>La ceremonia solemne, realizada en el Sal\u00f3n Restauraci\u00f3n del MIDE, estuvo presidida por el ministro de Defensa, teniente general Carlos A. Fern\u00e1ndez Onofre, ERD, quien estuvo acompa\u00f1ado por su esposa, la se\u00f1ora Varinnia Dur\u00e1n de Fern\u00e1ndez, presidenta de la Asociaci\u00f3n Dominicana de Esposas de Oficiales de las Fuerzas Armadas (ADEOFA), as\u00ed como por oficiales del Estado Mayor General de las Fuerzas Armadas.<\/p>\n\n\n\n<p>En su discurso, el ministro Fern\u00e1ndez Onofre destac\u00f3 el sacrificio, vocaci\u00f3n de servicio y liderazgo que las homenajeadas demuestran en sus funciones en los niveles estrat\u00e9gico, operativo y t\u00e1ctico, consolidando as\u00ed el fortalecimiento de las instituciones militares.<\/p>\n\n\n\n<p>\u201cComo ministro de Defensa, reafirmo nuestro compromiso de seguir impulsando un ambiente de respeto, equidad e igualdad de oportunidades. Su labor es invaluable, su entrega es digna de reconocimiento y su compromiso con la construcci\u00f3n de un pa\u00eds m\u00e1s seguro es incuestionable\u201d, expres\u00f3 el alto mando militar.<\/p>\n\n\n\n<p>Las mujeres reconocidas incluyen oficiales superiores, oficiales subalternas, clases, alistadas y asimiladas militares, quienes fueron seleccionadas por sus respectivas instituciones en m\u00e9rito a su excelencia en distintas \u00e1reas de servicio.<\/p>\n\n\n\n<p>Previo a la entrega de reconocimientos, las homenajeadas participaron en una charla-taller organizada por ADEOFA, orientada al crecimiento personal y profesional, as\u00ed como a la reflexi\u00f3n sobre el rol de la mujer en la sociedad y en las Fuerzas Armadas.<\/p>\n\n\n\n<p>Con este homenaje, el Ministerio de Defensa reafirma su compromiso con la equidad de g\u00e9nero y la valorizaci\u00f3n del aporte de las mujeres en la consolidaci\u00f3n de la defensa y seguridad de la naci\u00f3n.<\/p>\n","protected":false},"excerpt":{"rendered":"<p>En conmemoraci\u00f3n del D\u00eda Internacional de la Mujer, el Ministerio de Defensa (MIDE) reconoci\u00f3 a mujeres destacadas del Ej\u00e9rcito, la Armada y la Fuerza A\u00e9rea de Rep\u00fablica Dominicana, cuerpos especializados,&hellip;<\/p>\n","protected":false},"author":2,"featured_media":94910,"comment_status":"open","ping_status":"open","sticky":false,"template":"","format":"standard","meta":{"content-type":"","jetpack_post_was_ever_published":false,"_jetpack_newsletter_access":"","_jetpack_dont_email_post_to_subs":false,"_jetpack_newsletter_tier_id":0,"_jetpack_memberships_contains_paywalled_content":false,"_jetpack_memberships_contains_paid_content":false,"footnotes":""},"categories":[3057,25],"tags":[17918,447,17919,1563],"class_list":["post-94909","post","type-post","status-publish","format-standard","has-post-thumbnail","hentry","category-militares","category-portada","tag-dia-internacional-de-la-mujer","tag-mide","tag-militares-destacadas","tag-reconocimiento"],"jetpack_featured_media_url":"https:\/\/lasprimeras.com.do\/wp-content\/uploads\/2025\/03\/mili.jpg","jetpack-related-posts":[{"id":95057,"url":"https:\/\/lasprimeras.com.do\/index.php\/2025\/03\/09\/escuelas-vocacionales-celebran-dia-internacional-de-la-mujer-al-personal-femenino\/","url_meta":{"origin":94909,"position":0},"title":"Escuelas Vocacionales celebran D\u00eda Internacional de la Mujer al personal femenino","author":"Nelson Feliz","date":"9 de marzo de 2025","format":false,"excerpt":"Con motivo del D\u00eda Internacional de la Mujer, la Direcci\u00f3n General de las Escuelas Vocacionales de las Fuerzas Armadas y de la Polic\u00eda Nacional (DIGEV) del Ministerio de Defensa (MIDE) llev\u00f3 a cabo una especial actividad dedicada al personal femenino de la instituci\u00f3n, destacando el valor y la importancia que\u2026","rel":"","context":"En \u00abMILITARES\u00bb","block_context":{"text":"MILITARES","link":"https:\/\/lasprimeras.com.do\/index.php\/category\/militares\/"},"img":{"alt_text":"","src":"https:\/\/i0.wp.com\/lasprimeras.com.do\/wp-content\/uploads\/2025\/03\/mujer.jpg?resize=350%2C200&ssl=1","width":350,"height":200,"srcset":"https:\/\/i0.wp.com\/lasprimeras.com.do\/wp-content\/uploads\/2025\/03\/mujer.jpg?resize=350%2C200&ssl=1 1x, https:\/\/i0.wp.com\/lasprimeras.com.do\/wp-content\/uploads\/2025\/03\/mujer.jpg?resize=525%2C300&ssl=1 1.5x, https:\/\/i0.wp.com\/lasprimeras.com.do\/wp-content\/uploads\/2025\/03\/mujer.jpg?resize=700%2C400&ssl=1 2x"},"classes":[]},{"id":73189,"url":"https:\/\/lasprimeras.com.do\/index.php\/2024\/01\/06\/digev-entrega-juguetes-a-hijos-de-militares-y-colaboradores\/","url_meta":{"origin":94909,"position":1},"title":"DIGEV entrega juguetes a hijos de militares y colaboradores","author":"Nelson Feliz","date":"6 de enero de 2024","format":false,"excerpt":"Por Martin Restituyo La Direcci\u00f3n General de las Escuelas Vocacionales de las Fuerzas Armadas y de la Polic\u00eda Nacional (DIGEV), con el apoyo del Ministerio de Defensa (MIDE) y la Asociaci\u00f3n Dominicana de Esposas de Oficiales de las Fuerzas Armadas (ADEOFA), realizaron una divertida entrega de juguetes a los hijos\u2026","rel":"","context":"En \u00abMILITARES\u00bb","block_context":{"text":"MILITARES","link":"https:\/\/lasprimeras.com.do\/index.php\/category\/militares\/"},"img":{"alt_text":"juguetes","src":"https:\/\/i0.wp.com\/lasprimeras.com.do\/wp-content\/uploads\/2024\/01\/juguetes-1.jpg?resize=350%2C200&ssl=1","width":350,"height":200,"srcset":"https:\/\/i0.wp.com\/lasprimeras.com.do\/wp-content\/uploads\/2024\/01\/juguetes-1.jpg?resize=350%2C200&ssl=1 1x, https:\/\/i0.wp.com\/lasprimeras.com.do\/wp-content\/uploads\/2024\/01\/juguetes-1.jpg?resize=525%2C300&ssl=1 1.5x, https:\/\/i0.wp.com\/lasprimeras.com.do\/wp-content\/uploads\/2024\/01\/juguetes-1.jpg?resize=700%2C400&ssl=1 2x"},"classes":[]},{"id":62060,"url":"https:\/\/lasprimeras.com.do\/index.php\/2023\/10\/02\/mide-conmemora-el-dia-del-retirado-con-misa-almuerzo-y-aumento-en-sus-pensiones\/","url_meta":{"origin":94909,"position":2},"title":"MIDE conmemora el \u201cD\u00eda del Retirado\u201d con misa, almuerzo y aumento en sus pensiones","author":"Nelson Feliz","date":"2 de octubre de 2023","format":false,"excerpt":"Por Martin Restituyo El Ministerio de Defensa (MIDE), celebr\u00f3 el \u201cD\u00eda del Retirado de las Fuerzas Armadas\u201d, con una misa de acci\u00f3n de gracias y realiz\u00f3 un almuerzo en honor a los hombres y mujeres valientes que dedicaron sus mejores a\u00f1os al servicio a nuestra patria, vistiendo con honor su\u2026","rel":"","context":"En \u00abMILITARES\u00bb","block_context":{"text":"MILITARES","link":"https:\/\/lasprimeras.com.do\/index.php\/category\/militares\/"},"img":{"alt_text":"MIDE","src":"https:\/\/i0.wp.com\/lasprimeras.com.do\/wp-content\/uploads\/2023\/10\/MIDE-1.jpg?resize=350%2C200&ssl=1","width":350,"height":200,"srcset":"https:\/\/i0.wp.com\/lasprimeras.com.do\/wp-content\/uploads\/2023\/10\/MIDE-1.jpg?resize=350%2C200&ssl=1 1x, https:\/\/i0.wp.com\/lasprimeras.com.do\/wp-content\/uploads\/2023\/10\/MIDE-1.jpg?resize=525%2C300&ssl=1 1.5x, https:\/\/i0.wp.com\/lasprimeras.com.do\/wp-content\/uploads\/2023\/10\/MIDE-1.jpg?resize=700%2C400&ssl=1 2x"},"classes":[]},{"id":109198,"url":"https:\/\/lasprimeras.com.do\/index.php\/2025\/09\/15\/mide-conmemora-independencia-de-centroamerica-y-como-parte-de-la-cfac-condecora-a-44-militares-dominicanos\/","url_meta":{"origin":94909,"position":3},"title":"MIDE conmemora Independencia de Centroam\u00e9rica y, como parte de la CFAC, condecora a 44 militares dominicanos","author":"Nelson Feliz","date":"15 de septiembre de 2025","format":false,"excerpt":"El Ministerio de Defensa (MIDE) realiz\u00f3 este lunes una solemne ceremonia de izada de banderas en conmemoraci\u00f3n del 204 aniversario de la Independencia de los pa\u00edses centroamericanos (Costa Rica, El Salvador, Guatemala, Honduras y Nicaragua), reafirmando los lazos hist\u00f3ricos, culturales y de integraci\u00f3n que unen a la Rep\u00fablica Dominicana con\u2026","rel":"","context":"En \u00abMILITARES\u00bb","block_context":{"text":"MILITARES","link":"https:\/\/lasprimeras.com.do\/index.php\/category\/militares\/"},"img":{"alt_text":"","src":"https:\/\/i0.wp.com\/lasprimeras.com.do\/wp-content\/uploads\/2025\/09\/mide.jpg?resize=350%2C200&ssl=1","width":350,"height":200,"srcset":"https:\/\/i0.wp.com\/lasprimeras.com.do\/wp-content\/uploads\/2025\/09\/mide.jpg?resize=350%2C200&ssl=1 1x, https:\/\/i0.wp.com\/lasprimeras.com.do\/wp-content\/uploads\/2025\/09\/mide.jpg?resize=525%2C300&ssl=1 1.5x, https:\/\/i0.wp.com\/lasprimeras.com.do\/wp-content\/uploads\/2025\/09\/mide.jpg?resize=700%2C400&ssl=1 2x"},"classes":[]},{"id":61629,"url":"https:\/\/lasprimeras.com.do\/index.php\/2023\/09\/28\/mide-auspicia-misas-para-fortalecer-espiritu-religioso-de-sus-soldados\/","url_meta":{"origin":94909,"position":4},"title":"MIDE auspicia misas para fortalecer esp\u00edritu religioso de sus Soldados","author":"Nelson Feliz","date":"28 de septiembre de 2023","format":false,"excerpt":"Por Martin Restituyo El Ministerio de Defensa (MIDE) inici\u00f3 una jornada de eucarist\u00edas en las dotaciones militares del Ej\u00e9rcito y el Cuerpo Especializado para la Seguridad Fronteriza Terrestre (CESFRONT) con el prop\u00f3sito de fomentar el sentido religioso en los soldados que tienen a su cargo la seguridad y la paz\u2026","rel":"","context":"En \u00abMILITARES\u00bb","block_context":{"text":"MILITARES","link":"https:\/\/lasprimeras.com.do\/index.php\/category\/militares\/"},"img":{"alt_text":"Misa","src":"https:\/\/i0.wp.com\/lasprimeras.com.do\/wp-content\/uploads\/2023\/09\/Misa-1.jpg?resize=350%2C200&ssl=1","width":350,"height":200,"srcset":"https:\/\/i0.wp.com\/lasprimeras.com.do\/wp-content\/uploads\/2023\/09\/Misa-1.jpg?resize=350%2C200&ssl=1 1x, https:\/\/i0.wp.com\/lasprimeras.com.do\/wp-content\/uploads\/2023\/09\/Misa-1.jpg?resize=525%2C300&ssl=1 1.5x"},"classes":[]},{"id":51698,"url":"https:\/\/lasprimeras.com.do\/index.php\/2023\/06\/02\/comandante-general-del-ejercito-asume-mando-del-comando-conjunto-unificado-de-fuerzas-armadas\/","url_meta":{"origin":94909,"position":5},"title":"Comandante general del Ej\u00e9rcito asume mando del Comando Conjunto Unificado de Fuerzas Armadas","author":"prenxa100","date":"2 de junio de 2023","format":false,"excerpt":"Por Wilson P\u00e9rez SANTO DOMINGO.- El comandante general del Ej\u00e9rcito de Rep\u00fablica Dominicana, mayor general Carlos A. Fern\u00e1ndez Onofre, asumi\u00f3 el mando como comandante del \u201cComando Conjunto Unificado de las Fuerzas Armadas\u201d, en sustituci\u00f3n del mayor general Carlos R. Febrillet Rodr\u00edguez, comandante general de la FARD. Desde el Comando Conjunto\u2026","rel":"","context":"En \u00abNACIONALES\u00bb","block_context":{"text":"NACIONALES","link":"https:\/\/lasprimeras.com.do\/index.php\/category\/nacionales\/"},"img":{"alt_text":"","src":"","width":0,"height":0},"classes":[]}],"jetpack_sharing_enabled":true,"_links":{"self":[{"href":"https:\/\/lasprimeras.com.do\/index.php\/wp-json\/wp\/v2\/posts\/94909","targetHints":{"allow":["GET"]}}],"collection":[{"href":"https:\/\/lasprimeras.com.do\/index.php\/wp-json\/wp\/v2\/posts"}],"about":[{"href":"https:\/\/lasprimeras.com.do\/index.php\/wp-json\/wp\/v2\/types\/post"}],"author":[{"embeddable":true,"href":"https:\/\/lasprimeras.com.do\/index.php\/wp-json\/wp\/v2\/users\/2"}],"replies":[{"embeddable":true,"href":"https:\/\/lasprimeras.com.do\/index.php\/wp-json\/wp\/v2\/comments?post=94909"}],"version-history":[{"count":1,"href":"https:\/\/lasprimeras.com.do\/index.php\/wp-json\/wp\/v2\/posts\/94909\/revisions"}],"predecessor-version":[{"id":94911,"href":"https:\/\/lasprimeras.com.do\/index.php\/wp-json\/wp\/v2\/posts\/94909\/revisions\/94911"}],"wp:featuredmedia":[{"embeddable":true,"href":"https:\/\/lasprimeras.com.do\/index.php\/wp-json\/wp\/v2\/media\/94910"}],"wp:attachment":[{"href":"https:\/\/lasprimeras.com.do\/index.php\/wp-json\/wp\/v2\/media?parent=94909"}],"wp:term":[{"taxonomy":"category","embeddable":true,"href":"https:\/\/lasprimeras.com.do\/index.php\/wp-json\/wp\/v2\/categories?post=94909"},{"taxonomy":"post_tag","embeddable":true,"href":"https:\/\/lasprimeras.com.do\/index.php\/wp-json\/wp\/v2\/tags?post=94909"}],"curies":[{"name":"wp","href":"https:\/\/api.w.org\/{rel}","templated":true}]}}