{"id":94912,"date":"2025-03-07T07:37:17","date_gmt":"2025-03-07T11:37:17","guid":{"rendered":"https:\/\/lasprimeras.com.do\/?p=94912"},"modified":"2025-03-07T07:37:19","modified_gmt":"2025-03-07T11:37:19","slug":"el-partido-popular-expreso-que-su-campana-no-tenia-intencion-de-danar-al-pais","status":"publish","type":"post","link":"https:\/\/lasprimeras.com.do\/index.php\/2025\/03\/07\/el-partido-popular-expreso-que-su-campana-no-tenia-intencion-de-danar-al-pais\/","title":{"rendered":"El Partido Popular expres\u00f3 que su campa\u00f1a no ten\u00eda intenci\u00f3n de da\u00f1ar al pa\u00eds"},"content":{"rendered":"\n<p><strong>El Partido Popular aclar\u00f3 que es una denuncia interna de Espa\u00f1a.<\/strong><\/p>\n\n\n\n<p>Ante las reacciones generadas por el reciente v\u00eddeo publicado en redes sociales, el Partido Popular de Espa\u00f1a aclar\u00f3 que su \u00fanica intenci\u00f3n fue denunciar la corrupci\u00f3n dentro del Gobierno de Pedro S\u00e1nchez, sin menoscabar en ning\u00fan momento la imagen de la Rep\u00fablica Dominicana, un pa\u00eds con una larga tradici\u00f3n democr\u00e1tica y un fuerte compromiso con el Estado de derecho.<\/p>\n\n\n\n<p>El material audiovisual, que parodiaba el formato de un reality show, fue creado con el prop\u00f3sito de ilustrar, de manera sat\u00edrica, los esc\u00e1ndalos que rodearon al actual Ejecutivo espa\u00f1ol.<\/p>\n\n\n\n<p>Sin embargo, el PP reconoci\u00f3 que la referencia a la Rep\u00fablica Dominicana caus\u00f3 malestar en algunos sectores, por lo que reiter\u00f3 su respeto y consideraci\u00f3n hacia esa naci\u00f3n.<\/p>\n\n\n\n<p>El Partido Popular reafirm\u00f3 su compromiso con una comunicaci\u00f3n pol\u00edtica responsable y transparente, y subray\u00f3 que cualquier interpretaci\u00f3n que vincule a la Rep\u00fablica Dominicana con la corrupci\u00f3n en Espa\u00f1a no reflejaba en absoluto el esp\u00edritu de la campa\u00f1a.<\/p>\n","protected":false},"excerpt":{"rendered":"<p>El Partido Popular aclar\u00f3 que es una denuncia interna de Espa\u00f1a. Ante las reacciones generadas por el reciente v\u00eddeo publicado en redes sociales, el Partido Popular de Espa\u00f1a aclar\u00f3 que&hellip;<\/p>\n","protected":false},"author":2,"featured_media":94913,"comment_status":"open","ping_status":"open","sticky":false,"template":"","format":"standard","meta":{"content-type":"","jetpack_post_was_ever_published":false,"_jetpack_newsletter_access":"","_jetpack_dont_email_post_to_subs":false,"_jetpack_newsletter_tier_id":0,"_jetpack_memberships_contains_paywalled_content":false,"_jetpack_memberships_contains_paid_content":false,"footnotes":""},"categories":[35,25],"tags":[147,1841,28,17920,2512],"class_list":["post-94912","post","type-post","status-publish","format-standard","has-post-thumbnail","hentry","category-nacionales","category-portada","tag-campana","tag-corrupcion","tag-espana","tag-l-partido-popular","tag-pedro-sanchez"],"jetpack_featured_media_url":"https:\/\/lasprimeras.com.do\/wp-content\/uploads\/2025\/03\/pedro-sanchez.png","jetpack-related-posts":[{"id":109255,"url":"https:\/\/lasprimeras.com.do\/index.php\/2025\/09\/15\/el-pais-quiere-hechos-no-palabras\/","url_meta":{"origin":94912,"position":0},"title":"El pa\u00eds quiere hechos, no palabras","author":"Nelson Feliz","date":"15 de septiembre de 2025","format":false,"excerpt":"En el fin de semana el Gobierno estren\u00f3 el nuevo equipo de comunicaciones de la presidencia de la Rep\u00fablica con el anuncio de dos funcionarios que de inmediato acudieron a la Procuradur\u00eda General de la Rep\u00fablica a entregar un informe de irregularidades detectadas en el Seguro Nacional de Salud (SeNaSa).\u2026","rel":"","context":"En \u00abOPINI\u00d3N\u00bb","block_context":{"text":"OPINI\u00d3N","link":"https:\/\/lasprimeras.com.do\/index.php\/category\/opinion\/"},"img":{"alt_text":"","src":"https:\/\/i0.wp.com\/lasprimeras.com.do\/wp-content\/uploads\/2025\/02\/SeNaSa.jpg?resize=350%2C200&ssl=1","width":350,"height":200,"srcset":"https:\/\/i0.wp.com\/lasprimeras.com.do\/wp-content\/uploads\/2025\/02\/SeNaSa.jpg?resize=350%2C200&ssl=1 1x, https:\/\/i0.wp.com\/lasprimeras.com.do\/wp-content\/uploads\/2025\/02\/SeNaSa.jpg?resize=525%2C300&ssl=1 1.5x, https:\/\/i0.wp.com\/lasprimeras.com.do\/wp-content\/uploads\/2025\/02\/SeNaSa.jpg?resize=700%2C400&ssl=1 2x"},"classes":[]},{"id":51169,"url":"https:\/\/lasprimeras.com.do\/index.php\/2023\/05\/29\/pedro-sanchez-disuelve-las-cortes-generales-y-convoca-elecciones-generales-anticipadas-en-espana\/","url_meta":{"origin":94912,"position":1},"title":"Pedro S\u00e1nchez disuelve las Cortes Generales y convoca elecciones generales anticipadas en Espa\u00f1a","author":"prenxa100","date":"29 de mayo de 2023","format":false,"excerpt":"La decisi\u00f3n se produce tras la debacle del Partido Socialista en las elecciones municipales y regionales de este domingo 28 de mayo. Espa\u00f1a,RT.-.El presidente espa\u00f1ol Pedro S\u00e1nchez ha comparecido este lunes para anunciar que convocar\u00e1 un Consejo de Ministros esta misma tarde para disolver las Cortes Generales y proceder a\u2026","rel":"","context":"En \u00abSin categor\u00eda\u00bb","block_context":{"text":"Sin categor\u00eda","link":"https:\/\/lasprimeras.com.do\/index.php\/category\/sin-categoria\/"},"img":{"alt_text":"","src":"","width":0,"height":0},"classes":[]},{"id":121359,"url":"https:\/\/lasprimeras.com.do\/index.php\/2026\/02\/03\/espana-busca-prohibir-redes-sociales-para-menores-de-16-anos-uniendose-a-otros-paises-de-europa\/","url_meta":{"origin":94912,"position":2},"title":"Espa\u00f1a busca prohibir redes sociales para menores de 16 a\u00f1os, uni\u00e9ndose a otros pa\u00edses de Europa","author":"Nelson Feliz","date":"3 de febrero de 2026","format":false,"excerpt":"POR SUMAN NAISHADHAM MADRID (AP) \u2014 Espa\u00f1a planea prohibir el acceso de ni\u00f1os menores de 16 a\u00f1os a redes sociales, afirm\u00f3 el martes el presidente de gobierno Pedro S\u00e1nchez, en una medida dise\u00f1ada para proteger a los j\u00f3venes de los da\u00f1os del contenido en l\u00ednea. En un discurso en una\u2026","rel":"","context":"En \u00abINTERNACIONALES\u00bb","block_context":{"text":"INTERNACIONALES","link":"https:\/\/lasprimeras.com.do\/index.php\/category\/sin-categoria\/internacionales\/"},"img":{"alt_text":"El presidente de gobierno espa\u00f1ol Pedro S\u00e1nchez en una conferencia en Bruselas el 23 de enero del 2026. (AP foto\/Omar Havana)","src":"https:\/\/i0.wp.com\/lasprimeras.com.do\/wp-content\/uploads\/2026\/02\/Pedro-Sanchez.jpg?resize=350%2C200&ssl=1","width":350,"height":200,"srcset":"https:\/\/i0.wp.com\/lasprimeras.com.do\/wp-content\/uploads\/2026\/02\/Pedro-Sanchez.jpg?resize=350%2C200&ssl=1 1x, https:\/\/i0.wp.com\/lasprimeras.com.do\/wp-content\/uploads\/2026\/02\/Pedro-Sanchez.jpg?resize=525%2C300&ssl=1 1.5x, https:\/\/i0.wp.com\/lasprimeras.com.do\/wp-content\/uploads\/2026\/02\/Pedro-Sanchez.jpg?resize=700%2C400&ssl=1 2x"},"classes":[]},{"id":120734,"url":"https:\/\/lasprimeras.com.do\/index.php\/2026\/01\/27\/espana-otorgara-estatus-legal-a-miles-de-inmigrantes-sin-permiso-de-residencia\/","url_meta":{"origin":94912,"position":3},"title":"Espa\u00f1a otorgar\u00e1 estatus legal a miles de inmigrantes sin permiso de residencia","author":"Nelson Feliz","date":"27 de enero de 2026","format":false,"excerpt":"POR RENATA BRITO BARCELONA, Espa\u00f1a (AP) \u2014 El gobierno de Espa\u00f1a anunci\u00f3 el martes que otorgar\u00e1 estatus legal a potencialmente cientos de miles de inmigrantes que viven y trabajan en el pa\u00eds sin autorizaci\u00f3n, el ejemplo m\u00e1s reciente de c\u00f3mo el pa\u00eds ha desafiado la tendencia hacia pol\u00edticas de inmigraci\u00f3n\u2026","rel":"","context":"En \u00abINTERNACIONALES\u00bb","block_context":{"text":"INTERNACIONALES","link":"https:\/\/lasprimeras.com.do\/index.php\/category\/sin-categoria\/internacionales\/"},"img":{"alt_text":"","src":"https:\/\/i0.wp.com\/lasprimeras.com.do\/wp-content\/uploads\/2026\/01\/MIGRANTE.jpg?resize=350%2C200&ssl=1","width":350,"height":200,"srcset":"https:\/\/i0.wp.com\/lasprimeras.com.do\/wp-content\/uploads\/2026\/01\/MIGRANTE.jpg?resize=350%2C200&ssl=1 1x, https:\/\/i0.wp.com\/lasprimeras.com.do\/wp-content\/uploads\/2026\/01\/MIGRANTE.jpg?resize=525%2C300&ssl=1 1.5x, https:\/\/i0.wp.com\/lasprimeras.com.do\/wp-content\/uploads\/2026\/01\/MIGRANTE.jpg?resize=700%2C400&ssl=1 2x"},"classes":[]},{"id":126259,"url":"https:\/\/lasprimeras.com.do\/index.php\/2026\/03\/31\/sanchez-roa-lo-de-agricultura-amerita-una-auditoria-externa-a-ambos-ministros\/","url_meta":{"origin":94912,"position":4},"title":"S\u00e1nchez Roa: Lo de Agricultura amerita una auditor\u00eda externa a ambos ministros","author":"Nelson Feliz","date":"31 de marzo de 2026","format":false,"excerpt":"Sugerencia de una auditor\u00eda externa en el Ministerio de Agricultura para aclarar denuncias sobre supuestas irregularidades El titular de la Secretar\u00eda de Asuntos Agropecuarios del Partido de la Liberaci\u00f3n Dominicana (PLD), Adriano S\u00e1nchez Roa, considera que la denuncia de situaciones graves registradas en el Ministerio de Agricultura, merecen la realizaci\u00f3n\u2026","rel":"","context":"En \u00abPOLITICA\u00bb","block_context":{"text":"POLITICA","link":"https:\/\/lasprimeras.com.do\/index.php\/category\/politica\/"},"img":{"alt_text":"Adriano S\u00e1nchez Roa","src":"https:\/\/i0.wp.com\/lasprimeras.com.do\/wp-content\/uploads\/2025\/05\/Adriano-Sanchez-Roa.jpg?resize=350%2C200&ssl=1","width":350,"height":200,"srcset":"https:\/\/i0.wp.com\/lasprimeras.com.do\/wp-content\/uploads\/2025\/05\/Adriano-Sanchez-Roa.jpg?resize=350%2C200&ssl=1 1x, https:\/\/i0.wp.com\/lasprimeras.com.do\/wp-content\/uploads\/2025\/05\/Adriano-Sanchez-Roa.jpg?resize=525%2C300&ssl=1 1.5x, https:\/\/i0.wp.com\/lasprimeras.com.do\/wp-content\/uploads\/2025\/05\/Adriano-Sanchez-Roa.jpg?resize=700%2C400&ssl=1 2x"},"classes":[]},{"id":128010,"url":"https:\/\/lasprimeras.com.do\/index.php\/2026\/04\/19\/sanchez-el-partido-que-se-financio-en-b-quiere-que-los-trabajadores-cobren-en-b\/","url_meta":{"origin":94912,"position":5},"title":"S\u00e1nchez: el partido que se financi\u00f3 en B, quiere que los trabajadores cobren en B","author":"Nelson Feliz","date":"19 de abril de 2026","format":false,"excerpt":"Madrid (EFE).- El presidente del Gobierno, Pedro S\u00e1nchez, ha denunciado este domingo la \u00abhipocres\u00eda\u00bb del PP, que apoy\u00f3 en su d\u00eda la regularizaci\u00f3n de inmigrantes y ahora la rechaza, aunque ha asegurado que no le sorprende: \u00abun partido que se financi\u00f3 en B, lo que quiere son trabajadores que cobren\u2026","rel":"","context":"En \u00abINTERNACIONALES\u00bb","block_context":{"text":"INTERNACIONALES","link":"https:\/\/lasprimeras.com.do\/index.php\/category\/sin-categoria\/internacionales\/"},"img":{"alt_text":"","src":"https:\/\/i0.wp.com\/lasprimeras.com.do\/wp-content\/uploads\/2026\/04\/Pedro-Sanchez.jpg?resize=350%2C200&ssl=1","width":350,"height":200,"srcset":"https:\/\/i0.wp.com\/lasprimeras.com.do\/wp-content\/uploads\/2026\/04\/Pedro-Sanchez.jpg?resize=350%2C200&ssl=1 1x, https:\/\/i0.wp.com\/lasprimeras.com.do\/wp-content\/uploads\/2026\/04\/Pedro-Sanchez.jpg?resize=525%2C300&ssl=1 1.5x, https:\/\/i0.wp.com\/lasprimeras.com.do\/wp-content\/uploads\/2026\/04\/Pedro-Sanchez.jpg?resize=700%2C400&ssl=1 2x"},"classes":[]}],"jetpack_sharing_enabled":true,"_links":{"self":[{"href":"https:\/\/lasprimeras.com.do\/index.php\/wp-json\/wp\/v2\/posts\/94912","targetHints":{"allow":["GET"]}}],"collection":[{"href":"https:\/\/lasprimeras.com.do\/index.php\/wp-json\/wp\/v2\/posts"}],"about":[{"href":"https:\/\/lasprimeras.com.do\/index.php\/wp-json\/wp\/v2\/types\/post"}],"author":[{"embeddable":true,"href":"https:\/\/lasprimeras.com.do\/index.php\/wp-json\/wp\/v2\/users\/2"}],"replies":[{"embeddable":true,"href":"https:\/\/lasprimeras.com.do\/index.php\/wp-json\/wp\/v2\/comments?post=94912"}],"version-history":[{"count":1,"href":"https:\/\/lasprimeras.com.do\/index.php\/wp-json\/wp\/v2\/posts\/94912\/revisions"}],"predecessor-version":[{"id":94914,"href":"https:\/\/lasprimeras.com.do\/index.php\/wp-json\/wp\/v2\/posts\/94912\/revisions\/94914"}],"wp:featuredmedia":[{"embeddable":true,"href":"https:\/\/lasprimeras.com.do\/index.php\/wp-json\/wp\/v2\/media\/94913"}],"wp:attachment":[{"href":"https:\/\/lasprimeras.com.do\/index.php\/wp-json\/wp\/v2\/media?parent=94912"}],"wp:term":[{"taxonomy":"category","embeddable":true,"href":"https:\/\/lasprimeras.com.do\/index.php\/wp-json\/wp\/v2\/categories?post=94912"},{"taxonomy":"post_tag","embeddable":true,"href":"https:\/\/lasprimeras.com.do\/index.php\/wp-json\/wp\/v2\/tags?post=94912"}],"curies":[{"name":"wp","href":"https:\/\/api.w.org\/{rel}","templated":true}]}}