{"id":94918,"date":"2025-03-07T08:17:02","date_gmt":"2025-03-07T12:17:02","guid":{"rendered":"https:\/\/lasprimeras.com.do\/?p=94918"},"modified":"2025-03-07T08:17:03","modified_gmt":"2025-03-07T12:17:03","slug":"promipyme-entrega-rd45-millones-en-creditos-a-micro-y-pequenos-empresarios-en-el-seibo","status":"publish","type":"post","link":"https:\/\/lasprimeras.com.do\/index.php\/2025\/03\/07\/promipyme-entrega-rd45-millones-en-creditos-a-micro-y-pequenos-empresarios-en-el-seibo\/","title":{"rendered":"Promipyme entrega RD$45 millones en cr\u00e9ditos a micro y peque\u00f1os empresarios en El Seibo"},"content":{"rendered":"\n<p><strong>Desde la llegada del economista Fabricio G\u00f3mez Mazara a la direcci\u00f3n de Promipyme en noviembre de 2023, la instituci\u00f3n ha desembolsado m\u00e1s de RD$8,440 millones, de los cuales el 52% ha sido otorgado a mujeres.<\/strong><\/p>\n\n\n\n<p>El Consejo Nacional de Promoci\u00f3n y Apoyo a la Micro, Peque\u00f1a y Mediana Empresa (Promipyme) llev\u00f3 a cabo este jueves un acto de entrega de pr\u00e9stamos en la provincia de El Seibo, donde 225 emprendedores y peque\u00f1os empresarios recibieron financiamiento por un monto total de RD$45 millones de pesos.<\/p>\n\n\n\n<p>La actividad se realiz\u00f3 en el Sal\u00f3n Multiusos del Ayuntamiento Municipal de El Seibo y cont\u00f3 con la presencia de autoridades locales y representantes del sector empresarial.<\/p>\n\n\n\n<p>El director ejecutivo de Promipyme, Fabricio G\u00f3mez Mazara, destac\u00f3 el compromiso de la instituci\u00f3n con la inclusi\u00f3n financiera y el desarrollo de los emprendedores dominicanos, en especial de las mujeres, quienes representaron el 51% de los beneficiarios de los cr\u00e9ditos otorgados.<\/p>\n\n\n\n<p>&#8220;Venimos con buenas noticias y con un compromiso firme. Cada cr\u00e9dito representa una relaci\u00f3n de confianza mutua entre ustedes y nosotros&#8221;, expres\u00f3 G\u00f3mez Mazara durante su intervenci\u00f3n.<\/p>\n\n\n\n<p>Asimismo, resalt\u00f3 que desde su llegada a la direcci\u00f3n de Promipyme en noviembre de 2023, la instituci\u00f3n ha desembolsado m\u00e1s de RD$8,440 millones, de los cuales el 52% ha sido otorgado a mujeres.<\/p>\n\n\n\n<p>&#8220;Estamos convencidos de que juntos vamos a construir un futuro mejor. Nuestro objetivo es acompa\u00f1arte, no solo con el pr\u00e9stamo que hoy recibes, sino tambi\u00e9n con asistencia t\u00e9cnica y capacitaciones&#8221;, agreg\u00f3.<\/p>\n\n\n\n<p>El evento cont\u00f3 con la participaci\u00f3n de l\u00edderes locales, entre ellos el alcalde de Santa Cruz de El Seibo, Leo Francis Zorrilla Ramos, quien ofreci\u00f3 palabras de bienvenida, y Mar\u00eda del Carmen Villanueva Castro, beneficiaria de los pr\u00e9stamos, quien agradeci\u00f3 en nombre de los emprendedores favorecidos.<\/p>\n\n\n\n<p>Promipyme reafirm\u00f3 su compromiso de seguir fortaleciendo el ecosistema de emprendimiento en la Rep\u00fablica Dominicana, promoviendo el acceso a financiamiento y capacitaci\u00f3n para que m\u00e1s dominicanos puedan integrarse al tejido productivo del pa\u00eds.<\/p>\n","protected":false},"excerpt":{"rendered":"<p>Desde la llegada del economista Fabricio G\u00f3mez Mazara a la direcci\u00f3n de Promipyme en noviembre de 2023, la instituci\u00f3n ha desembolsado m\u00e1s de RD$8,440 millones, de los cuales el 52%&hellip;<\/p>\n","protected":false},"author":2,"featured_media":94919,"comment_status":"open","ping_status":"open","sticky":false,"template":"","format":"standard","meta":{"content-type":"","jetpack_post_was_ever_published":false,"_jetpack_newsletter_access":"","_jetpack_dont_email_post_to_subs":false,"_jetpack_newsletter_tier_id":0,"_jetpack_memberships_contains_paywalled_content":false,"_jetpack_memberships_contains_paid_content":false,"footnotes":""},"categories":[39],"tags":[17923,4783,17924,9533],"class_list":["post-94918","post","type-post","status-publish","format-standard","has-post-thumbnail","hentry","category-economia","tag-creditos-a-micro","tag-el-seibo","tag-pequenos-empresarios","tag-promipyme"],"jetpack_featured_media_url":"https:\/\/lasprimeras.com.do\/wp-content\/uploads\/2025\/03\/Fabricio-Gomez-Mazara.jpg","jetpack-related-posts":[{"id":93870,"url":"https:\/\/lasprimeras.com.do\/index.php\/2025\/02\/21\/promipyme-impulsa-economia-de-salcedo-con-rd70-millones-en-creditos-para-emprendedores\/","url_meta":{"origin":94918,"position":0},"title":"Promipyme impulsa econom\u00eda de Salcedo con RD$70 millones en cr\u00e9ditos para emprendedores","author":"Nelson Feliz","date":"21 de febrero de 2025","format":false,"excerpt":"El Consejo Nacional de Promoci\u00f3n y Apoyo a la Micro, Peque\u00f1a y Mediana Empresa (Promipyme) realiz\u00f3 la entrega de RD$70 millones en pr\u00e9stamos a 230 emprendedores y empresarios de la provincia Hermanas Mirabal. El acto, celebrado en el Sal\u00f3n Manuel Tejada Florentino de la Gobernaci\u00f3n Provincial, cont\u00f3 con la presencia\u2026","rel":"","context":"En \u00abECONOM\u00cdA\u00bb","block_context":{"text":"ECONOM\u00cdA","link":"https:\/\/lasprimeras.com.do\/index.php\/category\/economia\/"},"img":{"alt_text":"Fabricio G\u00f3mez Mazara","src":"https:\/\/i0.wp.com\/lasprimeras.com.do\/wp-content\/uploads\/2025\/02\/Fabricio-Gomez-Mazara-1.jpg?resize=350%2C200&ssl=1","width":350,"height":200,"srcset":"https:\/\/i0.wp.com\/lasprimeras.com.do\/wp-content\/uploads\/2025\/02\/Fabricio-Gomez-Mazara-1.jpg?resize=350%2C200&ssl=1 1x, https:\/\/i0.wp.com\/lasprimeras.com.do\/wp-content\/uploads\/2025\/02\/Fabricio-Gomez-Mazara-1.jpg?resize=525%2C300&ssl=1 1.5x, https:\/\/i0.wp.com\/lasprimeras.com.do\/wp-content\/uploads\/2025\/02\/Fabricio-Gomez-Mazara-1.jpg?resize=700%2C400&ssl=1 2x"},"classes":[]},{"id":105585,"url":"https:\/\/lasprimeras.com.do\/index.php\/2025\/08\/05\/el-senador-carlos-gomez-impulsa-el-desarrollo-emprendedor-en-moca\/","url_meta":{"origin":94918,"position":1},"title":"El Senador Carlos G\u00f3mez impulsa el desarrollo emprendedor en Moca","author":"Nelson Feliz","date":"5 de agosto de 2025","format":false,"excerpt":"Promipyme entrega RD$100 millones en cr\u00e9ditos a 400 microempresarios en la provincia Espaillat. Por: Nicolas Grull\u00f3n Ubi\u00f1as El Consejo Nacional de Promoci\u00f3n y Apoyo a la Micro, Peque\u00f1a y Mediana Empresa (Promipyme) en coordinaci\u00f3n con el senador Carlos G\u00f3mez encabez\u00f3 el acto de entrega de RD$100 millones en pr\u00e9stamos a\u2026","rel":"","context":"En \u00abECONOM\u00cdA\u00bb","block_context":{"text":"ECONOM\u00cdA","link":"https:\/\/lasprimeras.com.do\/index.php\/category\/economia\/"},"img":{"alt_text":"","src":"https:\/\/i0.wp.com\/lasprimeras.com.do\/wp-content\/uploads\/2025\/08\/Carlos-Gomez.jpg?resize=350%2C200&ssl=1","width":350,"height":200,"srcset":"https:\/\/i0.wp.com\/lasprimeras.com.do\/wp-content\/uploads\/2025\/08\/Carlos-Gomez.jpg?resize=350%2C200&ssl=1 1x, https:\/\/i0.wp.com\/lasprimeras.com.do\/wp-content\/uploads\/2025\/08\/Carlos-Gomez.jpg?resize=525%2C300&ssl=1 1.5x, https:\/\/i0.wp.com\/lasprimeras.com.do\/wp-content\/uploads\/2025\/08\/Carlos-Gomez.jpg?resize=700%2C400&ssl=1 2x"},"classes":[]},{"id":82317,"url":"https:\/\/lasprimeras.com.do\/index.php\/2024\/05\/01\/emprendedores-de-santo-domingo-este-reciben-apoyo-de-45-millones-de-pesos-en-creditos-de-promipyme\/","url_meta":{"origin":94918,"position":2},"title":"Emprendedores de Santo Domingo Este reciben apoyo de 45 millones de pesos en cr\u00e9ditos de Promipyme","author":"BIMARY DE JES\u00daS Matos","date":"1 de mayo de 2024","format":false,"excerpt":"Santo Domingo Este.- Promipyme, en su esfuerzo continuo por fortalecer a los micro, medianos y peque\u00f1os empresarios, entreg\u00f3 cr\u00e9ditos por valor de 45 millones de pesos dominicanos este martes 30 de abril a 300 ciudadanos de Santo Domingo Este. Fabricio G\u00f3mez Mazara, director general de la instituci\u00f3n, encabez\u00f3 la entrega\u2026","rel":"","context":"En \u00abPORTADA\u00bb","block_context":{"text":"PORTADA","link":"https:\/\/lasprimeras.com.do\/index.php\/category\/portada\/"},"img":{"alt_text":"","src":"https:\/\/i0.wp.com\/lasprimeras.com.do\/wp-content\/uploads\/2024\/05\/WhatsApp-Image-2024-05-01-at-9.11.52-AM-scaled.jpeg?resize=350%2C200&ssl=1","width":350,"height":200,"srcset":"https:\/\/i0.wp.com\/lasprimeras.com.do\/wp-content\/uploads\/2024\/05\/WhatsApp-Image-2024-05-01-at-9.11.52-AM-scaled.jpeg?resize=350%2C200&ssl=1 1x, https:\/\/i0.wp.com\/lasprimeras.com.do\/wp-content\/uploads\/2024\/05\/WhatsApp-Image-2024-05-01-at-9.11.52-AM-scaled.jpeg?resize=525%2C300&ssl=1 1.5x, https:\/\/i0.wp.com\/lasprimeras.com.do\/wp-content\/uploads\/2024\/05\/WhatsApp-Image-2024-05-01-at-9.11.52-AM-scaled.jpeg?resize=700%2C400&ssl=1 2x, https:\/\/i0.wp.com\/lasprimeras.com.do\/wp-content\/uploads\/2024\/05\/WhatsApp-Image-2024-05-01-at-9.11.52-AM-scaled.jpeg?resize=1050%2C600&ssl=1 3x, https:\/\/i0.wp.com\/lasprimeras.com.do\/wp-content\/uploads\/2024\/05\/WhatsApp-Image-2024-05-01-at-9.11.52-AM-scaled.jpeg?resize=1400%2C800&ssl=1 4x"},"classes":[]},{"id":67458,"url":"https:\/\/lasprimeras.com.do\/index.php\/2023\/11\/15\/abinader-designa-a-fabricio-gomez-como-nuevo-director-de-promipyme\/","url_meta":{"origin":94918,"position":3},"title":"Abinader designa a Fabricio G\u00f3mez como nuevo Director de PROMIPYME","author":"Nelson Feliz","date":"15 de noviembre de 2023","format":false,"excerpt":"El presidente de la Rep\u00fablica, Luis Abinader, design\u00f3 mediante el decreto 580-23 a Fabricio G\u00f3mez Mazara, como el nuevo director general del Consejo Nacional de Promoci\u00f3n y Apoyo a la Micro, Peque\u00f1a y Mediana Empresa (PROMIPYMES). Con una trayectoria destacada en los \u00e1mbitos de regulaci\u00f3n econ\u00f3mica, defensa de la competencia\u2026","rel":"","context":"En \u00abECONOM\u00cdA\u00bb","block_context":{"text":"ECONOM\u00cdA","link":"https:\/\/lasprimeras.com.do\/index.php\/category\/economia\/"},"img":{"alt_text":"Fabricio G\u00f3mez Mazara","src":"https:\/\/i0.wp.com\/lasprimeras.com.do\/wp-content\/uploads\/2023\/11\/Fabricio-Gomez-Mazara.jpg?resize=350%2C200&ssl=1","width":350,"height":200},"classes":[]},{"id":68091,"url":"https:\/\/lasprimeras.com.do\/index.php\/2023\/11\/21\/promipyme-ofrecera-mas-de-rd130-millones-para-apoyar-zonas-y-mipymes-afectadas-por-inundaciones\/","url_meta":{"origin":94918,"position":4},"title":"Promipyme ofrecer\u00e1 m\u00e1s de RD$130 millones para apoyar zonas y Mipymes afectadas por inundaciones","author":"BIMARY DE JES\u00daS Matos","date":"21 de noviembre de 2023","format":false,"excerpt":"Santo Domingo.-El Consejo Nacional de Promoci\u00f3n y Apoyo a la Micro, Peque\u00f1a y Mediana Empresa (Promipyme) inform\u00f3 su decisi\u00f3n de priorizar desembolsos por RD$131 millones, para apoyar a las zonas m\u00e1s impactadas por el evento atmosf\u00e9rico ocurrido el pasado fin de semana. En una nota, la instituci\u00f3n dispuso, adem\u00e1s, la\u2026","rel":"","context":"En \u00abNACIONALES\u00bb","block_context":{"text":"NACIONALES","link":"https:\/\/lasprimeras.com.do\/index.php\/category\/nacionales\/"},"img":{"alt_text":"","src":"https:\/\/i0.wp.com\/lasprimeras.com.do\/wp-content\/uploads\/2023\/11\/Noticias-de-energia-6-3.jpg?resize=350%2C200&ssl=1","width":350,"height":200,"srcset":"https:\/\/i0.wp.com\/lasprimeras.com.do\/wp-content\/uploads\/2023\/11\/Noticias-de-energia-6-3.jpg?resize=350%2C200&ssl=1 1x, https:\/\/i0.wp.com\/lasprimeras.com.do\/wp-content\/uploads\/2023\/11\/Noticias-de-energia-6-3.jpg?resize=525%2C300&ssl=1 1.5x"},"classes":[]},{"id":79264,"url":"https:\/\/lasprimeras.com.do\/index.php\/2024\/03\/25\/david-ortiz-impulsa-el-emprendimiento-exhorta-a-visitar-promipyme-para-obtener-prestamos\/","url_meta":{"origin":94918,"position":5},"title":"David Ort\u00edz impulsa el emprendimiento: exhorta a visitar Promipyme para obtener pr\u00e9stamos","author":"BIMARY DE JES\u00daS Matos","date":"25 de marzo de 2024","format":false,"excerpt":"Martin Restituyo Santo Domingo. - David Ort\u00edz, distinguido ex pelotero de las Grandes Ligas, realiz\u00f3 un llamado a los emprendedores dominicanos para que se acerquen a Promipyme con el objetivo de acceder a su variada oferta de pr\u00e9stamos, destacando las competitivas tasas de inter\u00e9s que maneja la instituci\u00f3n. Durante una\u2026","rel":"","context":"En \u00abNACIONALES\u00bb","block_context":{"text":"NACIONALES","link":"https:\/\/lasprimeras.com.do\/index.php\/category\/nacionales\/"},"img":{"alt_text":"","src":"https:\/\/i0.wp.com\/lasprimeras.com.do\/wp-content\/uploads\/2024\/03\/IMG-20240325-WA0021.jpg?resize=350%2C200&ssl=1","width":350,"height":200,"srcset":"https:\/\/i0.wp.com\/lasprimeras.com.do\/wp-content\/uploads\/2024\/03\/IMG-20240325-WA0021.jpg?resize=350%2C200&ssl=1 1x, https:\/\/i0.wp.com\/lasprimeras.com.do\/wp-content\/uploads\/2024\/03\/IMG-20240325-WA0021.jpg?resize=525%2C300&ssl=1 1.5x, https:\/\/i0.wp.com\/lasprimeras.com.do\/wp-content\/uploads\/2024\/03\/IMG-20240325-WA0021.jpg?resize=700%2C400&ssl=1 2x, https:\/\/i0.wp.com\/lasprimeras.com.do\/wp-content\/uploads\/2024\/03\/IMG-20240325-WA0021.jpg?resize=1050%2C600&ssl=1 3x"},"classes":[]}],"jetpack_sharing_enabled":true,"_links":{"self":[{"href":"https:\/\/lasprimeras.com.do\/index.php\/wp-json\/wp\/v2\/posts\/94918","targetHints":{"allow":["GET"]}}],"collection":[{"href":"https:\/\/lasprimeras.com.do\/index.php\/wp-json\/wp\/v2\/posts"}],"about":[{"href":"https:\/\/lasprimeras.com.do\/index.php\/wp-json\/wp\/v2\/types\/post"}],"author":[{"embeddable":true,"href":"https:\/\/lasprimeras.com.do\/index.php\/wp-json\/wp\/v2\/users\/2"}],"replies":[{"embeddable":true,"href":"https:\/\/lasprimeras.com.do\/index.php\/wp-json\/wp\/v2\/comments?post=94918"}],"version-history":[{"count":1,"href":"https:\/\/lasprimeras.com.do\/index.php\/wp-json\/wp\/v2\/posts\/94918\/revisions"}],"predecessor-version":[{"id":94920,"href":"https:\/\/lasprimeras.com.do\/index.php\/wp-json\/wp\/v2\/posts\/94918\/revisions\/94920"}],"wp:featuredmedia":[{"embeddable":true,"href":"https:\/\/lasprimeras.com.do\/index.php\/wp-json\/wp\/v2\/media\/94919"}],"wp:attachment":[{"href":"https:\/\/lasprimeras.com.do\/index.php\/wp-json\/wp\/v2\/media?parent=94918"}],"wp:term":[{"taxonomy":"category","embeddable":true,"href":"https:\/\/lasprimeras.com.do\/index.php\/wp-json\/wp\/v2\/categories?post=94918"},{"taxonomy":"post_tag","embeddable":true,"href":"https:\/\/lasprimeras.com.do\/index.php\/wp-json\/wp\/v2\/tags?post=94918"}],"curies":[{"name":"wp","href":"https:\/\/api.w.org\/{rel}","templated":true}]}}