{"id":94924,"date":"2025-03-07T09:03:58","date_gmt":"2025-03-07T13:03:58","guid":{"rendered":"https:\/\/lasprimeras.com.do\/?p=94924"},"modified":"2025-03-07T09:04:00","modified_gmt":"2025-03-07T13:04:00","slug":"antonio-florian-gobierno-del-prm-intenta-imponer-bombazo-fiscal-mediante-decreto","status":"publish","type":"post","link":"https:\/\/lasprimeras.com.do\/index.php\/2025\/03\/07\/antonio-florian-gobierno-del-prm-intenta-imponer-bombazo-fiscal-mediante-decreto\/","title":{"rendered":"Antonio Flori\u00e1n: Gobierno del PRM intenta imponer bombazo fiscal mediante decreto"},"content":{"rendered":"\n<p><strong>Abinader promovi\u00f3 una estrategia para \u201cenga\u00f1ar a los dominicanos\u201d.<\/strong><\/p>\n\n\n\n<p>El partido Fuerza del Pueblo (FP) calific\u00f3 como un \u201ctruco fallido\u201d el reciente intento del gobierno del presidente Luis Abinader y el Partido Revolucionario Moderno (PRM) de imponer un \u201cbombazo fiscal\u201d mediante el decreto 30-25, el cual buscaba aplicar el Impuesto sobre Transferencias de Bienes Industrializados y Servicios (ITBIS) a los servicios digitales en Rep\u00fablica Dominicana.<\/p>\n\n\n\n<p>El secretario general de la FP, Antonio Flori\u00e1n (Pe\u00f1ita), expres\u00f3 su indignaci\u00f3n ante lo que considera una estrategia del Gobierno para \u201cenga\u00f1ar a los dominicanos\u201d. Seg\u00fan Flori\u00e1n, la emisi\u00f3n del decreto 30-25, el pasado 25 de enero, y su posterior derogaci\u00f3n el 3 de marzo mediante el decreto 107-25, demuestran una clara intenci\u00f3n de aplicar nuevas cargas fiscales \u201cpor debajo de la mesa\u201d.<\/p>\n\n\n\n<p>Flori\u00e1n afirm\u00f3 que, aunque el Gobierno intent\u00f3 mostrarse como una administraci\u00f3n que escucha al pueblo, la realidad es muy distinta. \u201cAbinader y el PRM quer\u00edan imponer un bombazo fiscal a trav\u00e9s de un decreto y, cuando fueron descubiertos, no tuvieron m\u00e1s remedio que echarse atr\u00e1s. El truco no les sali\u00f3\u201d, enfatiz\u00f3 el dirigente pol\u00edtico.<\/p>\n\n\n\n<p>El decreto 30-25 establec\u00eda la percepci\u00f3n y aplicaci\u00f3n del ITBIS en servicios digitales ofrecidos por proveedores extranjeros y consumidos en el pa\u00eds. Esto habr\u00eda afectado a miles de dominicanos que utilizan plataformas como Netflix, Uber, Airbnb, y hasta herramientas educativas como Coursera y Duolingo.<\/p>\n\n\n\n<p>La FP record\u00f3 que no es la primera vez que el presidente Abinader intenta colar un paquete fiscal a espaldas del pueblo. En noviembre de 2024, el mandatario anunci\u00f3 la retirada de una reforma fiscal que fue recibida como un \u201cbombazo fiscal\u201d, luego de que dominicanos de todos los estratos sociales salieran a las calles a protestar. En ese entonces, el presidente declar\u00f3: \u201cHe decidido retirar la propuesta de reforma fiscal para no cargar m\u00e1s al pueblo dominicano\u201d\u200b.<\/p>\n\n\n\n<p>\u201c\u00bfQu\u00e9 cambi\u00f3 desde entonces?\u201d, se pregunt\u00f3 Flori\u00e1n. \u201cNada. Lo \u00fanico que hizo el presidente fue buscar una nueva manera de imponer los impuestos que no pudo aplicar con la reforma fiscal. Es evidente que, si no se hubiera hecho p\u00fablico, este decreto habr\u00eda entrado en vigencia en julio de este a\u00f1o y los dominicanos se habr\u00edan dado cuenta cuando ya estuvieran pagando m\u00e1s por cada servicio digital\u201d, subray\u00f3.<\/p>\n\n\n\n<p>La aplicaci\u00f3n del ITBIS a los servicios digitales habr\u00eda golpeado directamente el bolsillo de los consumidores y afectado negativamente a sectores clave de la econom\u00eda. Desde el aumento en el costo de transporte con plataformas como Uber y DiDi, hasta el encarecimiento de las herramientas digitales utilizadas por peque\u00f1as y medianas empresas (PYMES) y freelancers.<\/p>\n\n\n\n<p>\u201cEs ir\u00f3nico que mientras otros pa\u00edses impulsan la digitalizaci\u00f3n para mejorar su competitividad, el PRM intenta frenar el acceso de los dominicanos a estas herramientas con m\u00e1s impuestos. Lo m\u00e1s preocupante es que lo hacen de manera oculta, sin di\u00e1logo, sin transparencia, sin respeto al pueblo\u201d, agreg\u00f3 el secretario general de la FP.<\/p>\n\n\n\n<p>La narrativa del Gobierno, que ahora busca presentarse como una administraci\u00f3n sensible a las demandas de la ciudadan\u00eda, no convence a la Fuerza del Pueblo. \u201cNo escucharon al pueblo, simplemente se asustaron cuando se les descubri\u00f3. Es un truco fallido, un intento descarado de enga\u00f1ar a los dominicanos y pasarles una carga fiscal sin dar la cara\u201d, sentenci\u00f3 Flori\u00e1n.<\/p>\n\n\n\n<p>Finalmente, la Fuerza del Pueblo hizo un llamado a la ciudadan\u00eda a mantenerse vigilante ante las acciones del Gobierno y a exigir mayor transparencia en la gesti\u00f3n fiscal. \u201cNo podemos permitir que nos sigan intentando sorprender con impuestos ocultos y medidas fiscales que solo buscan cargar al pueblo trabajador\u201d, concluy\u00f3.<\/p>\n","protected":false},"excerpt":{"rendered":"<p>Abinader promovi\u00f3 una estrategia para \u201cenga\u00f1ar a los dominicanos\u201d. El partido Fuerza del Pueblo (FP) calific\u00f3 como un \u201ctruco fallido\u201d el reciente intento del gobierno del presidente Luis Abinader y&hellip;<\/p>\n","protected":false},"author":2,"featured_media":94925,"comment_status":"open","ping_status":"open","sticky":false,"template":"","format":"standard","meta":{"content-type":"","jetpack_post_was_ever_published":false,"_jetpack_newsletter_access":"","_jetpack_dont_email_post_to_subs":false,"_jetpack_newsletter_tier_id":0,"_jetpack_memberships_contains_paywalled_content":false,"_jetpack_memberships_contains_paid_content":false,"footnotes":""},"categories":[16559,25],"tags":[17926,17018,4171,158,171,31,17927],"class_list":["post-94924","post","type-post","status-publish","format-standard","has-post-thumbnail","hentry","category-politica","category-portada","tag-antonio-florian","tag-bombazo-fiscal","tag-decreto","tag-fuerza-del-pueblo","tag-gobierno","tag-prm","tag-truco-fallido"],"jetpack_featured_media_url":"https:\/\/lasprimeras.com.do\/wp-content\/uploads\/2025\/03\/Antonio-Florian-Penita.jpg","jetpack-related-posts":[{"id":92890,"url":"https:\/\/lasprimeras.com.do\/index.php\/2025\/01\/19\/francisco-luciano-acusa-al-gobierno-de-aplicar-bombazo-fiscal-disfrazado\/","url_meta":{"origin":94924,"position":0},"title":"Francisco Luciano acusa al Gobierno de aplicar &#8220;bombazo fiscal&#8221; disfrazado","author":"Nelson Feliz","date":"19 de enero de 2025","format":false,"excerpt":"Advierte que las medidas fiscales afectan directamente a la poblaci\u00f3n dominicana. El catedr\u00e1tico universitario y miembro de la Direcci\u00f3n Pol\u00edtica de la Fuerza del Pueblo (FP), Francisco Luciano, ha levantado la voz contra las recientes acciones del Gobierno del Partido Revolucionario Moderno (PRM). De acuerdo con el maestro Luciano, el\u2026","rel":"","context":"En \u00abPOLITICA\u00bb","block_context":{"text":"POLITICA","link":"https:\/\/lasprimeras.com.do\/index.php\/category\/politica\/"},"img":{"alt_text":"Francisco Luciano","src":"https:\/\/i0.wp.com\/lasprimeras.com.do\/wp-content\/uploads\/2025\/01\/Francisco-Luciano.jpg?resize=350%2C200&ssl=1","width":350,"height":200,"srcset":"https:\/\/i0.wp.com\/lasprimeras.com.do\/wp-content\/uploads\/2025\/01\/Francisco-Luciano.jpg?resize=350%2C200&ssl=1 1x, https:\/\/i0.wp.com\/lasprimeras.com.do\/wp-content\/uploads\/2025\/01\/Francisco-Luciano.jpg?resize=525%2C300&ssl=1 1.5x, https:\/\/i0.wp.com\/lasprimeras.com.do\/wp-content\/uploads\/2025\/01\/Francisco-Luciano.jpg?resize=700%2C400&ssl=1 2x"},"classes":[]},{"id":97959,"url":"https:\/\/lasprimeras.com.do\/index.php\/2025\/04\/29\/fp-el-gobierno-del-prm-ha-dado-una-senal-peligrosa-con-el-caso-de-las-barberias\/","url_meta":{"origin":94924,"position":1},"title":"FP : \u201cEl gobierno del PRM ha dado una se\u00f1al peligrosa con el caso de las barber\u00edas\u201d","author":"Nelson Feliz","date":"29 de abril de 2025","format":false,"excerpt":"El secretario general del partido Fuerza del Pueblo (FP), Antonio Flori\u00e1n (Pe\u00f1ita), advirti\u00f3 que las recientes declaraciones del director de la Polic\u00eda Nacional sobre el cierre de barber\u00edas y salones de belleza en horario nocturno representan una se\u00f1al peligrosa para el Estado de derecho y las garant\u00edas constitucionales en la\u2026","rel":"","context":"En \u00abPOLITICA\u00bb","block_context":{"text":"POLITICA","link":"https:\/\/lasprimeras.com.do\/index.php\/category\/politica\/"},"img":{"alt_text":"Antonio Flori\u00e1n (Pe\u00f1ita)","src":"https:\/\/i0.wp.com\/lasprimeras.com.do\/wp-content\/uploads\/2025\/03\/Antonio-Florian-Penita.jpg?resize=350%2C200&ssl=1","width":350,"height":200,"srcset":"https:\/\/i0.wp.com\/lasprimeras.com.do\/wp-content\/uploads\/2025\/03\/Antonio-Florian-Penita.jpg?resize=350%2C200&ssl=1 1x, https:\/\/i0.wp.com\/lasprimeras.com.do\/wp-content\/uploads\/2025\/03\/Antonio-Florian-Penita.jpg?resize=525%2C300&ssl=1 1.5x"},"classes":[]},{"id":125863,"url":"https:\/\/lasprimeras.com.do\/index.php\/2026\/03\/26\/fp-se-fortalece-leonel-juramenta-exgobernador-y-dirigentes-del-prm-pld\/","url_meta":{"origin":94924,"position":2},"title":"FP se fortalece: Leonel juramenta exgobernador y dirigentes del PRM-PLD","author":"Nelson Feliz","date":"26 de marzo de 2026","format":false,"excerpt":"La incorporaci\u00f3n de l\u00edderes comunitarios, profesionales y dirigentes pol\u00edticos fortalece la estructura de la Fuerza del Pueblo en la provincia. El presidente del partido Fuerza del Pueblo (FP) y expresidente de la Rep\u00fablica, Leonel Fern\u00e1ndez, jurament\u00f3 en esa organizaci\u00f3n a decenas de nuevos miembros en la provincia Hermanas Mirabal, en\u2026","rel":"","context":"En \u00abPOLITICA\u00bb","block_context":{"text":"POLITICA","link":"https:\/\/lasprimeras.com.do\/index.php\/category\/politica\/"},"img":{"alt_text":"Leonel Fern\u00e1ndez","src":"https:\/\/i0.wp.com\/lasprimeras.com.do\/wp-content\/uploads\/2026\/03\/Leonel-Fernandez-3.jpg?resize=350%2C200&ssl=1","width":350,"height":200,"srcset":"https:\/\/i0.wp.com\/lasprimeras.com.do\/wp-content\/uploads\/2026\/03\/Leonel-Fernandez-3.jpg?resize=350%2C200&ssl=1 1x, https:\/\/i0.wp.com\/lasprimeras.com.do\/wp-content\/uploads\/2026\/03\/Leonel-Fernandez-3.jpg?resize=525%2C300&ssl=1 1.5x, https:\/\/i0.wp.com\/lasprimeras.com.do\/wp-content\/uploads\/2026\/03\/Leonel-Fernandez-3.jpg?resize=700%2C400&ssl=1 2x"},"classes":[]},{"id":90079,"url":"https:\/\/lasprimeras.com.do\/index.php\/2024\/10\/12\/lf-insta-al-gobierno-a-buscar-consenso-para-evitar-crisis-por-paquetazo-fiscal\/","url_meta":{"origin":94924,"position":3},"title":"LF insta al gobierno a buscar consenso para evitar crisis por paquetazo fiscal","author":"Nelson Feliz","date":"12 de octubre de 2024","format":false,"excerpt":"El expresidente de la Rep\u00fablica y l\u00edder del partido Fuerza del Pueblo (FP), Leonel Fern\u00e1ndez, hizo un llamado urgente al gobierno, utilizando su cuenta de X (anteriormente Twitter), en el que inst\u00f3 al presidente Luis Abinader a convocar un di\u00e1logo con los sectores econ\u00f3micos y sociales para abordar las preocupaciones\u2026","rel":"","context":"En \u00abECONOM\u00cdA\u00bb","block_context":{"text":"ECONOM\u00cdA","link":"https:\/\/lasprimeras.com.do\/index.php\/category\/economia\/"},"img":{"alt_text":"","src":"https:\/\/i0.wp.com\/lasprimeras.com.do\/wp-content\/uploads\/2024\/10\/Leonel-Fernandez-3.jpg?resize=350%2C200&ssl=1","width":350,"height":200,"srcset":"https:\/\/i0.wp.com\/lasprimeras.com.do\/wp-content\/uploads\/2024\/10\/Leonel-Fernandez-3.jpg?resize=350%2C200&ssl=1 1x, https:\/\/i0.wp.com\/lasprimeras.com.do\/wp-content\/uploads\/2024\/10\/Leonel-Fernandez-3.jpg?resize=525%2C300&ssl=1 1.5x, https:\/\/i0.wp.com\/lasprimeras.com.do\/wp-content\/uploads\/2024\/10\/Leonel-Fernandez-3.jpg?resize=700%2C400&ssl=1 2x"},"classes":[]},{"id":112204,"url":"https:\/\/lasprimeras.com.do\/index.php\/2025\/10\/19\/leonel-acusa-al-prm-de-hundir-al-pais-en-criminalidadla-gente-no-puede-salir-a-la-calle\/","url_meta":{"origin":94924,"position":4},"title":"Leonel acusa al PRM de hundir al pa\u00eds en criminalidad;la gente no puede salir a la calle","author":"Nelson Feliz","date":"19 de octubre de 2025","format":false,"excerpt":"Se\u00f1ala que la criminalidad mantiene a la poblaci\u00f3n en estado de miedo permanente: \u201cNo podemos salir de noche porque tememos ser v\u00edctimas de un asalto\u201d. El expresidente de la Rep\u00fablica y l\u00edder de la Fuerza del Pueblo (FP), Leonel Fern\u00e1ndez, arremeti\u00f3 este domingo contra la gesti\u00f3n del Partido Revolucionario Moderno\u2026","rel":"","context":"En \u00abPOLITICA\u00bb","block_context":{"text":"POLITICA","link":"https:\/\/lasprimeras.com.do\/index.php\/category\/politica\/"},"img":{"alt_text":"","src":"https:\/\/i0.wp.com\/lasprimeras.com.do\/wp-content\/uploads\/2025\/10\/leonel-fernandez.jpg?resize=350%2C200&ssl=1","width":350,"height":200,"srcset":"https:\/\/i0.wp.com\/lasprimeras.com.do\/wp-content\/uploads\/2025\/10\/leonel-fernandez.jpg?resize=350%2C200&ssl=1 1x, https:\/\/i0.wp.com\/lasprimeras.com.do\/wp-content\/uploads\/2025\/10\/leonel-fernandez.jpg?resize=525%2C300&ssl=1 1.5x, https:\/\/i0.wp.com\/lasprimeras.com.do\/wp-content\/uploads\/2025\/10\/leonel-fernandez.jpg?resize=700%2C400&ssl=1 2x"},"classes":[]},{"id":72947,"url":"https:\/\/lasprimeras.com.do\/index.php\/2024\/01\/04\/fp-califica-de-vulgar-engano-decreto-que-regula-publicidad\/","url_meta":{"origin":94924,"position":5},"title":"FP califica de \u00abvulgar enga\u00f1o\u00bb decreto que regula publicidad","author":"BIMARY DE JES\u00daS Matos","date":"4 de enero de 2024","format":false,"excerpt":"Santo Domingo.- El Comit\u00e9 Nacional de Campa\u00f1a del partido Fuerza del Pueblo (FP) califica como \u00abun vulgar enga\u00f1o\u00bb el decreto emitido por el presidente Luis Abinader para regular la publicidad. Dijo que el mismo d\u00eda en que el gobierno da a conocer ese decreto que regula la publicidad oficial, Luis\u2026","rel":"","context":"En \u00abSin categor\u00eda\u00bb","block_context":{"text":"Sin categor\u00eda","link":"https:\/\/lasprimeras.com.do\/index.php\/category\/sin-categoria\/"},"img":{"alt_text":"","src":"https:\/\/i0.wp.com\/lasprimeras.com.do\/wp-content\/uploads\/2024\/01\/Noticias-de-energia-2024-01-04T083335.106-1.jpg?resize=350%2C200&ssl=1","width":350,"height":200,"srcset":"https:\/\/i0.wp.com\/lasprimeras.com.do\/wp-content\/uploads\/2024\/01\/Noticias-de-energia-2024-01-04T083335.106-1.jpg?resize=350%2C200&ssl=1 1x, https:\/\/i0.wp.com\/lasprimeras.com.do\/wp-content\/uploads\/2024\/01\/Noticias-de-energia-2024-01-04T083335.106-1.jpg?resize=525%2C300&ssl=1 1.5x, https:\/\/i0.wp.com\/lasprimeras.com.do\/wp-content\/uploads\/2024\/01\/Noticias-de-energia-2024-01-04T083335.106-1.jpg?resize=700%2C400&ssl=1 2x"},"classes":[]}],"jetpack_sharing_enabled":true,"_links":{"self":[{"href":"https:\/\/lasprimeras.com.do\/index.php\/wp-json\/wp\/v2\/posts\/94924","targetHints":{"allow":["GET"]}}],"collection":[{"href":"https:\/\/lasprimeras.com.do\/index.php\/wp-json\/wp\/v2\/posts"}],"about":[{"href":"https:\/\/lasprimeras.com.do\/index.php\/wp-json\/wp\/v2\/types\/post"}],"author":[{"embeddable":true,"href":"https:\/\/lasprimeras.com.do\/index.php\/wp-json\/wp\/v2\/users\/2"}],"replies":[{"embeddable":true,"href":"https:\/\/lasprimeras.com.do\/index.php\/wp-json\/wp\/v2\/comments?post=94924"}],"version-history":[{"count":1,"href":"https:\/\/lasprimeras.com.do\/index.php\/wp-json\/wp\/v2\/posts\/94924\/revisions"}],"predecessor-version":[{"id":94926,"href":"https:\/\/lasprimeras.com.do\/index.php\/wp-json\/wp\/v2\/posts\/94924\/revisions\/94926"}],"wp:featuredmedia":[{"embeddable":true,"href":"https:\/\/lasprimeras.com.do\/index.php\/wp-json\/wp\/v2\/media\/94925"}],"wp:attachment":[{"href":"https:\/\/lasprimeras.com.do\/index.php\/wp-json\/wp\/v2\/media?parent=94924"}],"wp:term":[{"taxonomy":"category","embeddable":true,"href":"https:\/\/lasprimeras.com.do\/index.php\/wp-json\/wp\/v2\/categories?post=94924"},{"taxonomy":"post_tag","embeddable":true,"href":"https:\/\/lasprimeras.com.do\/index.php\/wp-json\/wp\/v2\/tags?post=94924"}],"curies":[{"name":"wp","href":"https:\/\/api.w.org\/{rel}","templated":true}]}}