{"id":94927,"date":"2025-03-07T09:27:30","date_gmt":"2025-03-07T13:27:30","guid":{"rendered":"https:\/\/lasprimeras.com.do\/?p=94927"},"modified":"2025-03-07T09:27:31","modified_gmt":"2025-03-07T13:27:31","slug":"ministro-de-la-presidencia-dice-es-caso-cerrado-reforma-fiscal-o-revision-de-incentivos","status":"publish","type":"post","link":"https:\/\/lasprimeras.com.do\/index.php\/2025\/03\/07\/ministro-de-la-presidencia-dice-es-caso-cerrado-reforma-fiscal-o-revision-de-incentivos\/","title":{"rendered":"Ministro de la Presidencia dice es caso cerrado reforma fiscal o revisi\u00f3n de incentivos"},"content":{"rendered":"\n<p>El ministro de la Presidencia y presidente del Partido Revolucionario Moderno (PRM), Jos\u00e9 Ignacio Paliza, afirm\u00f3 que la discusi\u00f3n sobre una posible reforma fiscal, o revisi\u00f3n de incentivos impositivos, \u201cqued\u00f3 totalmente cerrada el pasado a\u00f1o\u201d, con el retiro de la propuesta de modernizaci\u00f3n fiscal en octubre del 2024 por parte del Poder Ejecutivo.<\/p>\n\n\n\n<p>\u201cNo hay ni habr\u00e1 en este gobierno una nueva iniciativa de ese tipo. Caso cerrado\u201d, escribi\u00f3 ayer el funcionario en su cuenta de X, en momentos en que el tema \u201crevive\u201d en el pa\u00eds tras el sometimiento del controversial proyecto de ley que modifica los reg\u00edmenes de exenciones y privilegios fiscales, depositado en el Congreso el pasado lunes por el diputado reformista Rogelio Alfonso Genao Lanza.<\/p>\n\n\n\n<p>La pieza legislativa genera cr\u00edticas en sectores, en especial en el industrial.<\/p>\n\n\n\n<p>Pacheco no ve momento adecuado para aprobar proyecto elimina exenciones y privilegios fiscales<br>Horas antes del comentario de Paliza, el presidente de la C\u00e1mara de Diputados, Alfredo Pacheco, llam\u00f3 a la calma a los sectores del pa\u00eds que est\u00e1n preocupados por el referido proyecto de ley.<\/p>\n\n\n\n<p>Exhort\u00f3 a los industriales y quienes se sienten afectados a \u201cestar tranquilos\u201d, porque \u201cno hay el mayor inter\u00e9s en el conocimiento de una nueva reforma fiscal\u201d, ya que el pasado proyecto de modernizaci\u00f3n fiscal que someti\u00f3 y retir\u00f3 el Poder Ejecutivo en octubre del 2024 no tuvo \u00e9xito.<\/p>\n\n\n\n<p>\u201cPienso que en este tiempo como que no es el momento adecuado para producir aprobaciones de esta naturaleza, que afectan de manera sensible a los dem\u00e1s sectores productivos\u201d, sostuvo.<\/p>\n\n\n\n<p>El legislador manifest\u00f3: \u201cNadie debe tener aprensi\u00f3n, alarma o lo que sea\u201d en torno a la pieza introducida por el diputado reformista Rogelio Alfonso Genao Lanza, porque en la C\u00e1mara nunca acostumbran a tratar proyectos que no sean debidamente pasados por el tamiz de que las partes interesadas vayan all\u00ed a expresarse.<\/p>\n\n\n\n<p>\u201cEl presidente de la Rep\u00fablica y sus voceros m\u00e1s autorizados manifestaron que no tienen inter\u00e9s en producir una reforma fiscal. Y luego de eso han surgido inquietudes en ese sentido, pero desestimaron la posibilidad de producir este proyecto\u201d, profundiz\u00f3 el congresista tras precisar que, en relaci\u00f3n con la iniciativa actual, cada legislador tiene su prerrogativa de someter proyectos.<\/p>\n\n\n\n<p>Pacheco consider\u00f3 que Genao Lanza es un diputado activo, inteligente y muy trabajador, no obstante garantiz\u00f3 que cualquier paso que den en el Congreso con el pliego de ley, ser\u00e1 acorde con el inter\u00e9s nacional y las expectativas que tienen los sectores productivos del pa\u00eds.<\/p>\n\n\n\n<p>Pese a comentario de Pacheco, Genao Lanza no da marcha atr\u00e1s<\/p>\n\n\n\n<p>Pese a la posici\u00f3n del presidente de la C\u00e1mara de Diputados en relaci\u00f3n al pol\u00e9mico proyecto de ley, el diputado de La Vega insiste en que se necesita eliminar los reg\u00edmenes de exenciones y privilegios fiscales, debido al d\u00e9ficit fiscal, el cual obliga al Estado a acudir a los pr\u00e9stamos.<\/p>\n\n\n\n<p>El diputado reformista consider\u00f3 que Pacheco no ve el momento de aprobar la pieza ahora, porque las discusiones sobre el pliego de ley \u201cest\u00e1n iniciando\u201d, pero que la Comisi\u00f3n Permanente de Hacienda, apoderada de la iniciativa, comenzar\u00e1 el estudio y debates con la misma.<\/p>\n\n\n\n<p>\u201cNo pude ser que proyectos que ya han cumplido su rol no paguen impuestos sobre la renta\u201d, sostuvo.<br>Sobre el sector industrial, dijo que no se puede durar 30 a\u00f1os sin pagar impuestos, porque ya la exoneraci\u00f3n no se convierte en un incentivo, sino un privilegio. \u201cY sectores con empresas que ya han recuperado su inversi\u00f3n, que han generado muchas ganancias, no pagan impuestos. Y es momento de que sectores que ya est\u00e1n pr\u00f3speros, que generan muchos recursos, paguen su parte\u201d, detall\u00f3, Genao Lanza.<\/p>\n\n\n\n<p>\u201cEn su momento vamos a analizar a ver lo que m\u00e1s le convenga al pa\u00eds\u201d<\/p>\n\n\n\n<p>El presidente del Senado, Ricardo de los Santos, volvi\u00f3 a pronunciarse en relaci\u00f3n con el controversial proyecto de ley que quita exenciones y privilegios fiscales.<\/p>\n\n\n\n<p>Coment\u00f3 que en su momento va a analizar lo que m\u00e1s le convenga a la Rep\u00fablica Dominicana, porque se debe apostar a la estabilidad que hoy disfrutamos el pa\u00eds. Al respecto, indic\u00f3 que con la estabilidad econ\u00f3mica hay que tener \u201cm\u00e1ximo cuidado\u201d para que ese clima no se ponga en juego en el momento.<\/p>\n\n\n\n<p>Reiter\u00f3 que la supresi\u00f3n de privilegios debe ser en igualdad de condiciones, a todos los que tengan excepciones, sin importar qui\u00e9nes sean.<\/p>\n\n\n\n<p>La AIRD reitera preocupaci\u00f3n<\/p>\n\n\n\n<p>La Asociaci\u00f3n de Industrias de la Rep\u00fablica Dominicana (AIRD) reiter\u00f3 ayer su preocupaci\u00f3n en torno a la controversial legislaci\u00f3n del diputado del Partido Reformista Social Cristiano.<\/p>\n\n\n\n<p>Mario E. Pujols, vicepresidente ejecutivo de la entidad, quien habl\u00f3 horas antes de la declaraci\u00f3n de Pacheco, enfatiz\u00f3 la inquietud de ese sector de una eventual eliminaci\u00f3n del art\u00edculo 50 de la Ley 240-20 de Proindustria que consigna el referido proyecto de ley, el cual es el coraz\u00f3n de la misma y sobre el cual se sustenta todas las iniciativas de innovaci\u00f3n y competitividad de ese sector.<\/p>\n\n\n\n<p>Dijo que el proponente del pliego legislativo argumenta que el gobierno necesita recursos y mejorar sus ingresos, y que el sector empresarial deber\u00eda hacer un sacrificio y comenzar a pagar impuestos, pero que la Asociaci\u00f3n de Industria espera un espacio en el que puedan conversar de manera transversal de todas esas iniciativas y compartir las preocupaciones como sector industrial.<\/p>\n\n\n\n<p>Una vez la Comisi\u00f3n Permanente de Hacienda de la C\u00e1mara Baja invite a los industriales a una reuni\u00f3n para consensuar la pieza legislativa, la AIRD acudir\u00e1 al encuentro, seg\u00fan ponder\u00f3 Pujols.<\/p>\n","protected":false},"excerpt":{"rendered":"<p>El ministro de la Presidencia y presidente del Partido Revolucionario Moderno (PRM), Jos\u00e9 Ignacio Paliza, afirm\u00f3 que la discusi\u00f3n sobre una posible reforma fiscal, o revisi\u00f3n de incentivos impositivos, \u201cqued\u00f3&hellip;<\/p>\n","protected":false},"author":2,"featured_media":58514,"comment_status":"open","ping_status":"open","sticky":false,"template":"","format":"standard","meta":{"content-type":"","jetpack_post_was_ever_published":false,"_jetpack_newsletter_access":"","_jetpack_dont_email_post_to_subs":false,"_jetpack_newsletter_tier_id":0,"_jetpack_memberships_contains_paywalled_content":false,"_jetpack_memberships_contains_paid_content":false,"footnotes":""},"categories":[39,25],"tags":[17928,2382,17201,4909,1623],"class_list":["post-94927","post","type-post","status-publish","format-standard","has-post-thumbnail","hentry","category-economia","category-portada","tag-caso-cerrado","tag-incentivos","tag-ministro-de-la-presidencia","tag-reforma-fiscal","tag-revision"],"jetpack_featured_media_url":"https:\/\/lasprimeras.com.do\/wp-content\/uploads\/2023\/08\/Jose-Ignacio-Paliza.jpeg","jetpack-related-posts":[{"id":84671,"url":"https:\/\/lasprimeras.com.do\/index.php\/2024\/06\/13\/julio-brache-la-reforma-fiscal-debe-fomentar-las-inversiones-y-los-empleos\/","url_meta":{"origin":94927,"position":0},"title":"Julio Brache: la reforma fiscal debe fomentar las inversiones y los empleos","author":"Nelson Feliz","date":"13 de junio de 2024","format":false,"excerpt":"El presidente de la AIRD sostuvo que hay que revisar los subsidios gubernamentales. El presidente de la Asociaci\u00f3n de Industrias de la Rep\u00fablica Dominicana (AIRD), Julio Brache, consider\u00f3 que la pr\u00f3xima reforma fiscal debe enfocarse en mantener y fomentar la inversi\u00f3n y los empleos, en lugar de crear medidas que\u2026","rel":"","context":"En \u00abECONOM\u00cdA\u00bb","block_context":{"text":"ECONOM\u00cdA","link":"https:\/\/lasprimeras.com.do\/index.php\/category\/economia\/"},"img":{"alt_text":"Una reforma fiscal podr\u00eda impactar la inversi\u00f3n y el crecimiento econ\u00f3mico, seg\u00fan Julio Brache. (DIARIO LIBRE\/MAT\u00cdAS BONCOSKY)","src":"https:\/\/i0.wp.com\/lasprimeras.com.do\/wp-content\/uploads\/2024\/06\/Julio-Brache.jpg?resize=350%2C200&ssl=1","width":350,"height":200,"srcset":"https:\/\/i0.wp.com\/lasprimeras.com.do\/wp-content\/uploads\/2024\/06\/Julio-Brache.jpg?resize=350%2C200&ssl=1 1x, https:\/\/i0.wp.com\/lasprimeras.com.do\/wp-content\/uploads\/2024\/06\/Julio-Brache.jpg?resize=525%2C300&ssl=1 1.5x, https:\/\/i0.wp.com\/lasprimeras.com.do\/wp-content\/uploads\/2024\/06\/Julio-Brache.jpg?resize=700%2C400&ssl=1 2x"},"classes":[]},{"id":111385,"url":"https:\/\/lasprimeras.com.do\/index.php\/2025\/10\/08\/banco-mundial-baja-a-3-crecimiento-de-rd-reconoce-trabas-en-reforma-fiscal\/","url_meta":{"origin":94927,"position":1},"title":"Banco Mundial baja a 3 % crecimiento de RD; reconoce trabas en reforma fiscal","author":"Nelson Feliz","date":"8 de octubre de 2025","format":false,"excerpt":"Revisi\u00f3n a la baja del Banco Mundial coincide con la de otros organismos como el FMI. El Banco Mundial redujo su proyecci\u00f3n de crecimiento para el pa\u00eds al cierre del 2025, del 4.0 % que hab\u00eda indicado en junio al 3.0 % \u2013lo que representa una disminuci\u00f3n de un punto\u2026","rel":"","context":"En \u00abECONOM\u00cdA\u00bb","block_context":{"text":"ECONOM\u00cdA","link":"https:\/\/lasprimeras.com.do\/index.php\/category\/economia\/"},"img":{"alt_text":"","src":"https:\/\/i0.wp.com\/lasprimeras.com.do\/wp-content\/uploads\/2025\/10\/Distrito-Nacional.jpg?resize=350%2C200&ssl=1","width":350,"height":200,"srcset":"https:\/\/i0.wp.com\/lasprimeras.com.do\/wp-content\/uploads\/2025\/10\/Distrito-Nacional.jpg?resize=350%2C200&ssl=1 1x, https:\/\/i0.wp.com\/lasprimeras.com.do\/wp-content\/uploads\/2025\/10\/Distrito-Nacional.jpg?resize=525%2C300&ssl=1 1.5x, https:\/\/i0.wp.com\/lasprimeras.com.do\/wp-content\/uploads\/2025\/10\/Distrito-Nacional.jpg?resize=700%2C400&ssl=1 2x"},"classes":[]},{"id":108666,"url":"https:\/\/lasprimeras.com.do\/index.php\/2025\/09\/09\/daniel-rivera-la-reforma-fiscal-es-inevitable\/","url_meta":{"origin":94927,"position":2},"title":"Daniel Rivera: \u201cLa reforma fiscal es inevitable\u201d","author":"Nelson Feliz","date":"9 de septiembre de 2025","format":false,"excerpt":"El exministro de Salud P\u00fablica y senador de Santiago, Daniel Rivera, asegur\u00f3 este martes que la reforma fiscal es indispensable para garantizar el desarrollo del pa\u00eds y fortalecer servicios esenciales como la salud. \u201cEntonces la reforma fiscal, para seguir cubriendo elementos tan importantes como salud, seguir creciendo como pa\u00eds en\u2026","rel":"","context":"En \u00abECONOM\u00cdA\u00bb","block_context":{"text":"ECONOM\u00cdA","link":"https:\/\/lasprimeras.com.do\/index.php\/category\/economia\/"},"img":{"alt_text":"","src":"https:\/\/i0.wp.com\/lasprimeras.com.do\/wp-content\/uploads\/2025\/09\/Daniel-Rivera.jpg?resize=350%2C200&ssl=1","width":350,"height":200,"srcset":"https:\/\/i0.wp.com\/lasprimeras.com.do\/wp-content\/uploads\/2025\/09\/Daniel-Rivera.jpg?resize=350%2C200&ssl=1 1x, https:\/\/i0.wp.com\/lasprimeras.com.do\/wp-content\/uploads\/2025\/09\/Daniel-Rivera.jpg?resize=525%2C300&ssl=1 1.5x, https:\/\/i0.wp.com\/lasprimeras.com.do\/wp-content\/uploads\/2025\/09\/Daniel-Rivera.jpg?resize=700%2C400&ssl=1 2x"},"classes":[]},{"id":116495,"url":"https:\/\/lasprimeras.com.do\/index.php\/2025\/12\/01\/abinader-dice-que-no-existe-un-plan-para-someter-una-reforma-fiscal-en-enero-de-2026\/","url_meta":{"origin":94927,"position":3},"title":"Abinader dice que no existe un plan para someter una reforma fiscal en enero de 2026","author":"Nelson Feliz","date":"1 de diciembre de 2025","format":false,"excerpt":"El presidente de la Rep\u00fablica dijo que sobre el tema ya se ha pronunciado en varias ocasiones el ministro de Hacienda, Mag\u00edn D\u00edaz. El presidente de la Rep\u00fablica, Luis Abinader, neg\u00f3 que su gobierno tenga previsto someter una reforma fiscal en enero de 2026, luego de que surgieran rumores p\u00fablicos\u2026","rel":"","context":"En \u00abECONOM\u00cdA\u00bb","block_context":{"text":"ECONOM\u00cdA","link":"https:\/\/lasprimeras.com.do\/index.php\/category\/economia\/"},"img":{"alt_text":"","src":"https:\/\/i0.wp.com\/lasprimeras.com.do\/wp-content\/uploads\/2025\/11\/Luis-Abinader-4-2.jpg?resize=350%2C200&ssl=1","width":350,"height":200,"srcset":"https:\/\/i0.wp.com\/lasprimeras.com.do\/wp-content\/uploads\/2025\/11\/Luis-Abinader-4-2.jpg?resize=350%2C200&ssl=1 1x, https:\/\/i0.wp.com\/lasprimeras.com.do\/wp-content\/uploads\/2025\/11\/Luis-Abinader-4-2.jpg?resize=525%2C300&ssl=1 1.5x, https:\/\/i0.wp.com\/lasprimeras.com.do\/wp-content\/uploads\/2025\/11\/Luis-Abinader-4-2.jpg?resize=700%2C400&ssl=1 2x"},"classes":[]},{"id":90380,"url":"https:\/\/lasprimeras.com.do\/index.php\/2024\/10\/20\/copardom-saluda-retiro-del-anteproyecto-de-reforma-fiscal\/","url_meta":{"origin":94927,"position":4},"title":"COPARDOM saluda retiro del anteproyecto de reforma fiscal","author":"Nelson Feliz","date":"20 de octubre de 2024","format":false,"excerpt":"La Confederaci\u00f3n Patronal de la Rep\u00fablica Dominicana (COPARDOM) salud\u00f3 este domingo el llamado del presidente Luis Abinader a la revisi\u00f3n de manera conjunta del proyecto de reforma fiscal, e inst\u00f3 a continuar el di\u00e1logo entre los diferentes sectores. Esta reforma debe garantizar la seguridad jur\u00eddica, as\u00ed como ser equitativa y\u2026","rel":"","context":"En \u00abECONOM\u00cdA\u00bb","block_context":{"text":"ECONOM\u00cdA","link":"https:\/\/lasprimeras.com.do\/index.php\/category\/economia\/"},"img":{"alt_text":"Laura Pe\u00f1a Izquierdo","src":"https:\/\/i0.wp.com\/lasprimeras.com.do\/wp-content\/uploads\/2024\/10\/Laura-Pena-Izquierdo.jpg?resize=350%2C200&ssl=1","width":350,"height":200,"srcset":"https:\/\/i0.wp.com\/lasprimeras.com.do\/wp-content\/uploads\/2024\/10\/Laura-Pena-Izquierdo.jpg?resize=350%2C200&ssl=1 1x, https:\/\/i0.wp.com\/lasprimeras.com.do\/wp-content\/uploads\/2024\/10\/Laura-Pena-Izquierdo.jpg?resize=525%2C300&ssl=1 1.5x, https:\/\/i0.wp.com\/lasprimeras.com.do\/wp-content\/uploads\/2024\/10\/Laura-Pena-Izquierdo.jpg?resize=700%2C400&ssl=1 2x"},"classes":[]},{"id":84396,"url":"https:\/\/lasprimeras.com.do\/index.php\/2024\/06\/07\/fidel-lorenzo-reforma-fiscal-debe-ser-por-un-pacto-y-consenso-social\/","url_meta":{"origin":94927,"position":5},"title":"Fidel Lorenzo: Reforma Fiscal debe ser por un Pacto y Consenso Social.","author":"Nelson Feliz","date":"7 de junio de 2024","format":false,"excerpt":"El presidente de la Fundaci\u00f3n Equidad y Justicia Social (FEJUS), Fidel Lorenzo Mer\u00e1n, dijo que la propuesta de reforma fiscal motiva desde el Poder Ejecutivo, debe responder un \u00abpacto fiscal\u00bb que involucre el consenso y la discusi\u00f3n a los sectores de toma de decisi\u00f3n en el \u00e1mbito econ\u00f3mico y pol\u00edtico.\u00a0\u2026","rel":"","context":"En \u00abECONOM\u00cdA\u00bb","block_context":{"text":"ECONOM\u00cdA","link":"https:\/\/lasprimeras.com.do\/index.php\/category\/economia\/"},"img":{"alt_text":"Fidel Lorenzo","src":"https:\/\/i0.wp.com\/lasprimeras.com.do\/wp-content\/uploads\/2024\/06\/Fidel-Lorenzo.jpg?resize=350%2C200&ssl=1","width":350,"height":200,"srcset":"https:\/\/i0.wp.com\/lasprimeras.com.do\/wp-content\/uploads\/2024\/06\/Fidel-Lorenzo.jpg?resize=350%2C200&ssl=1 1x, https:\/\/i0.wp.com\/lasprimeras.com.do\/wp-content\/uploads\/2024\/06\/Fidel-Lorenzo.jpg?resize=525%2C300&ssl=1 1.5x"},"classes":[]}],"jetpack_sharing_enabled":true,"_links":{"self":[{"href":"https:\/\/lasprimeras.com.do\/index.php\/wp-json\/wp\/v2\/posts\/94927","targetHints":{"allow":["GET"]}}],"collection":[{"href":"https:\/\/lasprimeras.com.do\/index.php\/wp-json\/wp\/v2\/posts"}],"about":[{"href":"https:\/\/lasprimeras.com.do\/index.php\/wp-json\/wp\/v2\/types\/post"}],"author":[{"embeddable":true,"href":"https:\/\/lasprimeras.com.do\/index.php\/wp-json\/wp\/v2\/users\/2"}],"replies":[{"embeddable":true,"href":"https:\/\/lasprimeras.com.do\/index.php\/wp-json\/wp\/v2\/comments?post=94927"}],"version-history":[{"count":1,"href":"https:\/\/lasprimeras.com.do\/index.php\/wp-json\/wp\/v2\/posts\/94927\/revisions"}],"predecessor-version":[{"id":94928,"href":"https:\/\/lasprimeras.com.do\/index.php\/wp-json\/wp\/v2\/posts\/94927\/revisions\/94928"}],"wp:featuredmedia":[{"embeddable":true,"href":"https:\/\/lasprimeras.com.do\/index.php\/wp-json\/wp\/v2\/media\/58514"}],"wp:attachment":[{"href":"https:\/\/lasprimeras.com.do\/index.php\/wp-json\/wp\/v2\/media?parent=94927"}],"wp:term":[{"taxonomy":"category","embeddable":true,"href":"https:\/\/lasprimeras.com.do\/index.php\/wp-json\/wp\/v2\/categories?post=94927"},{"taxonomy":"post_tag","embeddable":true,"href":"https:\/\/lasprimeras.com.do\/index.php\/wp-json\/wp\/v2\/tags?post=94927"}],"curies":[{"name":"wp","href":"https:\/\/api.w.org\/{rel}","templated":true}]}}