{"id":95107,"date":"2025-03-10T08:10:27","date_gmt":"2025-03-10T12:10:27","guid":{"rendered":"https:\/\/lasprimeras.com.do\/?p=95107"},"modified":"2025-03-10T08:10:28","modified_gmt":"2025-03-10T12:10:28","slug":"que-hace-de-groenlandia-un-premio-estrategico-en-un-momento-de-creciente-tension-y-por-que-ahora","status":"publish","type":"post","link":"https:\/\/lasprimeras.com.do\/index.php\/2025\/03\/10\/que-hace-de-groenlandia-un-premio-estrategico-en-un-momento-de-creciente-tension-y-por-que-ahora\/","title":{"rendered":"\u00bfQu\u00e9 hace de Groenlandia un premio estrat\u00e9gico en un momento de creciente tensi\u00f3n? \u00bfY por qu\u00e9 ahora?"},"content":{"rendered":"\n<p>POR DANICA KIRKA<\/p>\n\n\n\n<p>NUUK, Groenlandia (AP) \u2014 Cuando el presidente de Estados Unidos, Donald Trump, sugiri\u00f3 por primera vez comprar Groenlandia en 2019, la gente pens\u00f3 que era s\u00f3lo una broma. Nadie se r\u00ede ahora.<\/p>\n\n\n\n<p>El inter\u00e9s de Trump en Groenlandia, reafirmado con vigor poco despu\u00e9s de su regreso a la Casa Blanca en enero, forma parte de una agresiva pol\u00edtica exterior de \u201cEstados Unidos primero\u201d que incluye exigencias de que Ucrania ceda derechos sobre minerales a cambio de ayuda militar continua, amenazas de tomar el control del Canal de Panam\u00e1 y sugerencias de que Canad\u00e1 deber\u00eda convertirse en el 51er estado de Estados Unidos.<\/p>\n\n\n\n<p>\u00bfPor qu\u00e9 Groenlandia?<\/p>\n\n\n\n<p>El aumento de las tensiones internacionales, el calentamiento global y el cambiante panorama econ\u00f3mico han puesto a Groenlandia en el centro del debate sobre el comercio y la seguridad global, y Trump quiere asegurarse de que Estados Unidos controle este pa\u00eds rico en minerales que custodia las rutas \u00e1rticas y del Atl\u00e1ntico Norte hacia Am\u00e9rica del Norte.<\/p>\n\n\n\n<p>\u00bfA qui\u00e9n pertenece Groenlandia?<\/p>\n\n\n\n<p>Groenlandia es un territorio aut\u00f3nomo de Dinamarca, un aliado de Estados Unidos desde hace mucho tiempo que ha rechazado las propuestas de Trump. Dinamarca tambi\u00e9n ha reconocido el derecho de Groenlandia a la independencia en el momento que elija.<\/p>\n\n\n\n<p>En medio de preocupaciones sobre la interferencia extranjera y demandas de que los groenlandeses deben controlar su propio destino, el primer ministro de la isla convoc\u00f3 elecciones parlamentarias anticipadas para el martes.<\/p>\n\n\n\n<p>La isla m\u00e1s grande del mundo, el 80% de la cual se encuentra por encima del C\u00edrculo Polar \u00c1rtico, alberga a unas 56.000 personas, en su mayor\u00eda inuit, que hasta ahora han sido en gran medida ignoradas por el resto del mundo.<\/p>\n\n\n\n<p>\u00bfPor qu\u00e9 otros pa\u00edses est\u00e1n interesados en Groenlandia?<\/p>\n\n\n\n<p>El cambio clim\u00e1tico est\u00e1 debilitando el hielo \u00e1rtico, lo que apunta a la apertura de un paso noroeste para el comercio internacional y reaviva la competencia con Rusia, China y otros pa\u00edses por el acceso a los recursos minerales de la regi\u00f3n.<\/p>\n\n\n\n<p>\u201cSeamos claros: pronto entraremos en el Siglo \u00c1rtico, y su caracter\u00edstica m\u00e1s definitoria ser\u00e1 el mete\u00f3rico ascenso de Groenlandia, su prominencia sostenida y su influencia ubicua\u201d, dijo Dwayne Menezes, director general de la Iniciativa de Investigaci\u00f3n y Pol\u00edtica Polar.<\/p>\n\n\n\n<p>\u201cGroenlandia \u2014ubicada en la encrucijada entre Am\u00e9rica del Norte, Europa y Asia, y con un enorme potencial de recursos\u2014 solo se volver\u00e1 m\u00e1s estrat\u00e9gicamente importante, con todas las potencias, grandes y peque\u00f1as, buscando cortejarla. Uno est\u00e1 bastante ansioso por dar un paso m\u00e1s y comprarla\u201d, se\u00f1al\u00f3.<\/p>\n\n\n\n<p>A continuaci\u00f3n, algunos de los factores que impulsan el inter\u00e9s de Estados Unidos en Groenlandia:<\/p>\n\n\n\n<p>Competencia \u00e1rtica<\/p>\n\n\n\n<p>Tras la Guerra Fr\u00eda, el \u00c1rtico fue en gran medida un \u00e1rea de cooperaci\u00f3n internacional. Pero el cambio clim\u00e1tico, la b\u00fasqueda de recursos escasos y el aumento de las tensiones internacionales tras la invasi\u00f3n de Ucrania por parte de Rusia vuelven a impulsar la competencia en la regi\u00f3n.<\/p>\n\n\n\n<p>Importancia estrat\u00e9gica<\/p>\n\n\n\n<p>Groenlandia se encuentra frente a la costa noreste de Canad\u00e1, con m\u00e1s de dos tercios de su territorio dentro del C\u00edrculo Polar \u00c1rtico. Eso la ha hecho crucial para la defensa de Norteam\u00e9rica desde la II Guerra Mundial, cuando Estados Unidos ocup\u00f3 Groenlandia para asegurarse de que no cayera en manos de la Alemania nazi y para proteger las cruciales rutas de navegaci\u00f3n del Atl\u00e1ntico Norte.<\/p>\n\n\n\n<p>Estados Unidos ha mantenido bases en Groenlandia desde la guerra, y la base espacial Pituffik, anteriormente conocida como base a\u00e9rea de Thule, apoya operaciones de vigilancia de misiles, defensa de misiles y vigilancia espacial para Estados Unidos y la OTAN.<\/p>\n\n\n\n<p>Groenlandia tambi\u00e9n custodia parte de lo que se conoce como el espacio GIUK (Groenlandia, Islandia, Reino Unido), donde la OTAN monitorea los movimientos navales rusos en el Atl\u00e1ntico Norte.<\/p>\n\n\n\n<p>Recursos naturales<\/p>\n\n\n\n<p>Groenlandia tiene grandes dep\u00f3sitos de lo que se conoce como minerales de tierras raras, necesarios para fabricar desde computadoras y tel\u00e9fonos inteligentes hasta las bater\u00edas, tecnolog\u00edas solares y e\u00f3licas que impulsar\u00e1n la transici\u00f3n para alejarse de los combustibles f\u00f3siles. El Servicio Geol\u00f3gico de Estados Unidos tambi\u00e9n ha identificado dep\u00f3sitos potenciales de petr\u00f3leo y gas natural en alta mar.<\/p>\n\n\n\n<p>Los groenlandeses est\u00e1n ansiosos por desarrollar los recursos, pero han promulgado estrictas normas para proteger el medio ambiente. Tambi\u00e9n hay dudas sobre la viabilidad de extraer la riqueza mineral de Groenlandia debido al duro clima de la regi\u00f3n.<\/p>\n\n\n\n<p>Cambio clim\u00e1tico<\/p>\n\n\n\n<p>El retroceso de la capa de hielo de Groenlandia est\u00e1 exponiendo la riqueza mineral del pa\u00eds y el derretimiento del hielo marino est\u00e1 abriendo el una vez m\u00edtico Paso Noroeste a trav\u00e9s del \u00c1rtico.<\/p>\n\n\n\n<p>Groenlandia se encuentra estrat\u00e9gicamente a lo largo de dos rutas potenciales a trav\u00e9s del \u00c1rtico, lo que reducir\u00eda los tiempos de env\u00edo entre el Atl\u00e1ntico Norte y el Pac\u00edfico y evitar\u00eda los cuellos de botella de los canales de Suez y Panam\u00e1. Si bien es poco probable que las rutas sean comercialmente viables durante muchos a\u00f1os, est\u00e1n atrayendo atenci\u00f3n.<\/p>\n\n\n\n<p>Inter\u00e9s chino<\/p>\n\n\n\n<p>En 2018, China se declar\u00f3 un \u201cestado cercano al \u00c1rtico\u201d en un esfuerzo por ganar m\u00e1s influencia en la regi\u00f3n. China tambi\u00e9n ha anunciado planes para construir una \u201cRuta de la Seda Polar\u201d como parte de su iniciativa global de la Franja y la Ruta, que ha creado v\u00ednculos econ\u00f3micos con pa\u00edses de todo el mundo.<\/p>\n\n\n\n<p>El entonces secretario de Estado de EEUU, Mike Pompeo, rechaz\u00f3 el movimiento de China, diciendo: \u201c\u00bfQueremos que el oc\u00e9ano \u00c1rtico se transforme en un nuevo mar de China Meridional, lleno de militarizaci\u00f3n y reclamaciones territoriales enfrentadas?\u201d.<\/p>\n\n\n\n<p>Un proyecto de miner\u00eda de tierras raras respaldado por China en Groenlandia se detuvo despu\u00e9s de que el gobierno local prohibiera la miner\u00eda de uranio en 2021.<\/p>\n\n\n\n<p>Independencia<\/p>\n\n\n\n<p>La legislaci\u00f3n que ampli\u00f3 el autogobierno a Groenlandia en 2009 tambi\u00e9n reconoci\u00f3 el derecho del pa\u00eds a la independencia bajo el derecho internacional. Las encuestas de opini\u00f3n muestran que la mayor\u00eda de los groenlandeses favorecen la independencia, aunque difieren sobre cu\u00e1ndo deber\u00eda ocurrir exactamente.<\/p>\n\n\n\n<p>El potencial de independencia plantea preguntas sobre la interferencia externa en Groenlandia que podr\u00eda amenazar los intereses de Estados Unidos en el pa\u00eds.<\/p>\n","protected":false},"excerpt":{"rendered":"<p>POR DANICA KIRKA NUUK, Groenlandia (AP) \u2014 Cuando el presidente de Estados Unidos, Donald Trump, sugiri\u00f3 por primera vez comprar Groenlandia en 2019, la gente pens\u00f3 que era s\u00f3lo una&hellip;<\/p>\n","protected":false},"author":10,"featured_media":95108,"comment_status":"open","ping_status":"open","sticky":false,"template":"","format":"standard","meta":{"content-type":"","jetpack_post_was_ever_published":false,"_jetpack_newsletter_access":"","_jetpack_dont_email_post_to_subs":false,"_jetpack_newsletter_tier_id":0,"_jetpack_memberships_contains_paywalled_content":false,"_jetpack_memberships_contains_paid_content":false,"footnotes":""},"categories":[16289],"tags":[18004,18002,18003],"class_list":["post-95107","post","type-post","status-publish","format-standard","has-post-thumbnail","hentry","category-internacionales","tag-creciente-tension","tag-groenlandia","tag-premio-estrategico"],"jetpack_featured_media_url":"https:\/\/lasprimeras.com.do\/wp-content\/uploads\/2025\/03\/Groenlandia.png","jetpack-related-posts":[{"id":95292,"url":"https:\/\/lasprimeras.com.do\/index.php\/2025\/03\/12\/partido-de-centroderecha-logra-mayoria-de-votos-en-groenlandia-mientras-trump-busca-el-control\/","url_meta":{"origin":95107,"position":0},"title":"Partido de centroderecha logra mayor\u00eda de votos en Groenlandia mientras Trump busca el control","author":"Nelson Feliz","date":"12 de marzo de 2025","format":false,"excerpt":"POR DANICA KIRKA NUUK, Groenlandia (AP) \u2014 El Partido Demokraatit, de tendencia conservadora, obtuvo la mayor\u00eda de los votos en las elecciones parlamentarias de Groenlandia, un resultado sorpresivo ya que el territorio acudi\u00f3 a las urnas bajo la sombra del objetivo declarado del presidente de Estados Unidos, Donald Trump, de\u2026","rel":"","context":"En \u00abINTERNACIONALES\u00bb","block_context":{"text":"INTERNACIONALES","link":"https:\/\/lasprimeras.com.do\/index.php\/category\/sin-categoria\/internacionales\/"},"img":{"alt_text":"","src":"https:\/\/i0.wp.com\/lasprimeras.com.do\/wp-content\/uploads\/2025\/03\/Partido-Demokraatit.png?resize=350%2C200&ssl=1","width":350,"height":200,"srcset":"https:\/\/i0.wp.com\/lasprimeras.com.do\/wp-content\/uploads\/2025\/03\/Partido-Demokraatit.png?resize=350%2C200&ssl=1 1x, https:\/\/i0.wp.com\/lasprimeras.com.do\/wp-content\/uploads\/2025\/03\/Partido-Demokraatit.png?resize=525%2C300&ssl=1 1.5x, https:\/\/i0.wp.com\/lasprimeras.com.do\/wp-content\/uploads\/2025\/03\/Partido-Demokraatit.png?resize=700%2C400&ssl=1 2x"},"classes":[]},{"id":98572,"url":"https:\/\/lasprimeras.com.do\/index.php\/2025\/05\/09\/dinamarca-dice-que-no-se-puede-espiar-a-un-aliado-tras-reporte-de-espionaje-de-eeuu-en-groenlandia\/","url_meta":{"origin":95107,"position":1},"title":"Dinamarca dice que \u201cno se puede espiar a un aliado\u201d tras reporte de espionaje de EEUU en Groenlandia","author":"Nelson Feliz","date":"9 de mayo de 2025","format":false,"excerpt":"POR EMMA BURROWS OSLO, Noruega (AP) \u2014 La primera ministra danesa, Mette Frederiksen, dijo a la Associated Press que \u201cno se puede espiar contra un aliado\u201d tras los reportes de que Estados Unidos ha intensificado la recopilaci\u00f3n de inteligencia sobre Groenlandia, un territorio dan\u00e9s semiaut\u00f3nomo codiciado por el presidente estadounidense,\u2026","rel":"","context":"En \u00abINTERNACIONALES\u00bb","block_context":{"text":"INTERNACIONALES","link":"https:\/\/lasprimeras.com.do\/index.php\/category\/sin-categoria\/internacionales\/"},"img":{"alt_text":"Mette Frederiksen","src":"https:\/\/i0.wp.com\/lasprimeras.com.do\/wp-content\/uploads\/2025\/05\/Mette-Frederiksen.jpg?resize=350%2C200&ssl=1","width":350,"height":200,"srcset":"https:\/\/i0.wp.com\/lasprimeras.com.do\/wp-content\/uploads\/2025\/05\/Mette-Frederiksen.jpg?resize=350%2C200&ssl=1 1x, https:\/\/i0.wp.com\/lasprimeras.com.do\/wp-content\/uploads\/2025\/05\/Mette-Frederiksen.jpg?resize=525%2C300&ssl=1 1.5x, https:\/\/i0.wp.com\/lasprimeras.com.do\/wp-content\/uploads\/2025\/05\/Mette-Frederiksen.jpg?resize=700%2C400&ssl=1 2x"},"classes":[]},{"id":120269,"url":"https:\/\/lasprimeras.com.do\/index.php\/2026\/01\/22\/canada-acuerda-con-china-y-apoya-a-dinamarca-en-groenlandia\/","url_meta":{"origin":95107,"position":2},"title":"Canad\u00e1 acuerda con China y apoya a Dinamarca en Groenlandia","author":"Nelson Feliz","date":"22 de enero de 2026","format":false,"excerpt":"Gustavo Calvo y Leo Harari Canada - El primer ministro canadiense, Mark Carney, visit\u00f3 la semana pasada China donde fue recibido con todos los honores del ceremonial oficial y firm\u00f3 con el presidente Xi Jin Ping un acuerdo Comercial que reduce aranceles y busca relanzar una \u201casociaci\u00f3n estrat\u00e9gica\u201d que responda\u2026","rel":"","context":"En \u00abINTERNACIONALES\u00bb","block_context":{"text":"INTERNACIONALES","link":"https:\/\/lasprimeras.com.do\/index.php\/category\/sin-categoria\/internacionales\/"},"img":{"alt_text":"","src":"https:\/\/i0.wp.com\/lasprimeras.com.do\/wp-content\/uploads\/2026\/01\/AFP__20260116__92WA7NU__v1__MidRes__ChinaCanadaDiplomacy-1-1-768x432-1.jpg?resize=350%2C200&ssl=1","width":350,"height":200,"srcset":"https:\/\/i0.wp.com\/lasprimeras.com.do\/wp-content\/uploads\/2026\/01\/AFP__20260116__92WA7NU__v1__MidRes__ChinaCanadaDiplomacy-1-1-768x432-1.jpg?resize=350%2C200&ssl=1 1x, https:\/\/i0.wp.com\/lasprimeras.com.do\/wp-content\/uploads\/2026\/01\/AFP__20260116__92WA7NU__v1__MidRes__ChinaCanadaDiplomacy-1-1-768x432-1.jpg?resize=525%2C300&ssl=1 1.5x, https:\/\/i0.wp.com\/lasprimeras.com.do\/wp-content\/uploads\/2026\/01\/AFP__20260116__92WA7NU__v1__MidRes__ChinaCanadaDiplomacy-1-1-768x432-1.jpg?resize=700%2C400&ssl=1 2x"},"classes":[]},{"id":120105,"url":"https:\/\/lasprimeras.com.do\/index.php\/2026\/01\/20\/amenaza-de-trump-sobre-groenlandia-pone-a-prueba-las-alianzas-con-europa-y-la-otan\/","url_meta":{"origin":95107,"position":3},"title":"Amenaza de Trump sobre Groenlandia pone a prueba las alianzas con Europa y la OTAN","author":"Nelson Feliz","date":"20 de enero de 2026","format":false,"excerpt":"Ursula von der Leyen","rel":"","context":"En \u00abINTERNACIONALES\u00bb","block_context":{"text":"INTERNACIONALES","link":"https:\/\/lasprimeras.com.do\/index.php\/category\/sin-categoria\/internacionales\/"},"img":{"alt_text":"Ursula von der Leyen","src":"https:\/\/i0.wp.com\/lasprimeras.com.do\/wp-content\/uploads\/2026\/01\/Ursula-von-der-Leyen.jpg?resize=350%2C200&ssl=1","width":350,"height":200,"srcset":"https:\/\/i0.wp.com\/lasprimeras.com.do\/wp-content\/uploads\/2026\/01\/Ursula-von-der-Leyen.jpg?resize=350%2C200&ssl=1 1x, https:\/\/i0.wp.com\/lasprimeras.com.do\/wp-content\/uploads\/2026\/01\/Ursula-von-der-Leyen.jpg?resize=525%2C300&ssl=1 1.5x, https:\/\/i0.wp.com\/lasprimeras.com.do\/wp-content\/uploads\/2026\/01\/Ursula-von-der-Leyen.jpg?resize=700%2C400&ssl=1 2x"},"classes":[]},{"id":119128,"url":"https:\/\/lasprimeras.com.do\/index.php\/2026\/01\/07\/la-idea-de-trump-sobre-groenlandia-no-es-nueva-eeuu-lo-ha-intentado-al-menos-tres-veces\/","url_meta":{"origin":95107,"position":4},"title":"La idea de Trump sobre Groenlandia no es nueva: EEUU lo ha intentado al menos tres veces","author":"Nelson Feliz","date":"7 de enero de 2026","format":false,"excerpt":"POR R.J. RICO El renovado inter\u00e9s del presidente Donald Trump en adquirir Groenlandia, que pertenece a Dinamarca, encaja en un patr\u00f3n largo y poco conocido en la historia de Estados Unidos. Desde discusiones discretas despu\u00e9s de la Guerra Civil hasta una oferta de 100 millones de d\u00f3lares tras la Segunda\u2026","rel":"","context":"En \u00abINTERNACIONALES\u00bb","block_context":{"text":"INTERNACIONALES","link":"https:\/\/lasprimeras.com.do\/index.php\/category\/sin-categoria\/internacionales\/"},"img":{"alt_text":"Groenlandia","src":"https:\/\/i0.wp.com\/lasprimeras.com.do\/wp-content\/uploads\/2026\/01\/Groenlandia.jpg?resize=350%2C200&ssl=1","width":350,"height":200,"srcset":"https:\/\/i0.wp.com\/lasprimeras.com.do\/wp-content\/uploads\/2026\/01\/Groenlandia.jpg?resize=350%2C200&ssl=1 1x, https:\/\/i0.wp.com\/lasprimeras.com.do\/wp-content\/uploads\/2026\/01\/Groenlandia.jpg?resize=525%2C300&ssl=1 1.5x, https:\/\/i0.wp.com\/lasprimeras.com.do\/wp-content\/uploads\/2026\/01\/Groenlandia.jpg?resize=700%2C400&ssl=1 2x"},"classes":[]},{"id":120132,"url":"https:\/\/lasprimeras.com.do\/index.php\/2026\/01\/20\/las-amenazas-de-trump-a-groenlandia-provocan-indignacion-en-la-ue-y-ponen-a-prueba-la-alianza-de-larga-data-de-la-otan\/","url_meta":{"origin":95107,"position":5},"title":"Las amenazas de Trump a Groenlandia provocan indignaci\u00f3n en la UE y ponen a prueba la alianza de larga data de la OTAN","author":"Nelson Feliz","date":"20 de enero de 2026","format":false,"excerpt":"WASHINGTON (AP) \u2014 La promesa del presidente Donald Trump de provocar una amplia guerra arancelaria con Europa para salirse con la suya y tomar el control de Groenlandia ha dejado a muchos de los aliados m\u00e1s cercanos de Estados Unidos advirtiendo de una ruptura con Washington capaz de destrozar la\u2026","rel":"","context":"En \u00abINTERNACIONALES\u00bb","block_context":{"text":"INTERNACIONALES","link":"https:\/\/lasprimeras.com.do\/index.php\/category\/sin-categoria\/internacionales\/"},"img":{"alt_text":"","src":"https:\/\/i0.wp.com\/lasprimeras.com.do\/wp-content\/uploads\/2026\/01\/Donald-Trump-1-2.jpg?resize=350%2C200&ssl=1","width":350,"height":200,"srcset":"https:\/\/i0.wp.com\/lasprimeras.com.do\/wp-content\/uploads\/2026\/01\/Donald-Trump-1-2.jpg?resize=350%2C200&ssl=1 1x, https:\/\/i0.wp.com\/lasprimeras.com.do\/wp-content\/uploads\/2026\/01\/Donald-Trump-1-2.jpg?resize=525%2C300&ssl=1 1.5x, https:\/\/i0.wp.com\/lasprimeras.com.do\/wp-content\/uploads\/2026\/01\/Donald-Trump-1-2.jpg?resize=700%2C400&ssl=1 2x"},"classes":[]}],"jetpack_sharing_enabled":true,"_links":{"self":[{"href":"https:\/\/lasprimeras.com.do\/index.php\/wp-json\/wp\/v2\/posts\/95107","targetHints":{"allow":["GET"]}}],"collection":[{"href":"https:\/\/lasprimeras.com.do\/index.php\/wp-json\/wp\/v2\/posts"}],"about":[{"href":"https:\/\/lasprimeras.com.do\/index.php\/wp-json\/wp\/v2\/types\/post"}],"author":[{"embeddable":true,"href":"https:\/\/lasprimeras.com.do\/index.php\/wp-json\/wp\/v2\/users\/10"}],"replies":[{"embeddable":true,"href":"https:\/\/lasprimeras.com.do\/index.php\/wp-json\/wp\/v2\/comments?post=95107"}],"version-history":[{"count":1,"href":"https:\/\/lasprimeras.com.do\/index.php\/wp-json\/wp\/v2\/posts\/95107\/revisions"}],"predecessor-version":[{"id":95109,"href":"https:\/\/lasprimeras.com.do\/index.php\/wp-json\/wp\/v2\/posts\/95107\/revisions\/95109"}],"wp:featuredmedia":[{"embeddable":true,"href":"https:\/\/lasprimeras.com.do\/index.php\/wp-json\/wp\/v2\/media\/95108"}],"wp:attachment":[{"href":"https:\/\/lasprimeras.com.do\/index.php\/wp-json\/wp\/v2\/media?parent=95107"}],"wp:term":[{"taxonomy":"category","embeddable":true,"href":"https:\/\/lasprimeras.com.do\/index.php\/wp-json\/wp\/v2\/categories?post=95107"},{"taxonomy":"post_tag","embeddable":true,"href":"https:\/\/lasprimeras.com.do\/index.php\/wp-json\/wp\/v2\/tags?post=95107"}],"curies":[{"name":"wp","href":"https:\/\/api.w.org\/{rel}","templated":true}]}}