{"id":95110,"date":"2025-03-10T08:18:35","date_gmt":"2025-03-10T12:18:35","guid":{"rendered":"https:\/\/lasprimeras.com.do\/?p=95110"},"modified":"2025-03-10T08:18:37","modified_gmt":"2025-03-10T12:18:37","slug":"norcorea-lanza-misiles-balisticos-tras-inicio-de-maniobras-de-eeuu-con-fuerzas-surcoreanas","status":"publish","type":"post","link":"https:\/\/lasprimeras.com.do\/index.php\/2025\/03\/10\/norcorea-lanza-misiles-balisticos-tras-inicio-de-maniobras-de-eeuu-con-fuerzas-surcoreanas\/","title":{"rendered":"Norcorea lanza misiles bal\u00edsticos tras inicio de maniobras de EEUU con fuerzas surcoreanas"},"content":{"rendered":"\n<p>POR KIM TONG-HYUNG<\/p>\n\n\n\n<p>SE\u00daL, Corea del Sur (AP) \u2014 Corea del Norte dispar\u00f3 varios misiles bal\u00edsticos hacia el mar el lunes, seg\u00fan indic\u00f3 el Ej\u00e9rcito surcoreano, horas despu\u00e9s de que los ej\u00e9rcitos de Corea del Sur y Estados Unidos comenzaran sus grandes ejercicios anuales combinados, que Pyongyang considera un ensayo de invasi\u00f3n.<\/p>\n\n\n\n<p>El Estado Mayor Conjunto de Corea del Sur dijo que los lanzamientos, el quinto ensayo de misiles de Corea del Norte este a\u00f1o, fueron detectados desde la provincia suroeste de Hwanghae del Norte.<\/p>\n\n\n\n<p>El Estado Mayor describi\u00f3 las armas empleadas como de corto alcance, pero no indic\u00f3 la distancia que recorrieron. El ej\u00e9rcito dijo que Corea del Sur reforz\u00f3 su vigilancia y se coordinaba estrechamente con Estados Unidos.<\/p>\n\n\n\n<p>M\u00e1s temprano el lunes, los ej\u00e9rcitos surcoreano y estadounidense comenzaron su ejercicio anual de puesto de mando Escudo de Libertad, su primer gran entrenamiento conjunto del segundo mandato del presidente Donald Trump.<\/p>\n\n\n\n<p>Los aliados ya han estado participando en diversos ejercicios de entrenamiento en el campo asociados a las maniobras Escudo de Libertad.<\/p>\n\n\n\n<p>El Ministerio norcoreano de Exteriores advirti\u00f3 el lunes que el entrenamiento Escudo de Libertad plantea el riesgo de desencadenar un \u201cconflicto f\u00edsico\u201d en la pen\u00ednsula coreana.<\/p>\n\n\n\n<p>Calific\u00f3 el entrenamiento de \u201censayo de guerra agresivo y confrontacional \u201d y reiter\u00f3 los objetivos declarados del l\u00edder norcoreano, Kim Jong Un, para un \u201ccrecimiento radical\u201d de su fuerza nuclear para contrarrestar lo que \u00e9l describe como amenazas crecientes planteadas por Washington y sus aliados asi\u00e1ticos.<\/p>\n\n\n\n<p>El entrenamiento de este a\u00f1o se produjo despu\u00e9s de que los ej\u00e9rcitos de Corea del Sur y Estados Unidos pausaran los entrenamientos con fuego real mientras Se\u00fal investiga c\u00f3mo sus aviones de combate bombardearon por error una zona civil durante un ejercicio de calentamiento la semana pasada.<\/p>\n\n\n\n<p>Alrededor de 30 personas resultaron heridas el jueves, dos de ellas de gravedad, cuando dos aviones surcoreanos de combate KF-16 dispararon por error ocho bombas MK-82 sobre una zona civil en Pocheon, una ciudad cerca de la frontera norcoreana.<\/p>\n\n\n\n<p>El bombardeo ocurri\u00f3 mientras las fuerzas surcoreanas y estadounidenses participaban en un ejercicio de fuego real antes del ejercicio Escudo de Libertad.<\/p>\n\n\n\n<p>La evaluaci\u00f3n inicial de la fuerza a\u00e9rea surcoreana fue que uno de los pilotos de KF-16 introdujo las coordenadas incorrectas y no verific\u00f3 visualmente el objetivo antes de proceder con el bombardeo.<\/p>\n\n\n\n<p>El segundo piloto ten\u00eda las coordenadas correctas, pero se centr\u00f3 \u00fanicamente en mantener la formaci\u00f3n de vuelo y lanz\u00f3 las bombas siguiendo las instrucciones del primer piloto, sin reconocer que el objetivo era incorrecto, seg\u00fan el contenido de la \u00faltima sesi\u00f3n informativa proporcionada a The Associated Press.<\/p>\n\n\n\n<p>El general Lee Youngsu, jefe de estado mayor de la fuerza a\u00e9rea surcoreana, se inclin\u00f3 y se disculp\u00f3 el lunes por las lesiones y da\u00f1os materiales causados por el bombardeo, que dijo \u201cnunca debi\u00f3 haber ocurrido y no debe volver a suceder\u201d.<\/p>\n\n\n\n<p>Tanto el ej\u00e9rcito surcoreano como el estadounidense han detenido todos los ejercicios de fuego real en Corea del Sur tras el error. Los funcionarios militares surcoreanos afirman que el entrenamiento de fuego real se reanudar\u00e1 despu\u00e9s de completar la investigaci\u00f3n sobre el bombardeo y formular medidas preventivas.<\/p>\n\n\n\n<p>La fuerza a\u00e9rea surcoreana suspendi\u00f3 anteriormente los vuelos de entrenamiento de todos sus aviones, pero levant\u00f3 las medidas el lunes, excepto para las aeronaves afiliadas a la unidad a la que pertenecen los dos KF-16.<\/p>\n","protected":false},"excerpt":{"rendered":"<p>POR KIM TONG-HYUNG SE\u00daL, Corea del Sur (AP) \u2014 Corea del Norte dispar\u00f3 varios misiles bal\u00edsticos hacia el mar el lunes, seg\u00fan indic\u00f3 el Ej\u00e9rcito surcoreano, horas despu\u00e9s de que&hellip;<\/p>\n","protected":false},"author":10,"featured_media":95111,"comment_status":"open","ping_status":"open","sticky":false,"template":"","format":"standard","meta":{"content-type":"","jetpack_post_was_ever_published":false,"_jetpack_newsletter_access":"","_jetpack_dont_email_post_to_subs":false,"_jetpack_newsletter_tier_id":0,"_jetpack_memberships_contains_paywalled_content":false,"_jetpack_memberships_contains_paid_content":false,"footnotes":""},"categories":[16289],"tags":[98,18007,11743,18006,18005],"class_list":["post-95110","post","type-post","status-publish","format-standard","has-post-thumbnail","hentry","category-internacionales","tag-estados-unidos","tag-fuerzas-surcoreanas","tag-maniobras","tag-misiles-balisticos","tag-norcorea"],"jetpack_featured_media_url":"https:\/\/lasprimeras.com.do\/wp-content\/uploads\/2025\/03\/misiles.png","jetpack-related-posts":[{"id":71182,"url":"https:\/\/lasprimeras.com.do\/index.php\/2023\/12\/18\/corea-del-sur-ordena-respuesta-al-lanzamiento-de-misil-norcoreano\/","url_meta":{"origin":95110,"position":0},"title":"Corea del Sur ordena respuesta al lanzamiento de misil norcoreano","author":"BIMARY DE JES\u00daS Matos","date":"18 de diciembre de 2023","format":false,"excerpt":"Jap\u00f3n.-El presidente de Corea del Sur, Yoon Suk Yeol, ha ordenado este lunes responder de forma \u00abinmediata\u00bb y coordinada con los gobiernos de Estados Unidos y Jap\u00f3n al \u00faltimo lanzamiento de un misil bal\u00edstico intercontinental por parte de Corea del Norte hacia el mar de Jap\u00f3n, tambi\u00e9n conocido como mar\u2026","rel":"","context":"En \u00abSin categor\u00eda\u00bb","block_context":{"text":"Sin categor\u00eda","link":"https:\/\/lasprimeras.com.do\/index.php\/category\/sin-categoria\/"},"img":{"alt_text":"","src":"https:\/\/i0.wp.com\/lasprimeras.com.do\/wp-content\/uploads\/2023\/12\/Jose-Horacio-dice-hay-que-cumplir-las-leyes-de-compras-y-contrataciones-1-5.jpg?resize=350%2C200&ssl=1","width":350,"height":200,"srcset":"https:\/\/i0.wp.com\/lasprimeras.com.do\/wp-content\/uploads\/2023\/12\/Jose-Horacio-dice-hay-que-cumplir-las-leyes-de-compras-y-contrataciones-1-5.jpg?resize=350%2C200&ssl=1 1x, https:\/\/i0.wp.com\/lasprimeras.com.do\/wp-content\/uploads\/2023\/12\/Jose-Horacio-dice-hay-que-cumplir-las-leyes-de-compras-y-contrataciones-1-5.jpg?resize=525%2C300&ssl=1 1.5x"},"classes":[]},{"id":55667,"url":"https:\/\/lasprimeras.com.do\/index.php\/2023\/07\/24\/llega-submarino-nuclear-de-ee-uu-a-un-puerto-de-corea-del-sur-en-medio-de-tensiones-con-el-norte\/","url_meta":{"origin":95110,"position":1},"title":"Llega submarino nuclear de EE.UU. a un puerto de Corea del Sur en medio de tensiones con el Norte","author":"Nelson Feliz","date":"24 de julio de 2023","format":false,"excerpt":"\"Con motivo de la visita del USS Annapolis, las Armadas de Corea del Sur y Estados Unidos planean fortalecer una postura de defensa combinada\", comunic\u00f3 la Armada de Corea del Sur. La Armada de Corea del Sur, citada por Yonhap, comunic\u00f3 que el submarino de propulsi\u00f3n nuclear estadounidense USS Annapolis\u2026","rel":"","context":"En \u00abSin categor\u00eda\u00bb","block_context":{"text":"Sin categor\u00eda","link":"https:\/\/lasprimeras.com.do\/index.php\/category\/sin-categoria\/"},"img":{"alt_text":"El submarino de propulsi\u00f3n nuclear USS Annapolis atraca en una base naval surcoreana en la isla de Jeju.","src":"https:\/\/i0.wp.com\/lasprimeras.com.do\/wp-content\/uploads\/2023\/07\/El-submarino-de-propulsion-nuclear-USS-Annapolis-atraca-en-una-base-naval-surcoreana-en-la-isla-de-Jeju.jpg?resize=350%2C200&ssl=1","width":350,"height":200,"srcset":"https:\/\/i0.wp.com\/lasprimeras.com.do\/wp-content\/uploads\/2023\/07\/El-submarino-de-propulsion-nuclear-USS-Annapolis-atraca-en-una-base-naval-surcoreana-en-la-isla-de-Jeju.jpg?resize=350%2C200&ssl=1 1x, https:\/\/i0.wp.com\/lasprimeras.com.do\/wp-content\/uploads\/2023\/07\/El-submarino-de-propulsion-nuclear-USS-Annapolis-atraca-en-una-base-naval-surcoreana-en-la-isla-de-Jeju.jpg?resize=525%2C300&ssl=1 1.5x, https:\/\/i0.wp.com\/lasprimeras.com.do\/wp-content\/uploads\/2023\/07\/El-submarino-de-propulsion-nuclear-USS-Annapolis-atraca-en-una-base-naval-surcoreana-en-la-isla-de-Jeju.jpg?resize=700%2C400&ssl=1 2x"},"classes":[]},{"id":61386,"url":"https:\/\/lasprimeras.com.do\/index.php\/2023\/09\/26\/corea-del-sur-amenaza-con-acabar-con-el-regimen-de-corea-del-norte-si-hace-uso-de-su-arsenal-nuclear\/","url_meta":{"origin":95110,"position":2},"title":"Corea del Sur amenaza con &#8220;acabar&#8221; con el &#8220;r\u00e9gimen de Corea del Norte&#8221; si hace uso de su arsenal nuclear","author":"Nelson Feliz","date":"26 de septiembre de 2023","format":false,"excerpt":"El presidente de Corea del Sur, Yoon Suk Yeol, ha amenazado este martes con \"acabar\" con el \"r\u00e9gimen de Corea del Norte\" si hace uso de armas nucleares a medida que aumenta la tensi\u00f3n en la pen\u00ednsula. Para ello, Yoon ha asegurado que contar\u00e1 con la ayuda de Estados Unidos\u2026","rel":"","context":"En \u00abSin categor\u00eda\u00bb","block_context":{"text":"Sin categor\u00eda","link":"https:\/\/lasprimeras.com.do\/index.php\/category\/sin-categoria\/"},"img":{"alt_text":"El presidente surcoreano, Yoon Suk Yeol, saluda a la multitud durante una celebraci\u00f3n para conmemorar el 75.\u00ba aniversario del D\u00eda de las Fuerzas Armadas, en Seongnam, Corea del Sur, el martes 26 de septiembre de 2023.KIM HONG-JI \/ AP","src":"https:\/\/i0.wp.com\/lasprimeras.com.do\/wp-content\/uploads\/2023\/09\/Yoon-Suk-Yeol.jpeg?resize=350%2C200&ssl=1","width":350,"height":200,"srcset":"https:\/\/i0.wp.com\/lasprimeras.com.do\/wp-content\/uploads\/2023\/09\/Yoon-Suk-Yeol.jpeg?resize=350%2C200&ssl=1 1x, https:\/\/i0.wp.com\/lasprimeras.com.do\/wp-content\/uploads\/2023\/09\/Yoon-Suk-Yeol.jpeg?resize=525%2C300&ssl=1 1.5x, https:\/\/i0.wp.com\/lasprimeras.com.do\/wp-content\/uploads\/2023\/09\/Yoon-Suk-Yeol.jpeg?resize=700%2C400&ssl=1 2x"},"classes":[]},{"id":75579,"url":"https:\/\/lasprimeras.com.do\/index.php\/2024\/02\/02\/corea-del-norte-lanza-varios-misiles-de-crucero-por-cuarta-vez-en-diez-dias\/","url_meta":{"origin":95110,"position":3},"title":"Corea del Norte lanza varios misiles de crucero por cuarta vez en diez d\u00edas","author":"BIMARY DE JES\u00daS Matos","date":"2 de febrero de 2024","format":false,"excerpt":"Se\u00fal.- El Ej\u00e9rcito surcoreano ha informado que Corea del Norte lanz\u00f3 hoy varios misiles de crucero en torno al mar Amarillo (llamado mar del Oeste en las dos Coreas), en lo que supone la cuarta prueba de este tipo en los \u00faltimos diez d\u00edas. \u00abNuestro ej\u00e9rcito detect\u00f3 varios misiles de\u2026","rel":"","context":"En \u00abSin categor\u00eda\u00bb","block_context":{"text":"Sin categor\u00eda","link":"https:\/\/lasprimeras.com.do\/index.php\/category\/sin-categoria\/"},"img":{"alt_text":"","src":"https:\/\/i0.wp.com\/lasprimeras.com.do\/wp-content\/uploads\/2024\/02\/CANDIDATO-A-REGIDOR-Justicia-Social-JOSUE-MENDEZ-APOYARA-A-DIO-ASTACIO-DEL-PRM-8.webp?resize=350%2C200&ssl=1","width":350,"height":200,"srcset":"https:\/\/i0.wp.com\/lasprimeras.com.do\/wp-content\/uploads\/2024\/02\/CANDIDATO-A-REGIDOR-Justicia-Social-JOSUE-MENDEZ-APOYARA-A-DIO-ASTACIO-DEL-PRM-8.webp?resize=350%2C200&ssl=1 1x, https:\/\/i0.wp.com\/lasprimeras.com.do\/wp-content\/uploads\/2024\/02\/CANDIDATO-A-REGIDOR-Justicia-Social-JOSUE-MENDEZ-APOYARA-A-DIO-ASTACIO-DEL-PRM-8.webp?resize=525%2C300&ssl=1 1.5x, https:\/\/i0.wp.com\/lasprimeras.com.do\/wp-content\/uploads\/2024\/02\/CANDIDATO-A-REGIDOR-Justicia-Social-JOSUE-MENDEZ-APOYARA-A-DIO-ASTACIO-DEL-PRM-8.webp?resize=700%2C400&ssl=1 2x, https:\/\/i0.wp.com\/lasprimeras.com.do\/wp-content\/uploads\/2024\/02\/CANDIDATO-A-REGIDOR-Justicia-Social-JOSUE-MENDEZ-APOYARA-A-DIO-ASTACIO-DEL-PRM-8.webp?resize=1050%2C600&ssl=1 3x"},"classes":[]},{"id":76775,"url":"https:\/\/lasprimeras.com.do\/index.php\/2024\/02\/14\/corea-del-norte-lanza-numerosos-misiles-de-crucero-al-mar-japon\/","url_meta":{"origin":95110,"position":4},"title":"Corea del Norte lanza numerosos misiles de crucero al mar Jap\u00f3n","author":"BIMARY DE JES\u00daS Matos","date":"14 de febrero de 2024","format":false,"excerpt":"EFE.-Las autoridades surcoreanas han denunciado este mi\u00e9rcoles que Corea del Norte ha disparado numerosos misiles de crucero hacia el mar de Jap\u00f3n en el que se trata del quinto lanzamiento de este tipo de proyectiles en lo que va de a\u00f1o, coincidiendo con un repunte de la escala de tensiones\u2026","rel":"","context":"En \u00abSin categor\u00eda\u00bb","block_context":{"text":"Sin categor\u00eda","link":"https:\/\/lasprimeras.com.do\/index.php\/category\/sin-categoria\/"},"img":{"alt_text":"","src":"https:\/\/i0.wp.com\/lasprimeras.com.do\/wp-content\/uploads\/2024\/02\/Misiles-de-crucero-.jpg?resize=350%2C200&ssl=1","width":350,"height":200,"srcset":"https:\/\/i0.wp.com\/lasprimeras.com.do\/wp-content\/uploads\/2024\/02\/Misiles-de-crucero-.jpg?resize=350%2C200&ssl=1 1x, https:\/\/i0.wp.com\/lasprimeras.com.do\/wp-content\/uploads\/2024\/02\/Misiles-de-crucero-.jpg?resize=525%2C300&ssl=1 1.5x"},"classes":[]},{"id":68079,"url":"https:\/\/lasprimeras.com.do\/index.php\/2023\/11\/21\/seul-dice-que-pionyang-ha-lanzado-un-cohete-espacial-con-un-satelite-a-bordo\/","url_meta":{"origin":95110,"position":5},"title":"Se\u00fal dice que Pionyang ha lanzado un cohete espacial con un sat\u00e9lite a bordo","author":"Nelson Feliz","date":"21 de noviembre de 2023","format":false,"excerpt":"El ej\u00e9rcito surcoreano inform\u00f3 hoy en un comunicado que \"Corea del Norte ha lanzado un sat\u00e9lite de reconocimiento en direcci\u00f3n sur\", mientras que las autoridades japonesas activaron la alerta de misiles en Okinawa (sur del pa\u00eds) y recomendaron la evacuaci\u00f3n de la poblaci\u00f3n local. El lanzamiento del cohete espacial con\u2026","rel":"","context":"En \u00abSin categor\u00eda\u00bb","block_context":{"text":"Sin categor\u00eda","link":"https:\/\/lasprimeras.com.do\/index.php\/category\/sin-categoria\/"},"img":{"alt_text":"cohete espacial","src":"https:\/\/i0.wp.com\/lasprimeras.com.do\/wp-content\/uploads\/2023\/11\/cohete-espacial.jpeg?resize=350%2C200&ssl=1","width":350,"height":200,"srcset":"https:\/\/i0.wp.com\/lasprimeras.com.do\/wp-content\/uploads\/2023\/11\/cohete-espacial.jpeg?resize=350%2C200&ssl=1 1x, https:\/\/i0.wp.com\/lasprimeras.com.do\/wp-content\/uploads\/2023\/11\/cohete-espacial.jpeg?resize=525%2C300&ssl=1 1.5x, https:\/\/i0.wp.com\/lasprimeras.com.do\/wp-content\/uploads\/2023\/11\/cohete-espacial.jpeg?resize=700%2C400&ssl=1 2x"},"classes":[]}],"jetpack_sharing_enabled":true,"_links":{"self":[{"href":"https:\/\/lasprimeras.com.do\/index.php\/wp-json\/wp\/v2\/posts\/95110","targetHints":{"allow":["GET"]}}],"collection":[{"href":"https:\/\/lasprimeras.com.do\/index.php\/wp-json\/wp\/v2\/posts"}],"about":[{"href":"https:\/\/lasprimeras.com.do\/index.php\/wp-json\/wp\/v2\/types\/post"}],"author":[{"embeddable":true,"href":"https:\/\/lasprimeras.com.do\/index.php\/wp-json\/wp\/v2\/users\/10"}],"replies":[{"embeddable":true,"href":"https:\/\/lasprimeras.com.do\/index.php\/wp-json\/wp\/v2\/comments?post=95110"}],"version-history":[{"count":1,"href":"https:\/\/lasprimeras.com.do\/index.php\/wp-json\/wp\/v2\/posts\/95110\/revisions"}],"predecessor-version":[{"id":95112,"href":"https:\/\/lasprimeras.com.do\/index.php\/wp-json\/wp\/v2\/posts\/95110\/revisions\/95112"}],"wp:featuredmedia":[{"embeddable":true,"href":"https:\/\/lasprimeras.com.do\/index.php\/wp-json\/wp\/v2\/media\/95111"}],"wp:attachment":[{"href":"https:\/\/lasprimeras.com.do\/index.php\/wp-json\/wp\/v2\/media?parent=95110"}],"wp:term":[{"taxonomy":"category","embeddable":true,"href":"https:\/\/lasprimeras.com.do\/index.php\/wp-json\/wp\/v2\/categories?post=95110"},{"taxonomy":"post_tag","embeddable":true,"href":"https:\/\/lasprimeras.com.do\/index.php\/wp-json\/wp\/v2\/tags?post=95110"}],"curies":[{"name":"wp","href":"https:\/\/api.w.org\/{rel}","templated":true}]}}