{"id":95113,"date":"2025-03-10T08:24:38","date_gmt":"2025-03-10T12:24:38","guid":{"rendered":"https:\/\/lasprimeras.com.do\/?p=95113"},"modified":"2025-03-10T08:24:40","modified_gmt":"2025-03-10T12:24:40","slug":"el-papa-sigue-desde-lejos-el-retiro-espiritual-del-vaticano-mientras-se-recupera-en-el-hospital","status":"publish","type":"post","link":"https:\/\/lasprimeras.com.do\/index.php\/2025\/03\/10\/el-papa-sigue-desde-lejos-el-retiro-espiritual-del-vaticano-mientras-se-recupera-en-el-hospital\/","title":{"rendered":"El papa sigue desde lejos el retiro espiritual del Vaticano mientras se recupera en el hospital"},"content":{"rendered":"\n<p>POR NICOLE WINFIELD<\/p>\n\n\n\n<p>ROMA (AP) \u2014 El papa Francisco sigui\u00f3 por videoconferencia el retiro espiritual de una semana del Vaticano el lunes, mientras continuaba su recuperaci\u00f3n de una neumon\u00eda bilateral y miraba hacia el 12mo aniversario de su elecci\u00f3n en medio de preguntas sobre c\u00f3mo podr\u00eda ser el futuro de su papado.<\/p>\n\n\n\n<p>Como hizo el domingo, Francisco particip\u00f3 en el retiro de forma remota desde el hospital de Roma donde est\u00e1 siendo tratado. Pod\u00eda ver y escuchar al reverendo Roberto Pasolini, predicador de la casa papal, pero los sacerdotes, obispos y cardenales reunidos para el retiro en el auditorio del Vaticano no pod\u00edan verlo ni escucharlo.<\/p>\n\n\n\n<p>Pasolini dirige una serie de meditaciones esta semana sobre \u201cla esperanza de la vida eterna\u201d, un tema que fue elegido mucho antes de que Francisco fuera ingresado en el hospital Gemelli de Roma el 14 de febrero con una infecci\u00f3n pulmonar compleja.<\/p>\n\n\n\n<p>El retiro, que es una reuni\u00f3n anual que da inicio a la solemne temporada de Cuaresma de la Iglesia cat\u00f3lica que conduce a la Pascua, contin\u00faa durante el resto de la semana. El Vaticano ha dicho que Francisco participar\u00eda \u201cen comuni\u00f3n espiritual\u201d con el resto de la jerarqu\u00eda, desde lejos.<\/p>\n\n\n\n<p>En su primer bolet\u00edn el lunes, el Vaticano inform\u00f3 que Francisco estaba reanudando su terapia f\u00edsica y respiratoria en el hospital Gemelli despu\u00e9s de una noche tranquila. Francisco ha estado usando un tubo nasal para ox\u00edgeno suplementario para ayudarle a respirar durante el d\u00eda y una m\u00e1scara de ventilaci\u00f3n mec\u00e1nica no invasiva por la noche.<\/p>\n\n\n\n<p>En el momento de su hospitalizaci\u00f3n el mes pasado, el papa de 88 a\u00f1os, que padece enfermedad pulmonar cr\u00f3nica y al que se le extirp\u00f3 parte de un pulm\u00f3n cuando era joven, ten\u00eda lo que entonces era solo un mal caso de bronquitis.<\/p>\n\n\n\n<p>La infecci\u00f3n progres\u00f3 a una infecci\u00f3n respiratoria compleja y neumon\u00eda bilateral que ha mantenido a Francisco alejado de sus actividades durante el per\u00edodo m\u00e1s largo de su papado de 12 a\u00f1os y ha suscitado preguntas sobre el futuro.<\/p>\n\n\n\n<p>Ahora lleva en condici\u00f3n estable durante m\u00e1s de una semana, sin fiebre, crisis respiratorias y con buenos niveles de ox\u00edgeno en sangre durante varios d\u00edas, informaron los m\u00e9dicos.<\/p>\n\n\n\n<p>Los m\u00e9dicos indicaron que tal estabilidad era en s\u00ed misma algo positivo y mostraba que estaba respondiendo bien a la terapia. Sin embargo, mantuvieron su pron\u00f3stico como \u201creservado\u201d, lo que significa que no est\u00e1 fuera de peligro. Se esperaba que los m\u00e9dicos proporcionaran un parte m\u00e9dico m\u00e1s tarde el lunes.<\/p>\n\n\n\n<p>El Vaticano conmemoraba el jueves el 12mo aniversario de la elecci\u00f3n de Francisco, el primero con el papa fuera de la vista pero a\u00fan muy al mando. Francisco fue elegido como el 266to papa, el primer papa jesuita y el primero de Am\u00e9rica Latina, el 13 de marzo de 2013 tras la renuncia del papa Benedicto XVI.<\/p>\n\n\n\n<p>El domingo, Francisco se reuni\u00f3 por tercera vez en el hospital con el cardenal Pietro Parolin y el jefe de gabinete, el arzobispo Edgar Pe\u00f1a Parra. Esas reuniones son la forma habitual en que el papa gobierna y muestran que Francisco a\u00fan se mantiene al tanto de los asuntos esenciales.<\/p>\n\n\n\n<p>Si bien Francisco ha elogiado anteriormente a Benedicto por su valent\u00eda y humildad al renunciar, ha indicado m\u00e1s recientemente que cree que el trabajo de papa es de por vida y dijo el a\u00f1o pasado que no ten\u00eda planes de renunciar.<\/p>\n","protected":false},"excerpt":{"rendered":"<p>POR NICOLE WINFIELD ROMA (AP) \u2014 El papa Francisco sigui\u00f3 por videoconferencia el retiro espiritual de una semana del Vaticano el lunes, mientras continuaba su recuperaci\u00f3n de una neumon\u00eda bilateral&hellip;<\/p>\n","protected":false},"author":10,"featured_media":95114,"comment_status":"open","ping_status":"open","sticky":false,"template":"","format":"standard","meta":{"content-type":"","jetpack_post_was_ever_published":false,"_jetpack_newsletter_access":"","_jetpack_dont_email_post_to_subs":false,"_jetpack_newsletter_tier_id":0,"_jetpack_memberships_contains_paywalled_content":false,"_jetpack_memberships_contains_paid_content":false,"footnotes":""},"categories":[16289],"tags":[2192,18008,2194],"class_list":["post-95113","post","type-post","status-publish","format-standard","has-post-thumbnail","hentry","category-internacionales","tag-el-papa","tag-retiro-espiritual","tag-vaticano"],"jetpack_featured_media_url":"https:\/\/lasprimeras.com.do\/wp-content\/uploads\/2025\/03\/papa-2.png","jetpack-related-posts":[{"id":95232,"url":"https:\/\/lasprimeras.com.do\/index.php\/2025\/03\/11\/francisco-participa-via-remota-en-un-retiro-espiritual-y-los-medicos-mejoran-su-pronostico\/","url_meta":{"origin":95113,"position":0},"title":"Francisco participa v\u00eda remota en un retiro espiritual y los m\u00e9dicos mejoran su pron\u00f3stico","author":"Nelson Feliz","date":"11 de marzo de 2025","format":false,"excerpt":"POR NICOLE WINFIELD ROMA (AP) \u2014 Francisco particip\u00f3 de manera remota en un retiro espiritual del Vaticano el martes despu\u00e9s de recibir buenas noticias de sus doctores: mejoraron su pron\u00f3stico y dicen que ya no est\u00e1 en peligro inminente de muerte como resultado de la neumon\u00eda bilateral que lo ha\u2026","rel":"","context":"En \u00abINTERNACIONALES\u00bb","block_context":{"text":"INTERNACIONALES","link":"https:\/\/lasprimeras.com.do\/index.php\/category\/sin-categoria\/internacionales\/"},"img":{"alt_text":"","src":"https:\/\/i0.wp.com\/lasprimeras.com.do\/wp-content\/uploads\/2025\/03\/papa-3.png?resize=350%2C200&ssl=1","width":350,"height":200,"srcset":"https:\/\/i0.wp.com\/lasprimeras.com.do\/wp-content\/uploads\/2025\/03\/papa-3.png?resize=350%2C200&ssl=1 1x, https:\/\/i0.wp.com\/lasprimeras.com.do\/wp-content\/uploads\/2025\/03\/papa-3.png?resize=525%2C300&ssl=1 1.5x, https:\/\/i0.wp.com\/lasprimeras.com.do\/wp-content\/uploads\/2025\/03\/papa-3.png?resize=700%2C400&ssl=1 2x"},"classes":[]},{"id":95377,"url":"https:\/\/lasprimeras.com.do\/index.php\/2025\/03\/13\/francisco-cumple-12-anos-como-papa-en-el-hospital-aunque-su-estado-mejora\/","url_meta":{"origin":95113,"position":1},"title":"Francisco cumple 12 a\u00f1os como papa en el hospital, aunque su estado mejora","author":"Nelson Feliz","date":"13 de marzo de 2025","format":false,"excerpt":"ROMA (AP) \u2014 El papa Francisco celebr\u00f3 el 12mo aniversario de su papado el jueves con reportes m\u00e9dicos cada vez m\u00e1s positivos, cuatro semanas despu\u00e9s de su hospitalizaci\u00f3n por neumon\u00eda bilateral. El papa pas\u00f3 otra noche tranquila, seg\u00fan inform\u00f3 el Vaticano en su breve comunicado matutino. Una radiograf\u00eda de t\u00f3rax\u2026","rel":"","context":"En \u00abINTERNACIONALES\u00bb","block_context":{"text":"INTERNACIONALES","link":"https:\/\/lasprimeras.com.do\/index.php\/category\/sin-categoria\/internacionales\/"},"img":{"alt_text":"","src":"https:\/\/i0.wp.com\/lasprimeras.com.do\/wp-content\/uploads\/2025\/03\/casa-san-pablo.png?resize=350%2C200&ssl=1","width":350,"height":200,"srcset":"https:\/\/i0.wp.com\/lasprimeras.com.do\/wp-content\/uploads\/2025\/03\/casa-san-pablo.png?resize=350%2C200&ssl=1 1x, https:\/\/i0.wp.com\/lasprimeras.com.do\/wp-content\/uploads\/2025\/03\/casa-san-pablo.png?resize=525%2C300&ssl=1 1.5x, https:\/\/i0.wp.com\/lasprimeras.com.do\/wp-content\/uploads\/2025\/03\/casa-san-pablo.png?resize=700%2C400&ssl=1 2x"},"classes":[]},{"id":94764,"url":"https:\/\/lasprimeras.com.do\/index.php\/2025\/03\/05\/el-papa-descansa-tras-dormir-toda-la-noche-con-una-mascara-de-ventilacion-mientras-lucha-contra-la-neumonia\/","url_meta":{"origin":95113,"position":2},"title":"El Papa descansa tras dormir toda la noche con una m\u00e1scara de ventilaci\u00f3n mientras lucha contra la neumon\u00eda","author":"Nelson Feliz","date":"5 de marzo de 2025","format":false,"excerpt":"Por NICOLE WINFIELD CIUDAD DEL VATICANO (AP) \u2014 El papa Francisco descansaba el mi\u00e9rcoles, al inicio del solemne per\u00edodo de Cuaresma que conduce a las celebraciones de Semana Santa, despu\u00e9s de dormir toda la noche con una m\u00e1scara de ventilaci\u00f3n mientras recibe tratamiento hospitalario por neumon\u00eda doble . En su\u2026","rel":"","context":"En \u00abINTERNACIONALES\u00bb","block_context":{"text":"INTERNACIONALES","link":"https:\/\/lasprimeras.com.do\/index.php\/category\/sin-categoria\/internacionales\/"},"img":{"alt_text":"El papa Francisco","src":"https:\/\/i0.wp.com\/lasprimeras.com.do\/wp-content\/uploads\/2025\/03\/El-papa-Francisco.png?resize=350%2C200&ssl=1","width":350,"height":200,"srcset":"https:\/\/i0.wp.com\/lasprimeras.com.do\/wp-content\/uploads\/2025\/03\/El-papa-Francisco.png?resize=350%2C200&ssl=1 1x, https:\/\/i0.wp.com\/lasprimeras.com.do\/wp-content\/uploads\/2025\/03\/El-papa-Francisco.png?resize=525%2C300&ssl=1 1.5x, https:\/\/i0.wp.com\/lasprimeras.com.do\/wp-content\/uploads\/2025\/03\/El-papa-Francisco.png?resize=700%2C400&ssl=1 2x"},"classes":[]},{"id":97215,"url":"https:\/\/lasprimeras.com.do\/index.php\/2025\/04\/17\/papa-francisco-visita-prision-de-roma-en-su-cita-anual-de-semana-santa\/","url_meta":{"origin":95113,"position":3},"title":"Papa Francisco visita prisi\u00f3n de Roma en su cita anual de Semana Santa","author":"Nelson Feliz","date":"17 de abril de 2025","format":false,"excerpt":"POR NICOLE WINFIELD CIUDAD DEL VATICANO (AP) \u2014 El papa Francisco visit\u00f3 el jueves la prisi\u00f3n principal de Roma y se reuni\u00f3 con decenas de reclusos mientras cumpl\u00eda con su compromiso pascual de pasar el Jueves Santo entre los menos afortunados, todo ello, mientras contin\u00faa recuper\u00e1ndose de un episodio de\u2026","rel":"","context":"En \u00abINTERNACIONALES\u00bb","block_context":{"text":"INTERNACIONALES","link":"https:\/\/lasprimeras.com.do\/index.php\/category\/sin-categoria\/internacionales\/"},"img":{"alt_text":"Papa Francisco","src":"https:\/\/i0.wp.com\/lasprimeras.com.do\/wp-content\/uploads\/2025\/04\/Papa-Francisco.jpg?resize=350%2C200&ssl=1","width":350,"height":200,"srcset":"https:\/\/i0.wp.com\/lasprimeras.com.do\/wp-content\/uploads\/2025\/04\/Papa-Francisco.jpg?resize=350%2C200&ssl=1 1x, https:\/\/i0.wp.com\/lasprimeras.com.do\/wp-content\/uploads\/2025\/04\/Papa-Francisco.jpg?resize=525%2C300&ssl=1 1.5x, https:\/\/i0.wp.com\/lasprimeras.com.do\/wp-content\/uploads\/2025\/04\/Papa-Francisco.jpg?resize=700%2C400&ssl=1 2x"},"classes":[]},{"id":100309,"url":"https:\/\/lasprimeras.com.do\/index.php\/2025\/06\/05\/el-papa-leon-xiv-se-reune-con-la-comision-de-proteccion-infantil-del-vaticano\/","url_meta":{"origin":95113,"position":4},"title":"El papa Le\u00f3n XIV se re\u00fane con la comisi\u00f3n de protecci\u00f3n infantil del Vaticano","author":"Nelson Feliz","date":"5 de junio de 2025","format":false,"excerpt":"POR NICOLE WINFIELD CIUDAD DEL VATICANO (AP) \u2014 El papa Le\u00f3n XIV se reuni\u00f3 con miembros de la comisi\u00f3n asesora de protecci\u00f3n infantil del Vaticano el jueves por primera vez, en medio de preguntas sobre su manejo pasado de casos de abuso sexual por parte del clero y demandas de\u2026","rel":"","context":"En \u00abINTERNACIONALES\u00bb","block_context":{"text":"INTERNACIONALES","link":"https:\/\/lasprimeras.com.do\/index.php\/category\/sin-categoria\/internacionales\/"},"img":{"alt_text":"","src":"https:\/\/i0.wp.com\/lasprimeras.com.do\/wp-content\/uploads\/2025\/06\/El-papa-Leon-XIV.jpg?resize=350%2C200&ssl=1","width":350,"height":200,"srcset":"https:\/\/i0.wp.com\/lasprimeras.com.do\/wp-content\/uploads\/2025\/06\/El-papa-Leon-XIV.jpg?resize=350%2C200&ssl=1 1x, https:\/\/i0.wp.com\/lasprimeras.com.do\/wp-content\/uploads\/2025\/06\/El-papa-Leon-XIV.jpg?resize=525%2C300&ssl=1 1.5x, https:\/\/i0.wp.com\/lasprimeras.com.do\/wp-content\/uploads\/2025\/06\/El-papa-Leon-XIV.jpg?resize=700%2C400&ssl=1 2x"},"classes":[]},{"id":83619,"url":"https:\/\/lasprimeras.com.do\/index.php\/2024\/05\/20\/presidente-abinader-anuncia-viajara-a-italia-el-vaticano-y-portugal\/","url_meta":{"origin":95113,"position":5},"title":"Presidente Abinader anuncia viajar\u00e1 a Italia, el Vaticano y Portugal","author":"Nelson Feliz","date":"20 de mayo de 2024","format":false,"excerpt":"Durante este viaje, el jefe del Estado sostendr\u00e1 un encuentro en el Vaticano con el Papa Francisco. El presidente Luis Abinader anunci\u00f3 este lunes que a partir del pr\u00f3ximo viernes 24 de mayo viajar\u00e1 a Italia, el Vaticano y Portugal, y que durante su permanencia en Roma sostendr\u00e1 un encuentro\u2026","rel":"","context":"En \u00abNACIONALES\u00bb","block_context":{"text":"NACIONALES","link":"https:\/\/lasprimeras.com.do\/index.php\/category\/nacionales\/"},"img":{"alt_text":"Luis Abinader","src":"https:\/\/i0.wp.com\/lasprimeras.com.do\/wp-content\/uploads\/2023\/07\/Luis-Abinader-viaja.jpg?resize=350%2C200&ssl=1","width":350,"height":200,"srcset":"https:\/\/i0.wp.com\/lasprimeras.com.do\/wp-content\/uploads\/2023\/07\/Luis-Abinader-viaja.jpg?resize=350%2C200&ssl=1 1x, https:\/\/i0.wp.com\/lasprimeras.com.do\/wp-content\/uploads\/2023\/07\/Luis-Abinader-viaja.jpg?resize=525%2C300&ssl=1 1.5x, https:\/\/i0.wp.com\/lasprimeras.com.do\/wp-content\/uploads\/2023\/07\/Luis-Abinader-viaja.jpg?resize=700%2C400&ssl=1 2x"},"classes":[]}],"jetpack_sharing_enabled":true,"_links":{"self":[{"href":"https:\/\/lasprimeras.com.do\/index.php\/wp-json\/wp\/v2\/posts\/95113","targetHints":{"allow":["GET"]}}],"collection":[{"href":"https:\/\/lasprimeras.com.do\/index.php\/wp-json\/wp\/v2\/posts"}],"about":[{"href":"https:\/\/lasprimeras.com.do\/index.php\/wp-json\/wp\/v2\/types\/post"}],"author":[{"embeddable":true,"href":"https:\/\/lasprimeras.com.do\/index.php\/wp-json\/wp\/v2\/users\/10"}],"replies":[{"embeddable":true,"href":"https:\/\/lasprimeras.com.do\/index.php\/wp-json\/wp\/v2\/comments?post=95113"}],"version-history":[{"count":1,"href":"https:\/\/lasprimeras.com.do\/index.php\/wp-json\/wp\/v2\/posts\/95113\/revisions"}],"predecessor-version":[{"id":95115,"href":"https:\/\/lasprimeras.com.do\/index.php\/wp-json\/wp\/v2\/posts\/95113\/revisions\/95115"}],"wp:featuredmedia":[{"embeddable":true,"href":"https:\/\/lasprimeras.com.do\/index.php\/wp-json\/wp\/v2\/media\/95114"}],"wp:attachment":[{"href":"https:\/\/lasprimeras.com.do\/index.php\/wp-json\/wp\/v2\/media?parent=95113"}],"wp:term":[{"taxonomy":"category","embeddable":true,"href":"https:\/\/lasprimeras.com.do\/index.php\/wp-json\/wp\/v2\/categories?post=95113"},{"taxonomy":"post_tag","embeddable":true,"href":"https:\/\/lasprimeras.com.do\/index.php\/wp-json\/wp\/v2\/tags?post=95113"}],"curies":[{"name":"wp","href":"https:\/\/api.w.org\/{rel}","templated":true}]}}