{"id":95116,"date":"2025-03-10T08:36:41","date_gmt":"2025-03-10T12:36:41","guid":{"rendered":"https:\/\/lasprimeras.com.do\/?p=95116"},"modified":"2025-03-10T08:36:42","modified_gmt":"2025-03-10T12:36:42","slug":"decenas-de-miles-de-mexicanos-aplauden-a-su-presidenta-despues-de-que-trump-retrasara-los-aranceles","status":"publish","type":"post","link":"https:\/\/lasprimeras.com.do\/index.php\/2025\/03\/10\/decenas-de-miles-de-mexicanos-aplauden-a-su-presidenta-despues-de-que-trump-retrasara-los-aranceles\/","title":{"rendered":"Decenas de miles de mexicanos aplauden a su presidenta despu\u00e9s de que Trump retrasara los aranceles"},"content":{"rendered":"\n<p>POR FABIOLA S\u00c1NCHEZ<\/p>\n\n\n\n<p>CIUDAD DE M\u00c9XICO (AP) \u2014 Decenas de miles de personas abarrotaron el domingo la principal plaza de la Ciudad de M\u00e9xico para celebrar junto a la presidenta Claudia Sheinbaum la decisi\u00f3n del mandatario estadounidense Donald Trump de posponer por un mes m\u00e1s los aranceles de 25% para muchos de los productos mexicanos.<\/p>\n\n\n\n<p>Entre un mar de banderas mexicanas y pancartas en las que se le\u00eda \u201cM\u00e9xico se respeta\u201d, los manifestantes vitoreaban a Sheinbaum al grito de \u201cno est\u00e1s sola\u201d.<\/p>\n\n\n\n<p>\u201cAfortunadamente ha prevalecido el di\u00e1logo y el respeto entre nuestras naciones. Somos naciones en igualdad de circunstancias, no somos m\u00e1s, pero tampoco somos menos\u201d, dijo la mandataria ante la multitud al resaltar el entendimiento que ha privado con la administraci\u00f3n de Trump en los \u00faltimos d\u00edas, aunque record\u00f3 que \u201csiempre pondremos por encima de todo el respeto a nuestro pueblo y a nuestra bendita naci\u00f3n\u201d.<\/p>\n\n\n\n<p>A pesar de que a\u00fan persisten las amenazas, la gobernante indic\u00f3 que era optimista de que no se aplicar\u00e1n los aranceles a M\u00e9xico. Sin embargo, sostuvo que seguir\u00e1 actuando con \u201ccabeza fr\u00eda\u201d frente a Trump.<\/p>\n\n\n\n<p>Levantando un cartel en el que se le\u00eda \u201cestamos unidos mexicanos\u201d estaba entre la multitud Roberto Gonz\u00e1lez, un inform\u00e1tico de 68 a\u00f1os de edad.<\/p>\n\n\n\n<p>\u201cLa uni\u00f3n del pa\u00eds es important\u00edsima\u201d, afirm\u00f3 Gonz\u00e1lez tras asegurar que solo de esa forma M\u00e9xico podr\u00e1 \u201cenfrentar a una de las potencias m\u00e1s grandes del mundo\u201d.<\/p>\n\n\n\n<p>\u201cNo tenemos armas, no tenemos una fuerza militar, pero tenemos la uni\u00f3n del pueblo\u201d, agreg\u00f3.<\/p>\n\n\n\n<p>Entre unas de las calles que dan al z\u00f3calo estaba Mariana Rivera, una activista social de 40 a\u00f1os. Mientras hac\u00eda esfuerzos para sostener con sus brazos una inmensa bandera mexicana de m\u00e1s de un metro de altura, Rivera confes\u00f3 orgullosa que el pabell\u00f3n \u201csimboliza el amor por M\u00e9xico y por nuestra presidenta\u201d.<\/p>\n\n\n\n<p>Pese a los nubarrones que se ciernen sobre M\u00e9xico, Rivera dijo convencida que \u201cla presidente lograr\u00e1 superar todo\u201d.<\/p>\n\n\n\n<p>Aunque los analistas estiman que el evento de masas no aliviar\u00e1 el clima de incertidumbre que amenaza las nuevas inversiones y la econom\u00eda mexicana, si ayudar\u00eda a Sheinbaum a consolidar los respaldos internos frente a Trump que con su poderosa ret\u00f3rica est\u00e1 marcando el ritmo de las relaciones bilaterales.<\/p>\n\n\n\n<p>\u201cEste es un acto pensando m\u00e1s bien para la pol\u00edtica interna\u201d, afirm\u00f3 el polit\u00f3logo y acad\u00e9mico Javier Rosiles Salas al plantear que con el evento del domingo la presidenta mexicana buscar\u00e1 fortalecer su imagen y liderazgo.<\/p>\n\n\n\n<p>Rosiles Salas dijo a The Associated Press que pese a las preocupaciones que hay en M\u00e9xico por los impactos econ\u00f3micas que podr\u00eda desencadenar una guerra aranceles con Estados Unidos \u2014su principal socio comercial y destino de m\u00e1s del 80% de las exportaciones mexicanas\u2014, el enfrentamiento con Trump ha sido \u201cmuy redituable a la figura de Claudia Sheinbaum\u201d y le ha permitido alcanzar un respaldo popular sobre 60% a cinco meses desde que inicio su sexenio.<\/p>\n\n\n\n<p>Si bien la mandataria, de 62 a\u00f1os, luce fuerte en este momento no est\u00e1 claro si su respaldo pol\u00edtico podr\u00eda debilitarse ante un eventual deterioro de la econom\u00eda mexicana por las tensiones con Estados Unidos.<\/p>\n\n\n\n<p>Por el momento las proyecciones de los especialistas y agencias calificadoras no son nada favorables. La mayor\u00eda de los an\u00e1lisis coinciden en que de concretarse la imposici\u00f3n de aranceles generales M\u00e9xico podr\u00eda enfrentar una contracci\u00f3n de m\u00e1s de 1% del Producto Interno Bruto (PIB).<\/p>\n\n\n\n<p>La prolongaci\u00f3n del clima de incertidumbre tampoco est\u00e1 favoreciendo al pa\u00eds, seg\u00fan afirm\u00f3 el doctor en Econom\u00eda Samuel Ortiz Vel\u00e1squez, profesor de la Facultad de Econom\u00eda de la Universidad Nacional Aut\u00f3noma de M\u00e9xico.<\/p>\n\n\n\n<p>Ortiz Vel\u00e1squez dijo a la AP que la persistencia de la amenaza de los grav\u00e1menes ha ocasionado la suspensi\u00f3n de algunas inversiones de relocalizaci\u00f3n en M\u00e9xico.<\/p>\n\n\n\n<p>Como ejemplo de ello cit\u00f3 que hasta la fecha solo se han confirmado seis proyectos de relocalizaci\u00f3n por 10.000 millones de d\u00f3lares, lo que asegur\u00f3 que apenas representan 6% de los anuncios de inversiones comprometidas.<\/p>\n\n\n\n<p>Luego de conversaciones telef\u00f3nicas con sus pares de M\u00e9xico y Canad\u00e1, Trump decidi\u00f3 el jueves pausar hasta el 2 de abril los aranceles generales para los productos que est\u00e1n bajo el tratado comercial trilateral (el T-MEC).<\/p>\n\n\n\n<p>A principios de febrero, el presidente estadounidense tambi\u00e9n suspendi\u00f3 la aplicaci\u00f3n de los impuestos luego de que Sheinbaum se comprometi\u00f3 a enviar 10.000 guardias nacionales a la frontera norte para contener el tr\u00e1fico de drogas.<\/p>\n\n\n\n<p>Pese a los acuerdos a\u00fan se mantiene en vilo la decisi\u00f3n de Trump sobre los aranceles de 25% para el acero y aluminio provenientes de M\u00e9xico y Canad\u00e1 que est\u00e1 previsto que entren en vigencia a partir del 12 de marzo.<\/p>\n","protected":false},"excerpt":{"rendered":"<p>POR FABIOLA S\u00c1NCHEZ CIUDAD DE M\u00c9XICO (AP) \u2014 Decenas de miles de personas abarrotaron el domingo la principal plaza de la Ciudad de M\u00e9xico para celebrar junto a la presidenta&hellip;<\/p>\n","protected":false},"author":10,"featured_media":95117,"comment_status":"open","ping_status":"open","sticky":false,"template":"","format":"standard","meta":{"content-type":"","jetpack_post_was_ever_published":false,"_jetpack_newsletter_access":"","_jetpack_dont_email_post_to_subs":false,"_jetpack_newsletter_tier_id":0,"_jetpack_memberships_contains_paywalled_content":false,"_jetpack_memberships_contains_paid_content":false,"footnotes":""},"categories":[16289],"tags":[11540,13323,978,14329],"class_list":["post-95116","post","type-post","status-publish","format-standard","has-post-thumbnail","hentry","category-internacionales","tag-aranceles","tag-claudia-sheinbaum","tag-donald-trump","tag-mexicanos"],"jetpack_featured_media_url":"https:\/\/lasprimeras.com.do\/wp-content\/uploads\/2025\/03\/Claudia-Sheinbaum.png","jetpack-related-posts":[{"id":94770,"url":"https:\/\/lasprimeras.com.do\/index.php\/2025\/03\/05\/la-guerra-comercial-de-trump-genera-rapidas-represalias-con-nuevos-aranceles-de-mexico-canada-y-china\/","url_meta":{"origin":95116,"position":0},"title":"La guerra comercial de Trump genera r\u00e1pidas represalias con nuevos aranceles de M\u00e9xico, Canad\u00e1 y China","author":"Nelson Feliz","date":"5 de marzo de 2025","format":false,"excerpt":"Por JOSH BOAK , PAUL WISEMAN y ROB GILLIES WASHINGTON (AP) \u2014 El presidente Donald Trump lanz\u00f3 el martes una guerra comercial contra los tres principales socios comerciales de Estados Unidos , lo que provoc\u00f3 represalias inmediatas de M\u00e9xico, Canad\u00e1 y China y provoc\u00f3 una ca\u00edda en picada de los\u2026","rel":"","context":"En \u00abECONOM\u00cdA\u00bb","block_context":{"text":"ECONOM\u00cdA","link":"https:\/\/lasprimeras.com.do\/index.php\/category\/economia\/"},"img":{"alt_text":"","src":"https:\/\/i0.wp.com\/lasprimeras.com.do\/wp-content\/uploads\/2025\/03\/aranceles.png?resize=350%2C200&ssl=1","width":350,"height":200,"srcset":"https:\/\/i0.wp.com\/lasprimeras.com.do\/wp-content\/uploads\/2025\/03\/aranceles.png?resize=350%2C200&ssl=1 1x, https:\/\/i0.wp.com\/lasprimeras.com.do\/wp-content\/uploads\/2025\/03\/aranceles.png?resize=525%2C300&ssl=1 1.5x, https:\/\/i0.wp.com\/lasprimeras.com.do\/wp-content\/uploads\/2025\/03\/aranceles.png?resize=700%2C400&ssl=1 2x"},"classes":[]},{"id":94357,"url":"https:\/\/lasprimeras.com.do\/index.php\/2025\/02\/28\/trump-afirma-que-aranceles-a-mexico-y-canada-entraran-en-vigor-el-4-de-marzo\/","url_meta":{"origin":95116,"position":1},"title":"Trump afirma que aranceles a M\u00e9xico y Canad\u00e1 entrar\u00e1n en vigor el 4 de marzo","author":"Nelson Feliz","date":"28 de febrero de 2025","format":false,"excerpt":"El mandatario apunt\u00f3 que a China tambi\u00e9n le impondr\u00e1n aranceles del 10%, como lo prometi\u00f3 desde su llegada al poder. Por Jerald Jim\u00e9nez El presidente Donald Trump asegur\u00f3 este jueves que los aranceles a M\u00e9xico y Canad\u00e1 entrar\u00e1n en vigor el 4 de marzo si el \u201cazote\u201d del tr\u00e1fico de\u2026","rel":"","context":"En \u00abINTERNACIONALES\u00bb","block_context":{"text":"INTERNACIONALES","link":"https:\/\/lasprimeras.com.do\/index.php\/category\/sin-categoria\/internacionales\/"},"img":{"alt_text":"Donald Trump","src":"https:\/\/i0.wp.com\/lasprimeras.com.do\/wp-content\/uploads\/2025\/02\/Donald-Trump-1.png?resize=350%2C200&ssl=1","width":350,"height":200,"srcset":"https:\/\/i0.wp.com\/lasprimeras.com.do\/wp-content\/uploads\/2025\/02\/Donald-Trump-1.png?resize=350%2C200&ssl=1 1x, https:\/\/i0.wp.com\/lasprimeras.com.do\/wp-content\/uploads\/2025\/02\/Donald-Trump-1.png?resize=525%2C300&ssl=1 1.5x, https:\/\/i0.wp.com\/lasprimeras.com.do\/wp-content\/uploads\/2025\/02\/Donald-Trump-1.png?resize=700%2C400&ssl=1 2x"},"classes":[]},{"id":98233,"url":"https:\/\/lasprimeras.com.do\/index.php\/2025\/05\/04\/en-medio-de-celebraciones-por-el-5-de-mayo-se-avecina-un-arancel-de-eeuu-sobre-tomates-mexicanos\/","url_meta":{"origin":95116,"position":2},"title":"En medio de celebraciones por el 5 de Mayo, se avecina un arancel de EEUU sobre tomates mexicanos","author":"Nelson Feliz","date":"4 de mayo de 2025","format":false,"excerpt":"POR DEE-ANN DURBIN Hasta ahora, el guacamole se ha librado de los aranceles del presidente de Estados Unidos, Donald Trump. Pero la salsa podr\u00eda no correr con la misma suerte. Aunque Trump ha pausado los aranceles anunciados sobre los aguacates mexicanos, el gobierno de Estados Unidos planea imponer un impuesto\u2026","rel":"","context":"En \u00abECONOM\u00cdA\u00bb","block_context":{"text":"ECONOM\u00cdA","link":"https:\/\/lasprimeras.com.do\/index.php\/category\/economia\/"},"img":{"alt_text":"","src":"https:\/\/i0.wp.com\/lasprimeras.com.do\/wp-content\/uploads\/2025\/05\/tomates.jpg?resize=350%2C200&ssl=1","width":350,"height":200,"srcset":"https:\/\/i0.wp.com\/lasprimeras.com.do\/wp-content\/uploads\/2025\/05\/tomates.jpg?resize=350%2C200&ssl=1 1x, https:\/\/i0.wp.com\/lasprimeras.com.do\/wp-content\/uploads\/2025\/05\/tomates.jpg?resize=525%2C300&ssl=1 1.5x, https:\/\/i0.wp.com\/lasprimeras.com.do\/wp-content\/uploads\/2025\/05\/tomates.jpg?resize=700%2C400&ssl=1 2x"},"classes":[]},{"id":96408,"url":"https:\/\/lasprimeras.com.do\/index.php\/2025\/03\/31\/trump-dice-que-se-acerca-el-dia-de-la-liberacion-con-sus-aranceles\/","url_meta":{"origin":95116,"position":3},"title":"Trump dice que se acerca el \u201cD\u00eda de la Liberaci\u00f3n\u201d con sus aranceles","author":"Nelson Feliz","date":"31 de marzo de 2025","format":false,"excerpt":"POR JOSH BOAK WASHINGTON (AP) \u2014 El presidente Donald Trump dijo que el mi\u00e9rcoles ser\u00e1 el \u201cD\u00eda de la Liberaci\u00f3n\u201d, un momento en el que planea implementar un conjunto de aranceles que promete liberar\u00e1n a Estados Unidos de productos extranjeros. Los detalles de la pr\u00f3xima ronda de impuestos a las\u2026","rel":"","context":"En \u00abECONOM\u00cdA\u00bb","block_context":{"text":"ECONOM\u00cdA","link":"https:\/\/lasprimeras.com.do\/index.php\/category\/economia\/"},"img":{"alt_text":"","src":"https:\/\/i0.wp.com\/lasprimeras.com.do\/wp-content\/uploads\/2025\/03\/vehi.jpg?resize=350%2C200&ssl=1","width":350,"height":200,"srcset":"https:\/\/i0.wp.com\/lasprimeras.com.do\/wp-content\/uploads\/2025\/03\/vehi.jpg?resize=350%2C200&ssl=1 1x, https:\/\/i0.wp.com\/lasprimeras.com.do\/wp-content\/uploads\/2025\/03\/vehi.jpg?resize=525%2C300&ssl=1 1.5x, https:\/\/i0.wp.com\/lasprimeras.com.do\/wp-content\/uploads\/2025\/03\/vehi.jpg?resize=700%2C400&ssl=1 2x"},"classes":[]},{"id":96255,"url":"https:\/\/lasprimeras.com.do\/index.php\/2025\/03\/28\/trump-impone-arancel-de-25-a-autos-importados-podria-aumentar-costos-y-reducir-ventas\/","url_meta":{"origin":95116,"position":4},"title":"Trump impone arancel de 25% a autos importados; podr\u00eda aumentar costos y reducir ventas","author":"Nelson Feliz","date":"28 de marzo de 2025","format":false,"excerpt":"POR JOSH BOAK WASHINGTON (AP) \u2014 El presidente estadounidense Donald Trump dijo que impondr\u00eda aranceles del 25% a las importaciones de autom\u00f3viles, una medida que, seg\u00fan la Casa Blanca, fomentar\u00e1 la manufactura nacional, pero que tambi\u00e9n podr\u00eda poner presi\u00f3n financiera sobre los fabricantes que dependen de cadenas mundiales de suministro.\u2026","rel":"","context":"En \u00abECONOM\u00cdA\u00bb","block_context":{"text":"ECONOM\u00cdA","link":"https:\/\/lasprimeras.com.do\/index.php\/category\/economia\/"},"img":{"alt_text":"","src":"https:\/\/i0.wp.com\/lasprimeras.com.do\/wp-content\/uploads\/2025\/03\/VEH.jpg?resize=350%2C200&ssl=1","width":350,"height":200,"srcset":"https:\/\/i0.wp.com\/lasprimeras.com.do\/wp-content\/uploads\/2025\/03\/VEH.jpg?resize=350%2C200&ssl=1 1x, https:\/\/i0.wp.com\/lasprimeras.com.do\/wp-content\/uploads\/2025\/03\/VEH.jpg?resize=525%2C300&ssl=1 1.5x, https:\/\/i0.wp.com\/lasprimeras.com.do\/wp-content\/uploads\/2025\/03\/VEH.jpg?resize=700%2C400&ssl=1 2x"},"classes":[]},{"id":90860,"url":"https:\/\/lasprimeras.com.do\/index.php\/2024\/11\/01\/trump-dice-que-cobraria-a-stellantis-un-arancel-del-100-si-traslada-empleos-a-mexico\/","url_meta":{"origin":95116,"position":5},"title":"Trump dice que cobrar\u00eda a Stellantis un arancel del 100% si traslada empleos a M\u00e9xico","author":"Nelson Feliz","date":"1 de noviembre de 2024","format":false,"excerpt":"WARREN, EEUU, (Reuters) - El candidato republicano a la presidencia, Donald Trump, dijo el viernes que si es elegido pondr\u00eda un arancel del 100% a Stellantis si el fabricante de autom\u00f3viles intentara trasladar puestos de trabajo de EEUU a M\u00e9xico. Trump habl\u00f3 en un mitin en el disputado estado de\u2026","rel":"","context":"En \u00abSin categor\u00eda\u00bb","block_context":{"text":"Sin categor\u00eda","link":"https:\/\/lasprimeras.com.do\/index.php\/category\/sin-categoria\/"},"img":{"alt_text":"Donald Trump","src":"https:\/\/i0.wp.com\/lasprimeras.com.do\/wp-content\/uploads\/2024\/11\/Donald-Trump-5.jpg?resize=350%2C200&ssl=1","width":350,"height":200,"srcset":"https:\/\/i0.wp.com\/lasprimeras.com.do\/wp-content\/uploads\/2024\/11\/Donald-Trump-5.jpg?resize=350%2C200&ssl=1 1x, https:\/\/i0.wp.com\/lasprimeras.com.do\/wp-content\/uploads\/2024\/11\/Donald-Trump-5.jpg?resize=525%2C300&ssl=1 1.5x"},"classes":[]}],"jetpack_sharing_enabled":true,"_links":{"self":[{"href":"https:\/\/lasprimeras.com.do\/index.php\/wp-json\/wp\/v2\/posts\/95116","targetHints":{"allow":["GET"]}}],"collection":[{"href":"https:\/\/lasprimeras.com.do\/index.php\/wp-json\/wp\/v2\/posts"}],"about":[{"href":"https:\/\/lasprimeras.com.do\/index.php\/wp-json\/wp\/v2\/types\/post"}],"author":[{"embeddable":true,"href":"https:\/\/lasprimeras.com.do\/index.php\/wp-json\/wp\/v2\/users\/10"}],"replies":[{"embeddable":true,"href":"https:\/\/lasprimeras.com.do\/index.php\/wp-json\/wp\/v2\/comments?post=95116"}],"version-history":[{"count":1,"href":"https:\/\/lasprimeras.com.do\/index.php\/wp-json\/wp\/v2\/posts\/95116\/revisions"}],"predecessor-version":[{"id":95118,"href":"https:\/\/lasprimeras.com.do\/index.php\/wp-json\/wp\/v2\/posts\/95116\/revisions\/95118"}],"wp:featuredmedia":[{"embeddable":true,"href":"https:\/\/lasprimeras.com.do\/index.php\/wp-json\/wp\/v2\/media\/95117"}],"wp:attachment":[{"href":"https:\/\/lasprimeras.com.do\/index.php\/wp-json\/wp\/v2\/media?parent=95116"}],"wp:term":[{"taxonomy":"category","embeddable":true,"href":"https:\/\/lasprimeras.com.do\/index.php\/wp-json\/wp\/v2\/categories?post=95116"},{"taxonomy":"post_tag","embeddable":true,"href":"https:\/\/lasprimeras.com.do\/index.php\/wp-json\/wp\/v2\/tags?post=95116"}],"curies":[{"name":"wp","href":"https:\/\/api.w.org\/{rel}","templated":true}]}}