{"id":95119,"date":"2025-03-10T08:43:31","date_gmt":"2025-03-10T12:43:31","guid":{"rendered":"https:\/\/lasprimeras.com.do\/?p=95119"},"modified":"2025-03-10T08:43:33","modified_gmt":"2025-03-10T12:43:33","slug":"vikings-recontratan-a-aaron-jones-con-un-contrato-de-dos-anos-y-20-millones-de-dolares","status":"publish","type":"post","link":"https:\/\/lasprimeras.com.do\/index.php\/2025\/03\/10\/vikings-recontratan-a-aaron-jones-con-un-contrato-de-dos-anos-y-20-millones-de-dolares\/","title":{"rendered":"Vikings recontratan a Aaron Jones con un contrato de dos a\u00f1os y 20 millones de d\u00f3lares"},"content":{"rendered":"\n<p>POR DAVE CAMPBELL<\/p>\n\n\n\n<p>MINNEAPOLIS (AP) \u2014 Los Vikings de Minnesota acordaron los t\u00e9rminos de un contrato de dos a\u00f1os y 20 millones de d\u00f3lares con el corredor Aaron Jones el domingo, lo que impide que el popular veterano llegue a la agencia libre tras un s\u00f3lido debut con su antiguo rival.<\/p>\n\n\n\n<p>Jones recibir\u00e1 13 millones de d\u00f3lares garantizados, seg\u00fan inform\u00f3 su agente Drew Rosenhaus. El jugador de 30 a\u00f1os, que jug\u00f3 siete temporadas con los Packers de Green Bay despu\u00e9s de ser seleccionado en la quinta ronda del draft de 2017 procedente de Texas-El Paso, estableci\u00f3 marcas personales con 255 acarreos y 1.138 yardas por tierra para los Vikings en 2024.<\/p>\n\n\n\n<p>Firm\u00f3 un contrato de un a\u00f1o por siete millones de d\u00f3lares con el club despu\u00e9s de que los Packers lo liberaran para ahorrar en el tope salarial y firmaran a Josh Jacobs en su lugar, convirti\u00e9ndose en el \u00faltimo de una l\u00ednea constante de ex Packers de alto perfil en unirse a los Vikings.<\/p>\n\n\n\n<p>Jones fue el tercer corredor en la historia de la franquicia en alcanzar la marca de 1.000 yardas en su primer a\u00f1o con Minnesota, siguiendo los pasos de Adrian Peterson, en 2007, y Chester Taylor, en 2006. Adem\u00e1s, Jones jug\u00f3 en todos los partidos por solo segunda vez en su carrera. Tambi\u00e9n fue nominado para el premio Art Rooney Sportsmanship Award del equipo y gan\u00f3 el Salute to Service Award del equipo.<\/p>\n\n\n\n<p>Entre los corredores de la NFL con al menos 1.000 acarreos en su carrera, Jones ocupa el sexto lugar de todos los tiempos con un promedio de 4,9 yardas por acarreo.<\/p>\n\n\n\n<p>Con su presencia y algunas mejoras en el bloqueo en el juego terrestre, los Vikings pasaron del 29no lugar en la liga en yardas por tierra en 2023 a un empate por el 19no lugar en 2024.<\/p>\n\n\n\n<p>Ty Chandler estaba en posici\u00f3n al comienzo de la temporada para compartir tiempo en el backfield con Jones en una divisi\u00f3n equitativa, pero Jones demostr\u00f3 ser tan duradero y confiable que el entrenador Kevin O\u2019Connell y su personal quer\u00edan que estuviera en el juego tanto como razonablemente pod\u00edan esperar.<\/p>\n\n\n\n<p>La situaci\u00f3n del quarterback es lo siguiente que los Vikings deben resolver, con Sam Darnold listo para convertirse en agente libre y, por lo tanto, probablemente demasiado caro para su plan general de plantilla.<\/p>\n\n\n\n<p>Con J.J. McCarthy, la 10ma selecci\u00f3n en el draft del a\u00f1o pasado, recuperado de su cirug\u00eda de rodilla, podr\u00eda estar listo para asumir el puesto desde el principio. Sin embargo, es muy probable que los Vikings busquen un veterano probado para acompa\u00f1arlo.<\/p>\n\n\n\n<p>Daniel Jones, el ex titular de los Giants de Nueva York que fue adquirido a finales de la temporada pasada para profundidad, deber\u00eda justificar un contrato que se ajuste mejor al tope salarial que Darnold.<\/p>\n\n\n\n<p>Los Vikings tambi\u00e9n buscar\u00e1n mejoras en la posici\u00f3n de guardia, tackle defensivo y esquinero, cuando se abra el per\u00edodo de negociaci\u00f3n de agentes libres el lunes.<\/p>\n","protected":false},"excerpt":{"rendered":"<p>POR DAVE CAMPBELL MINNEAPOLIS (AP) \u2014 Los Vikings de Minnesota acordaron los t\u00e9rminos de un contrato de dos a\u00f1os y 20 millones de d\u00f3lares con el corredor Aaron Jones el&hellip;<\/p>\n","protected":false},"author":10,"featured_media":95120,"comment_status":"open","ping_status":"open","sticky":false,"template":"","format":"standard","meta":{"content-type":"","jetpack_post_was_ever_published":false,"_jetpack_newsletter_access":"","_jetpack_dont_email_post_to_subs":false,"_jetpack_newsletter_tier_id":0,"_jetpack_memberships_contains_paywalled_content":false,"_jetpack_memberships_contains_paid_content":false,"footnotes":""},"categories":[16289],"tags":[18011,18010,9057,18009],"class_list":["post-95119","post","type-post","status-publish","format-standard","has-post-thumbnail","hentry","category-internacionales","tag-20-millones-de-dolares","tag-aaron-jones","tag-contrato","tag-vikings"],"jetpack_featured_media_url":"https:\/\/lasprimeras.com.do\/wp-content\/uploads\/2025\/03\/Aaron-Jones.png","jetpack-related-posts":[{"id":70431,"url":"https:\/\/lasprimeras.com.do\/index.php\/2023\/12\/11\/ohtani-y-rahm-dos-contratos-de-record-en-menos-de-una-semana\/","url_meta":{"origin":95119,"position":0},"title":"Ohtani y Rahm, dos contratos de r\u00e9cord en menos de una semana","author":"BIMARY DE JES\u00daS Matos","date":"11 de diciembre de 2023","format":false,"excerpt":"EFE).- El jugador de b\u00e9isbol japon\u00e9s Shohei Ohtani y el golfista espa\u00f1ol Jon Rahm han cerrado, con menos de siete d\u00edas de diferencia, los dos contratos m\u00e1s altos por volumen total hasta ahora en el mundo del deporte al margen del f\u00fatbol. En el caso de Ohtani recibir\u00e1 un total\u2026","rel":"","context":"En \u00abSin categor\u00eda\u00bb","block_context":{"text":"Sin categor\u00eda","link":"https:\/\/lasprimeras.com.do\/index.php\/category\/sin-categoria\/"},"img":{"alt_text":"","src":"https:\/\/i0.wp.com\/lasprimeras.com.do\/wp-content\/uploads\/2023\/12\/Noticias-de-energia-90.jpg?resize=350%2C200&ssl=1","width":350,"height":200,"srcset":"https:\/\/i0.wp.com\/lasprimeras.com.do\/wp-content\/uploads\/2023\/12\/Noticias-de-energia-90.jpg?resize=350%2C200&ssl=1 1x, https:\/\/i0.wp.com\/lasprimeras.com.do\/wp-content\/uploads\/2023\/12\/Noticias-de-energia-90.jpg?resize=525%2C300&ssl=1 1.5x"},"classes":[]},{"id":95410,"url":"https:\/\/lasprimeras.com.do\/index.php\/2025\/03\/13\/los-jets-oficializan-la-salida-del-quarterback-aaron-rodgers-sera-agente-libre-por-primera-vez\/","url_meta":{"origin":95119,"position":1},"title":"Los Jets oficializan la salida del quarterback Aaron Rodgers. Ser\u00e1 agente libre por primera vez","author":"Nelson Feliz","date":"13 de marzo de 2025","format":false,"excerpt":"POR DENNIS WASZAK JR. La tan publicitada, pero abrumadoramente decepcionante etapa de dos a\u00f1os de Aaron Rodgers con los Jets de Nueva York lleg\u00f3 oficialmente a su fin. Como ya se esperaba, el equipo liber\u00f3 al cuatro veces MVP, y el mariscal de campo de 41 a\u00f1os ahora puede unirse\u2026","rel":"","context":"En \u00abDEPORTES\u00bb","block_context":{"text":"DEPORTES","link":"https:\/\/lasprimeras.com.do\/index.php\/category\/deportes\/"},"img":{"alt_text":"Aaron Rodgers","src":"https:\/\/i0.wp.com\/lasprimeras.com.do\/wp-content\/uploads\/2025\/03\/Aaron-Rodgers.png?resize=350%2C200&ssl=1","width":350,"height":200,"srcset":"https:\/\/i0.wp.com\/lasprimeras.com.do\/wp-content\/uploads\/2025\/03\/Aaron-Rodgers.png?resize=350%2C200&ssl=1 1x, https:\/\/i0.wp.com\/lasprimeras.com.do\/wp-content\/uploads\/2025\/03\/Aaron-Rodgers.png?resize=525%2C300&ssl=1 1.5x, https:\/\/i0.wp.com\/lasprimeras.com.do\/wp-content\/uploads\/2025\/03\/Aaron-Rodgers.png?resize=700%2C400&ssl=1 2x"},"classes":[]},{"id":93808,"url":"https:\/\/lasprimeras.com.do\/index.php\/2025\/02\/21\/yankees-extienden-contrato-de-aaron-boone-hasta-2027\/","url_meta":{"origin":95119,"position":2},"title":"Yankees extienden contrato de Aaron Boone hasta 2027","author":"Nelson Feliz","date":"21 de febrero de 2025","format":false,"excerpt":"Los New York Yankees anunciaron este jueves la extensi\u00f3n de contrato para Aaron Boone como m\u00e1nager del equipo hasta 2027 Por Alfredo Echenique Lugo Asolo 40 d\u00edas para el inicio de la temporada 2025 de las Grandes Ligas los New York Yankees y su m\u00e1nager Aaron Boone llegaron a un\u2026","rel":"","context":"En \u00abDEPORTES\u00bb","block_context":{"text":"DEPORTES","link":"https:\/\/lasprimeras.com.do\/index.php\/category\/deportes\/"},"img":{"alt_text":"","src":"https:\/\/i0.wp.com\/lasprimeras.com.do\/wp-content\/uploads\/2025\/02\/Aaron-Boone.png?resize=350%2C200&ssl=1","width":350,"height":200,"srcset":"https:\/\/i0.wp.com\/lasprimeras.com.do\/wp-content\/uploads\/2025\/02\/Aaron-Boone.png?resize=350%2C200&ssl=1 1x, https:\/\/i0.wp.com\/lasprimeras.com.do\/wp-content\/uploads\/2025\/02\/Aaron-Boone.png?resize=525%2C300&ssl=1 1.5x, https:\/\/i0.wp.com\/lasprimeras.com.do\/wp-content\/uploads\/2025\/02\/Aaron-Boone.png?resize=700%2C400&ssl=1 2x"},"classes":[]},{"id":71105,"url":"https:\/\/lasprimeras.com.do\/index.php\/2023\/12\/17\/shohei-ohtani-y-ronald-acuna-jr-conquistan-los-premios-hank-aaron\/","url_meta":{"origin":95119,"position":3},"title":"Shohei Ohtani y Ronald Acu\u00f1a Jr. conquistan los premios Hank Aaron","author":"Nelson Feliz","date":"17 de diciembre de 2023","format":false,"excerpt":"Ambos fueron los de mejores desempe\u00f1os ofensivos en cada circuito, seg\u00fan lo estim\u00f3 un panel integrado por exestrellas de las Grandes Ligas. Las Vegas, AP.-. Shohei Ohtani y Ronald Acu\u00f1a Jr. obtuvieron el s\u00e1bado los Premios Hank Aaron, otorgados por las mayores a los peloteros con el mejor desempe\u00f1o ofensivo\u2026","rel":"","context":"En \u00abSin categor\u00eda\u00bb","block_context":{"text":"Sin categor\u00eda","link":"https:\/\/lasprimeras.com.do\/index.php\/category\/sin-categoria\/"},"img":{"alt_text":"Shohei Ohtani encabez\u00f3 la Liga americana con sus 44 vuelacercas.","src":"https:\/\/i0.wp.com\/lasprimeras.com.do\/wp-content\/uploads\/2023\/12\/Shohei-Ohtani-1.jpeg?resize=350%2C200&ssl=1","width":350,"height":200,"srcset":"https:\/\/i0.wp.com\/lasprimeras.com.do\/wp-content\/uploads\/2023\/12\/Shohei-Ohtani-1.jpeg?resize=350%2C200&ssl=1 1x, https:\/\/i0.wp.com\/lasprimeras.com.do\/wp-content\/uploads\/2023\/12\/Shohei-Ohtani-1.jpeg?resize=525%2C300&ssl=1 1.5x, https:\/\/i0.wp.com\/lasprimeras.com.do\/wp-content\/uploads\/2023\/12\/Shohei-Ohtani-1.jpeg?resize=700%2C400&ssl=1 2x"},"classes":[]},{"id":70543,"url":"https:\/\/lasprimeras.com.do\/index.php\/2023\/12\/12\/shohei-ohtani-solo-cobrara-dos-millones-de-dolares-por-ano\/","url_meta":{"origin":95119,"position":4},"title":"Shohei Ohtani solo cobrar\u00e1 dos millones de d\u00f3lares por a\u00f1o","author":"Nelson Feliz","date":"12 de diciembre de 2023","format":false,"excerpt":"Nueva York,AP.-. Shohei Ohtani recibir\u00e1 solo $20 millones de su contrato de $700 millones con los Dodgers de Los \u00c1ngeles durante los pr\u00f3ximos 10 a\u00f1os, con $680 millones pagaderos entre 2034 y 2043 en una estructura inusual que le da al equipo una mayor flexibilidad de n\u00f3mina para venir estaciones.\u2026","rel":"","context":"En \u00abSin categor\u00eda\u00bb","block_context":{"text":"Sin categor\u00eda","link":"https:\/\/lasprimeras.com.do\/index.php\/category\/sin-categoria\/"},"img":{"alt_text":"El abridor de los Angelinos de Los \u00c1ngeles, Shohei Ohtani, lanza durante un partido de b\u00e9isbol contra los Dodgers de Los \u00c1ngeles en Anaheim.","src":"https:\/\/i0.wp.com\/lasprimeras.com.do\/wp-content\/uploads\/2023\/12\/Shohei-Ohtani.jpeg?resize=350%2C200&ssl=1","width":350,"height":200,"srcset":"https:\/\/i0.wp.com\/lasprimeras.com.do\/wp-content\/uploads\/2023\/12\/Shohei-Ohtani.jpeg?resize=350%2C200&ssl=1 1x, https:\/\/i0.wp.com\/lasprimeras.com.do\/wp-content\/uploads\/2023\/12\/Shohei-Ohtani.jpeg?resize=525%2C300&ssl=1 1.5x, https:\/\/i0.wp.com\/lasprimeras.com.do\/wp-content\/uploads\/2023\/12\/Shohei-Ohtani.jpeg?resize=700%2C400&ssl=1 2x"},"classes":[]},{"id":120449,"url":"https:\/\/lasprimeras.com.do\/index.php\/2026\/01\/24\/jose-ramirez-en-matrimonio-eterno-con-cleveland-pacta-extension-por-175-millones\/","url_meta":{"origin":95119,"position":5},"title":"Jos\u00e9 Ram\u00edrez en matrimonio eterno con Cleveland: Pacta extensi\u00f3n por 175 millones","author":"Nelson Feliz","date":"24 de enero de 2026","format":false,"excerpt":"El dominicano Jos\u00e9 Ram\u00edrez terminar\u00e1 de asegurar su futuro, ya que acord\u00f3 una extensi\u00f3n de contrato de siete a\u00f1os con los Guardianes de Cleveland por 175 millones de d\u00f3lares. Las informaciones fueron ofrecidas inicialmente por los insiders H\u00e9ctor G\u00f3mez, de la Z 101, y Jon Heyman, del New York Post,\u2026","rel":"","context":"En \u00abDEPORTES\u00bb","block_context":{"text":"DEPORTES","link":"https:\/\/lasprimeras.com.do\/index.php\/category\/deportes\/"},"img":{"alt_text":"Jos\u00e9 Ram\u00edrez","src":"https:\/\/i0.wp.com\/lasprimeras.com.do\/wp-content\/uploads\/2026\/01\/Jose-Ramirez.jpg?resize=350%2C200&ssl=1","width":350,"height":200,"srcset":"https:\/\/i0.wp.com\/lasprimeras.com.do\/wp-content\/uploads\/2026\/01\/Jose-Ramirez.jpg?resize=350%2C200&ssl=1 1x, https:\/\/i0.wp.com\/lasprimeras.com.do\/wp-content\/uploads\/2026\/01\/Jose-Ramirez.jpg?resize=525%2C300&ssl=1 1.5x, https:\/\/i0.wp.com\/lasprimeras.com.do\/wp-content\/uploads\/2026\/01\/Jose-Ramirez.jpg?resize=700%2C400&ssl=1 2x, https:\/\/i0.wp.com\/lasprimeras.com.do\/wp-content\/uploads\/2026\/01\/Jose-Ramirez.jpg?resize=1050%2C600&ssl=1 3x"},"classes":[]}],"jetpack_sharing_enabled":true,"_links":{"self":[{"href":"https:\/\/lasprimeras.com.do\/index.php\/wp-json\/wp\/v2\/posts\/95119","targetHints":{"allow":["GET"]}}],"collection":[{"href":"https:\/\/lasprimeras.com.do\/index.php\/wp-json\/wp\/v2\/posts"}],"about":[{"href":"https:\/\/lasprimeras.com.do\/index.php\/wp-json\/wp\/v2\/types\/post"}],"author":[{"embeddable":true,"href":"https:\/\/lasprimeras.com.do\/index.php\/wp-json\/wp\/v2\/users\/10"}],"replies":[{"embeddable":true,"href":"https:\/\/lasprimeras.com.do\/index.php\/wp-json\/wp\/v2\/comments?post=95119"}],"version-history":[{"count":1,"href":"https:\/\/lasprimeras.com.do\/index.php\/wp-json\/wp\/v2\/posts\/95119\/revisions"}],"predecessor-version":[{"id":95121,"href":"https:\/\/lasprimeras.com.do\/index.php\/wp-json\/wp\/v2\/posts\/95119\/revisions\/95121"}],"wp:featuredmedia":[{"embeddable":true,"href":"https:\/\/lasprimeras.com.do\/index.php\/wp-json\/wp\/v2\/media\/95120"}],"wp:attachment":[{"href":"https:\/\/lasprimeras.com.do\/index.php\/wp-json\/wp\/v2\/media?parent=95119"}],"wp:term":[{"taxonomy":"category","embeddable":true,"href":"https:\/\/lasprimeras.com.do\/index.php\/wp-json\/wp\/v2\/categories?post=95119"},{"taxonomy":"post_tag","embeddable":true,"href":"https:\/\/lasprimeras.com.do\/index.php\/wp-json\/wp\/v2\/tags?post=95119"}],"curies":[{"name":"wp","href":"https:\/\/api.w.org\/{rel}","templated":true}]}}