{"id":95371,"date":"2025-03-13T07:19:06","date_gmt":"2025-03-13T11:19:06","guid":{"rendered":"https:\/\/lasprimeras.com.do\/?p=95371"},"modified":"2025-03-13T07:19:06","modified_gmt":"2025-03-13T11:19:06","slug":"bajo-trump-agencia-ambiental-anula-regulaciones-ambientales-incluso-sobre-cambio-climatico","status":"publish","type":"post","link":"https:\/\/lasprimeras.com.do\/index.php\/2025\/03\/13\/bajo-trump-agencia-ambiental-anula-regulaciones-ambientales-incluso-sobre-cambio-climatico\/","title":{"rendered":"Bajo Trump, agencia ambiental anula regulaciones ambientales, incluso sobre cambio clim\u00e1tico"},"content":{"rendered":"\n<p>POR MATTHEW DALY<\/p>\n\n\n\n<p>WASHINGTON (AP) \u2014 En lo que llam\u00f3 el \u201cd\u00eda m\u00e1s trascendental de desregulaci\u00f3n en la historia estadounidense\u201d, el director de la Agencia de Protecci\u00f3n Ambiental (EPA) anunci\u00f3 una serie de acciones el mi\u00e9rcoles para anular regulaciones ambientales hist\u00f3ricas, incluidas las normas sobre la contaminaci\u00f3n de las plantas de energ\u00eda de carb\u00f3n, el cambio clim\u00e1tico y los veh\u00edculos el\u00e9ctricos.<\/p>\n\n\n\n<p>\u201cEstamos clavando un pu\u00f1al en el coraz\u00f3n de la religi\u00f3n del cambio clim\u00e1tico y dando la bienvenida a la Edad de Oro de Estados Unidos\u201d, escribi\u00f3 el administrador de la EPA, Lee Zeldin, en un ensayo en The Wall Street Journal.<\/p>\n\n\n\n<p>Sus acciones eliminar\u00e1n billones de d\u00f3lares en costos regulatorios e \u201cimpuestos ocultos\u201d, escribi\u00f3 Zeldin, reduciendo el costo de vida para las familias estadounidenses y disminuyendo los precios de elementos esenciales como la compra de un autom\u00f3vil, la calefacci\u00f3n del hogar y la operaci\u00f3n de un negocio.<\/p>\n\n\n\n<p>\u201cNuestras acciones tambi\u00e9n reavivar\u00e1n la manufactura estadounidense, extendiendo los beneficios econ\u00f3micos a las comunidades\u201d, escribi\u00f3 Zeldin.<\/p>\n\n\n\n<p>En total, Zeldin afirm\u00f3 que est\u00e1 revirtiendo 31 normas ambientales, incluida un hallazgo cient\u00edfico que ha sido durante mucho tiempo la base central de la acci\u00f3n de Estados Unidos contra el cambio clim\u00e1tico.<\/p>\n\n\n\n<p>Zeldin afirm\u00f3 que \u00e9l y el presidente Donald Trump apoyan reescribir el hallazgo de 2009 de la agencia seg\u00fan el cual los gases de efecto invernadero que calientan el planeta ponen en peligro la salud y el bienestar p\u00fablico.<br>Esa determinaci\u00f3n de la era Obama bajo la Ley de Aire Limpio es la base legal de una serie de regulaciones clim\u00e1ticas para veh\u00edculos, plantas de energ\u00eda y otras fuentes de contaminaci\u00f3n.<\/p>\n\n\n\n<p>Los ambientalistas y cient\u00edficos del clima consideran que esa norma es un pilar de la ley estadounidense y dicen que cualquier intento de deshacerla tendr\u00e1 pocas posibilidades de \u00e9xito.<\/p>\n\n\n\n<p>\u201cAnte la evidencia cient\u00edfica, es imposible pensar que la EPA podr\u00eda desarrollar un hallazgo contradictorio que se mantendr\u00eda en los tribunales\u201d, sostuvo David Doniger, un experto en clima de Natural Resources Defense Council, un grupo ambiental.<\/p>\n\n\n\n<p>En una acci\u00f3n relacionada, Zeldin dijo que la EPA reescribir\u00e1 una norma que restringe la contaminaci\u00f3n emanada por plantas de energ\u00eda alimentadas por combustibles f\u00f3siles y una medida separada que restringe las emisiones de autom\u00f3viles y camiones.<\/p>\n\n\n\n<p>Zeldin y el presidente republicano etiquetan incorrectamente esa norma como una \u201cobligaci\u00f3n\u201d de comprar veh\u00edculos el\u00e9ctricos.<\/p>\n\n\n\n<p>La administraci\u00f3n dem\u00f3crata del presidente Joe Biden hab\u00eda dicho que las normas sobre las plantas de energ\u00eda reducir\u00edan la contaminaci\u00f3n y mejorar\u00edan la salud p\u00fablica, al tiempo que apoyar\u00edan el suministro confiable y a largo plazo de electricidad.<\/p>\n\n\n\n<p>La EPA tambi\u00e9n se enfocar\u00e1 en las normas que restringen la contaminaci\u00f3n industrial de mercurio y otros t\u00f3xicos del aire, as\u00ed como en normas separadas sobre la contaminaci\u00f3n por holl\u00edn y protecciones federales para \u00e1reas significativas de humedales.<\/p>\n\n\n\n<p>\u201cNo se trata de abandonar la protecci\u00f3n ambiental, se trata de lograrla a trav\u00e9s de la innovaci\u00f3n y no de la estrangulaci\u00f3n\u201d, escribi\u00f3 Zeldin.<\/p>\n\n\n\n<p>\u201cAl reconsiderar las normas que estrangularon la producci\u00f3n de petr\u00f3leo y gas y que apuntaron injustamente a las plantas de energ\u00eda de carb\u00f3n, estamos asegurando que la energ\u00eda estadounidense siga siendo limpia, asequible y confiable\u201d.<\/p>\n\n\n\n<p>El cient\u00edfico del clima de la Universidad de Pensilvania, Michael Mann, calific\u00f3 la acci\u00f3n de la EPA como \u201csolo la \u00faltima forma de negaci\u00f3n del clima por parte de los republicanos. Ya no pueden negar que el cambio clim\u00e1tico est\u00e1 ocurriendo, as\u00ed que en su lugar est\u00e1n pretendiendo que no es una amenaza, a pesar de la abrumadora evidencia cient\u00edfica de que lo es, quiz\u00e1s, la mayor amenaza que enfrentamos hoy\u201d.<\/p>\n","protected":false},"excerpt":{"rendered":"<p>POR MATTHEW DALY WASHINGTON (AP) \u2014 En lo que llam\u00f3 el \u201cd\u00eda m\u00e1s trascendental de desregulaci\u00f3n en la historia estadounidense\u201d, el director de la Agencia de Protecci\u00f3n Ambiental (EPA) anunci\u00f3&hellip;<\/p>\n","protected":false},"author":10,"featured_media":95372,"comment_status":"open","ping_status":"open","sticky":false,"template":"","format":"standard","meta":{"content-type":"","jetpack_post_was_ever_published":false,"_jetpack_newsletter_access":"","_jetpack_dont_email_post_to_subs":false,"_jetpack_newsletter_tier_id":0,"_jetpack_memberships_contains_paywalled_content":false,"_jetpack_memberships_contains_paid_content":false,"footnotes":""},"categories":[16289],"tags":[18125,1213,978,18124],"class_list":["post-95371","post","type-post","status-publish","format-standard","has-post-thumbnail","hentry","category-internacionales","tag-agencia-ambiental","tag-cambio-climatico","tag-donald-trump","tag-regulaciones-ambientales"],"jetpack_featured_media_url":"https:\/\/lasprimeras.com.do\/wp-content\/uploads\/2025\/03\/Agencia-de-Proteccion-Ambiental-de-Estados-Unidos-en-Washington.png","jetpack-related-posts":[{"id":122031,"url":"https:\/\/lasprimeras.com.do\/index.php\/2026\/02\/12\/gobierno-de-trump-da-importante-paso-para-desmantelar-regulaciones-climaticas\/","url_meta":{"origin":95371,"position":0},"title":"Gobierno de Trump da importante paso para desmantelar regulaciones clim\u00e1ticas","author":"Nelson Feliz","date":"12 de febrero de 2026","format":false,"excerpt":"POR MATTHEW DALY WASHINGTON (AP) \u2014 La administraci\u00f3n Trump revoc\u00f3 el jueves una conclusi\u00f3n cient\u00edfica que durante mucho tiempo ha sido la base central de la acci\u00f3n de Estados Unidos para regular las emisiones de gases de efecto invernadero y combatir el cambio clim\u00e1tico, la medida m\u00e1s agresiva del presidente\u2026","rel":"","context":"En \u00abINTERNACIONALES\u00bb","block_context":{"text":"INTERNACIONALES","link":"https:\/\/lasprimeras.com.do\/index.php\/category\/sin-categoria\/internacionales\/"},"img":{"alt_text":"Donald Trump","src":"https:\/\/i0.wp.com\/lasprimeras.com.do\/wp-content\/uploads\/2026\/02\/Donald-Trump-2.jpg?resize=350%2C200&ssl=1","width":350,"height":200,"srcset":"https:\/\/i0.wp.com\/lasprimeras.com.do\/wp-content\/uploads\/2026\/02\/Donald-Trump-2.jpg?resize=350%2C200&ssl=1 1x, https:\/\/i0.wp.com\/lasprimeras.com.do\/wp-content\/uploads\/2026\/02\/Donald-Trump-2.jpg?resize=525%2C300&ssl=1 1.5x, https:\/\/i0.wp.com\/lasprimeras.com.do\/wp-content\/uploads\/2026\/02\/Donald-Trump-2.jpg?resize=700%2C400&ssl=1 2x"},"classes":[]},{"id":95767,"url":"https:\/\/lasprimeras.com.do\/index.php\/2025\/03\/19\/pescadores-dicen-que-los-recortes-de-trump-les-impiden-adoptar-tecnologia-respetuosa-con-el-clima\/","url_meta":{"origin":95371,"position":1},"title":"Pescadores dicen que los recortes de Trump les impiden adoptar tecnolog\u00eda respetuosa con el clima","author":"Nelson Feliz","date":"19 de marzo de 2025","format":false,"excerpt":"POR PATRICK WHITTLE BREMEN, Maine, EE.UU. (AP) \u2014 Los pescadores comerciales y los procesadores y distribuidores de productos del mar que buscan adoptar nuevos sistemas con menos emisiones de carbono dicen que la financiaci\u00f3n federal de la que depend\u00edan para esto est\u00e1 congelada o no est\u00e1 disponible debido a los\u2026","rel":"","context":"En \u00abINTERNACIONALES\u00bb","block_context":{"text":"INTERNACIONALES","link":"https:\/\/lasprimeras.com.do\/index.php\/category\/sin-categoria\/internacionales\/"},"img":{"alt_text":"","src":"https:\/\/i0.wp.com\/lasprimeras.com.do\/wp-content\/uploads\/2025\/03\/PESCA.jpg?resize=350%2C200&ssl=1","width":350,"height":200,"srcset":"https:\/\/i0.wp.com\/lasprimeras.com.do\/wp-content\/uploads\/2025\/03\/PESCA.jpg?resize=350%2C200&ssl=1 1x, https:\/\/i0.wp.com\/lasprimeras.com.do\/wp-content\/uploads\/2025\/03\/PESCA.jpg?resize=525%2C300&ssl=1 1.5x, https:\/\/i0.wp.com\/lasprimeras.com.do\/wp-content\/uploads\/2025\/03\/PESCA.jpg?resize=700%2C400&ssl=1 2x"},"classes":[]},{"id":87901,"url":"https:\/\/lasprimeras.com.do\/index.php\/2024\/08\/19\/trump-usa-la-desinformacion-sobre-el-cambio-climatico-para-atacar-a-harris\/","url_meta":{"origin":95371,"position":2},"title":"Trump usa la desinformaci\u00f3n sobre el cambio clim\u00e1tico para atacar a Harris","author":"Nelson Feliz","date":"19 de agosto de 2024","format":false,"excerpt":"Manon JACOB La campa\u00f1a presidencial estadounidense, que se ha caracterizado por insultos y ataques cruzados, ha dejado hasta ahora poco espacio para la discusi\u00f3n sobre el cambio clim\u00e1tico, mientras el mundo experimenta una temperatura y desastres naturales sin precedentes. Pero ahora que Donald Trump se enfrenta a Kamala Harris en\u2026","rel":"","context":"En \u00abSin categor\u00eda\u00bb","block_context":{"text":"Sin categor\u00eda","link":"https:\/\/lasprimeras.com.do\/index.php\/category\/sin-categoria\/"},"img":{"alt_text":"Donald Trump","src":"https:\/\/i0.wp.com\/lasprimeras.com.do\/wp-content\/uploads\/2024\/08\/Donald-Trump-1.jpg?resize=350%2C200&ssl=1","width":350,"height":200,"srcset":"https:\/\/i0.wp.com\/lasprimeras.com.do\/wp-content\/uploads\/2024\/08\/Donald-Trump-1.jpg?resize=350%2C200&ssl=1 1x, https:\/\/i0.wp.com\/lasprimeras.com.do\/wp-content\/uploads\/2024\/08\/Donald-Trump-1.jpg?resize=525%2C300&ssl=1 1.5x"},"classes":[]},{"id":92996,"url":"https:\/\/lasprimeras.com.do\/index.php\/2025\/01\/21\/dominguez-brito-retiro-de-ee-uu-del-acuerdo-de-paris-es-un-error-con-graves-consecuencias\/","url_meta":{"origin":95371,"position":3},"title":"Dom\u00ednguez Brito: Retiro de EE.UU. del Acuerdo de Par\u00eds es un error con graves consecuencias","author":"Nelson Feliz","date":"21 de enero de 2025","format":false,"excerpt":"Seg\u00fan el exfuncionario, esta medida afecta los esfuerzos globales para frenar el calentamiento global. A juicio del exministro de Medio Ambiente, Francisco Dom\u00ednguez Brito, la decisi\u00f3n del presidente Donald Trump de retirar a Estados Unidos del Acuerdo de Par\u00eds, que busca limitar el calentamiento global, \"es un retroceso preocupante\". Seg\u00fan\u2026","rel":"","context":"En \u00abPOLITICA\u00bb","block_context":{"text":"POLITICA","link":"https:\/\/lasprimeras.com.do\/index.php\/category\/politica\/"},"img":{"alt_text":"Francisco Dom\u00ednguez Brito","src":"https:\/\/i0.wp.com\/lasprimeras.com.do\/wp-content\/uploads\/2023\/09\/Francisco-Dominguez-Brito.png?resize=350%2C200&ssl=1","width":350,"height":200},"classes":[]},{"id":56835,"url":"https:\/\/lasprimeras.com.do\/index.php\/2023\/08\/05\/jovenes-de-la-zurza-realizan-exhibicion-de-artesanias-con-materiales-reciclables\/","url_meta":{"origin":95371,"position":4},"title":"J\u00f3venes de la zurza realizan exhibici\u00f3n de artesan\u00edas con materiales reciclables","author":"Nelson Feliz","date":"5 de agosto de 2023","format":false,"excerpt":"Artesan\u00edas con materiales reciclados, hechas por ni\u00f1os de la comunidad de La Zurza, se exhiben en el Metro de Santo Domingo. En el marco del d\u00e9cimo segundo Campamento Ecol\u00f3gico de Reciclaje Campa-Recicla 2023, decenas de j\u00f3venes y adultos realizaron este fin de semana una exposici\u00f3n de artesan\u00edas realizadas con materiales\u2026","rel":"","context":"En \u00abNACIONALES\u00bb","block_context":{"text":"NACIONALES","link":"https:\/\/lasprimeras.com.do\/index.php\/category\/nacionales\/"},"img":{"alt_text":"","src":"https:\/\/i0.wp.com\/lasprimeras.com.do\/wp-content\/uploads\/2023\/08\/image1.jpg?resize=350%2C200&ssl=1","width":350,"height":200,"srcset":"https:\/\/i0.wp.com\/lasprimeras.com.do\/wp-content\/uploads\/2023\/08\/image1.jpg?resize=350%2C200&ssl=1 1x, https:\/\/i0.wp.com\/lasprimeras.com.do\/wp-content\/uploads\/2023\/08\/image1.jpg?resize=525%2C300&ssl=1 1.5x, https:\/\/i0.wp.com\/lasprimeras.com.do\/wp-content\/uploads\/2023\/08\/image1.jpg?resize=700%2C400&ssl=1 2x"},"classes":[]},{"id":83665,"url":"https:\/\/lasprimeras.com.do\/index.php\/2024\/05\/22\/investigan-mortandad-de-peces-reportada-en-una-laguna-de-puerto-plata\/","url_meta":{"origin":95371,"position":5},"title":"Investigan mortandad de peces reportada en una laguna de Puerto Plata","author":"Nelson Feliz","date":"22 de mayo de 2024","format":false,"excerpt":"El Ministerio de Medio Ambiente analizar\u00e1 las muestras de agua y de peces.\u00a0 El\u00a0Ministerio de Medio Ambiente\u00a0inform\u00f3 este mi\u00e9rcoles que, a trav\u00e9s de la Direcci\u00f3n de Calidad Ambiental, investiga las causas asociadas a una mortandad de\u00a0peces\u00a0reportadas por ciudadanos en la\u00a0Laguna Puerto Caballo\u00a0en Puerto Plata. La directora de Calidad Ambiental, Silmer\u2026","rel":"","context":"En \u00abSin categor\u00eda\u00bb","block_context":{"text":"Sin categor\u00eda","link":"https:\/\/lasprimeras.com.do\/index.php\/category\/sin-categoria\/"},"img":{"alt_text":"","src":"https:\/\/i0.wp.com\/lasprimeras.com.do\/wp-content\/uploads\/2024\/05\/maxresdefault.jpeg?resize=350%2C200&ssl=1","width":350,"height":200,"srcset":"https:\/\/i0.wp.com\/lasprimeras.com.do\/wp-content\/uploads\/2024\/05\/maxresdefault.jpeg?resize=350%2C200&ssl=1 1x, https:\/\/i0.wp.com\/lasprimeras.com.do\/wp-content\/uploads\/2024\/05\/maxresdefault.jpeg?resize=525%2C300&ssl=1 1.5x, https:\/\/i0.wp.com\/lasprimeras.com.do\/wp-content\/uploads\/2024\/05\/maxresdefault.jpeg?resize=700%2C400&ssl=1 2x, https:\/\/i0.wp.com\/lasprimeras.com.do\/wp-content\/uploads\/2024\/05\/maxresdefault.jpeg?resize=1050%2C600&ssl=1 3x"},"classes":[]}],"jetpack_sharing_enabled":true,"_links":{"self":[{"href":"https:\/\/lasprimeras.com.do\/index.php\/wp-json\/wp\/v2\/posts\/95371","targetHints":{"allow":["GET"]}}],"collection":[{"href":"https:\/\/lasprimeras.com.do\/index.php\/wp-json\/wp\/v2\/posts"}],"about":[{"href":"https:\/\/lasprimeras.com.do\/index.php\/wp-json\/wp\/v2\/types\/post"}],"author":[{"embeddable":true,"href":"https:\/\/lasprimeras.com.do\/index.php\/wp-json\/wp\/v2\/users\/10"}],"replies":[{"embeddable":true,"href":"https:\/\/lasprimeras.com.do\/index.php\/wp-json\/wp\/v2\/comments?post=95371"}],"version-history":[{"count":1,"href":"https:\/\/lasprimeras.com.do\/index.php\/wp-json\/wp\/v2\/posts\/95371\/revisions"}],"predecessor-version":[{"id":95373,"href":"https:\/\/lasprimeras.com.do\/index.php\/wp-json\/wp\/v2\/posts\/95371\/revisions\/95373"}],"wp:featuredmedia":[{"embeddable":true,"href":"https:\/\/lasprimeras.com.do\/index.php\/wp-json\/wp\/v2\/media\/95372"}],"wp:attachment":[{"href":"https:\/\/lasprimeras.com.do\/index.php\/wp-json\/wp\/v2\/media?parent=95371"}],"wp:term":[{"taxonomy":"category","embeddable":true,"href":"https:\/\/lasprimeras.com.do\/index.php\/wp-json\/wp\/v2\/categories?post=95371"},{"taxonomy":"post_tag","embeddable":true,"href":"https:\/\/lasprimeras.com.do\/index.php\/wp-json\/wp\/v2\/tags?post=95371"}],"curies":[{"name":"wp","href":"https:\/\/api.w.org\/{rel}","templated":true}]}}