{"id":95418,"date":"2025-03-13T10:28:14","date_gmt":"2025-03-13T14:28:14","guid":{"rendered":"https:\/\/lasprimeras.com.do\/?p=95418"},"modified":"2025-03-13T10:28:16","modified_gmt":"2025-03-13T14:28:16","slug":"policia-resuelve-asalto-a-tienda-de-celulares-en-sde","status":"publish","type":"post","link":"https:\/\/lasprimeras.com.do\/index.php\/2025\/03\/13\/policia-resuelve-asalto-a-tienda-de-celulares-en-sde\/","title":{"rendered":"Polic\u00eda resuelve asalto a tienda de celulares en SDE"},"content":{"rendered":"\n<p><strong>-Tres de los implicados cumplen prisi\u00f3n preventiva, mientras que el cuarto permanece hospitalizado bajo custodia policial.<\/strong><\/p>\n\n\n\n<p><strong>-Los tel\u00e9fonos m\u00f3viles fueron recuperados durante el operativo.<\/strong><\/p>\n\n\n\n<p>La Polic\u00eda Nacional inform\u00f3 este mi\u00e9rcoles que el asalto a una tienda de celulares en Santo Domingo Este, ocurrido el pasado 1 de marzo, ya fue resuelto, con la captura y sometimiento a la justicia de cuatro ciudadanos haitianos, quienes cumplen medidas de coerci\u00f3n por el hecho.<\/p>\n\n\n\n<p>Los detenidos son Norberto Batista Portorreal (19 a\u00f1os), Kevenson Jean (18 a\u00f1os) y Eyanson Pie (19 a\u00f1os), todos sin documentos de identidad, junto a Luis Yan, quien result\u00f3 herido y sigue ingresado en el Hospital Traumatol\u00f3gico Dr. Dar\u00edo Contreras, bajo custodia policial.<\/p>\n\n\n\n<p>El informe preliminar detalla que los implicados irrumpieron en la tienda ubicada en la avenida San Vicente de Pa\u00fal, donde enca\u00f1onaron al encargado del establecimiento y sustrajeron 51 celulares, los cuales fueron recuperados durante el operativo policial.<\/p>\n\n\n\n<p>Durante la intervenci\u00f3n, Luis Yan dispar\u00f3 contra los agentes con una pistola Browning, calibre 9mm, sin documentaci\u00f3n legal y con numeraci\u00f3n limada, por lo que los polic\u00edas repelieron la agresi\u00f3n, resultando heridos \u00e9l y otro de los asaltantes. Ambos fueron trasladados al hospital para recibir atenciones m\u00e9dicas.<\/p>\n\n\n\n<p>Situaci\u00f3n legal<\/p>\n\n\n\n<p>Los tres detenidos fueron presentados ante el Ministerio P\u00fablico, que les impuso tres meses de prisi\u00f3n preventiva en la c\u00e1rcel de La Victoria. En cuanto a Luis Yan, ser\u00e1 entregado a las autoridades judiciales tan pronto reciba el alta m\u00e9dica.<\/p>\n","protected":false},"excerpt":{"rendered":"<p>-Tres de los implicados cumplen prisi\u00f3n preventiva, mientras que el cuarto permanece hospitalizado bajo custodia policial. -Los tel\u00e9fonos m\u00f3viles fueron recuperados durante el operativo. La Polic\u00eda Nacional inform\u00f3 este mi\u00e9rcoles&hellip;<\/p>\n","protected":false},"author":10,"featured_media":95419,"comment_status":"open","ping_status":"open","sticky":false,"template":"","format":"standard","meta":{"content-type":"","jetpack_post_was_ever_published":false,"_jetpack_newsletter_access":"","_jetpack_dont_email_post_to_subs":false,"_jetpack_newsletter_tier_id":0,"_jetpack_memberships_contains_paywalled_content":false,"_jetpack_memberships_contains_paid_content":false,"footnotes":""},"categories":[3057],"tags":[4928,48,1570,2471],"class_list":["post-95418","post","type-post","status-publish","format-standard","has-post-thumbnail","hentry","category-militares","tag-asalto","tag-policia","tag-santo-domingo-este","tag-tienda-de-celulares"],"jetpack_featured_media_url":"https:\/\/lasprimeras.com.do\/wp-content\/uploads\/2025\/03\/cel.jpg","jetpack-related-posts":[{"id":60833,"url":"https:\/\/lasprimeras.com.do\/index.php\/2023\/09\/19\/asaltantes-matan-seguridad-en-el-supermercado-ole-de-villa-mella\/","url_meta":{"origin":95418,"position":0},"title":"Asaltantes matan seguridad en el supermercado Ol\u00e9 de Villa Mella","author":"Nelson Feliz","date":"19 de septiembre de 2023","format":false,"excerpt":"Al menos dos personas muertas dej\u00f3 un tiroteo en un intento de asalto en el supermercado Ol\u00e9 ubicado en la Av. Hermanas Mirabal 591 el sector el Primeral de Villa Mella, en Santo Domingo Norte. Los nombres de las v\u00edctimas no han sido revelados hasta el momento, pero trascendi\u00f3 que\u2026","rel":"","context":"En \u00abNACIONALES\u00bb","block_context":{"text":"NACIONALES","link":"https:\/\/lasprimeras.com.do\/index.php\/category\/nacionales\/"},"img":{"alt_text":"Cajeros","src":"https:\/\/i0.wp.com\/lasprimeras.com.do\/wp-content\/uploads\/2023\/09\/Cajeros.jpg?resize=350%2C200&ssl=1","width":350,"height":200,"srcset":"https:\/\/i0.wp.com\/lasprimeras.com.do\/wp-content\/uploads\/2023\/09\/Cajeros.jpg?resize=350%2C200&ssl=1 1x, https:\/\/i0.wp.com\/lasprimeras.com.do\/wp-content\/uploads\/2023\/09\/Cajeros.jpg?resize=525%2C300&ssl=1 1.5x, https:\/\/i0.wp.com\/lasprimeras.com.do\/wp-content\/uploads\/2023\/09\/Cajeros.jpg?resize=700%2C400&ssl=1 2x, https:\/\/i0.wp.com\/lasprimeras.com.do\/wp-content\/uploads\/2023\/09\/Cajeros.jpg?resize=1050%2C600&ssl=1 3x"},"classes":[]},{"id":72148,"url":"https:\/\/lasprimeras.com.do\/index.php\/2023\/12\/27\/uno-de-tres-integrantes-de-peligrosa-banda-cae-abatido-durante-enfrentamiento-en-los-frailes\/","url_meta":{"origin":95418,"position":1},"title":"Uno de tres integrantes de peligrosa banda cae abatido durante enfrentamiento en Los Frailes","author":"Nelson Feliz","date":"27 de diciembre de 2023","format":false,"excerpt":"-Al fallecido se le ocup\u00f3 una pistola sin documentos, mientras que fueron detenidos los otros dos antisociales que le acompa\u00f1aban, recuper\u00e1ndose varias pertenencias que sustrajeron momentos antes a ciudadanos mediante asaltos. La Polic\u00eda inform\u00f3 hoy que uno de tres integrantes de una peligrosa banda que comet\u00eda asaltos a personas cuando\u2026","rel":"","context":"En \u00abMILITARES\u00bb","block_context":{"text":"MILITARES","link":"https:\/\/lasprimeras.com.do\/index.php\/category\/militares\/"},"img":{"alt_text":"","src":"","width":0,"height":0},"classes":[]},{"id":49102,"url":"https:\/\/lasprimeras.com.do\/index.php\/2023\/05\/07\/el-fbi-acusa-a-tres-colombianos-de-drogar-y-robar-a-dos-soldados-de-ee-uu-en-un-bar-de-bogota\/","url_meta":{"origin":95418,"position":2},"title":"El FBI acusa a tres colombianos de drogar y robar a dos soldados de EE.UU. en un bar de Bogot\u00e1","author":"prenxa100","date":"7 de mayo de 2023","format":false,"excerpt":"La investigaci\u00f3n se llev\u00f3 a cabo por el FBI junto con la Polic\u00eda Nacional de Colombia. Bogot\u00e1, RT.-.Tres ciudadanos colombianos han sido acusados en Miami de cargos federales tres a\u00f1os despu\u00e9s de que presuntamente drogaran a dos soldados estadounidenses en un bar de Bogot\u00e1 para robarles sus tarjetas de d\u00e9bito\u2026","rel":"","context":"En \u00abSin categor\u00eda\u00bb","block_context":{"text":"Sin categor\u00eda","link":"https:\/\/lasprimeras.com.do\/index.php\/category\/sin-categoria\/"},"img":{"alt_text":"","src":"","width":0,"height":0},"classes":[]},{"id":61175,"url":"https:\/\/lasprimeras.com.do\/index.php\/2023\/09\/22\/se-entrega-hombre-buscado-por-muerte-de-vigilantes-en-supermercado-de-villa-mella\/","url_meta":{"origin":95418,"position":3},"title":"Se entrega hombre buscado por muerte de vigilantes en supermercado de Villa Mella","author":"Nelson Feliz","date":"22 de septiembre de 2023","format":false,"excerpt":"La entrega se produce a menos de cinco horas de la emisi\u00f3n de comunicado policial sobre su identificaci\u00f3n y despliegue policial para su captura. Se entreg\u00f3 este viernes a las autoridades Gregorio Guevara Hern\u00e1ndez, identificado por la Polic\u00eda Nacional como el presunto autor del homicidio de dos vigilantes de Hipermercados\u2026","rel":"","context":"En \u00abMILITARES\u00bb","block_context":{"text":"MILITARES","link":"https:\/\/lasprimeras.com.do\/index.php\/category\/militares\/"},"img":{"alt_text":"","src":"https:\/\/i0.wp.com\/lasprimeras.com.do\/wp-content\/uploads\/2023\/09\/se-entrega.jpg?resize=350%2C200&ssl=1","width":350,"height":200},"classes":[]},{"id":66389,"url":"https:\/\/lasprimeras.com.do\/index.php\/2023\/11\/06\/haitiano-muere-en-intercambio-de-disparos-en-los-tres-brazos\/","url_meta":{"origin":95418,"position":4},"title":"Haitiano muere en &#8220;intercambio de disparos&#8221; en Los Tres Brazos","author":"Nelson Feliz","date":"6 de noviembre de 2023","format":false,"excerpt":"La Polic\u00eda Nacional ultim\u00f3 un reconocido delincuente\" durante un \"intercambio de disparos\" en el sector Los Tres Brazos, del municipio de Santo Domingo Este. La entidad dijo que estaba acusado de varios delitos como robos, asaltos y homicidio. Se trata del nacional haitiano Eliceo Nouel Luice, alias \"El Chulo\", quien\u2026","rel":"","context":"En \u00abNACIONALES\u00bb","block_context":{"text":"NACIONALES","link":"https:\/\/lasprimeras.com.do\/index.php\/category\/nacionales\/"},"img":{"alt_text":"","src":"https:\/\/i0.wp.com\/lasprimeras.com.do\/wp-content\/uploads\/2023\/07\/Pistola.jpg?resize=350%2C200&ssl=1","width":350,"height":200,"srcset":"https:\/\/i0.wp.com\/lasprimeras.com.do\/wp-content\/uploads\/2023\/07\/Pistola.jpg?resize=350%2C200&ssl=1 1x, https:\/\/i0.wp.com\/lasprimeras.com.do\/wp-content\/uploads\/2023\/07\/Pistola.jpg?resize=525%2C300&ssl=1 1.5x, https:\/\/i0.wp.com\/lasprimeras.com.do\/wp-content\/uploads\/2023\/07\/Pistola.jpg?resize=700%2C400&ssl=1 2x"},"classes":[]},{"id":87251,"url":"https:\/\/lasprimeras.com.do\/index.php\/2024\/08\/09\/policia-persigue-delincuentes-que-asaltaron-supermercado-en-hato-nuevo\/","url_meta":{"origin":95418,"position":5},"title":"Polic\u00eda persigue delincuentes que asaltaron supermercado en Hato Nuevo","author":"Nelson Feliz","date":"9 de agosto de 2024","format":false,"excerpt":"Agentes policiales de la Direcci\u00f3n Central de Investigaci\u00f3n (DICRIM), en coordinaci\u00f3n con el Ministerio P\u00fablico, intensifican sus labores para localizar y capturar a los delincuentes que asaltaron un supermercado en Hato Nuevo, en el sector de Manoguayabo. Los delincuentes fueron captados en video mientras asaltaban un supermercado en Santo Domingo\u2026","rel":"","context":"En \u00abMILITARES\u00bb","block_context":{"text":"MILITARES","link":"https:\/\/lasprimeras.com.do\/index.php\/category\/militares\/"},"img":{"alt_text":"Patrulla PN","src":"https:\/\/i0.wp.com\/lasprimeras.com.do\/wp-content\/uploads\/2024\/04\/Patrulla-PN.jpg?resize=350%2C200&ssl=1","width":350,"height":200,"srcset":"https:\/\/i0.wp.com\/lasprimeras.com.do\/wp-content\/uploads\/2024\/04\/Patrulla-PN.jpg?resize=350%2C200&ssl=1 1x, https:\/\/i0.wp.com\/lasprimeras.com.do\/wp-content\/uploads\/2024\/04\/Patrulla-PN.jpg?resize=525%2C300&ssl=1 1.5x, https:\/\/i0.wp.com\/lasprimeras.com.do\/wp-content\/uploads\/2024\/04\/Patrulla-PN.jpg?resize=700%2C400&ssl=1 2x"},"classes":[]}],"jetpack_sharing_enabled":true,"_links":{"self":[{"href":"https:\/\/lasprimeras.com.do\/index.php\/wp-json\/wp\/v2\/posts\/95418","targetHints":{"allow":["GET"]}}],"collection":[{"href":"https:\/\/lasprimeras.com.do\/index.php\/wp-json\/wp\/v2\/posts"}],"about":[{"href":"https:\/\/lasprimeras.com.do\/index.php\/wp-json\/wp\/v2\/types\/post"}],"author":[{"embeddable":true,"href":"https:\/\/lasprimeras.com.do\/index.php\/wp-json\/wp\/v2\/users\/10"}],"replies":[{"embeddable":true,"href":"https:\/\/lasprimeras.com.do\/index.php\/wp-json\/wp\/v2\/comments?post=95418"}],"version-history":[{"count":1,"href":"https:\/\/lasprimeras.com.do\/index.php\/wp-json\/wp\/v2\/posts\/95418\/revisions"}],"predecessor-version":[{"id":95420,"href":"https:\/\/lasprimeras.com.do\/index.php\/wp-json\/wp\/v2\/posts\/95418\/revisions\/95420"}],"wp:featuredmedia":[{"embeddable":true,"href":"https:\/\/lasprimeras.com.do\/index.php\/wp-json\/wp\/v2\/media\/95419"}],"wp:attachment":[{"href":"https:\/\/lasprimeras.com.do\/index.php\/wp-json\/wp\/v2\/media?parent=95418"}],"wp:term":[{"taxonomy":"category","embeddable":true,"href":"https:\/\/lasprimeras.com.do\/index.php\/wp-json\/wp\/v2\/categories?post=95418"},{"taxonomy":"post_tag","embeddable":true,"href":"https:\/\/lasprimeras.com.do\/index.php\/wp-json\/wp\/v2\/tags?post=95418"}],"curies":[{"name":"wp","href":"https:\/\/api.w.org\/{rel}","templated":true}]}}