{"id":95452,"date":"2025-03-13T12:48:20","date_gmt":"2025-03-13T16:48:20","guid":{"rendered":"https:\/\/lasprimeras.com.do\/?p=95452"},"modified":"2025-03-13T12:48:55","modified_gmt":"2025-03-13T16:48:55","slug":"gobierno-amplia-sismap-salud-para-fortalecer-eficiencia-hospitalaria-del-pais","status":"publish","type":"post","link":"https:\/\/lasprimeras.com.do\/index.php\/2025\/03\/13\/gobierno-amplia-sismap-salud-para-fortalecer-eficiencia-hospitalaria-del-pais\/","title":{"rendered":"Gobierno ampl\u00eda SISMAP Salud para fortalecer eficiencia hospitalaria del pa\u00eds"},"content":{"rendered":"\n<p><strong>El ministro de Administraci\u00f3n P\u00fablica, Sigmund Freund, y el director del SNS, Dr. Mario Lama, reafirmaron su compromiso con la mejora continua y la transparencia en la administraci\u00f3n hospitalaria.<\/strong><\/p>\n\n\n\n<p>Por Martin Restituyo<\/p>\n\n\n\n<p>El Ministerio de Administraci\u00f3n P\u00fablica (MAP) y el Servicio Nacional de Salud (SNS), formalizaron un acuerdo para la expansi\u00f3n del Sistema de Monitoreo de la Administraci\u00f3n P\u00fablica en el Sector Salud (SISMAP Salud), con el objetivo de reforzar la gesti\u00f3n hospitalaria y garantizar servicios de salud con altos est\u00e1ndares de calidad y eficiencia, y que est\u00e9n alineados con las Prioridades de Gobierno 2025-2028.<\/p>\n\n\n\n<p>El acuerdo, firmado por el ministro del MAP, Sigmund Freund y el titular del SNS, Dr. Mario Lama, tambi\u00e9n cont\u00f3 con la presencia de Gregorio de Jes\u00fas Montero, director general del Instituto Nacional de Administraci\u00f3n P\u00fablica (INAP); los viceministros: de Planificaci\u00f3n e Inversi\u00f3n P\u00fablica, Mart\u00edn Franco; Hadeline Matos, de Evaluaci\u00f3n de Desempe\u00f1o Institucional del MAP; Ilka Gonz\u00e1lez, directora de Planificaci\u00f3n y Desarrollo del SNS, junto a directores regionales y representantes de hospitales del pa\u00eds.<\/p>\n\n\n\n<figure class=\"wp-block-image size-full is-resized\"><img decoding=\"async\" width=\"700\" height=\"466\" src=\"https:\/\/lasprimeras.com.do\/wp-content\/uploads\/2025\/03\/Sigmund-Freund.jpg\" alt=\"\" class=\"wp-image-95454\" style=\"width:740px;height:auto\" srcset=\"https:\/\/lasprimeras.com.do\/wp-content\/uploads\/2025\/03\/Sigmund-Freund.jpg 700w, https:\/\/lasprimeras.com.do\/wp-content\/uploads\/2025\/03\/Sigmund-Freund-300x200.jpg 300w\" sizes=\"(max-width: 700px) 100vw, 700px\" \/><\/figure>\n\n\n\n<p>En su intervenci\u00f3n, el ministro Sigmund Freund destac\u00f3 que este acuerdo es la materializaci\u00f3n de una visi\u00f3n ya trazada en el Plan de Gobierno del presidente Luis Abinader, que prioriza el fortalecimiento del sistema de salud y la consolidaci\u00f3n de un modelo de gesti\u00f3n p\u00fablica orientado a resultados.<\/p>\n\n\n\n<p>&#8220;La salud p\u00fablica no puede medirse solo por lo que hacemos, sino por lo que logramos. Con la ampliaci\u00f3n del monitoreo del SISMAP Salud, cada hospital del pa\u00eds ser\u00e1 evaluado con criterios de transparencia y eficiencia, asegurando que los ciudadanos reciban la atenci\u00f3n de calidad que merecen&#8221;, manifest\u00f3 Freund.<\/p>\n\n\n\n<p>El ministro se\u00f1al\u00f3 que este acuerdo refleja una visi\u00f3n estrat\u00e9gica planteada en el Plan de Gobierno del presidente Luis Abinader, que prioriza la mejora del sistema de salud y la creaci\u00f3n de un modelo de gesti\u00f3n p\u00fablica orientado a resultados.<\/p>\n\n\n\n<p>&#8220;Hoy iniciamos una nueva etapa, un nuevo recorrido y estoy absolutamente seguro de que, como en muchos otros procesos, saldremos fortalecidos y exitosos&#8221;, expres\u00f3 el director del SNS.<\/p>\n\n\n\n<figure class=\"wp-block-image size-full is-resized\"><img decoding=\"async\" width=\"700\" height=\"466\" src=\"https:\/\/lasprimeras.com.do\/wp-content\/uploads\/2025\/03\/Dr.-Mario-Lama.jpg\" alt=\"\" class=\"wp-image-95455\" style=\"width:740px;height:auto\" srcset=\"https:\/\/lasprimeras.com.do\/wp-content\/uploads\/2025\/03\/Dr.-Mario-Lama.jpg 700w, https:\/\/lasprimeras.com.do\/wp-content\/uploads\/2025\/03\/Dr.-Mario-Lama-300x200.jpg 300w\" sizes=\"(max-width: 700px) 100vw, 700px\" \/><\/figure>\n\n\n\n<p>El doctor Lama, adem\u00e1s expres\u00f3 su agradecimiento al MAP por el apoyo en la mejora de los hospitales, destacando el esfuerzo conjunto como un gran reto. Afirm\u00f3 que, aunque no se puede lograr un 100% de eficacia, los indicadores positivos demuestran que los niveles de calidad han mejorado. Igualmente, subray\u00f3 que, a pesar de los logros alcanzados, a\u00fan hay espacios de mejora y el compromiso colectivo es esencial para convertir el sector salud en un referente de \u00e9xito.<\/p>\n\n\n\n<p>En el 2025, el Sistema de Monitoreo SISMAP Salud ampliar\u00e1 su cobertura con la incorporaci\u00f3n de 87 nuevos hospitales, sumando un total de 187 establecimientos de salud. Este crecimiento tiene como meta optimizar los procesos institucionales, mejorar la calidad del servicio y asegurar una atenci\u00f3n eficiente.<\/p>\n\n\n\n<p>Como parte de este avance, tambi\u00e9n se reconocieron a los hospitales m\u00e1s destacados de la versi\u00f3n 2024 del SISMAP Salud. El primer lugar fue otorgado al Hospital Municipal Dr. Jos\u00e9 A. Columna, de Bonao, seguido por el Hospital General Provincial Santiago Rodr\u00edguez en el segundo lugar y el Hospital Regional Ing. Luis L. Bogaert en Mao, en el tercero. Estos centros de salud fueron destacados por su compromiso con la mejora continua y la excelencia en la atenci\u00f3n m\u00e9dica.<\/p>\n\n\n\n<p>Generalidades del acuerdo<\/p>\n\n\n\n<p>El convenio, rubricado por el MAP y el SNS contempla la inclusi\u00f3n en SISMAP Salud de la totalidad de los centros hospitalarios, los Centros de Primer Nivel de Atenci\u00f3n (CPN), y los Centros de Diagn\u00f3stico pertenecientes a la Red P\u00fablica, dependientes del Servicio Nacional de Salud.<\/p>\n\n\n\n<p>Asimismo, el impulso de los procesos de fortalecimiento institucional, calidad, mejora continua y atenci\u00f3n al usuario del sistema p\u00fablico de salud, sobre la base de la eficiencia, eficacia, atenci\u00f3n oportuna, calidad en el servicio y acceso universal e inclusivo para la poblaci\u00f3n.<\/p>\n\n\n\n<p>Circular conjunta de incentivos<\/p>\n\n\n\n<p>En esta misma actividad se realiz\u00f3 la firma de la Circular Conjunta de Incentivos y Reconocimientos del SISMAP Salud, un mecanismo dise\u00f1ado para estimular el desempe\u00f1o institucional y destacar a los hospitales que han demostrado excelencia en su gesti\u00f3n.<\/p>\n\n\n\n<p>Ruta de Estrat\u00e9gica del SISMAP Salud<\/p>\n\n\n\n<p>En el acto, realizado por el MAP y el SNS, se present\u00f3 la \u201cRuta Estrat\u00e9gica del SISMAP Salud\u201d, que es un programa de acompa\u00f1amiento t\u00e9cnico que permitir\u00e1 al equipo del MAP y del SNS brindar asistencia directa a los hospitales en la implementaci\u00f3n de la nueva Gu\u00eda del SISMAP Salud.<\/p>\n\n\n\n<p>El proceso busca asegurar que los centros hospitalarios, adem\u00e1s de monitoreados, tambi\u00e9n cuenten con las herramientas necesarias para traducir los indicadores en mejoras concretas en su gesti\u00f3n y en la calidad de los servicios que ofrecen a la poblaci\u00f3n.<\/p>\n","protected":false},"excerpt":{"rendered":"<p>El ministro de Administraci\u00f3n P\u00fablica, Sigmund Freund, y el director del SNS, Dr. Mario Lama, reafirmaron su compromiso con la mejora continua y la transparencia en la administraci\u00f3n hospitalaria. Por&hellip;<\/p>\n","protected":false},"author":10,"featured_media":95453,"comment_status":"open","ping_status":"open","sticky":false,"template":"","format":"standard","meta":{"content-type":"","jetpack_post_was_ever_published":false,"_jetpack_newsletter_access":"","_jetpack_dont_email_post_to_subs":false,"_jetpack_newsletter_tier_id":0,"_jetpack_memberships_contains_paywalled_content":false,"_jetpack_memberships_contains_paid_content":false,"footnotes":""},"categories":[25,16558],"tags":[18165,171,18166,813,14711],"class_list":["post-95452","post","type-post","status-publish","format-standard","has-post-thumbnail","hentry","category-portada","category-salud","tag-eficiencia","tag-gobierno","tag-hospitalaria","tag-salud","tag-sismap"],"jetpack_featured_media_url":"https:\/\/lasprimeras.com.do\/wp-content\/uploads\/2025\/03\/Sigmund-Freund-y-Dr.-Mario-Lama.jpg","jetpack-related-posts":[{"id":114610,"url":"https:\/\/lasprimeras.com.do\/index.php\/2025\/08\/13\/director-del-sns-realiza-cambios-estrategicos-en-hospitales-de-la-region-este\/","url_meta":{"origin":95452,"position":0},"title":"Director del SNS realiza cambios estrat\u00e9gicos en hospitales de la Regi\u00f3n Este","author":"Nelson Feliz","date":"13 de agosto de 2025","format":false,"excerpt":"El director ejecutivo del Servicio Nacional de Salud (SNS), doctor Mario Lama, design\u00f3 nuevos directores en tres importantes centros hospitalarios de la regi\u00f3n Este del pa\u00eds, como parte de las acciones de fortalecimiento de la Red P\u00fablica de Servicios de Salud. La doctora Ivette Dib fue designada como nueva directora\u2026","rel":"","context":"En \u00abSALUD\u00bb","block_context":{"text":"SALUD","link":"https:\/\/lasprimeras.com.do\/index.php\/category\/salud\/"},"img":{"alt_text":"","src":"https:\/\/i0.wp.com\/lasprimeras.com.do\/wp-content\/uploads\/2025\/11\/jura.jpg?resize=350%2C200&ssl=1","width":350,"height":200,"srcset":"https:\/\/i0.wp.com\/lasprimeras.com.do\/wp-content\/uploads\/2025\/11\/jura.jpg?resize=350%2C200&ssl=1 1x, https:\/\/i0.wp.com\/lasprimeras.com.do\/wp-content\/uploads\/2025\/11\/jura.jpg?resize=525%2C300&ssl=1 1.5x, https:\/\/i0.wp.com\/lasprimeras.com.do\/wp-content\/uploads\/2025\/11\/jura.jpg?resize=700%2C400&ssl=1 2x"},"classes":[]},{"id":87400,"url":"https:\/\/lasprimeras.com.do\/index.php\/2024\/08\/11\/map-capacita-a-1655-representantes-de-347-ayuntamientos-en-normas-de-gestion-municipal\/","url_meta":{"origin":95452,"position":1},"title":"MAP capacita a 1,655 representantes de 347 ayuntamientos en normas de gesti\u00f3n municipal","author":"Nelson Feliz","date":"11 de agosto de 2024","format":false,"excerpt":"El Ministerio de Administraci\u00f3n P\u00fablica (MAP) clausur\u00f3 la capacitaci\u00f3n sobre Normativas Monitoreadas en el Sistema de Monitoreo de la Administraci\u00f3n Municipal (SISMAP Municipal) para lograr instituciones modernas, eficientes y que hagan un uso pulcro de los recursos p\u00fablicos. Al encabezar el acto de cierre de esta capacitaci\u00f3n, el ministro de\u2026","rel":"","context":"En \u00abECONOM\u00cdA\u00bb","block_context":{"text":"ECONOM\u00cdA","link":"https:\/\/lasprimeras.com.do\/index.php\/category\/economia\/"},"img":{"alt_text":"Sigmund Freund","src":"https:\/\/i0.wp.com\/lasprimeras.com.do\/wp-content\/uploads\/2024\/08\/Sigmund-Freund-1.jpg?resize=350%2C200&ssl=1","width":350,"height":200,"srcset":"https:\/\/i0.wp.com\/lasprimeras.com.do\/wp-content\/uploads\/2024\/08\/Sigmund-Freund-1.jpg?resize=350%2C200&ssl=1 1x, https:\/\/i0.wp.com\/lasprimeras.com.do\/wp-content\/uploads\/2024\/08\/Sigmund-Freund-1.jpg?resize=525%2C300&ssl=1 1.5x"},"classes":[]},{"id":114637,"url":"https:\/\/lasprimeras.com.do\/index.php\/2025\/09\/11\/mario-lama-es-designado-asesor-medico-honorifico-juegos-centroamericanos-y-del-caribe-2026\/","url_meta":{"origin":95452,"position":2},"title":"Mario Lama es designado asesor m\u00e9dico honor\u00edfico Juegos Centroamericanos y del Caribe 2026","author":"Nelson Feliz","date":"11 de septiembre de 2025","format":false,"excerpt":"En el marco de los preparativos para los XXV Juegos Centroamericanos y del Caribe Santo Domingo 2026, el Servicio Nacional de Salud (SNS) anunci\u00f3 que su director ejecutivo, doctor Mario Lama, fungir\u00e1 como asesor m\u00e9dico honor\u00edfico del Comit\u00e9 Organizador del evento deportivo. De acuerdo con lo pactado en el convenio\u2026","rel":"","context":"En \u00abDEPORTES\u00bb","block_context":{"text":"DEPORTES","link":"https:\/\/lasprimeras.com.do\/index.php\/category\/deportes\/"},"img":{"alt_text":"","src":"https:\/\/i0.wp.com\/lasprimeras.com.do\/wp-content\/uploads\/2025\/11\/Mario-Lama-3-1.jpg?resize=350%2C200&ssl=1","width":350,"height":200,"srcset":"https:\/\/i0.wp.com\/lasprimeras.com.do\/wp-content\/uploads\/2025\/11\/Mario-Lama-3-1.jpg?resize=350%2C200&ssl=1 1x, https:\/\/i0.wp.com\/lasprimeras.com.do\/wp-content\/uploads\/2025\/11\/Mario-Lama-3-1.jpg?resize=525%2C300&ssl=1 1.5x, https:\/\/i0.wp.com\/lasprimeras.com.do\/wp-content\/uploads\/2025\/11\/Mario-Lama-3-1.jpg?resize=700%2C400&ssl=1 2x"},"classes":[]},{"id":114939,"url":"https:\/\/lasprimeras.com.do\/index.php\/2025\/10\/14\/sns-juramenta-nuevas-autoridades-hospital-clinico-quirurgico-jose-joaquin-puello-de-la-ciudad-sanitaria-dr-luis-eduardo-aybar\/","url_meta":{"origin":95452,"position":3},"title":"SNS juramenta nuevas autoridades Hospital Cl\u00ednico Quir\u00fargico Jos\u00e9 Joaqu\u00edn Puello de la Ciudad Sanitaria Dr. Luis Eduardo Aybar","author":"Nelson Feliz","date":"14 de octubre de 2025","format":false,"excerpt":"El director del Servicio Nacional de Salud (SNS), doctor Mario Lama, jurament\u00f3 este martes al doctor Ram\u00f3n Feliz Jim\u00e9nez como nuevo director del Hospital Jos\u00e9 Joaqu\u00edn Puello y a la doctora Patricia \u00c1lvarez como subdirectora del centro, ubicado en la Ciudad Sanitaria Dr. Luis Eduardo Aybar. Al juramentarlos, el doctor\u2026","rel":"","context":"En \u00abPORTADA\u00bb","block_context":{"text":"PORTADA","link":"https:\/\/lasprimeras.com.do\/index.php\/category\/portada\/"},"img":{"alt_text":"","src":"https:\/\/i0.wp.com\/lasprimeras.com.do\/wp-content\/uploads\/2025\/11\/Ciudad-Sanitaria-Dr.-Luis-Eduardo-Aybar.jpg?resize=350%2C200&ssl=1","width":350,"height":200,"srcset":"https:\/\/i0.wp.com\/lasprimeras.com.do\/wp-content\/uploads\/2025\/11\/Ciudad-Sanitaria-Dr.-Luis-Eduardo-Aybar.jpg?resize=350%2C200&ssl=1 1x, https:\/\/i0.wp.com\/lasprimeras.com.do\/wp-content\/uploads\/2025\/11\/Ciudad-Sanitaria-Dr.-Luis-Eduardo-Aybar.jpg?resize=525%2C300&ssl=1 1.5x, https:\/\/i0.wp.com\/lasprimeras.com.do\/wp-content\/uploads\/2025\/11\/Ciudad-Sanitaria-Dr.-Luis-Eduardo-Aybar.jpg?resize=700%2C400&ssl=1 2x"},"classes":[]},{"id":87072,"url":"https:\/\/lasprimeras.com.do\/index.php\/2024\/08\/07\/ministro-del-map-anuncia-nueva-metodologia-de-la-evaluacion-de-desempeno-de-la-administracion-publica\/","url_meta":{"origin":95452,"position":4},"title":"Ministro del MAP anuncia nueva metodolog\u00eda de la evaluaci\u00f3n de desempe\u00f1o de la administraci\u00f3n p\u00fablica","author":"Nelson Feliz","date":"7 de agosto de 2024","format":false,"excerpt":"Por Martin Restituyo El ministro de Administraci\u00f3n P\u00fablica, Sigmund Freund, indic\u00f3 que promover\u00e1 mayor transparencia y eficiencia en la administraci\u00f3n p\u00fablica, donde se implementar\u00e1 una nueva metodolog\u00eda de Evaluaci\u00f3n del Desempe\u00f1o Institucional (EDI). Adem\u00e1s reforzar\u00e1 el compromiso de que las instituciones realicen su planificaci\u00f3n orientada a resultados y mejores pr\u00e1cticas\u2026","rel":"","context":"En \u00abECONOM\u00cdA\u00bb","block_context":{"text":"ECONOM\u00cdA","link":"https:\/\/lasprimeras.com.do\/index.php\/category\/economia\/"},"img":{"alt_text":"Sigmund Freund","src":"https:\/\/i0.wp.com\/lasprimeras.com.do\/wp-content\/uploads\/2024\/08\/Sigmund-Freund.jpg?resize=350%2C200&ssl=1","width":350,"height":200,"srcset":"https:\/\/i0.wp.com\/lasprimeras.com.do\/wp-content\/uploads\/2024\/08\/Sigmund-Freund.jpg?resize=350%2C200&ssl=1 1x, https:\/\/i0.wp.com\/lasprimeras.com.do\/wp-content\/uploads\/2024\/08\/Sigmund-Freund.jpg?resize=525%2C300&ssl=1 1.5x, https:\/\/i0.wp.com\/lasprimeras.com.do\/wp-content\/uploads\/2024\/08\/Sigmund-Freund.jpg?resize=700%2C400&ssl=1 2x"},"classes":[]},{"id":114630,"url":"https:\/\/lasprimeras.com.do\/index.php\/2025\/09\/05\/titular-sns-entrega-equipos-y-supervisa-obras-hospitalarias-en-el-este\/","url_meta":{"origin":95452,"position":5},"title":"Titular SNS entrega equipos y supervisa obras hospitalarias en el Este","author":"Nelson Feliz","date":"5 de septiembre de 2025","format":false,"excerpt":"El Servicio Nacional de Salud (SNS), encabezado por su director ejecutivo, doctor Mario Lama, realiz\u00f3 los d\u00edas jueves y viernes un amplio recorrido por hospitales de la regi\u00f3n Este, con el objetivo de continuar fortaleciendo la calidad y dignidad de la atenci\u00f3n en salud que reciben los usuarios. Durante la\u2026","rel":"","context":"En \u00abSALUD\u00bb","block_context":{"text":"SALUD","link":"https:\/\/lasprimeras.com.do\/index.php\/category\/salud\/"},"img":{"alt_text":"","src":"https:\/\/i0.wp.com\/lasprimeras.com.do\/wp-content\/uploads\/2025\/11\/equipos-y-supervisa.jpg?resize=350%2C200&ssl=1","width":350,"height":200,"srcset":"https:\/\/i0.wp.com\/lasprimeras.com.do\/wp-content\/uploads\/2025\/11\/equipos-y-supervisa.jpg?resize=350%2C200&ssl=1 1x, https:\/\/i0.wp.com\/lasprimeras.com.do\/wp-content\/uploads\/2025\/11\/equipos-y-supervisa.jpg?resize=525%2C300&ssl=1 1.5x, https:\/\/i0.wp.com\/lasprimeras.com.do\/wp-content\/uploads\/2025\/11\/equipos-y-supervisa.jpg?resize=700%2C400&ssl=1 2x"},"classes":[]}],"jetpack_sharing_enabled":true,"_links":{"self":[{"href":"https:\/\/lasprimeras.com.do\/index.php\/wp-json\/wp\/v2\/posts\/95452","targetHints":{"allow":["GET"]}}],"collection":[{"href":"https:\/\/lasprimeras.com.do\/index.php\/wp-json\/wp\/v2\/posts"}],"about":[{"href":"https:\/\/lasprimeras.com.do\/index.php\/wp-json\/wp\/v2\/types\/post"}],"author":[{"embeddable":true,"href":"https:\/\/lasprimeras.com.do\/index.php\/wp-json\/wp\/v2\/users\/10"}],"replies":[{"embeddable":true,"href":"https:\/\/lasprimeras.com.do\/index.php\/wp-json\/wp\/v2\/comments?post=95452"}],"version-history":[{"count":2,"href":"https:\/\/lasprimeras.com.do\/index.php\/wp-json\/wp\/v2\/posts\/95452\/revisions"}],"predecessor-version":[{"id":95457,"href":"https:\/\/lasprimeras.com.do\/index.php\/wp-json\/wp\/v2\/posts\/95452\/revisions\/95457"}],"wp:featuredmedia":[{"embeddable":true,"href":"https:\/\/lasprimeras.com.do\/index.php\/wp-json\/wp\/v2\/media\/95453"}],"wp:attachment":[{"href":"https:\/\/lasprimeras.com.do\/index.php\/wp-json\/wp\/v2\/media?parent=95452"}],"wp:term":[{"taxonomy":"category","embeddable":true,"href":"https:\/\/lasprimeras.com.do\/index.php\/wp-json\/wp\/v2\/categories?post=95452"},{"taxonomy":"post_tag","embeddable":true,"href":"https:\/\/lasprimeras.com.do\/index.php\/wp-json\/wp\/v2\/tags?post=95452"}],"curies":[{"name":"wp","href":"https:\/\/api.w.org\/{rel}","templated":true}]}}