{"id":95602,"date":"2025-03-16T15:22:23","date_gmt":"2025-03-16T19:22:23","guid":{"rendered":"https:\/\/lasprimeras.com.do\/?p=95602"},"modified":"2025-03-16T15:22:25","modified_gmt":"2025-03-16T19:22:25","slug":"empresaria-estadounidense-denuncia-secuestro-y-extorsion-durante-visita-turistica-a-punta-cana","status":"publish","type":"post","link":"https:\/\/lasprimeras.com.do\/index.php\/2025\/03\/16\/empresaria-estadounidense-denuncia-secuestro-y-extorsion-durante-visita-turistica-a-punta-cana\/","title":{"rendered":"Empresaria estadounidense denuncia secuestro y extorsi\u00f3n durante visita tur\u00edstica a Punta Cana"},"content":{"rendered":"\n<p><strong>Solicita investigaci\u00f3n de autoridades de USA y RD tras ser interceptada por supuestos militares a la salida del Resort Meli\u00e1 Paradisus Punta Cana.<\/strong><\/p>\n\n\n\n<p>La empresaria y turista estadounidense Patricia Henwood denunci\u00f3 que el pasado 10 de marzo del a\u00f1o en curso, aproximadamente a las 12:45 de la tarde, fue v\u00edctima de secuestro y extorsi\u00f3n al salir del Resort Meli\u00e1 Paradisus Punta Cana, en la provincia La Altagracia.<\/p>\n\n\n\n<p>Seg\u00fan declar\u00f3 Patricia Henwood, personas fuertemente armadas y vestidas con uniformes militares realizaron una persecuci\u00f3n que culmin\u00f3 en su detenci\u00f3n ilegal. <\/p>\n\n\n\n<p>Los supuestos agentes la mantuvieron retenida junto a sus acompa\u00f1antes durante m\u00e1s de una hora, mientras revisaban sus pertenencias y les apuntaban con armas de alto calibre.<\/p>\n\n\n\n<p>La turista norteamericana hab\u00eda llegado al pa\u00eds el 5 de marzo, hosped\u00e1ndose en el mencionado resort de cinco estrellas junto a su pareja y otros dos empresarios residentes en Rep\u00fablica Dominicana. <\/p>\n\n\n\n<p>Durante su estad\u00eda, notaron comportamientos sospechosos en los alrededores, a los que inicialmente no dieron importancia.<\/p>\n\n\n\n<p>&#8220;Sent\u00ed verdadero temor, especialmente porque estando aqu\u00ed me enter\u00e9 del caso de una compatriota que se encuentra desaparecida&#8221;, expres\u00f3 Patricia Henwood, quien finalmente accedi\u00f3 a entregar 20.000 pesos dominicanos exigidos por los captores para conseguir su liberaci\u00f3n.<\/p>\n\n\n\n<p>La empresaria y turista hizo un llamado formal al presidente de Estados Unidos, Donald Trump; al de Rep\u00fablica Dominicana, Luis Abinader; a la embajadora de Estados Unidos en el pa\u00eds, Leah Francis Campos; a la Procuradora General de la Rep\u00fablica, Yeni Berenice Reynoso; al ministro de Turismo, David Collado; y al director de la Polic\u00eda Nacional, mayor general Ram\u00f3n Antonio Guzm\u00e1n Peralta, solicitando una investigaci\u00f3n exhaustiva sobre los hechos.<\/p>\n\n\n\n<p>&#8220;Es injusto que ciudadanos americanos que venimos a Rep\u00fablica Dominicana de buena fe como turistas o inversionistas seamos secuestrados, extorsionados y casi nos maten en una naci\u00f3n democr\u00e1tica cuando venimos a disfrutar de las playas y de la hermosura de la isla&#8221;, dijo la empresaria.<\/p>\n\n\n\n<p>&#8220;Sin embargo, en esta ocasi\u00f3n salimos con un recuerdo tan desagradable y tan grave de este pa\u00eds que nunca olvidar\u00e9&#8221;, concluy\u00f3 Patricia Henwood en su declaraci\u00f3n.<\/p>\n","protected":false},"excerpt":{"rendered":"<p>Solicita investigaci\u00f3n de autoridades de USA y RD tras ser interceptada por supuestos militares a la salida del Resort Meli\u00e1 Paradisus Punta Cana. La empresaria y turista estadounidense Patricia Henwood&hellip;<\/p>\n","protected":false},"author":10,"featured_media":95603,"comment_status":"open","ping_status":"open","sticky":false,"template":"","format":"standard","meta":{"content-type":"","jetpack_post_was_ever_published":false,"_jetpack_newsletter_access":"","_jetpack_dont_email_post_to_subs":false,"_jetpack_newsletter_tier_id":0,"_jetpack_memberships_contains_paywalled_content":false,"_jetpack_memberships_contains_paid_content":false,"footnotes":""},"categories":[35],"tags":[978,15427,4051,6888,67,1308,1480,2216,843],"class_list":["post-95602","post","type-post","status-publish","format-standard","has-post-thumbnail","hentry","category-nacionales","tag-donald-trump","tag-empresaria","tag-estadounidense","tag-extorsion","tag-luis-abinader","tag-punta-cana","tag-secuestro","tag-turistica","tag-visita"],"jetpack_featured_media_url":"https:\/\/lasprimeras.com.do\/wp-content\/uploads\/2025\/03\/Donald-Trump-y-Luis-Abinader.jpg","jetpack-related-posts":[{"id":99880,"url":"https:\/\/lasprimeras.com.do\/index.php\/2025\/05\/28\/arrestan-dos-haitianos-por-secuestro-de-menores-y-extorsion-en-santiago\/","url_meta":{"origin":95602,"position":0},"title":"Arrestan dos haitianos por secuestro de menores y extorsi\u00f3n en Santiago","author":"Nelson Feliz","date":"28 de mayo de 2025","format":false,"excerpt":"Miembros de la Polic\u00eda Nacional arrestaron un hombre y una mujer de nacionalidad haitiana, identificados como Pascilien Vixama, alias \u201cEl Coyote\u201d, e Isrrok Remushel, ambos residentes en Santo Domingo Oeste, por su presunta implicaci\u00f3n en el secuestro de dos menores de edad y la extorsi\u00f3n a su madre, tambi\u00e9n haitiana.\u2026","rel":"","context":"En \u00abMILITARES\u00bb","block_context":{"text":"MILITARES","link":"https:\/\/lasprimeras.com.do\/index.php\/category\/militares\/"},"img":{"alt_text":"","src":"https:\/\/i0.wp.com\/lasprimeras.com.do\/wp-content\/uploads\/2025\/05\/haitianos.png?resize=350%2C200&ssl=1","width":350,"height":200,"srcset":"https:\/\/i0.wp.com\/lasprimeras.com.do\/wp-content\/uploads\/2025\/05\/haitianos.png?resize=350%2C200&ssl=1 1x, https:\/\/i0.wp.com\/lasprimeras.com.do\/wp-content\/uploads\/2025\/05\/haitianos.png?resize=525%2C300&ssl=1 1.5x"},"classes":[]},{"id":92030,"url":"https:\/\/lasprimeras.com.do\/index.php\/2024\/12\/12\/mujer-fingio-ser-secuestrada-y-llevada-a-haiti-para-extorsionar-familiares\/","url_meta":{"origin":95602,"position":1},"title":"Mujer fingi\u00f3 ser secuestrada y llevada a Hait\u00ed para extorsionar familiares","author":"Nelson Feliz","date":"12 de diciembre de 2024","format":false,"excerpt":"La investigaci\u00f3n de la Polic\u00eda estableci\u00f3 que tras recibir los servicios de hechicer\u00eda la mujer no ten\u00eda para pagar al \u201cbrujo\u201d. El Departamento de Investigaci\u00f3n Antisecuestros y Extorsiones de la Polic\u00eda Nacional en cooperaci\u00f3n de la Polic\u00eda de Hait\u00ed, inform\u00f3 que es falsa la denuncia que establece que una dominicana,\u2026","rel":"","context":"En \u00abMILITARES\u00bb","block_context":{"text":"MILITARES","link":"https:\/\/lasprimeras.com.do\/index.php\/category\/militares\/"},"img":{"alt_text":"","src":"https:\/\/i0.wp.com\/lasprimeras.com.do\/wp-content\/uploads\/2024\/12\/mujer.jpeg?resize=350%2C200&ssl=1","width":350,"height":200,"srcset":"https:\/\/i0.wp.com\/lasprimeras.com.do\/wp-content\/uploads\/2024\/12\/mujer.jpeg?resize=350%2C200&ssl=1 1x, https:\/\/i0.wp.com\/lasprimeras.com.do\/wp-content\/uploads\/2024\/12\/mujer.jpeg?resize=525%2C300&ssl=1 1.5x, https:\/\/i0.wp.com\/lasprimeras.com.do\/wp-content\/uploads\/2024\/12\/mujer.jpeg?resize=700%2C400&ssl=1 2x"},"classes":[]},{"id":108147,"url":"https:\/\/lasprimeras.com.do\/index.php\/2025\/09\/03\/infotep-gradua-97-tecnicos-especializados-en-areas-claves-de-la-industria-turistica-en-punta-cana\/","url_meta":{"origin":95602,"position":2},"title":"INFOTEP grad\u00faa 97 t\u00e9cnicos especializados en \u00e1reas claves de la industria tur\u00edstica en Punta Cana","author":"Nelson Feliz","date":"3 de septiembre de 2025","format":false,"excerpt":"El Instituto Nacional de Formaci\u00f3n T\u00e9cnico Profesional (INFOTEP) entreg\u00f3 t\u00edtulos de T\u00e9cnicos con salida plena a 97 trabajadores de la cadena Meli\u00e1 Hotels, en las \u00e1reas de Gastronom\u00eda, Gesti\u00f3n de Piso Hotelero, Bar y Restaurante, quienes completaron los requisitos del proceso de Evaluaci\u00f3n Ocupacional, reconociendo as\u00ed su experiencia y competencia\u2026","rel":"","context":"En \u00abTURISMO\u00bb","block_context":{"text":"TURISMO","link":"https:\/\/lasprimeras.com.do\/index.php\/category\/turismo\/"},"img":{"alt_text":"","src":"https:\/\/i0.wp.com\/lasprimeras.com.do\/wp-content\/uploads\/2025\/09\/infotep.jpg?resize=350%2C200&ssl=1","width":350,"height":200,"srcset":"https:\/\/i0.wp.com\/lasprimeras.com.do\/wp-content\/uploads\/2025\/09\/infotep.jpg?resize=350%2C200&ssl=1 1x, https:\/\/i0.wp.com\/lasprimeras.com.do\/wp-content\/uploads\/2025\/09\/infotep.jpg?resize=525%2C300&ssl=1 1.5x, https:\/\/i0.wp.com\/lasprimeras.com.do\/wp-content\/uploads\/2025\/09\/infotep.jpg?resize=700%2C400&ssl=1 2x"},"classes":[]},{"id":112416,"url":"https:\/\/lasprimeras.com.do\/index.php\/2025\/10\/22\/abinader-inicia-trabajos-de-construccion-de-hotel-melia-bergantin-beach\/","url_meta":{"origin":95602,"position":3},"title":"Abinader inicia trabajos de construcci\u00f3n de Hotel Meli\u00e1 Bergant\u00edn Beach","author":"Nelson Feliz","date":"22 de octubre de 2025","format":false,"excerpt":"-. Mandatario destaca relanzamiento tur\u00edstico de Puerto Plata con desarrollo inmobiliario pujante y turismo de cruceros l\u00edder en el pa\u00eds. -. Tambi\u00e9n, anuncia la construcci\u00f3n de dos nuevos hoteles de las cadenas internacionales hoteleras Westin y Hyatt y la licitaci\u00f3n en los pr\u00f3ximos d\u00edas de la carretera \u00c1mbar. El presidente\u2026","rel":"","context":"En \u00abPORTADA\u00bb","block_context":{"text":"PORTADA","link":"https:\/\/lasprimeras.com.do\/index.php\/category\/portada\/"},"img":{"alt_text":"","src":"https:\/\/i0.wp.com\/lasprimeras.com.do\/wp-content\/uploads\/2025\/10\/Luis-Abinader-1-3.jpg?resize=350%2C200&ssl=1","width":350,"height":200,"srcset":"https:\/\/i0.wp.com\/lasprimeras.com.do\/wp-content\/uploads\/2025\/10\/Luis-Abinader-1-3.jpg?resize=350%2C200&ssl=1 1x, https:\/\/i0.wp.com\/lasprimeras.com.do\/wp-content\/uploads\/2025\/10\/Luis-Abinader-1-3.jpg?resize=525%2C300&ssl=1 1.5x, https:\/\/i0.wp.com\/lasprimeras.com.do\/wp-content\/uploads\/2025\/10\/Luis-Abinader-1-3.jpg?resize=700%2C400&ssl=1 2x, https:\/\/i0.wp.com\/lasprimeras.com.do\/wp-content\/uploads\/2025\/10\/Luis-Abinader-1-3.jpg?resize=1050%2C600&ssl=1 3x"},"classes":[]},{"id":123560,"url":"https:\/\/lasprimeras.com.do\/index.php\/2026\/03\/02\/abinader-inaugura-escuela-de-hosteleria-y-turismo-del-infotep-en-punta-cana\/","url_meta":{"origin":95602,"position":4},"title":"Abinader inaugura Escuela de Hosteler\u00eda y Turismo del INFOTEP en Punta Cana","author":"Nelson Feliz","date":"2 de marzo de 2026","format":false,"excerpt":"\u2022-Proyecto forma parte de un acuerdo de cooperaci\u00f3n con Meli\u00e1 Hotels International para fortalecer la formaci\u00f3n t\u00e9cnico profesional en el sector tur\u00edstico El presidente de la Rep\u00fablica, Luis Abinader inaugur\u00f3 la Escuela de Hosteler\u00eda y Turismo Gabriel Escarrer Juli\u00e1, que funcionar\u00e1 en instalaciones cedidas por Meli\u00e1 Hotels International y operar\u00e1\u2026","rel":"","context":"En \u00abTURISMO\u00bb","block_context":{"text":"TURISMO","link":"https:\/\/lasprimeras.com.do\/index.php\/category\/turismo\/"},"img":{"alt_text":"","src":"https:\/\/i0.wp.com\/lasprimeras.com.do\/wp-content\/uploads\/2026\/03\/portada-1.jpg?resize=350%2C200&ssl=1","width":350,"height":200,"srcset":"https:\/\/i0.wp.com\/lasprimeras.com.do\/wp-content\/uploads\/2026\/03\/portada-1.jpg?resize=350%2C200&ssl=1 1x, https:\/\/i0.wp.com\/lasprimeras.com.do\/wp-content\/uploads\/2026\/03\/portada-1.jpg?resize=525%2C300&ssl=1 1.5x, https:\/\/i0.wp.com\/lasprimeras.com.do\/wp-content\/uploads\/2026\/03\/portada-1.jpg?resize=700%2C400&ssl=1 2x"},"classes":[]},{"id":112430,"url":"https:\/\/lasprimeras.com.do\/index.php\/2025\/10\/21\/leonardo-aguilera-destaca-cartera-turistica-de-banreservas-aumenta-de-rd22000-a-mas-de-rd50000-millones\/","url_meta":{"origin":95602,"position":5},"title":"Leonardo Aguilera destaca cartera tur\u00edstica de Banreservas aumenta de RD$22,000 a m\u00e1s de RD$50,000 millones","author":"Nelson Feliz","date":"21 de octubre de 2025","format":false,"excerpt":"Revela que en la actualidad el Banco financia m\u00e1s de 7,000 habitaciones hoteleras y eval\u00faa inversiones por RD$115,000 millones El presidente ejecutivo del Banco de Reservas, doctor Leonardo Aguilera, afirm\u00f3 que la instituci\u00f3n financiera mantiene un compromiso firme con el proyecto Punta Bergant\u00edn y el turismo nacional, con m\u00e1s de\u2026","rel":"","context":"En \u00abECONOM\u00cdA\u00bb","block_context":{"text":"ECONOM\u00cdA","link":"https:\/\/lasprimeras.com.do\/index.php\/category\/economia\/"},"img":{"alt_text":"El presidente Luis Abinader junto al ministro de Turismo, David Collado; el presidente de ejecutivo de Banreservas, doctor Leonardo Aguilera; el CEO de la cadena hotelera Meli\u00e1, Gabriel Escarrer; y dem\u00e1s empresarios tur\u00edsticos, as\u00ed como autoridades civiles y gubernamentales durante el primer palazo del hotel Meli\u00e1 Bergant\u00edn Beach, en Punta Bergant\u00edn, Puerto Plata.","src":"https:\/\/i0.wp.com\/lasprimeras.com.do\/wp-content\/uploads\/2025\/10\/Leonardo-Aguilera-1-1.jpg?resize=350%2C200&ssl=1","width":350,"height":200,"srcset":"https:\/\/i0.wp.com\/lasprimeras.com.do\/wp-content\/uploads\/2025\/10\/Leonardo-Aguilera-1-1.jpg?resize=350%2C200&ssl=1 1x, https:\/\/i0.wp.com\/lasprimeras.com.do\/wp-content\/uploads\/2025\/10\/Leonardo-Aguilera-1-1.jpg?resize=525%2C300&ssl=1 1.5x, https:\/\/i0.wp.com\/lasprimeras.com.do\/wp-content\/uploads\/2025\/10\/Leonardo-Aguilera-1-1.jpg?resize=700%2C400&ssl=1 2x"},"classes":[]}],"jetpack_sharing_enabled":true,"_links":{"self":[{"href":"https:\/\/lasprimeras.com.do\/index.php\/wp-json\/wp\/v2\/posts\/95602","targetHints":{"allow":["GET"]}}],"collection":[{"href":"https:\/\/lasprimeras.com.do\/index.php\/wp-json\/wp\/v2\/posts"}],"about":[{"href":"https:\/\/lasprimeras.com.do\/index.php\/wp-json\/wp\/v2\/types\/post"}],"author":[{"embeddable":true,"href":"https:\/\/lasprimeras.com.do\/index.php\/wp-json\/wp\/v2\/users\/10"}],"replies":[{"embeddable":true,"href":"https:\/\/lasprimeras.com.do\/index.php\/wp-json\/wp\/v2\/comments?post=95602"}],"version-history":[{"count":1,"href":"https:\/\/lasprimeras.com.do\/index.php\/wp-json\/wp\/v2\/posts\/95602\/revisions"}],"predecessor-version":[{"id":95604,"href":"https:\/\/lasprimeras.com.do\/index.php\/wp-json\/wp\/v2\/posts\/95602\/revisions\/95604"}],"wp:featuredmedia":[{"embeddable":true,"href":"https:\/\/lasprimeras.com.do\/index.php\/wp-json\/wp\/v2\/media\/95603"}],"wp:attachment":[{"href":"https:\/\/lasprimeras.com.do\/index.php\/wp-json\/wp\/v2\/media?parent=95602"}],"wp:term":[{"taxonomy":"category","embeddable":true,"href":"https:\/\/lasprimeras.com.do\/index.php\/wp-json\/wp\/v2\/categories?post=95602"},{"taxonomy":"post_tag","embeddable":true,"href":"https:\/\/lasprimeras.com.do\/index.php\/wp-json\/wp\/v2\/tags?post=95602"}],"curies":[{"name":"wp","href":"https:\/\/api.w.org\/{rel}","templated":true}]}}