{"id":95605,"date":"2025-03-16T15:30:20","date_gmt":"2025-03-16T19:30:20","guid":{"rendered":"https:\/\/lasprimeras.com.do\/?p=95605"},"modified":"2025-03-16T15:30:22","modified_gmt":"2025-03-16T19:30:22","slug":"circe-almanzar-respalda-la-modificacion-a-la-ley-de-residuos-solidos-para-impulsar-la-economia-circular-en-rd","status":"publish","type":"post","link":"https:\/\/lasprimeras.com.do\/index.php\/2025\/03\/16\/circe-almanzar-respalda-la-modificacion-a-la-ley-de-residuos-solidos-para-impulsar-la-economia-circular-en-rd\/","title":{"rendered":"Circe Alm\u00e1nzar respalda la modificaci\u00f3n a la Ley de Residuos S\u00f3lidos para impulsar la econom\u00eda circular en RD"},"content":{"rendered":"\n<p>La exvicepresidenta de la Asociaci\u00f3n de Industrias y consultora privada, Circe Alm\u00e1nzar afirma que la modificaci\u00f3n a la Ley 225-20 de Gesti\u00f3n Integral y Cooprocesamiento de los Residuos S\u00f3lidos, ser\u00e1 un paso trascendental para el desarrollo de los municipios y del pa\u00eds.<\/p>\n\n\n\n<p>Alm\u00e1nzar sostiene que la discusi\u00f3n para este proyecto de Ley , que iniciaron hace a\u00f1os donde tambi\u00e9n particip\u00f3 el municipalista Domingo Contreras, donde el principal desaf\u00edo fue en ese momento la intervenci\u00f3n de los vertederos a cielo abierto y el destino final de los residuos s\u00f3lidos.<\/p>\n\n\n\n<p>Circe argument\u00f3 que reconoce que la Ley aprobada en el senado tiene debilidades, pero llama a los legisladores a consensuar este proyecto y buscar una salida para que la poblaci\u00f3n tenga una ley que beneficie a la sociedad dominicana y al empresariado.<\/p>\n\n\n\n<p>\u201cNadie duda que aqu\u00ed hay un problema de basura, nadie lo duda\u201d que el mismo debe convertirse en una soluci\u00f3n a los residuos solidos, la empresaria afirma que todos los pa\u00edses han resuelto este tema d\u00e1ndoles valor a los desechos s\u00f3lidos.<\/p>\n\n\n\n<p>Agrega el buen manejo de los residuos solidos genera una econom\u00eda circular producto con la incorporaci\u00f3n de material de reciclaje de manera gradual, esta sujeta a planes de responsabilidad extendida y lograr los resultados esperados de esta ley, el Ministerio de Medio Ambiente est\u00e1 trabajando con un reglamento con temas puntuales que est\u00e1n dentro de la modificaci\u00f3n como un punto de partida y una meta.<\/p>\n\n\n\n<p>Circe asegura que el modelo de econom\u00eda circular es lo que permite el aprovisionamiento de los residuos al m\u00e1ximo.<\/p>\n\n\n\n<p>La expresidenta de la Asociaci\u00f3n de Industrias de la Rep\u00fablica Dominicana (AIRD) sostuvo \u201cla basura es una realidad, pero todos queremos un pa\u00eds limpio y libre de basura \u201c precis\u00f3.<\/p>\n\n\n\n<p>Entrevistada en el programa Hoy Mismo, que se transmite por Color Visi\u00f3n y por La S\u00faper 7, Alm\u00e1nzar dice que en la modificaci\u00f3n del proyecto hay que plasmar la cantidad de los desperdicios que puedan ser utilizados para el reciclaje.<\/p>\n\n\n\n<p>Finalmente explic\u00f3 que con la aprobaci\u00f3n de dicha ley permitir\u00e1 al pa\u00eds conocer la cantidad real vertederos que tienen y adem\u00e1s la distancia que deben tener de la estaci\u00f3n de transferencia y la sostenibilidad financiera para generar y mantener una econom\u00eda circular.<\/p>\n","protected":false},"excerpt":{"rendered":"<p>La exvicepresidenta de la Asociaci\u00f3n de Industrias y consultora privada, Circe Alm\u00e1nzar afirma que la modificaci\u00f3n a la Ley 225-20 de Gesti\u00f3n Integral y Cooprocesamiento de los Residuos S\u00f3lidos, ser\u00e1&hellip;<\/p>\n","protected":false},"author":10,"featured_media":95606,"comment_status":"open","ping_status":"open","sticky":false,"template":"","format":"standard","meta":{"content-type":"","jetpack_post_was_ever_published":false,"_jetpack_newsletter_access":"","_jetpack_dont_email_post_to_subs":false,"_jetpack_newsletter_tier_id":0,"_jetpack_memberships_contains_paywalled_content":false,"_jetpack_memberships_contains_paid_content":false,"footnotes":""},"categories":[39,25],"tags":[15428,514,16899,6826,1226],"class_list":["post-95605","post","type-post","status-publish","format-standard","has-post-thumbnail","hentry","category-economia","category-portada","tag-circe-almanzar","tag-economia-2","tag-ley-de-residuos-solidos","tag-modificacion","tag-republica-dominicana"],"jetpack_featured_media_url":"https:\/\/lasprimeras.com.do\/wp-content\/uploads\/2025\/03\/Circe_Almanzar_1-removebg-preview.png","jetpack-related-posts":[{"id":104851,"url":"https:\/\/lasprimeras.com.do\/index.php\/2025\/07\/28\/circe-almanzar-pide-promulgar-reforma-a-la-ley-225-20-sobre-gestion-integral-y-residuos-solidos\/","url_meta":{"origin":95605,"position":0},"title":"Circe Almanzar pide promulgar reforma a la Ley 225-20 sobre gesti\u00f3n integral y residuos s\u00f3lidos","author":"Nelson Feliz","date":"28 de julio de 2025","format":false,"excerpt":"Dicha modificaci\u00f3n ya fue aprobada por el Congreso de la Rep\u00fablica y solo\u00a0 falta su promulgaci\u00f3n por parte del Poder Ejecutivo para su entrada en vigencia.-\u00a0 La dirigente empresarial y asesora en materia de gesti\u00f3n de residuos s\u00f3lidos, Circe Almanzar, valor\u00f3 positivamente el esfuerzo realizado por la C\u00e1mara de Diputados\u2026","rel":"","context":"En \u00abECONOM\u00cdA\u00bb","block_context":{"text":"ECONOM\u00cdA","link":"https:\/\/lasprimeras.com.do\/index.php\/category\/economia\/"},"img":{"alt_text":"","src":"https:\/\/i0.wp.com\/lasprimeras.com.do\/wp-content\/uploads\/2025\/07\/Circe-Almanzar.jpg?resize=350%2C200&ssl=1","width":350,"height":200,"srcset":"https:\/\/i0.wp.com\/lasprimeras.com.do\/wp-content\/uploads\/2025\/07\/Circe-Almanzar.jpg?resize=350%2C200&ssl=1 1x, https:\/\/i0.wp.com\/lasprimeras.com.do\/wp-content\/uploads\/2025\/07\/Circe-Almanzar.jpg?resize=525%2C300&ssl=1 1.5x, https:\/\/i0.wp.com\/lasprimeras.com.do\/wp-content\/uploads\/2025\/07\/Circe-Almanzar.jpg?resize=700%2C400&ssl=1 2x"},"classes":[]},{"id":100866,"url":"https:\/\/lasprimeras.com.do\/index.php\/2025\/06\/12\/industriales-rechazan-eliminacion-de-plasticos-de-un-solo-uso-en-la-ley-de-residuos-solidos-225-20\/","url_meta":{"origin":95605,"position":1},"title":"Industriales rechazan eliminaci\u00f3n de pl\u00e1sticos de un solo uso en la Ley De Residuos S\u00f3lidos 225-20","author":"Nelson Feliz","date":"12 de junio de 2025","format":false,"excerpt":"\u201cDespu\u00e9s de la miner\u00eda, somos el producto m\u00e1s exportable del pa\u00eds\u201d. Representantes de la industria del pl\u00e1stico en Rep\u00fablica Dominicana han alzado su voz en contra del proyecto de ley que busca prohibir los pl\u00e1sticos de un solo uso, advirtiendo sobre el impacto econ\u00f3mico y social que implicar\u00eda esa medida.\u2026","rel":"","context":"En \u00abNACIONALES\u00bb","block_context":{"text":"NACIONALES","link":"https:\/\/lasprimeras.com.do\/index.php\/category\/nacionales\/"},"img":{"alt_text":"Circe Alm\u00e1nzar","src":"https:\/\/i0.wp.com\/lasprimeras.com.do\/wp-content\/uploads\/2025\/06\/Circe-Almanzar.jpg?resize=350%2C200&ssl=1","width":350,"height":200,"srcset":"https:\/\/i0.wp.com\/lasprimeras.com.do\/wp-content\/uploads\/2025\/06\/Circe-Almanzar.jpg?resize=350%2C200&ssl=1 1x, https:\/\/i0.wp.com\/lasprimeras.com.do\/wp-content\/uploads\/2025\/06\/Circe-Almanzar.jpg?resize=525%2C300&ssl=1 1.5x, https:\/\/i0.wp.com\/lasprimeras.com.do\/wp-content\/uploads\/2025\/06\/Circe-Almanzar.jpg?resize=700%2C400&ssl=1 2x"},"classes":[]},{"id":92782,"url":"https:\/\/lasprimeras.com.do\/index.php\/2025\/01\/14\/cncp-mostro-preocupacion-por-la-modificacion-de-la-ley-225-20-de-residuos-solidos\/","url_meta":{"origin":95605,"position":2},"title":"CNCP mostr\u00f3 preocupaci\u00f3n por la modificaci\u00f3n de la Ley 225-20 de Residuos S\u00f3lidos","author":"Nelson Feliz","date":"14 de enero de 2025","format":false,"excerpt":"Los comerciantes aseguran pagan factura de residuos s\u00f3lidos que realizan los cabildos. El Consejo Nacional del Comercio en Provisiones (CNCP) mostr\u00f3 su preocupaci\u00f3n por la modificaci\u00f3n de la Ley 225-20 de Residuos S\u00f3lidos, una medida que podr\u00eda generar graves repercusiones sobre los negocios, la econom\u00eda nacional y el bienestar de\u2026","rel":"","context":"En \u00abECONOM\u00cdA\u00bb","block_context":{"text":"ECONOM\u00cdA","link":"https:\/\/lasprimeras.com.do\/index.php\/category\/economia\/"},"img":{"alt_text":"","src":"https:\/\/i0.wp.com\/lasprimeras.com.do\/wp-content\/uploads\/2025\/01\/comerciantes.jpg?resize=350%2C200&ssl=1","width":350,"height":200,"srcset":"https:\/\/i0.wp.com\/lasprimeras.com.do\/wp-content\/uploads\/2025\/01\/comerciantes.jpg?resize=350%2C200&ssl=1 1x, https:\/\/i0.wp.com\/lasprimeras.com.do\/wp-content\/uploads\/2025\/01\/comerciantes.jpg?resize=525%2C300&ssl=1 1.5x, https:\/\/i0.wp.com\/lasprimeras.com.do\/wp-content\/uploads\/2025\/01\/comerciantes.jpg?resize=700%2C400&ssl=1 2x"},"classes":[]},{"id":93864,"url":"https:\/\/lasprimeras.com.do\/index.php\/2025\/02\/21\/presidente-del-senado-apoya-la-modificacion-a-ley-de-residuos-solidos\/","url_meta":{"origin":95605,"position":3},"title":"Presidente del Senado apoya la modificaci\u00f3n a ley de Residuos S\u00f3lidos","author":"Nelson Feliz","date":"21 de febrero de 2025","format":false,"excerpt":"El presidente del Senado de la Rep\u00fablica, Ricardo De Los Santos, dijo que apoya la modificaci\u00f3n a ley General de Gesti\u00f3n Integral y Procedimiento de Residuos S\u00f3lidos en la Rep\u00fablica Dominicana. El senador dijo \u201cEstamos escuchando todos los sectores para la modificaci\u00f3n a la ya debatida ley\u201d, asegur\u00f3 Ricardo De\u2026","rel":"","context":"En \u00abNACIONALES\u00bb","block_context":{"text":"NACIONALES","link":"https:\/\/lasprimeras.com.do\/index.php\/category\/nacionales\/"},"img":{"alt_text":"Ricardo De Los Santos","src":"https:\/\/i0.wp.com\/lasprimeras.com.do\/wp-content\/uploads\/2025\/02\/Ricardo-De-Los-Santos.jpg?resize=350%2C200&ssl=1","width":350,"height":200,"srcset":"https:\/\/i0.wp.com\/lasprimeras.com.do\/wp-content\/uploads\/2025\/02\/Ricardo-De-Los-Santos.jpg?resize=350%2C200&ssl=1 1x, https:\/\/i0.wp.com\/lasprimeras.com.do\/wp-content\/uploads\/2025\/02\/Ricardo-De-Los-Santos.jpg?resize=525%2C300&ssl=1 1.5x, https:\/\/i0.wp.com\/lasprimeras.com.do\/wp-content\/uploads\/2025\/02\/Ricardo-De-Los-Santos.jpg?resize=700%2C400&ssl=1 2x"},"classes":[]},{"id":89114,"url":"https:\/\/lasprimeras.com.do\/index.php\/2024\/09\/18\/empresaria-circe-almanzar-plantea-la-urgencia-de-regular-juegos-de-azar-en-linea-en-rd\/","url_meta":{"origin":95605,"position":4},"title":"Empresaria Circe Alm\u00e1nzar plantea la urgencia de regular juegos de azar en l\u00ednea en RD","author":"Nelson Feliz","date":"18 de septiembre de 2024","format":false,"excerpt":"En el evento que se celebra hoy y ma\u00f1ana en Santo Domingo, la consultora empresarial destaca los retos y oportunidades tendr\u00eda el pa\u00eds. La l\u00edder empresarial Circe Alm\u00e1nzar abog\u00f3 este mi\u00e9rcoles por una regulaci\u00f3n efectiva de los juegos de azar en l\u00ednea en la Rep\u00fablica Dominicana, durante la jornada inaugural\u2026","rel":"","context":"En \u00abECONOM\u00cdA\u00bb","block_context":{"text":"ECONOM\u00cdA","link":"https:\/\/lasprimeras.com.do\/index.php\/category\/economia\/"},"img":{"alt_text":"Circe Alm\u00e1nzar","src":"https:\/\/i0.wp.com\/lasprimeras.com.do\/wp-content\/uploads\/2024\/09\/Circe-Almanzar.jpg?resize=350%2C200&ssl=1","width":350,"height":200,"srcset":"https:\/\/i0.wp.com\/lasprimeras.com.do\/wp-content\/uploads\/2024\/09\/Circe-Almanzar.jpg?resize=350%2C200&ssl=1 1x, https:\/\/i0.wp.com\/lasprimeras.com.do\/wp-content\/uploads\/2024\/09\/Circe-Almanzar.jpg?resize=525%2C300&ssl=1 1.5x, https:\/\/i0.wp.com\/lasprimeras.com.do\/wp-content\/uploads\/2024\/09\/Circe-Almanzar.jpg?resize=700%2C400&ssl=1 2x"},"classes":[]},{"id":89400,"url":"https:\/\/lasprimeras.com.do\/index.php\/2024\/09\/24\/reflexiones-sobre-la-regulacion-de-los-juegos-en-linea-en-la-republica-dominicana\/","url_meta":{"origin":95605,"position":5},"title":"Reflexiones sobre la Regulaci\u00f3n de los Juegos en L\u00ednea en la Rep\u00fablica Dominicana","author":"Nelson Feliz","date":"24 de septiembre de 2024","format":false,"excerpt":"Por Eladio Antonio AquinoEconomista La semana pasada tuve el privilegio de asistir a la Gaming & Technology Expo, un evento celebrado en el Hotel Jaragua de Santo Domingo. Esta feria se desarroll\u00f3 en dos vertientes claramente diferenciadas. Por un lado, la dimensi\u00f3n acad\u00e9mica, donde destacados ponentes de toda Latinoam\u00e9rica, incluyendo\u2026","rel":"","context":"En \u00abOPINI\u00d3N\u00bb","block_context":{"text":"OPINI\u00d3N","link":"https:\/\/lasprimeras.com.do\/index.php\/category\/opinion\/"},"img":{"alt_text":"","src":"https:\/\/i0.wp.com\/lasprimeras.com.do\/wp-content\/uploads\/2024\/09\/Eladio-Antonio-Aquino.jpg?resize=350%2C200&ssl=1","width":350,"height":200},"classes":[]}],"jetpack_sharing_enabled":true,"_links":{"self":[{"href":"https:\/\/lasprimeras.com.do\/index.php\/wp-json\/wp\/v2\/posts\/95605","targetHints":{"allow":["GET"]}}],"collection":[{"href":"https:\/\/lasprimeras.com.do\/index.php\/wp-json\/wp\/v2\/posts"}],"about":[{"href":"https:\/\/lasprimeras.com.do\/index.php\/wp-json\/wp\/v2\/types\/post"}],"author":[{"embeddable":true,"href":"https:\/\/lasprimeras.com.do\/index.php\/wp-json\/wp\/v2\/users\/10"}],"replies":[{"embeddable":true,"href":"https:\/\/lasprimeras.com.do\/index.php\/wp-json\/wp\/v2\/comments?post=95605"}],"version-history":[{"count":1,"href":"https:\/\/lasprimeras.com.do\/index.php\/wp-json\/wp\/v2\/posts\/95605\/revisions"}],"predecessor-version":[{"id":95607,"href":"https:\/\/lasprimeras.com.do\/index.php\/wp-json\/wp\/v2\/posts\/95605\/revisions\/95607"}],"wp:featuredmedia":[{"embeddable":true,"href":"https:\/\/lasprimeras.com.do\/index.php\/wp-json\/wp\/v2\/media\/95606"}],"wp:attachment":[{"href":"https:\/\/lasprimeras.com.do\/index.php\/wp-json\/wp\/v2\/media?parent=95605"}],"wp:term":[{"taxonomy":"category","embeddable":true,"href":"https:\/\/lasprimeras.com.do\/index.php\/wp-json\/wp\/v2\/categories?post=95605"},{"taxonomy":"post_tag","embeddable":true,"href":"https:\/\/lasprimeras.com.do\/index.php\/wp-json\/wp\/v2\/tags?post=95605"}],"curies":[{"name":"wp","href":"https:\/\/api.w.org\/{rel}","templated":true}]}}