{"id":95724,"date":"2025-03-18T10:35:46","date_gmt":"2025-03-18T14:35:46","guid":{"rendered":"https:\/\/lasprimeras.com.do\/?p=95724"},"modified":"2025-03-18T10:35:47","modified_gmt":"2025-03-18T14:35:47","slug":"trump-y-putin-hablaran-por-telefono-sobre-alto-el-fuego-pero-zelenskyy-se-muestra-esceptico","status":"publish","type":"post","link":"https:\/\/lasprimeras.com.do\/index.php\/2025\/03\/18\/trump-y-putin-hablaran-por-telefono-sobre-alto-el-fuego-pero-zelenskyy-se-muestra-esceptico\/","title":{"rendered":"Trump y Putin hablar\u00e1n por tel\u00e9fono sobre alto el fuego, pero Zelenskyy se muestra esc\u00e9ptico"},"content":{"rendered":"\n<p>POR AAMER MADHANI<\/p>\n\n\n\n<p>WASHINGTON (AP) \u2014 Donald Trump, mantendr\u00e1 conversaciones el martes con su hom\u00f3logo ruso, Vlad\u00edmir Putin, en su intento por obtener apoyos para la propuesta de alto el fuego de Estados Unidos que espera que pueda crear una v\u00eda para poner fin a la devastadora guerra de Rusia en Ucrania.<\/p>\n\n\n\n<p>La Casa Blanca es optimista de poder alcanzar la paz, aunque el presidente de Ucrania, Volodymyr Zelenskyy, sigue siendo esc\u00e9ptico acerca de que Putin est\u00e9 haciendo mucho m\u00e1s que ofrecer palabras vac\u00edas a Trump mientras las tropas del Kremlin siguen bombardeando su pa\u00eds.<\/p>\n\n\n\n<p>Este compromiso es el \u00faltimo giro en las relaciones entre Estados Unidos y Rusia, que han cambiado dr\u00e1sticamente ya que Trump ha hecho de la r\u00e1pida finalizaci\u00f3n del conflicto una de sus principales prioridades, incluso a expensas de tensar los lazos con aliados estadounidenses de larga data que quieren que Putin pague un precio por la invasi\u00f3n.<\/p>\n\n\n\n<p>\u201cEs una mala situaci\u00f3n en Rusia y es una mala situaci\u00f3n en Ucrania\u201d, dijo Trump a reporteros el lunes. \u201cLo que est\u00e1 sucediendo en Ucrania no es bueno, pero vamos a ver si podemos trabajar en un acuerdo de paz, un alto el fuego y la paz. Y creo que podremos hacerlo\u201d.<\/p>\n\n\n\n<p>Antes de la llamada telef\u00f3nica entre ambos mandatarios, el enviado especial de la Casa Blanca, Steve Witkoff, se reuni\u00f3 la semana pasada con Putin en Mosc\u00fa para discutir la propuesta. El secretario de Estado estadounidense, Marco Rubio, hab\u00eda persuadido a altos funcionarios ucranianos para que aceptaran el marco del alto el fuego durante conversaciones en Arabia Saud\u00ed.<\/p>\n\n\n\n<p>El presidente de Estados Unidos dijo que Washington y Mosc\u00fa ya han comenzado a discutir \u201cla divisi\u00f3n de ciertos activos\u201d entre Ucrania y Rusia como parte de un acuerdo para poner fin al conflicto.<\/p>\n\n\n\n<p>Trump, que durante su campa\u00f1a prometi\u00f3 acabar r\u00e1pidamente con la guerra, ha presumido en ocasiones de su relaci\u00f3n con Putin y ha culpado a Ucrania por la invasi\u00f3n no provocada de su vecino, todo mientras acusa a Zelenskyy de prolongar innecesariamente la mayor guerra terrestre en Europa desde la Segunda Guerra Mundial.<\/p>\n\n\n\n<p>El portavoz de Putin, Dmitry Peskov, dijo a reporteros el martes que los dos mandatarios discutir\u00e1n la guerra en Ucrania, pero agreg\u00f3 que tambi\u00e9n hay un \u201cgran n\u00famero de preguntas\u201d sobre la normalizaci\u00f3n de las relaciones entre Estados Unidos y Rusia. La llamada se llevar\u00e1 a cabo entre las 13:00 y las 15:00 GMT, agreg\u00f3.<\/p>\n\n\n\n<p>Trump ha dicho que el intercambio de territorios y plantas de energ\u00eda ser\u00e1n parte de la conversaci\u00f3n con Putin.<\/p>\n\n\n\n<p>Witkoff y la secretaria de prensa de la Casa Blanca, Karoline Leavitt, sugirieron que funcionarios estadounidenses y rusos han discutido el futuro de la central de Zaporiyia, en el sur de Ucrania.<\/p>\n\n\n\n<p>La central est\u00e1 atrapada en el fuego cruzado desde que Mosc\u00fa envi\u00f3 tropas a Ucrania en febrero de 2022 y tom\u00f3 el control de la instalaci\u00f3n poco despu\u00e9s. El Organismo Internacional de Energ\u00eda At\u00f3mica de Naciones Unidas ha expresado repetidamente su alarma sobre la planta nuclear, la m\u00e1s grande de Europa, alimentando el temor a una posible cat\u00e1strofe nuclear.<\/p>\n\n\n\n<p>La planta de energ\u00eda nuclear es un activo significativo y antes del inicio de la guerra produc\u00eda una cuarta parte de la electricidad de Ucrania.<\/p>\n\n\n\n<p>\u201cNunca hemos estado m\u00e1s cerca de un acuerdo de paz de lo que estamos en este momento. Y el presidente, como saben, est\u00e1 decidido a lograrlo\u201d, dijo Leavitt.<\/p>\n\n\n\n<p>Pero Bradley Bowman, director del Centro de Poder Militar y Pol\u00edtico en la Fundaci\u00f3n para la Defensa de las Democracias, puso en duda Putin est\u00e1 listo para poner fin a la guerra o si esperar\u00e1 concesiones adicionales a medida que Trump se impacienta.<\/p>\n\n\n\n<p>Despu\u00e9s de una desastrosa reuni\u00f3n en la Casa Blanca el 28 de febrero con Zelenskyy, Trump cort\u00f3 temporalmente parte del intercambio de inteligencia militar y la ayuda a Ucrania. Se restaur\u00f3 despu\u00e9s de que los ucranianos aprobaron la semana pasada la propuesta de alto el fuego de 30 d\u00edas de la Casa Blanca.<\/p>\n\n\n\n<p>\u201cEstados Unidos ha estado ofreciendo constantemente concesiones preventivas de alg\u00fan tipo que han debilitado la posici\u00f3n negociadora estadounidense y ucraniana\u201d, apunt\u00f3 Bowman. \u201cCreo que hay un verdadero peligro aqu\u00ed de que el enfoque de la administraci\u00f3n se reduzca a dar palos a Ucrania y zanahorias a Putin\u201d.<\/p>\n\n\n\n<p>En su habitual discurso nocturno, Zelenskyy dej\u00f3 claro el lunes que sigue dudando de que Putin est\u00e9 listo para la paz.<\/p>\n\n\n\n<p>\u201cAhora, casi una semana despu\u00e9s, est\u00e1 claro para todos en el mundo \u2014incluso para aquellos que se negaron a reconocer la verdad durante los \u00faltimos tres a\u00f1os\u2014 que es Putin quien contin\u00faa alargando esta guerra\u201d, afirm\u00f3.<\/p>\n\n\n\n<p>En sus tratos con Zelenskyy y Putin, Trump se ha centrado con frecuencia en qui\u00e9n lleva ventaja. Putin tiene \u201clas cartas\u201d y Zelenskyy no, seg\u00fan ha repetido el mandatario estadouindense.<\/p>\n\n\n\n<p>Trump, quien ha mostrado durante mucho tiempo admiraci\u00f3n por Putin, tambi\u00e9n ha dejado claro que le gustar\u00eda que la relaci\u00f3n entre Washington y Mosc\u00fa se normalizase.<\/p>\n\n\n\n<p>Durante su reciente y reuni\u00f3n tensa con Zelenskyy, Trump murmur\u00f3 que \u201cPutin pas\u00f3 por un infierno conmigo\u201d, en referencia a la investigaci\u00f3n federal sobre la interferencia rusa en las elecciones presidenciales de 2016 en las que venci\u00f3 a la dem\u00f3crata Hillary Clinton.<\/p>\n\n\n\n<p>El lunes volvi\u00f3 a subrayar su opini\u00f3n de que Ucrania no est\u00e1 en una posici\u00f3n fuerte para negociar. Dijo que las fuerzas de Mosc\u00fa han \u201crodeado\u201d a las ucranianas en la regi\u00f3n rusa de Kursk, transmitiendo una afirmaci\u00f3n de las autoridades rusas que ha sido rechazada por Zelenskyy.<\/p>\n\n\n\n<p>El ej\u00e9rcito ucraniano sorprendi\u00f3 a Rusia en agosto del a\u00f1o pasado al lanzar un ataque transfronterizo y tomar el control de aproximadamente 1.300 kil\u00f3metros cuadrados (500 millas cuadradas) de tierra en Kursk. Pero las fuerzas de Kiev est\u00e1n en retirada y han perdido la valiosa carta de negociaci\u00f3n casi por completo, a medida que gana impulso el alto el fuego.<\/p>\n\n\n\n<p>Zelenskyy ha reconocido que los ucranianos est\u00e1n en una posici\u00f3n desfavorable, pero rechaza las afirmaciones rusas de que han rodeado a sus tropas en Kursk.<\/p>\n\n\n\n<p>Trump sugiri\u00f3 que ha tomado acciones no especificadas que han impedido que Mosc\u00fa masacre a las tropas rivales en la regi\u00f3n.<\/p>\n\n\n\n<p>\u201cEst\u00e1n rodeados por soldados rusos, y creo que si no fuera por m\u00ed, ya no estar\u00edan aqu\u00ed\u201d, manifest\u00f3 Trump.<\/p>\n\n\n\n<p>Leavitt es uno de los tres funcionarios del gobierno de Trump que enfrentan una demanda de The Associated Press bas\u00e1ndose en la Primera y Quinta Enmienda. La AP dice que los tres est\u00e1n castigando a la agencia por decisiones editoriales a las que se oponen.<\/p>\n\n\n\n<p>La Casa Blanca dice que la AP no est\u00e1 siguiendo una orden ejecutiva que exige referirse al Golfo de M\u00e9xico como Golfo de Am\u00e9rica.<\/p>\n","protected":false},"excerpt":{"rendered":"<p>POR AAMER MADHANI WASHINGTON (AP) \u2014 Donald Trump, mantendr\u00e1 conversaciones el martes con su hom\u00f3logo ruso, Vlad\u00edmir Putin, en su intento por obtener apoyos para la propuesta de alto el&hellip;<\/p>\n","protected":false},"author":10,"featured_media":95725,"comment_status":"open","ping_status":"open","sticky":false,"template":"","format":"standard","meta":{"content-type":"","jetpack_post_was_ever_published":false,"_jetpack_newsletter_access":"","_jetpack_dont_email_post_to_subs":false,"_jetpack_newsletter_tier_id":0,"_jetpack_memberships_contains_paywalled_content":false,"_jetpack_memberships_contains_paid_content":false,"footnotes":""},"categories":[16289],"tags":[9062,978,18261,18260,15993,3868,11941],"class_list":["post-95724","post","type-post","status-publish","format-standard","has-post-thumbnail","hentry","category-internacionales","tag-alto-el-fuego","tag-donald-trump","tag-esceptico","tag-hablaran","tag-telefono","tag-vladimir-putin-2","tag-volodymyr-zelenskyy"],"jetpack_featured_media_url":"https:\/\/lasprimeras.com.do\/wp-content\/uploads\/2025\/03\/Vladimir-Putin-y-Donald-Trump.jpg","jetpack-related-posts":[{"id":99197,"url":"https:\/\/lasprimeras.com.do\/index.php\/2025\/05\/19\/trump-espera-avanzar-en-un-alto-el-fuego-en-ucrania-en-llamadas-con-putin-y-zelenskyy\/","url_meta":{"origin":95724,"position":0},"title":"Trump espera avanzar en un alto el fuego en Ucrania en llamadas con Putin y Zelenskyy","author":"Nelson Feliz","date":"19 de mayo de 2025","format":false,"excerpt":"POR JOSH BOAK WASHINGTON (AP) \u2014 El presidente de Estados Unidos, Donald Trump, espera que las llamadas telef\u00f3nicas separadas el lunes con el l\u00edder ruso, Vlad\u00edmir Putin, y el presidente ucraniano, Volodymyr Zelenskyy, logren avances hacia un alto el fuego en la guerra en Ucrania. Trump expres\u00f3 sus esperanzas de\u2026","rel":"","context":"En \u00abINTERNACIONALES\u00bb","block_context":{"text":"INTERNACIONALES","link":"https:\/\/lasprimeras.com.do\/index.php\/category\/sin-categoria\/internacionales\/"},"img":{"alt_text":"Donald Trump vs Vlad\u00edmir Putin","src":"https:\/\/i0.wp.com\/lasprimeras.com.do\/wp-content\/uploads\/2025\/05\/Donald-Trump-vs-Vladimir-Putin.jpg?resize=350%2C200&ssl=1","width":350,"height":200,"srcset":"https:\/\/i0.wp.com\/lasprimeras.com.do\/wp-content\/uploads\/2025\/05\/Donald-Trump-vs-Vladimir-Putin.jpg?resize=350%2C200&ssl=1 1x, https:\/\/i0.wp.com\/lasprimeras.com.do\/wp-content\/uploads\/2025\/05\/Donald-Trump-vs-Vladimir-Putin.jpg?resize=525%2C300&ssl=1 1.5x, https:\/\/i0.wp.com\/lasprimeras.com.do\/wp-content\/uploads\/2025\/05\/Donald-Trump-vs-Vladimir-Putin.jpg?resize=700%2C400&ssl=1 2x"},"classes":[]},{"id":97364,"url":"https:\/\/lasprimeras.com.do\/index.php\/2025\/04\/19\/ucrania-esceptica-ante-anuncio-de-tregua-de-putin\/","url_meta":{"origin":95724,"position":1},"title":"Ucrania esc\u00e9ptica ante anuncio de tregua de Putin","author":"Nelson Feliz","date":"19 de abril de 2025","format":false,"excerpt":"POR HANNA ARHIROVA REGI\u00d3N CHERNIHIV, Ucrania (AP) \u2014 Ucrania dijo que igualar\u00eda cualquier cese al fuego genuino por parte de Mosc\u00fa, pero expres\u00f3 escepticismo despu\u00e9s de que el presidente ruso Vlad\u00edmir Putin anunciara una tregua temporal por la Pascua a partir del s\u00e1bado. El anuncio de Kiev se produjo mientras\u2026","rel":"","context":"En \u00abINTERNACIONALES\u00bb","block_context":{"text":"INTERNACIONALES","link":"https:\/\/lasprimeras.com.do\/index.php\/category\/sin-categoria\/internacionales\/"},"img":{"alt_text":"Vlad\u00edmir Putin","src":"https:\/\/i0.wp.com\/lasprimeras.com.do\/wp-content\/uploads\/2025\/04\/Vladimir-Putin.jpg?resize=350%2C200&ssl=1","width":350,"height":200,"srcset":"https:\/\/i0.wp.com\/lasprimeras.com.do\/wp-content\/uploads\/2025\/04\/Vladimir-Putin.jpg?resize=350%2C200&ssl=1 1x, https:\/\/i0.wp.com\/lasprimeras.com.do\/wp-content\/uploads\/2025\/04\/Vladimir-Putin.jpg?resize=525%2C300&ssl=1 1.5x"},"classes":[]},{"id":95773,"url":"https:\/\/lasprimeras.com.do\/index.php\/2025\/03\/19\/zelenskyy-la-promesa-de-putin-de-no-atacar-la-red-energetica-de-ucrania-dista-de-la-realidad\/","url_meta":{"origin":95724,"position":2},"title":"Zelenskyy: la promesa de Putin de no atacar la red energ\u00e9tica de Ucrania \u201cdista de la realidad\u201d","author":"Nelson Feliz","date":"19 de marzo de 2025","format":false,"excerpt":"POR HANNA ARHIROVA KIEV, Ucrania (AP) \u2014 El presidente de Ucrania, Volodymyr Zelenskyy, dijo el mi\u00e9rcoles que la promesa de su hom\u00f3logo ruso, Vlad\u00edmir Putin, de no atacar la infraestructura energ\u00e9tica \u201cdista mucho de la realidad\u201d tras una serie de ataques nocturnos con drones en todo el pa\u00eds. Zelenskyy dijo\u2026","rel":"","context":"En \u00abINTERNACIONALES\u00bb","block_context":{"text":"INTERNACIONALES","link":"https:\/\/lasprimeras.com.do\/index.php\/category\/sin-categoria\/internacionales\/"},"img":{"alt_text":"","src":"https:\/\/i0.wp.com\/lasprimeras.com.do\/wp-content\/uploads\/2025\/03\/Volodymyr-Zelenskyy.jpg?resize=350%2C200&ssl=1","width":350,"height":200,"srcset":"https:\/\/i0.wp.com\/lasprimeras.com.do\/wp-content\/uploads\/2025\/03\/Volodymyr-Zelenskyy.jpg?resize=350%2C200&ssl=1 1x, https:\/\/i0.wp.com\/lasprimeras.com.do\/wp-content\/uploads\/2025\/03\/Volodymyr-Zelenskyy.jpg?resize=525%2C300&ssl=1 1.5x, https:\/\/i0.wp.com\/lasprimeras.com.do\/wp-content\/uploads\/2025\/03\/Volodymyr-Zelenskyy.jpg?resize=700%2C400&ssl=1 2x"},"classes":[]},{"id":98841,"url":"https:\/\/lasprimeras.com.do\/index.php\/2025\/05\/13\/zelenskyy-dice-que-esperara-a-putin-en-ankara-el-jueves\/","url_meta":{"origin":95724,"position":3},"title":"Zelenskyy dice que esperar\u00e1 a Putin en Ankara el jueves","author":"Nelson Feliz","date":"13 de mayo de 2025","format":false,"excerpt":"POR ILLIA NOVIKOV KIEV, Ucrania (AP) \u2014 El presidente ucraniano Volodymyr Zelenskyy dijo el martes que esperar\u00e1 a su hom\u00f3logo ruso Vlad\u00edmir Putin en la capital turca esta semana para llevar a cabo conversaciones cara a cara sobre la guerra, en medio de una fuerte presi\u00f3n de los l\u00edderes de\u2026","rel":"","context":"En \u00abINTERNACIONALES\u00bb","block_context":{"text":"INTERNACIONALES","link":"https:\/\/lasprimeras.com.do\/index.php\/category\/sin-categoria\/internacionales\/"},"img":{"alt_text":"","src":"https:\/\/i0.wp.com\/lasprimeras.com.do\/wp-content\/uploads\/2025\/05\/Volodymyr-Zelenskyy.jpg?resize=350%2C200&ssl=1","width":350,"height":200,"srcset":"https:\/\/i0.wp.com\/lasprimeras.com.do\/wp-content\/uploads\/2025\/05\/Volodymyr-Zelenskyy.jpg?resize=350%2C200&ssl=1 1x, https:\/\/i0.wp.com\/lasprimeras.com.do\/wp-content\/uploads\/2025\/05\/Volodymyr-Zelenskyy.jpg?resize=525%2C300&ssl=1 1.5x, https:\/\/i0.wp.com\/lasprimeras.com.do\/wp-content\/uploads\/2025\/05\/Volodymyr-Zelenskyy.jpg?resize=700%2C400&ssl=1 2x"},"classes":[]},{"id":93539,"url":"https:\/\/lasprimeras.com.do\/index.php\/2025\/02\/13\/rusia-celebra-llamada-entre-trump-y-putin-zelenskyy-advierte-que-no-aceptara-acuerdo-sin-consulta\/","url_meta":{"origin":95724,"position":4},"title":"Rusia celebra llamada entre Trump y Putin; Zelenskyy advierte que no aceptar\u00e1 acuerdo sin consulta","author":"Nelson Feliz","date":"13 de febrero de 2025","format":false,"excerpt":"KHMELNYTSKI, Ucrania (AP) \u2014 Funcionarios rusos y medios estatales adoptaron un tono triunfante el jueves despu\u00e9s que el presidente de Estados Unidos, Donald Trump, desechara tres a\u00f1os de pol\u00edtica estadounidense y anunciara que probablemente se reunir\u00e1 pronto con el presidente ruso Vlad\u00edmir Putin para negociar un acuerdo de paz en\u2026","rel":"","context":"En \u00abINTERNACIONALES\u00bb","block_context":{"text":"INTERNACIONALES","link":"https:\/\/lasprimeras.com.do\/index.php\/category\/sin-categoria\/internacionales\/"},"img":{"alt_text":"","src":"https:\/\/i0.wp.com\/lasprimeras.com.do\/wp-content\/uploads\/2025\/02\/PUTIN.jpg?resize=350%2C200&ssl=1","width":350,"height":200,"srcset":"https:\/\/i0.wp.com\/lasprimeras.com.do\/wp-content\/uploads\/2025\/02\/PUTIN.jpg?resize=350%2C200&ssl=1 1x, https:\/\/i0.wp.com\/lasprimeras.com.do\/wp-content\/uploads\/2025\/02\/PUTIN.jpg?resize=525%2C300&ssl=1 1.5x, https:\/\/i0.wp.com\/lasprimeras.com.do\/wp-content\/uploads\/2025\/02\/PUTIN.jpg?resize=700%2C400&ssl=1 2x"},"classes":[]},{"id":99002,"url":"https:\/\/lasprimeras.com.do\/index.php\/2025\/05\/15\/zelenskyy-llega-a-turquia-para-conversaciones-de-paz-sobre-ucrania-pero-putin-no-acude\/","url_meta":{"origin":95724,"position":5},"title":"Zelenskyy llega a Turqu\u00eda para conversaciones de paz sobre Ucrania, pero Putin no acude","author":"Nelson Feliz","date":"15 de mayo de 2025","format":false,"excerpt":"POR MEHMET GUZEL ESTAMBUL, Turqu\u00eda (AP) \u2014 El presidente de Rusia, Vlad\u00edmir Putin, no se present\u00f3 en Turqu\u00eda el jueves para las conversaciones de paz directas propuestas con el l\u00edder ucraniano Volodymyr Zelenskyy, quien lo esperaba en la capital de Ankara tras desafiar al l\u00edder del Kremlin a reunirse cara\u2026","rel":"","context":"En \u00abINTERNACIONALES\u00bb","block_context":{"text":"INTERNACIONALES","link":"https:\/\/lasprimeras.com.do\/index.php\/category\/sin-categoria\/internacionales\/"},"img":{"alt_text":"","src":"https:\/\/i0.wp.com\/lasprimeras.com.do\/wp-content\/uploads\/2025\/05\/ARMADOS.jpg?resize=350%2C200&ssl=1","width":350,"height":200,"srcset":"https:\/\/i0.wp.com\/lasprimeras.com.do\/wp-content\/uploads\/2025\/05\/ARMADOS.jpg?resize=350%2C200&ssl=1 1x, https:\/\/i0.wp.com\/lasprimeras.com.do\/wp-content\/uploads\/2025\/05\/ARMADOS.jpg?resize=525%2C300&ssl=1 1.5x, https:\/\/i0.wp.com\/lasprimeras.com.do\/wp-content\/uploads\/2025\/05\/ARMADOS.jpg?resize=700%2C400&ssl=1 2x"},"classes":[]}],"jetpack_sharing_enabled":true,"_links":{"self":[{"href":"https:\/\/lasprimeras.com.do\/index.php\/wp-json\/wp\/v2\/posts\/95724","targetHints":{"allow":["GET"]}}],"collection":[{"href":"https:\/\/lasprimeras.com.do\/index.php\/wp-json\/wp\/v2\/posts"}],"about":[{"href":"https:\/\/lasprimeras.com.do\/index.php\/wp-json\/wp\/v2\/types\/post"}],"author":[{"embeddable":true,"href":"https:\/\/lasprimeras.com.do\/index.php\/wp-json\/wp\/v2\/users\/10"}],"replies":[{"embeddable":true,"href":"https:\/\/lasprimeras.com.do\/index.php\/wp-json\/wp\/v2\/comments?post=95724"}],"version-history":[{"count":1,"href":"https:\/\/lasprimeras.com.do\/index.php\/wp-json\/wp\/v2\/posts\/95724\/revisions"}],"predecessor-version":[{"id":95726,"href":"https:\/\/lasprimeras.com.do\/index.php\/wp-json\/wp\/v2\/posts\/95724\/revisions\/95726"}],"wp:featuredmedia":[{"embeddable":true,"href":"https:\/\/lasprimeras.com.do\/index.php\/wp-json\/wp\/v2\/media\/95725"}],"wp:attachment":[{"href":"https:\/\/lasprimeras.com.do\/index.php\/wp-json\/wp\/v2\/media?parent=95724"}],"wp:term":[{"taxonomy":"category","embeddable":true,"href":"https:\/\/lasprimeras.com.do\/index.php\/wp-json\/wp\/v2\/categories?post=95724"},{"taxonomy":"post_tag","embeddable":true,"href":"https:\/\/lasprimeras.com.do\/index.php\/wp-json\/wp\/v2\/tags?post=95724"}],"curies":[{"name":"wp","href":"https:\/\/api.w.org\/{rel}","templated":true}]}}