{"id":95736,"date":"2025-03-18T11:17:54","date_gmt":"2025-03-18T15:17:54","guid":{"rendered":"https:\/\/lasprimeras.com.do\/?p=95736"},"modified":"2025-03-18T11:17:56","modified_gmt":"2025-03-18T15:17:56","slug":"trump-promete-publicar-documentos-sobre-asesinato-de-jfk-sin-censura","status":"publish","type":"post","link":"https:\/\/lasprimeras.com.do\/index.php\/2025\/03\/18\/trump-promete-publicar-documentos-sobre-asesinato-de-jfk-sin-censura\/","title":{"rendered":"Trump promete publicar documentos sobre asesinato de JFK sin censura"},"content":{"rendered":"\n<p>POR JAMIE STENGLE<\/p>\n\n\n\n<p>DALLAS (AP) \u2014 El presidente Donald Trump afirma que los archivos relacionados con el asesinato en 1963 del presidente John F. Kennedy ser\u00e1n publicados el martes sin partes censuradas, cumpliendo as\u00ed una promesa que hizo durante su campa\u00f1a.<\/p>\n\n\n\n<p>Trump dijo a los reporteros el lunes que su administraci\u00f3n publicar\u00e1 80.000 archivos, aunque no est\u00e1 claro cu\u00e1ntos de estos se encuentran entre las millones de p\u00e1ginas que ya han sido publicadas.<\/p>\n\n\n\n<p>\u201cTenemos una cantidad tremenda de documentos. Tienen mucho que leer\u201d, declar\u00f3 Trump mientras se encontraba en el Centro John F. Kennedy para las Artes Esc\u00e9nicas en Washington.<\/p>\n\n\n\n<p>Tambi\u00e9n coment\u00f3 que no cree que nada ser\u00e1 tachado en los archivos. \u201cLes dije: \u2018Simplemente no tachen, no pueden tachar\u2019\u201d, afirm\u00f3.<\/p>\n\n\n\n<p>Muchos que han estudiado lo que ha sido publicado hasta ahora dicen que el p\u00fablico no deber\u00eda anticipar revelaciones impactantes, pero a\u00fan hay un intenso inter\u00e9s en los detalles relacionados con el asesinato y los eventos que lo rodearon.<\/p>\n\n\n\n<p>Aqu\u00ed hay algunas cosas que saber:<\/p>\n\n\n\n<p><a href=\"https:\/\/apnews.com\/article\/eeuu-jfk-asesinato-archivos-ae1aab51e3d11e703539fc22d415857e\">https:\/\/apnews.com\/article\/eeuu-jfk-asesinato-archivos-ae1aab51e3d11e703539fc22d415857e<\/a><\/p>\n\n\n\n<p><a href=\"https:\/\/apnews.com\/article\/kennedy-agente-servicio-secreto-deceso-b957d9bc81260b35cbf8575dc6ba8dca\">https:\/\/apnews.com\/article\/kennedy-agente-servicio-secreto-deceso-b957d9bc81260b35cbf8575dc6ba8dca<\/a><\/p>\n\n\n\n<p><a href=\"https:\/\/apnews.com\/article\/kennedy-assassination-documents-release-trump-c56ed5075b38af809f36a6388797d4ca\">https:\/\/apnews.com\/article\/kennedy-assassination-documents-release-trump-c56ed5075b38af809f36a6388797d4ca<\/a><\/p>\n\n\n\n<p>La orden de Trump<\/p>\n\n\n\n<p>Poco despu\u00e9s de ser investido en el cargo, Trump orden\u00f3 la publicaci\u00f3n de los archivos clasificados restantes relacionados con el asesinato, que ha dado lugar a innumerables teor\u00edas de conspiraci\u00f3n.<\/p>\n\n\n\n<p>Dirigi\u00f3 al director de inteligencia nacional y a la secretaria de Justicia a desarrollar un plan para publicar los registros. La orden tambi\u00e9n busca desclasificar los registros federales restantes relacionados con los asesinatos de 1968 del senador Robert F. Kennedy y del reverendo Martin Luther King Jr.<\/p>\n\n\n\n<p>Despu\u00e9s de firmar la orden, Trump entreg\u00f3 la pluma a un asistente y orden\u00f3 que se le diera a Robert F. Kennedy Jr., el secretario de Salud. Es el sobrino de John F. Kennedy y el hijo de Robert F. Kennedy.<\/p>\n\n\n\n<p>El joven Kennedy, cuya activismo contra las vacunas lo ha alejado de gran parte de su familia, ha dicho que no est\u00e1 convencido de que un solo tirador fuera el \u00fanico responsable del asesinato de su t\u00edo.<\/p>\n\n\n\n<p>22 de noviembre de 1963<\/p>\n\n\n\n<p>Cuando el Air Force One que transportaba a JFK y a la primera dama Jacqueline Kennedy aterriz\u00f3 en Dallas, fueron recibidos por un cielo despejado y multitudes entusiastas. Con una campa\u00f1a de reelecci\u00f3n en el horizonte el a\u00f1o siguiente, viajaron a Texas para un viaje pol\u00edtico de reconciliaci\u00f3n.<\/p>\n\n\n\n<p>Pero mientras la caravana terminaba su recorrido por el centro, se escucharon disparos desde el edificio del Dep\u00f3sito de Libros de la Escuela de Texas. La polic\u00eda arrest\u00f3 a Lee Harvey Oswald, de 24 a\u00f1os, quien se hab\u00eda posicionado en el sexto piso. Dos d\u00edas despu\u00e9s, el propietario de un club nocturno, Jack Ruby, mat\u00f3 a tiros a Oswald durante un traslado a la c\u00e1rcel.<\/p>\n\n\n\n<p>Un a\u00f1o despu\u00e9s del asesinato, la Comisi\u00f3n Warren, que el presidente Lyndon B. Johnson estableci\u00f3 para investigar, concluy\u00f3 que Oswald actu\u00f3 solo y que no hab\u00eda evidencia de una conspiraci\u00f3n. Pero eso no detuvo una red de teor\u00edas alternativas a lo largo de las d\u00e9cadas.<\/p>\n\n\n\n<p>Los archivos de JFK<\/p>\n\n\n\n<p>A principios de la d\u00e9cada de 1990, el gobierno federal orden\u00f3 que todos los documentos relacionados con el asesinato se almacenaran en una sola colecci\u00f3n en la Administraci\u00f3n Nacional de Archivos y Registros. La colecci\u00f3n de m\u00e1s de cinco millones de p\u00e1ginas deb\u00eda ser abierta para 2017, salvo cualquier exenci\u00f3n designada por el presidente.<\/p>\n\n\n\n<p>Trump, quien asumi\u00f3 su primer mandato en 2017, hab\u00eda dicho que permitir\u00eda la publicaci\u00f3n de todos los registros restantes, pero termin\u00f3 reteniendo algunos debido a lo que \u00e9l llam\u00f3 el potencial da\u00f1o a la seguridad nacional. Y aunque los archivos continuaron siendo publicados durante la administraci\u00f3n del presidente Joe Biden, algunos siguen sin ser vistos.<\/p>\n\n\n\n<p>Los investigadores han estimado que alrededor de 3.000 archivos no han sido publicados, ya sea en su totalidad o en parte.<\/p>\n\n\n\n<p>Y el mes pasado, el FBI anunci\u00f3 que hab\u00eda descubierto alrededor de 2.400 nuevos registros relacionados con el asesinato. La agencia indic\u00f3 entonces que estaba trabajando para transferir los registros a los Archivos Nacionales para ser incluidos en el proceso de desclasificaci\u00f3n.<\/p>\n\n\n\n<p>Todav\u00eda hay algunos documentos en la colecci\u00f3n de JFK que los investigadores no creen que el presidente podr\u00e1 publicar. Alrededor de 500 documentos, incluidos declaraciones de impuestos, no estaban sujetos al requisito de divulgaci\u00f3n de 2017.<\/p>\n\n\n\n<p>Lo que se ha aprendido<\/p>\n\n\n\n<p>Algunos de los documentos ya publicados han ofrecido detalles sobre la forma en que operaban los servicios de inteligencia en ese momento, incluidos cables y memorandos de la CIA que discuten las visitas de Oswald a las embajadas sovi\u00e9tica y cubana durante un viaje a la Ciudad de M\u00e9xico solo unas semanas antes del asesinato. El exmarine hab\u00eda desertado previamente a la Uni\u00f3n Sovi\u00e9tica antes de regresar a Texas.<\/p>\n\n\n\n<p>Un memorando de la CIA describe c\u00f3mo Oswald llam\u00f3 a la embajada sovi\u00e9tica mientras estaba en la Ciudad de M\u00e9xico para solicitar una visa para visitar la Uni\u00f3n Sovi\u00e9tica.<\/p>\n\n\n\n<p>Tambi\u00e9n visit\u00f3 la embajada cubana, aparentemente interesado en una visa de viaje que le permitiera visitar Cuba y esperar all\u00ed por una visa sovi\u00e9tica. El 3 de octubre, m\u00e1s de un mes antes del asesinato, regres\u00f3 a Estados Unidos a trav\u00e9s de un punto de cruce en la frontera de Texas.<\/p>\n\n\n\n<p>Otro memorando, fechado el d\u00eda despu\u00e9s del asesinato de Kennedy, dice que, seg\u00fan una llamada telef\u00f3nica interceptada en la Ciudad de M\u00e9xico, Oswald se comunic\u00f3 con un oficial del KGB mientras estaba en la embajada sovi\u00e9tica ese septiembre.<\/p>\n\n\n\n<p>Las publicaciones tambi\u00e9n han contribuido a la comprensi\u00f3n de ese per\u00edodo durante la Guerra Fr\u00eda, indicaron investigadores.<\/p>\n","protected":false},"excerpt":{"rendered":"<p>POR JAMIE STENGLE DALLAS (AP) \u2014 El presidente Donald Trump afirma que los archivos relacionados con el asesinato en 1963 del presidente John F. Kennedy ser\u00e1n publicados el martes sin&hellip;<\/p>\n","protected":false},"author":10,"featured_media":95737,"comment_status":"open","ping_status":"open","sticky":false,"template":"","format":"standard","meta":{"content-type":"","jetpack_post_was_ever_published":false,"_jetpack_newsletter_access":"","_jetpack_dont_email_post_to_subs":false,"_jetpack_newsletter_tier_id":0,"_jetpack_memberships_contains_paywalled_content":false,"_jetpack_memberships_contains_paid_content":false,"footnotes":""},"categories":[16289],"tags":[771,4004,978,13678,18266],"class_list":["post-95736","post","type-post","status-publish","format-standard","has-post-thumbnail","hentry","category-internacionales","tag-asesinato","tag-documentos","tag-donald-trump","tag-john-f-kennedy","tag-publicara"],"jetpack_featured_media_url":"https:\/\/lasprimeras.com.do\/wp-content\/uploads\/2025\/03\/John-F.-Kennedy.jpg","jetpack-related-posts":[{"id":49090,"url":"https:\/\/lasprimeras.com.do\/index.php\/2023\/05\/07\/robert-f-kennedy-jr-acusa-a-la-cia-de-estar-involucrada-en-el-asesinato-de-su-tio\/","url_meta":{"origin":95736,"position":0},"title":"Robert F. Kennedy Jr. acusa a la CIA de estar involucrada en el asesinato de su t\u00edo","author":"prenxa100","date":"7 de mayo de 2023","format":false,"excerpt":"\"La evidencia de que la CIA estuvo involucrada en el asesinato y en el encubrimiento es abrumadora\", afirm\u00f3 el pol\u00edtico. EE.UU., RT.-.El candidato a la nominaci\u00f3n dem\u00f3crata para las elecciones presidenciales de EE.UU. de 2024 Robert F. Kennedy Jr. declar\u00f3 este domingo que la CIA estuvo involucrada en el asesinato\u2026","rel":"","context":"En \u00abSin categor\u00eda\u00bb","block_context":{"text":"Sin categor\u00eda","link":"https:\/\/lasprimeras.com.do\/index.php\/category\/sin-categoria\/"},"img":{"alt_text":"","src":"","width":0,"height":0},"classes":[]},{"id":52485,"url":"https:\/\/lasprimeras.com.do\/index.php\/2023\/06\/10\/trump-asegura-en-su-primer-discurso-publico-que-nunca-sere-detenido\/","url_meta":{"origin":95736,"position":1},"title":"Trump asegura en su primer discurso p\u00fablico que &#8220;Nunca ser\u00e9 detenido&#8221;","author":"prenxa100","date":"10 de junio de 2023","format":false,"excerpt":"El expresidente inst\u00f3 a \"derrotar\" al sistema de justicia \"corrupto\" del pa\u00eds, insisti\u00f3 en su inocencia y tach\u00f3 la acusaci\u00f3n de \"rid\u00edcula e infundada\". El expresidente de EE.UU. Donald Trump asegur\u00f3 que \"nunca\" ser\u00e1 detenido, en su primer discurso p\u00fablico en el que descarg\u00f3 su furia por la imputaci\u00f3n criminal\u2026","rel":"","context":"En \u00abSin categor\u00eda\u00bb","block_context":{"text":"Sin categor\u00eda","link":"https:\/\/lasprimeras.com.do\/index.php\/category\/sin-categoria\/"},"img":{"alt_text":"","src":"","width":0,"height":0},"classes":[]},{"id":93719,"url":"https:\/\/lasprimeras.com.do\/index.php\/2025\/02\/19\/trump-advierte-a-zelenskyy-que-debe-negociar-rapidamente-el-fin-de-la-guerra-con-rusia\/","url_meta":{"origin":95736,"position":2},"title":"Trump advierte a Zelenskyy que debe negociar r\u00e1pidamente el fin de la guerra con Rusia","author":"Nelson Feliz","date":"19 de febrero de 2025","format":false,"excerpt":"POR AAMER MADHANI, MIKE PESOLI and STEPHANY MATAT MIAMI (AP) \u2014 El presidente Donald Trump advirti\u00f3 el mi\u00e9rcoles al presidente ucraniano Volodymyr Zelenskyy que \u201cmejor act\u00fae r\u00e1pido\u201d para negociar el fin de la invasi\u00f3n de Rusia a Ucrania, o se arriesga a no tener una naci\u00f3n que liderar. La ret\u00f3rica\u2026","rel":"","context":"En \u00abINTERNACIONALES\u00bb","block_context":{"text":"INTERNACIONALES","link":"https:\/\/lasprimeras.com.do\/index.php\/category\/sin-categoria\/internacionales\/"},"img":{"alt_text":"Volodymyr Zelenskyy","src":"https:\/\/i0.wp.com\/lasprimeras.com.do\/wp-content\/uploads\/2025\/02\/Volodymyr-Zelenskyy-1.jpg?resize=350%2C200&ssl=1","width":350,"height":200,"srcset":"https:\/\/i0.wp.com\/lasprimeras.com.do\/wp-content\/uploads\/2025\/02\/Volodymyr-Zelenskyy-1.jpg?resize=350%2C200&ssl=1 1x, https:\/\/i0.wp.com\/lasprimeras.com.do\/wp-content\/uploads\/2025\/02\/Volodymyr-Zelenskyy-1.jpg?resize=525%2C300&ssl=1 1.5x"},"classes":[]},{"id":88386,"url":"https:\/\/lasprimeras.com.do\/index.php\/2024\/08\/27\/trump-tacha-de-ridicula-la-nueva-acusacion-contra-el-y-cree-que-habria-que-desestimarla\/","url_meta":{"origin":95736,"position":3},"title":"Trump tacha de rid\u00edcula la nueva acusaci\u00f3n contra \u00e9l y cree que habr\u00eda que desestimarla","author":"Nelson Feliz","date":"27 de agosto de 2024","format":false,"excerpt":"Washington (EFE).- El expresidente estadounidense y candidato republicano, Donald Trump (2017-2021), calific\u00f3 este martes de rid\u00edcula la nueva acusaci\u00f3n contra \u00e9l presentada en Washington en el caso del asalto al Capitolio y afirm\u00f3 que habr\u00eda que desestimarla. Trump consider\u00f3 en su red social, Truth Social, que el fiscal especial al\u2026","rel":"","context":"En \u00abSin categor\u00eda\u00bb","block_context":{"text":"Sin categor\u00eda","link":"https:\/\/lasprimeras.com.do\/index.php\/category\/sin-categoria\/"},"img":{"alt_text":"Donald Trump","src":"https:\/\/i0.wp.com\/lasprimeras.com.do\/wp-content\/uploads\/2024\/08\/Donald-Trump-2-1.jpg?resize=350%2C200&ssl=1","width":350,"height":200,"srcset":"https:\/\/i0.wp.com\/lasprimeras.com.do\/wp-content\/uploads\/2024\/08\/Donald-Trump-2-1.jpg?resize=350%2C200&ssl=1 1x, https:\/\/i0.wp.com\/lasprimeras.com.do\/wp-content\/uploads\/2024\/08\/Donald-Trump-2-1.jpg?resize=525%2C300&ssl=1 1.5x, https:\/\/i0.wp.com\/lasprimeras.com.do\/wp-content\/uploads\/2024\/08\/Donald-Trump-2-1.jpg?resize=700%2C400&ssl=1 2x"},"classes":[]},{"id":85203,"url":"https:\/\/lasprimeras.com.do\/index.php\/2024\/06\/25\/trump-lleva-meses-tachando-a-biden-de-incompetente-ahora-cambia-de-tono-antes-del-debate\/","url_meta":{"origin":95736,"position":4},"title":"Trump lleva meses tachando a Biden de incompetente. Ahora cambia de tono antes del debate","author":"Nelson Feliz","date":"25 de junio de 2024","format":false,"excerpt":"BY JILL COLVIN NUEVA YORK (AP) \u2014 Despu\u00e9s de decir durante meses que el presidente Joe Biden era un hombre incapaz de articular dos frases, Donald Trump ha cambiado de tono d\u00edas antes de su primer debate. \u201cSupongo que ser\u00e1 alguien digno de debatir\u201d, dijo el expresidente y virtual candidato\u2026","rel":"","context":"En \u00abSin categor\u00eda\u00bb","block_context":{"text":"Sin categor\u00eda","link":"https:\/\/lasprimeras.com.do\/index.php\/category\/sin-categoria\/"},"img":{"alt_text":"","src":"https:\/\/i0.wp.com\/lasprimeras.com.do\/wp-content\/uploads\/2024\/06\/Donald-Trump-3.jpg?resize=350%2C200&ssl=1","width":350,"height":200,"srcset":"https:\/\/i0.wp.com\/lasprimeras.com.do\/wp-content\/uploads\/2024\/06\/Donald-Trump-3.jpg?resize=350%2C200&ssl=1 1x, https:\/\/i0.wp.com\/lasprimeras.com.do\/wp-content\/uploads\/2024\/06\/Donald-Trump-3.jpg?resize=525%2C300&ssl=1 1.5x, https:\/\/i0.wp.com\/lasprimeras.com.do\/wp-content\/uploads\/2024\/06\/Donald-Trump-3.jpg?resize=700%2C400&ssl=1 2x"},"classes":[]},{"id":94196,"url":"https:\/\/lasprimeras.com.do\/index.php\/2025\/02\/26\/republicanos-en-la-camara-aprueban-resolucion-de-presupuesto-con-recortes-masivos-de-impuestos\/","url_meta":{"origin":95736,"position":5},"title":"Republicanos en la C\u00e1mara aprueban resoluci\u00f3n de presupuesto con recortes masivos de impuestos","author":"Nelson Feliz","date":"26 de febrero de 2025","format":false,"excerpt":"Lo aprobado este martes sirve como punto de partida para negociar el proyecto de ley de presupuestos. Washington.EFE \u2013 Los republicanos, que controlan la C\u00e1mara de Representantes de Estados Unidos, aprobaron este martes un plan presupuestario que incluye recortes masivos de impuestos y de gastos para cumplir con la agenda\u2026","rel":"","context":"En \u00abINTERNACIONALES\u00bb","block_context":{"text":"INTERNACIONALES","link":"https:\/\/lasprimeras.com.do\/index.php\/category\/sin-categoria\/internacionales\/"},"img":{"alt_text":"John Kennedy","src":"https:\/\/i0.wp.com\/lasprimeras.com.do\/wp-content\/uploads\/2025\/02\/John-Kennedy.png?resize=350%2C200&ssl=1","width":350,"height":200,"srcset":"https:\/\/i0.wp.com\/lasprimeras.com.do\/wp-content\/uploads\/2025\/02\/John-Kennedy.png?resize=350%2C200&ssl=1 1x, https:\/\/i0.wp.com\/lasprimeras.com.do\/wp-content\/uploads\/2025\/02\/John-Kennedy.png?resize=525%2C300&ssl=1 1.5x, https:\/\/i0.wp.com\/lasprimeras.com.do\/wp-content\/uploads\/2025\/02\/John-Kennedy.png?resize=700%2C400&ssl=1 2x"},"classes":[]}],"jetpack_sharing_enabled":true,"_links":{"self":[{"href":"https:\/\/lasprimeras.com.do\/index.php\/wp-json\/wp\/v2\/posts\/95736","targetHints":{"allow":["GET"]}}],"collection":[{"href":"https:\/\/lasprimeras.com.do\/index.php\/wp-json\/wp\/v2\/posts"}],"about":[{"href":"https:\/\/lasprimeras.com.do\/index.php\/wp-json\/wp\/v2\/types\/post"}],"author":[{"embeddable":true,"href":"https:\/\/lasprimeras.com.do\/index.php\/wp-json\/wp\/v2\/users\/10"}],"replies":[{"embeddable":true,"href":"https:\/\/lasprimeras.com.do\/index.php\/wp-json\/wp\/v2\/comments?post=95736"}],"version-history":[{"count":1,"href":"https:\/\/lasprimeras.com.do\/index.php\/wp-json\/wp\/v2\/posts\/95736\/revisions"}],"predecessor-version":[{"id":95738,"href":"https:\/\/lasprimeras.com.do\/index.php\/wp-json\/wp\/v2\/posts\/95736\/revisions\/95738"}],"wp:featuredmedia":[{"embeddable":true,"href":"https:\/\/lasprimeras.com.do\/index.php\/wp-json\/wp\/v2\/media\/95737"}],"wp:attachment":[{"href":"https:\/\/lasprimeras.com.do\/index.php\/wp-json\/wp\/v2\/media?parent=95736"}],"wp:term":[{"taxonomy":"category","embeddable":true,"href":"https:\/\/lasprimeras.com.do\/index.php\/wp-json\/wp\/v2\/categories?post=95736"},{"taxonomy":"post_tag","embeddable":true,"href":"https:\/\/lasprimeras.com.do\/index.php\/wp-json\/wp\/v2\/tags?post=95736"}],"curies":[{"name":"wp","href":"https:\/\/api.w.org\/{rel}","templated":true}]}}