{"id":95761,"date":"2025-03-19T07:26:33","date_gmt":"2025-03-19T11:26:33","guid":{"rendered":"https:\/\/lasprimeras.com.do\/?p=95761"},"modified":"2025-03-19T07:26:34","modified_gmt":"2025-03-19T11:26:34","slug":"juez-dictamina-que-el-desmantelamiento-de-usaid-probablemente-violo-la-constitucion","status":"publish","type":"post","link":"https:\/\/lasprimeras.com.do\/index.php\/2025\/03\/19\/juez-dictamina-que-el-desmantelamiento-de-usaid-probablemente-violo-la-constitucion\/","title":{"rendered":"Juez dictamina que el desmantelamiento de USAID probablemente viol\u00f3 la Constituci\u00f3n"},"content":{"rendered":"\n<p>POR LINDSAY WHITEHURST<\/p>\n\n\n\n<p>WASHINGTON (AP) \u2014 El desmantelamiento de la Agencia de Estados Unidos para el Desarrollo Internacional (USAID, por sus siglas en ingl\u00e9s) por parte del Departamento de Eficiencia del Gobierno, encabezado por el multimillonario Elon Musk, probablemente viol\u00f3 la Constituci\u00f3n, dictamin\u00f3 un juez federal el martes, quien impidi\u00f3 indefinidamente a DOGE que realice m\u00e1s recortes en la agencia.<\/p>\n\n\n\n<p>La orden requiere que el gobierno de Donald Trump restablezca el acceso a correos electr\u00f3nicos y computadoras a todos los empleados de USAID, incluidos aquellos que fueron dados de baja administrativa, aunque no revierte los despidos ni resucita completamente la agencia .<\/p>\n\n\n\n<p>En una de las primeras demandas de DOGE contra el propio Musk, Theodore Chuang, juez federal de distrito en Maryland, rechaz\u00f3 la postura de la Casa Blanca de que Musk es simplemente un asesor de Trump.<\/p>\n\n\n\n<p>Las declaraciones p\u00fablicas de Musk y sus publicaciones en redes sociales demuestran que tiene un \u201cfirme control sobre DOGE\u201d, determin\u00f3 el juez, se\u00f1alando una publicaci\u00f3n en la que el multimillonaria afirm\u00f3 que \u201chab\u00eda metido a USAID en la trituradora de madera\u201d.<\/p>\n\n\n\n<p>El juez se\u00f1al\u00f3 que es probable que USAID ya no tenga capacidad para realizar algunas de sus funciones exigidas por ley.<\/p>\n\n\n\n<p>\u201cTomados en conjunto, estos hechos apoyan la conclusi\u00f3n de que USAID ha sido efectivamente eliminada\u201d, escribi\u00f3 Chuang en el requerimiento judicial preliminar.<\/p>\n\n\n\n<p>La demanda presentada por empleados y contratistas de USAID alegaba que Musk y el DOGE est\u00e1n ejerciendo un poder que la Constituci\u00f3n reserva solo para aquellos que ganan elecciones o son confirmados por el Senado. Sus abogados indicaron que el fallo \u201cdetiene o revierte efectivamente\u201d muchas de las medidas tomadas para desmantelar la agencia.<\/p>\n\n\n\n<p>La administraci\u00f3n dijo que el DOGE busca y erradica el despilfarro, el fraude y el abuso en el gobierno federal, en consonancia con el mensaje de campa\u00f1a que ayud\u00f3 a Trump a ganar las elecciones de 2024. Ni la Casa Blanca ni el DOGE respondieron de inmediato a una solicitud de comentarios sobre el fallo.<\/p>\n\n\n\n<p>Musk, su equipo y Pete Marocco, designado por Trump, han desempe\u00f1ado un papel clave en el proceso de desmantelamiento de USAID, que dur\u00f3 dos meses. A principios de febrero, el gobierno oblig\u00f3 a los principales funcionarios de seguridad de la agencia a tomarse una baja forzada despu\u00e9s de que intentaron impedir que los empleados del DOGE accedieran a documentos clasificados y sensibles de USAID.<\/p>\n\n\n\n<p>La Casa Blanca, con el apoyo de Musk y del DOGE, orden\u00f3 que todos, excepto una peque\u00f1a parte del personal de la agencia, dejaran sus puestos mediante licencias licencias forzadas y despidos, y rescindi\u00f3 lo que el Departamento de Estado dijo que eran al menos el 83% de los contratos de programas de USAID.<\/p>\n\n\n\n<p>Estas medidas formaron parte de una campa\u00f1a m\u00e1s amplia de Musk y el gobierno de Trump para erradicar la agencia de ayuda extranjera, nacida hace seis d\u00e9cadas, y la mayor parte de su labor.<\/p>\n\n\n\n<p>El d\u00eda de su toma de posesi\u00f3n, Trump emiti\u00f3 una orden ejecutiva que orden\u00f3 congelar la financiaci\u00f3n de la ayuda exterior y revisar toda la asistencia y las labores de desarrollo de Washington en el extranjero, afirmando que gran parte de esa ayuda era un derroche y promov\u00eda una agenda liberal.<\/p>\n\n\n\n<p>Los legisladores dem\u00f3cratas y otros partidarios de USAID han argumentado que Trump no ten\u00eda autoridad para retener fondos que hab\u00edan sido aprobados ya por el Congreso.<\/p>\n\n\n\n<p>Seg\u00fan Chuang, la r\u00e1pida destrucci\u00f3n de USAID por parte del DOGE y de Musk probablemente perjudic\u00f3 el inter\u00e9s p\u00fablico al privar a los legisladores electos de su \u201cautoridad constitucional para decidir si, cu\u00e1ndo y c\u00f3mo cerrar una agencia creada por el Congreso\u201d.<\/p>\n\n\n\n<p>La demanda fue presentada por el Fondo de Defensores de la Democracia Estatal. Norm Eisen, presidente ejecutivo de la organizaci\u00f3n sin fines de lucro, apunt\u00f3 que el fallo es un hito en la resistencia a DOGE y el primero que determina que las acciones de Musk violan la Cl\u00e1usula de Nombramientos de la Constituci\u00f3n, que exige la aprobaci\u00f3n presidencial y la confirmaci\u00f3n del Senado para ciertos funcionarios p\u00fablicos.<\/p>\n\n\n\n<p>\u201cEst\u00e1n realizando una cirug\u00eda con una motosierra en lugar de con un bistur\u00ed, perjudicando no solo a las personas a las que USAID sirve, sino a la mayor\u00eda de los estadounidenses que cuentan con la estabilidad de nuestro gobierno\u201d, afirm\u00f3 en un comunicado.<\/p>\n\n\n\n<p>Abby Maxman de Oxfam Am\u00e9rica inst\u00f3 en un comunicado a que se restablezcan el personal y la financiaci\u00f3n de la agencia.<\/p>\n\n\n\n<p>\u201cLa congelaci\u00f3n de fondos y los recortes de programas ya est\u00e1n teniendo consecuencias de vida o muerte para millones en todo el mundo\u201d, dijo la directora ejecutiva del grupo humanitario.<\/p>\n","protected":false},"excerpt":{"rendered":"<p>POR LINDSAY WHITEHURST WASHINGTON (AP) \u2014 El desmantelamiento de la Agencia de Estados Unidos para el Desarrollo Internacional (USAID, por sus siglas en ingl\u00e9s) por parte del Departamento de Eficiencia&hellip;<\/p>\n","protected":false},"author":10,"featured_media":95762,"comment_status":"open","ping_status":"open","sticky":false,"template":"","format":"standard","meta":{"content-type":"","jetpack_post_was_ever_published":false,"_jetpack_newsletter_access":"","_jetpack_dont_email_post_to_subs":false,"_jetpack_newsletter_tier_id":0,"_jetpack_memberships_contains_paywalled_content":false,"_jetpack_memberships_contains_paid_content":false,"footnotes":""},"categories":[16289],"tags":[764,18273,1355,17197,2167],"class_list":["post-95761","post","type-post","status-publish","format-standard","has-post-thumbnail","hentry","category-internacionales","tag-constitucion","tag-desmantelamiento","tag-juez","tag-usaid","tag-violo"],"jetpack_featured_media_url":"https:\/\/lasprimeras.com.do\/wp-content\/uploads\/2025\/03\/USAID.jpg","jetpack-related-posts":[{"id":94010,"url":"https:\/\/lasprimeras.com.do\/index.php\/2025\/02\/24\/gobierno-de-trump-despide-a-2000-trabajadores-de-usaid-y-pone-a-miles-mas-en-licencia\/","url_meta":{"origin":95761,"position":0},"title":"Gobierno de Trump despide a 2,000 trabajadores de USAID y pone a miles m\u00e1s en licencia","author":"Nelson Feliz","date":"24 de febrero de 2025","format":false,"excerpt":"Esto ocurre despu\u00e9s de que un juez federal le permitiera al gobierno seguir adelante con su iniciativa de echar de sus trabajos a miles de empleados de USAID. WASHINGTON (AP) \u2014 El gobierno del presidente estadounidense Donald Trump anunci\u00f3 el domingo que est\u00e1 eliminando 2.000 puestos en la Agencia de\u2026","rel":"","context":"En \u00abINTERNACIONALES\u00bb","block_context":{"text":"INTERNACIONALES","link":"https:\/\/lasprimeras.com.do\/index.php\/category\/sin-categoria\/internacionales\/"},"img":{"alt_text":"USAID","src":"https:\/\/i0.wp.com\/lasprimeras.com.do\/wp-content\/uploads\/2025\/02\/USAID.png?resize=350%2C200&ssl=1","width":350,"height":200,"srcset":"https:\/\/i0.wp.com\/lasprimeras.com.do\/wp-content\/uploads\/2025\/02\/USAID.png?resize=350%2C200&ssl=1 1x, https:\/\/i0.wp.com\/lasprimeras.com.do\/wp-content\/uploads\/2025\/02\/USAID.png?resize=525%2C300&ssl=1 1.5x, https:\/\/i0.wp.com\/lasprimeras.com.do\/wp-content\/uploads\/2025\/02\/USAID.png?resize=700%2C400&ssl=1 2x"},"classes":[]},{"id":95223,"url":"https:\/\/lasprimeras.com.do\/index.php\/2025\/03\/11\/secretario-de-estado-de-eeuu-rubio-afirma-que-la-purga-de-programas-de-usaid-esta-completa\/","url_meta":{"origin":95761,"position":1},"title":"Secretario de Estado de EEUU, Rubio, afirma que la purga de programas de USAID est\u00e1 completa","author":"Nelson Feliz","date":"11 de marzo de 2025","format":false,"excerpt":"POR ELLEN KNICKMEYER WASHINGTON (AP) \u2014 El secretario de Estado Marco Rubio dijo el lunes que el gobierno de Trump hab\u00eda completado su purga de seis semanas de programas de la Agencia de Estados Unidos para el Desarrollo Internacional (USAID, por sus siglas en ingl\u00e9s), que tiene seis d\u00e9cadas de\u2026","rel":"","context":"En \u00abINTERNACIONALES\u00bb","block_context":{"text":"INTERNACIONALES","link":"https:\/\/lasprimeras.com.do\/index.php\/category\/sin-categoria\/internacionales\/"},"img":{"alt_text":"","src":"https:\/\/i0.wp.com\/lasprimeras.com.do\/wp-content\/uploads\/2025\/03\/usaid.png?resize=350%2C200&ssl=1","width":350,"height":200,"srcset":"https:\/\/i0.wp.com\/lasprimeras.com.do\/wp-content\/uploads\/2025\/03\/usaid.png?resize=350%2C200&ssl=1 1x, https:\/\/i0.wp.com\/lasprimeras.com.do\/wp-content\/uploads\/2025\/03\/usaid.png?resize=525%2C300&ssl=1 1.5x, https:\/\/i0.wp.com\/lasprimeras.com.do\/wp-content\/uploads\/2025\/03\/usaid.png?resize=700%2C400&ssl=1 2x"},"classes":[]},{"id":94241,"url":"https:\/\/lasprimeras.com.do\/index.php\/2025\/02\/26\/gobierno-de-eeuu-recorta-el-90-de-los-contratos-de-ayuda-exterior-de-usaid-segun-documentos\/","url_meta":{"origin":95761,"position":2},"title":"Gobierno de EEUU recorta el 90% de los contratos de ayuda exterior de USAID, seg\u00fan documentos","author":"Nelson Feliz","date":"26 de febrero de 2025","format":false,"excerpt":"POR ELLEN KNICKMEYER and MATTHEW LEE WASHINGTON (AP) \u2014 El gobierno de Estados Unidos anunci\u00f3 el mi\u00e9rcoles que decidi\u00f3 eliminar m\u00e1s del 90% de los contratos de ayuda exterior de la Agencia de Estados Unidos para el Desarrollo Internacional (USAID, por sus siglas en ingl\u00e9s) y 60.000 millones de d\u00f3lares\u2026","rel":"","context":"En \u00abECONOM\u00cdA\u00bb","block_context":{"text":"ECONOM\u00cdA","link":"https:\/\/lasprimeras.com.do\/index.php\/category\/economia\/"},"img":{"alt_text":"","src":"https:\/\/i0.wp.com\/lasprimeras.com.do\/wp-content\/uploads\/2025\/02\/usaid-2.jpg?resize=350%2C200&ssl=1","width":350,"height":200,"srcset":"https:\/\/i0.wp.com\/lasprimeras.com.do\/wp-content\/uploads\/2025\/02\/usaid-2.jpg?resize=350%2C200&ssl=1 1x, https:\/\/i0.wp.com\/lasprimeras.com.do\/wp-content\/uploads\/2025\/02\/usaid-2.jpg?resize=525%2C300&ssl=1 1.5x, https:\/\/i0.wp.com\/lasprimeras.com.do\/wp-content\/uploads\/2025\/02\/usaid-2.jpg?resize=700%2C400&ssl=1 2x"},"classes":[]},{"id":94354,"url":"https:\/\/lasprimeras.com.do\/index.php\/2025\/02\/28\/trump-despide-a-cientos-de-expertos-y-cientificos-de-noaa\/","url_meta":{"origin":95761,"position":3},"title":"Trump despide a cientos de expertos y cient\u00edficos de NOAA","author":"Nelson Feliz","date":"28 de febrero de 2025","format":false,"excerpt":"La agencia clim\u00e1tica tambi\u00e9n est\u00e1 siendo afectada por los recortes radicales de empleados federales de la nueva administraci\u00f3n republicana. Por Deutsche Welle Cientos de cient\u00edficos y expertos fueron despedidos de la Administraci\u00f3n Nacional Oce\u00e1nica y Atmosf\u00e9rica (NOAA), la agencia responsable de la previsi\u00f3n meteorol\u00f3gica, el an\u00e1lisis clim\u00e1tico y la conservaci\u00f3n\u2026","rel":"","context":"En \u00abINTERNACIONALES\u00bb","block_context":{"text":"INTERNACIONALES","link":"https:\/\/lasprimeras.com.do\/index.php\/category\/sin-categoria\/internacionales\/"},"img":{"alt_text":"","src":"https:\/\/i0.wp.com\/lasprimeras.com.do\/wp-content\/uploads\/2025\/02\/NOAA.png?resize=350%2C200&ssl=1","width":350,"height":200,"srcset":"https:\/\/i0.wp.com\/lasprimeras.com.do\/wp-content\/uploads\/2025\/02\/NOAA.png?resize=350%2C200&ssl=1 1x, https:\/\/i0.wp.com\/lasprimeras.com.do\/wp-content\/uploads\/2025\/02\/NOAA.png?resize=525%2C300&ssl=1 1.5x, https:\/\/i0.wp.com\/lasprimeras.com.do\/wp-content\/uploads\/2025\/02\/NOAA.png?resize=700%2C400&ssl=1 2x"},"classes":[]},{"id":93814,"url":"https:\/\/lasprimeras.com.do\/index.php\/2025\/02\/21\/gobierno-de-trump-mantiene-congelada-la-ayuda-exterior-de-ee-uu-pese-a-orden-judicial\/","url_meta":{"origin":95761,"position":4},"title":"Gobierno de Trump mantiene congelada la ayuda exterior de EE.UU. pese a orden judicial","author":"Nelson Feliz","date":"21 de febrero de 2025","format":false,"excerpt":"El juez Amir Ali orden\u00f3 paralizar temporalmente una orden ejecutiva de Trump despu\u00e9s de que dos ONG que usaban esos fondos interpusieran una demanda Nueva York, EFE\u2013 El Gobierno de Donald Trump no ha descongelado la ayuda exterior de Estados Unidos pese a que hace una semana un juez le\u2026","rel":"","context":"En \u00abINTERNACIONALES\u00bb","block_context":{"text":"INTERNACIONALES","link":"https:\/\/lasprimeras.com.do\/index.php\/category\/sin-categoria\/internacionales\/"},"img":{"alt_text":"","src":"https:\/\/i0.wp.com\/lasprimeras.com.do\/wp-content\/uploads\/2025\/02\/AYUDA.png?resize=350%2C200&ssl=1","width":350,"height":200,"srcset":"https:\/\/i0.wp.com\/lasprimeras.com.do\/wp-content\/uploads\/2025\/02\/AYUDA.png?resize=350%2C200&ssl=1 1x, https:\/\/i0.wp.com\/lasprimeras.com.do\/wp-content\/uploads\/2025\/02\/AYUDA.png?resize=525%2C300&ssl=1 1.5x, https:\/\/i0.wp.com\/lasprimeras.com.do\/wp-content\/uploads\/2025\/02\/AYUDA.png?resize=700%2C400&ssl=1 2x"},"classes":[]},{"id":96528,"url":"https:\/\/lasprimeras.com.do\/index.php\/2025\/04\/02\/el-triunfo-democrata-en-la-corte-suprema-de-wisconsin-es-tambien-una-gran-derrota-para-elon-musk\/","url_meta":{"origin":95761,"position":5},"title":"El triunfo dem\u00f3crata en la Corte Suprema de Wisconsin es tambi\u00e9n una gran derrota para Elon Musk","author":"Nelson Feliz","date":"2 de abril de 2025","format":false,"excerpt":"POR NICHOLAS RICCARDI and THOMAS BEAUMONT MADISON, Wisconsin, EE.UU. (AP) \u2014 La jueza Susan Crawford mantuvo el martes la estrecha mayor\u00eda progresista en la Corte Suprema de Wisconsin al derrotar al conservador Brad Schimel, pero de alguna manera el verdadero perdedor de la elecci\u00f3n fue el multimillonario Elon Musk. Musk\u2026","rel":"","context":"En \u00abINTERNACIONALES\u00bb","block_context":{"text":"INTERNACIONALES","link":"https:\/\/lasprimeras.com.do\/index.php\/category\/sin-categoria\/internacionales\/"},"img":{"alt_text":"","src":"https:\/\/i0.wp.com\/lasprimeras.com.do\/wp-content\/uploads\/2025\/04\/Elon-Musk-1.jpg?resize=350%2C200&ssl=1","width":350,"height":200,"srcset":"https:\/\/i0.wp.com\/lasprimeras.com.do\/wp-content\/uploads\/2025\/04\/Elon-Musk-1.jpg?resize=350%2C200&ssl=1 1x, https:\/\/i0.wp.com\/lasprimeras.com.do\/wp-content\/uploads\/2025\/04\/Elon-Musk-1.jpg?resize=525%2C300&ssl=1 1.5x, https:\/\/i0.wp.com\/lasprimeras.com.do\/wp-content\/uploads\/2025\/04\/Elon-Musk-1.jpg?resize=700%2C400&ssl=1 2x"},"classes":[]}],"jetpack_sharing_enabled":true,"_links":{"self":[{"href":"https:\/\/lasprimeras.com.do\/index.php\/wp-json\/wp\/v2\/posts\/95761","targetHints":{"allow":["GET"]}}],"collection":[{"href":"https:\/\/lasprimeras.com.do\/index.php\/wp-json\/wp\/v2\/posts"}],"about":[{"href":"https:\/\/lasprimeras.com.do\/index.php\/wp-json\/wp\/v2\/types\/post"}],"author":[{"embeddable":true,"href":"https:\/\/lasprimeras.com.do\/index.php\/wp-json\/wp\/v2\/users\/10"}],"replies":[{"embeddable":true,"href":"https:\/\/lasprimeras.com.do\/index.php\/wp-json\/wp\/v2\/comments?post=95761"}],"version-history":[{"count":1,"href":"https:\/\/lasprimeras.com.do\/index.php\/wp-json\/wp\/v2\/posts\/95761\/revisions"}],"predecessor-version":[{"id":95763,"href":"https:\/\/lasprimeras.com.do\/index.php\/wp-json\/wp\/v2\/posts\/95761\/revisions\/95763"}],"wp:featuredmedia":[{"embeddable":true,"href":"https:\/\/lasprimeras.com.do\/index.php\/wp-json\/wp\/v2\/media\/95762"}],"wp:attachment":[{"href":"https:\/\/lasprimeras.com.do\/index.php\/wp-json\/wp\/v2\/media?parent=95761"}],"wp:term":[{"taxonomy":"category","embeddable":true,"href":"https:\/\/lasprimeras.com.do\/index.php\/wp-json\/wp\/v2\/categories?post=95761"},{"taxonomy":"post_tag","embeddable":true,"href":"https:\/\/lasprimeras.com.do\/index.php\/wp-json\/wp\/v2\/tags?post=95761"}],"curies":[{"name":"wp","href":"https:\/\/api.w.org\/{rel}","templated":true}]}}