{"id":95773,"date":"2025-03-19T08:09:33","date_gmt":"2025-03-19T12:09:33","guid":{"rendered":"https:\/\/lasprimeras.com.do\/?p=95773"},"modified":"2025-03-19T08:09:35","modified_gmt":"2025-03-19T12:09:35","slug":"zelenskyy-la-promesa-de-putin-de-no-atacar-la-red-energetica-de-ucrania-dista-de-la-realidad","status":"publish","type":"post","link":"https:\/\/lasprimeras.com.do\/index.php\/2025\/03\/19\/zelenskyy-la-promesa-de-putin-de-no-atacar-la-red-energetica-de-ucrania-dista-de-la-realidad\/","title":{"rendered":"Zelenskyy: la promesa de Putin de no atacar la red energ\u00e9tica de Ucrania \u201cdista de la realidad\u201d"},"content":{"rendered":"\n<p>POR HANNA ARHIROVA<\/p>\n\n\n\n<p>KIEV, Ucrania (AP) \u2014 El presidente de Ucrania, Volodymyr Zelenskyy, dijo el mi\u00e9rcoles que la promesa de su hom\u00f3logo ruso, Vlad\u00edmir Putin, de no atacar la infraestructura energ\u00e9tica \u201cdista mucho de la realidad\u201d tras una serie de ataques nocturnos con drones en todo el pa\u00eds.<\/p>\n\n\n\n<p>Zelenskyy dijo que hablar\u00eda con el presidente de Estados Unidos, Donald Trump, m\u00e1s tarde ese d\u00eda y esperaba saber m\u00e1s sobre la llamada del l\u00edder estadounidense con Putin sobre un alto el fuego y comentar los pr\u00f3ximos pasos a seguir.<\/p>\n\n\n\n<p>\u201cIncluso anoche, despu\u00e9s de la conversaci\u00f3n de Putin con (\u2026) Trump, cuando Putin dijo que supuestamente estaba dando \u00f3rdenes de detener los ataques a la energ\u00eda ucraniana, se lanzaron 150 drones durante la noche, incluidos en instalaciones energ\u00e9ticas\u201d, dijo Zelenskyy en una conferencia de prensa en Helsinki con el presidente finland\u00e9s, Alexander Stubb.<\/p>\n\n\n\n<p>Rusia dijo que hab\u00eda detenido su ataque a las instalaciones energ\u00e9ticas de Ucrania y acus\u00f3 a Kiev de atacar equipamiento cerca de uno de sus oleoductos.<\/p>\n\n\n\n<p>\u201cDesafortunadamente, vemos que por ahora no hay reciprocidad por parte del r\u00e9gimen de Kiev\u201d, dijo el portavoz del Kremlin, Dmitry Peskov.<\/p>\n\n\n\n<p>Los ataques rusos, que impactaron \u00e1reas civiles y da\u00f1aron un hospital, se produjeron despu\u00e9s de que Putin rechazara un alto el fuego completo de 30 d\u00edas durante la conversaci\u00f3n con Trump.<\/p>\n\n\n\n<p>La Casa Blanca describi\u00f3 la llamada entre Trump y Putin como el primer paso en un \u201cmovimiento hacia la paz\u201d que Washington espera incluya un alto el fuego mar\u00edtimo en el mar Negro y, m\u00e1s adelante, un final completo y duradero de los combates.<\/p>\n\n\n\n<p>Sin embargo, no hab\u00eda indicios de que Putin se retractara de sus condiciones para un posible acuerdo de paz, que Kiev rechaza de plano.<\/p>\n\n\n\n<p>Stubb calific\u00f3 las conversaciones entre Putin y Trump como un paso en la direcci\u00f3n correcta, aunque el presidente de Finlandia dijo que Rusia debe poner fin a su agresi\u00f3n.<\/p>\n\n\n\n<p>\u201cSolo hay dos maneras de responder a la propuesta del presidente de los Estados Unidos: es un s\u00ed o un no \u2014 sin peros, sin condiciones\u201d, dijo Stubb.<\/p>\n\n\n\n<p>\u201cUcrania acept\u00f3 un alto el fuego sin ninguna forma de condiciones. Si Rusia se niega a aceptar, debemos aumentar nuestros esfuerzos para fortalecer a Ucrania y aumentar la presi\u00f3n sobre Rusia para convencerlos de que se sienten a la mesa de negociaciones\u201d.<\/p>\n\n\n\n<p>Poco despu\u00e9s de la larga llamada telef\u00f3nica entre Trump y Putin el martes, sonaron las sirenas de ataque a\u00e9reo en Kiev, seguidas de explosiones mientras los residentes buscaban refugio.<\/p>\n\n\n\n<p>A pesar de los esfuerzos por repeler el ataque, se registraron varios impactos en infraestructura civil, incluyendo un ataque directo con dron a un hospital en Sumy y ataques a ciudades en la regi\u00f3n de Donetsk. Tambi\u00e9n se reportaron drones rusos sobre las regiones de Kiev, Zhytomyr, Sumy, Chernihiv, Poltava, J\u00e1rkiv, Kirovohrad, Dnipropetrovsk y Cherkasy.<\/p>\n\n\n\n<p>El Ministerio ruso de Defensa dijo que el ej\u00e9rcito cumpli\u00f3 con la orden de Putin de detener los ataques a la infraestructura energ\u00e9tica, y sus fuerzas derribaron siete drones que hab\u00edan lanzado antes de la orden contra instalaciones energ\u00e9ticas relacionadas con el complejo militar-industrial en la regi\u00f3n sure\u00f1a de Mykolaiv en Ucrania.<\/p>\n\n\n\n<p>Mosc\u00fa acus\u00f3 a Ucrania de atacar su instalaci\u00f3n energ\u00e9tica en la regi\u00f3n de Krasnodar, que limita con la pen\u00ednsula de Crimea, anexada por Rusia en 2014, varias horas despu\u00e9s de las conversaciones entre Putin y Trump.<\/p>\n\n\n\n<p>El ministerio dijo que tres drones apuntaron a equipos de transferencia de petr\u00f3leo que dan servicio al Consorcio del Oleoducto del Caspio, lo que provoc\u00f3 un incendio e hizo que un tanque de petr\u00f3leo perdiera presi\u00f3n.<\/p>\n\n\n\n<p>\u201cEst\u00e1 absolutamente claro que estamos hablando de otra provocaci\u00f3n deliberadamente orquestada por el r\u00e9gimen de Kiev, destinada a descarrilar las iniciativas de paz del presidente de Estados Unidos\u201d, dijo el ministerio.<\/p>\n\n\n\n<p>Zelenskyy dijo que \u201clas palabras de un alto el fuego\u201d no eran suficientes.<\/p>\n\n\n\n<p>\u201cSi los rusos no atacan nuestras instalaciones, definitivamente no atacaremos las suyas\u201d, dijo Zelenskyy.<\/p>\n\n\n\n<p>Rusia dijo que sus defensas a\u00e9reas interceptaron 57 drones ucranianos sobre el mar de Azov y varias regiones rusas \u2014 las provincias fronterizas de Kursk y Bryansk y las regiones cercanas de Oryol y Tula.<\/p>\n\n\n\n<p>Por otro lado, las autoridades de la regi\u00f3n de Krasnodar, que limita con la pen\u00ednsula de Crimea, anexada por Rusia en 2014, informaron que un ataque con drones all\u00ed provoc\u00f3 un incendio en un dep\u00f3sito de petr\u00f3leo.<\/p>\n\n\n\n<hr class=\"wp-block-separator has-alpha-channel-opacity\"\/>\n\n\n\n<p>Yehor Konovalov en Kiev; Dasha Litvinova en Tall\u00edn, Estonia; Geir Moulson en Berl\u00edn, y Brian Melley, en Londres, contribuyeron a este despacho.<\/p>\n","protected":false},"excerpt":{"rendered":"<p>POR HANNA ARHIROVA KIEV, Ucrania (AP) \u2014 El presidente de Ucrania, Volodymyr Zelenskyy, dijo el mi\u00e9rcoles que la promesa de su hom\u00f3logo ruso, Vlad\u00edmir Putin, de no atacar la infraestructura&hellip;<\/p>\n","protected":false},"author":10,"featured_media":95774,"comment_status":"open","ping_status":"open","sticky":false,"template":"","format":"standard","meta":{"content-type":"","jetpack_post_was_ever_published":false,"_jetpack_newsletter_access":"","_jetpack_dont_email_post_to_subs":false,"_jetpack_newsletter_tier_id":0,"_jetpack_memberships_contains_paywalled_content":false,"_jetpack_memberships_contains_paid_content":false,"footnotes":""},"categories":[16289],"tags":[18274,4862,1108,3868,11941],"class_list":["post-95773","post","type-post","status-publish","format-standard","has-post-thumbnail","hentry","category-internacionales","tag-no-atacar-la-red-energetica","tag-promesa","tag-ucrania","tag-vladimir-putin-2","tag-volodymyr-zelenskyy"],"jetpack_featured_media_url":"https:\/\/lasprimeras.com.do\/wp-content\/uploads\/2025\/03\/Volodymyr-Zelenskyy.jpg","jetpack-related-posts":[{"id":98841,"url":"https:\/\/lasprimeras.com.do\/index.php\/2025\/05\/13\/zelenskyy-dice-que-esperara-a-putin-en-ankara-el-jueves\/","url_meta":{"origin":95773,"position":0},"title":"Zelenskyy dice que esperar\u00e1 a Putin en Ankara el jueves","author":"Nelson Feliz","date":"13 de mayo de 2025","format":false,"excerpt":"POR ILLIA NOVIKOV KIEV, Ucrania (AP) \u2014 El presidente ucraniano Volodymyr Zelenskyy dijo el martes que esperar\u00e1 a su hom\u00f3logo ruso Vlad\u00edmir Putin en la capital turca esta semana para llevar a cabo conversaciones cara a cara sobre la guerra, en medio de una fuerte presi\u00f3n de los l\u00edderes de\u2026","rel":"","context":"En \u00abINTERNACIONALES\u00bb","block_context":{"text":"INTERNACIONALES","link":"https:\/\/lasprimeras.com.do\/index.php\/category\/sin-categoria\/internacionales\/"},"img":{"alt_text":"","src":"https:\/\/i0.wp.com\/lasprimeras.com.do\/wp-content\/uploads\/2025\/05\/Volodymyr-Zelenskyy.jpg?resize=350%2C200&ssl=1","width":350,"height":200,"srcset":"https:\/\/i0.wp.com\/lasprimeras.com.do\/wp-content\/uploads\/2025\/05\/Volodymyr-Zelenskyy.jpg?resize=350%2C200&ssl=1 1x, https:\/\/i0.wp.com\/lasprimeras.com.do\/wp-content\/uploads\/2025\/05\/Volodymyr-Zelenskyy.jpg?resize=525%2C300&ssl=1 1.5x, https:\/\/i0.wp.com\/lasprimeras.com.do\/wp-content\/uploads\/2025\/05\/Volodymyr-Zelenskyy.jpg?resize=700%2C400&ssl=1 2x"},"classes":[]},{"id":99197,"url":"https:\/\/lasprimeras.com.do\/index.php\/2025\/05\/19\/trump-espera-avanzar-en-un-alto-el-fuego-en-ucrania-en-llamadas-con-putin-y-zelenskyy\/","url_meta":{"origin":95773,"position":1},"title":"Trump espera avanzar en un alto el fuego en Ucrania en llamadas con Putin y Zelenskyy","author":"Nelson Feliz","date":"19 de mayo de 2025","format":false,"excerpt":"POR JOSH BOAK WASHINGTON (AP) \u2014 El presidente de Estados Unidos, Donald Trump, espera que las llamadas telef\u00f3nicas separadas el lunes con el l\u00edder ruso, Vlad\u00edmir Putin, y el presidente ucraniano, Volodymyr Zelenskyy, logren avances hacia un alto el fuego en la guerra en Ucrania. Trump expres\u00f3 sus esperanzas de\u2026","rel":"","context":"En \u00abINTERNACIONALES\u00bb","block_context":{"text":"INTERNACIONALES","link":"https:\/\/lasprimeras.com.do\/index.php\/category\/sin-categoria\/internacionales\/"},"img":{"alt_text":"Donald Trump vs Vlad\u00edmir Putin","src":"https:\/\/i0.wp.com\/lasprimeras.com.do\/wp-content\/uploads\/2025\/05\/Donald-Trump-vs-Vladimir-Putin.jpg?resize=350%2C200&ssl=1","width":350,"height":200,"srcset":"https:\/\/i0.wp.com\/lasprimeras.com.do\/wp-content\/uploads\/2025\/05\/Donald-Trump-vs-Vladimir-Putin.jpg?resize=350%2C200&ssl=1 1x, https:\/\/i0.wp.com\/lasprimeras.com.do\/wp-content\/uploads\/2025\/05\/Donald-Trump-vs-Vladimir-Putin.jpg?resize=525%2C300&ssl=1 1.5x, https:\/\/i0.wp.com\/lasprimeras.com.do\/wp-content\/uploads\/2025\/05\/Donald-Trump-vs-Vladimir-Putin.jpg?resize=700%2C400&ssl=1 2x"},"classes":[]},{"id":95724,"url":"https:\/\/lasprimeras.com.do\/index.php\/2025\/03\/18\/trump-y-putin-hablaran-por-telefono-sobre-alto-el-fuego-pero-zelenskyy-se-muestra-esceptico\/","url_meta":{"origin":95773,"position":2},"title":"Trump y Putin hablar\u00e1n por tel\u00e9fono sobre alto el fuego, pero Zelenskyy se muestra esc\u00e9ptico","author":"Nelson Feliz","date":"18 de marzo de 2025","format":false,"excerpt":"POR AAMER MADHANI WASHINGTON (AP) \u2014 Donald Trump, mantendr\u00e1 conversaciones el martes con su hom\u00f3logo ruso, Vlad\u00edmir Putin, en su intento por obtener apoyos para la propuesta de alto el fuego de Estados Unidos que espera que pueda crear una v\u00eda para poner fin a la devastadora guerra de Rusia\u2026","rel":"","context":"En \u00abINTERNACIONALES\u00bb","block_context":{"text":"INTERNACIONALES","link":"https:\/\/lasprimeras.com.do\/index.php\/category\/sin-categoria\/internacionales\/"},"img":{"alt_text":"Vlad\u00edmir Putin y Donald Trump","src":"https:\/\/i0.wp.com\/lasprimeras.com.do\/wp-content\/uploads\/2025\/03\/Vladimir-Putin-y-Donald-Trump.jpg?resize=350%2C200&ssl=1","width":350,"height":200,"srcset":"https:\/\/i0.wp.com\/lasprimeras.com.do\/wp-content\/uploads\/2025\/03\/Vladimir-Putin-y-Donald-Trump.jpg?resize=350%2C200&ssl=1 1x, https:\/\/i0.wp.com\/lasprimeras.com.do\/wp-content\/uploads\/2025\/03\/Vladimir-Putin-y-Donald-Trump.jpg?resize=525%2C300&ssl=1 1.5x, https:\/\/i0.wp.com\/lasprimeras.com.do\/wp-content\/uploads\/2025\/03\/Vladimir-Putin-y-Donald-Trump.jpg?resize=700%2C400&ssl=1 2x"},"classes":[]},{"id":93719,"url":"https:\/\/lasprimeras.com.do\/index.php\/2025\/02\/19\/trump-advierte-a-zelenskyy-que-debe-negociar-rapidamente-el-fin-de-la-guerra-con-rusia\/","url_meta":{"origin":95773,"position":3},"title":"Trump advierte a Zelenskyy que debe negociar r\u00e1pidamente el fin de la guerra con Rusia","author":"Nelson Feliz","date":"19 de febrero de 2025","format":false,"excerpt":"POR AAMER MADHANI, MIKE PESOLI and STEPHANY MATAT MIAMI (AP) \u2014 El presidente Donald Trump advirti\u00f3 el mi\u00e9rcoles al presidente ucraniano Volodymyr Zelenskyy que \u201cmejor act\u00fae r\u00e1pido\u201d para negociar el fin de la invasi\u00f3n de Rusia a Ucrania, o se arriesga a no tener una naci\u00f3n que liderar. La ret\u00f3rica\u2026","rel":"","context":"En \u00abINTERNACIONALES\u00bb","block_context":{"text":"INTERNACIONALES","link":"https:\/\/lasprimeras.com.do\/index.php\/category\/sin-categoria\/internacionales\/"},"img":{"alt_text":"Volodymyr Zelenskyy","src":"https:\/\/i0.wp.com\/lasprimeras.com.do\/wp-content\/uploads\/2025\/02\/Volodymyr-Zelenskyy-1.jpg?resize=350%2C200&ssl=1","width":350,"height":200,"srcset":"https:\/\/i0.wp.com\/lasprimeras.com.do\/wp-content\/uploads\/2025\/02\/Volodymyr-Zelenskyy-1.jpg?resize=350%2C200&ssl=1 1x, https:\/\/i0.wp.com\/lasprimeras.com.do\/wp-content\/uploads\/2025\/02\/Volodymyr-Zelenskyy-1.jpg?resize=525%2C300&ssl=1 1.5x"},"classes":[]},{"id":97649,"url":"https:\/\/lasprimeras.com.do\/index.php\/2025\/04\/25\/ucrania-reporta-3-muertos-en-otro-ataque-ruso-con-drones-tras-las-criticas-de-trump-a-putin\/","url_meta":{"origin":95773,"position":4},"title":"Ucrania reporta 3 muertos en otro ataque ruso con drones tras las cr\u00edticas de Trump a Putin","author":"Nelson Feliz","date":"25 de abril de 2025","format":false,"excerpt":"POR ILLIA NOVIKOV KIEV, Ucrania (AP) \u2014 Un dron ruso alcanz\u00f3 un edificio de apartamentos en una ciudad del sureste de Ucrania y caus\u00f3 tres muertos y 10 heridos, dijeron funcionarios el viernes, un d\u00eda despu\u00e9s de que el presidente de Estados Unidos, Donald Trump, reprendi\u00f3 a su hom\u00f3logo en\u2026","rel":"","context":"En \u00abINTERNACIONALES\u00bb","block_context":{"text":"INTERNACIONALES","link":"https:\/\/lasprimeras.com.do\/index.php\/category\/sin-categoria\/internacionales\/"},"img":{"alt_text":"","src":"https:\/\/i0.wp.com\/lasprimeras.com.do\/wp-content\/uploads\/2025\/04\/muertos-1.jpg?resize=350%2C200&ssl=1","width":350,"height":200,"srcset":"https:\/\/i0.wp.com\/lasprimeras.com.do\/wp-content\/uploads\/2025\/04\/muertos-1.jpg?resize=350%2C200&ssl=1 1x, https:\/\/i0.wp.com\/lasprimeras.com.do\/wp-content\/uploads\/2025\/04\/muertos-1.jpg?resize=525%2C300&ssl=1 1.5x, https:\/\/i0.wp.com\/lasprimeras.com.do\/wp-content\/uploads\/2025\/04\/muertos-1.jpg?resize=700%2C400&ssl=1 2x"},"classes":[]},{"id":99002,"url":"https:\/\/lasprimeras.com.do\/index.php\/2025\/05\/15\/zelenskyy-llega-a-turquia-para-conversaciones-de-paz-sobre-ucrania-pero-putin-no-acude\/","url_meta":{"origin":95773,"position":5},"title":"Zelenskyy llega a Turqu\u00eda para conversaciones de paz sobre Ucrania, pero Putin no acude","author":"Nelson Feliz","date":"15 de mayo de 2025","format":false,"excerpt":"POR MEHMET GUZEL ESTAMBUL, Turqu\u00eda (AP) \u2014 El presidente de Rusia, Vlad\u00edmir Putin, no se present\u00f3 en Turqu\u00eda el jueves para las conversaciones de paz directas propuestas con el l\u00edder ucraniano Volodymyr Zelenskyy, quien lo esperaba en la capital de Ankara tras desafiar al l\u00edder del Kremlin a reunirse cara\u2026","rel":"","context":"En \u00abINTERNACIONALES\u00bb","block_context":{"text":"INTERNACIONALES","link":"https:\/\/lasprimeras.com.do\/index.php\/category\/sin-categoria\/internacionales\/"},"img":{"alt_text":"","src":"https:\/\/i0.wp.com\/lasprimeras.com.do\/wp-content\/uploads\/2025\/05\/ARMADOS.jpg?resize=350%2C200&ssl=1","width":350,"height":200,"srcset":"https:\/\/i0.wp.com\/lasprimeras.com.do\/wp-content\/uploads\/2025\/05\/ARMADOS.jpg?resize=350%2C200&ssl=1 1x, https:\/\/i0.wp.com\/lasprimeras.com.do\/wp-content\/uploads\/2025\/05\/ARMADOS.jpg?resize=525%2C300&ssl=1 1.5x, https:\/\/i0.wp.com\/lasprimeras.com.do\/wp-content\/uploads\/2025\/05\/ARMADOS.jpg?resize=700%2C400&ssl=1 2x"},"classes":[]}],"jetpack_sharing_enabled":true,"_links":{"self":[{"href":"https:\/\/lasprimeras.com.do\/index.php\/wp-json\/wp\/v2\/posts\/95773","targetHints":{"allow":["GET"]}}],"collection":[{"href":"https:\/\/lasprimeras.com.do\/index.php\/wp-json\/wp\/v2\/posts"}],"about":[{"href":"https:\/\/lasprimeras.com.do\/index.php\/wp-json\/wp\/v2\/types\/post"}],"author":[{"embeddable":true,"href":"https:\/\/lasprimeras.com.do\/index.php\/wp-json\/wp\/v2\/users\/10"}],"replies":[{"embeddable":true,"href":"https:\/\/lasprimeras.com.do\/index.php\/wp-json\/wp\/v2\/comments?post=95773"}],"version-history":[{"count":1,"href":"https:\/\/lasprimeras.com.do\/index.php\/wp-json\/wp\/v2\/posts\/95773\/revisions"}],"predecessor-version":[{"id":95775,"href":"https:\/\/lasprimeras.com.do\/index.php\/wp-json\/wp\/v2\/posts\/95773\/revisions\/95775"}],"wp:featuredmedia":[{"embeddable":true,"href":"https:\/\/lasprimeras.com.do\/index.php\/wp-json\/wp\/v2\/media\/95774"}],"wp:attachment":[{"href":"https:\/\/lasprimeras.com.do\/index.php\/wp-json\/wp\/v2\/media?parent=95773"}],"wp:term":[{"taxonomy":"category","embeddable":true,"href":"https:\/\/lasprimeras.com.do\/index.php\/wp-json\/wp\/v2\/categories?post=95773"},{"taxonomy":"post_tag","embeddable":true,"href":"https:\/\/lasprimeras.com.do\/index.php\/wp-json\/wp\/v2\/tags?post=95773"}],"curies":[{"name":"wp","href":"https:\/\/api.w.org\/{rel}","templated":true}]}}