{"id":95938,"date":"2025-03-22T00:21:39","date_gmt":"2025-03-22T04:21:39","guid":{"rendered":"https:\/\/lasprimeras.com.do\/?p=95938"},"modified":"2025-03-22T00:21:41","modified_gmt":"2025-03-22T04:21:41","slug":"dgjp-destaca-en-seminario-iberoamericano-sobre-comunicacion-en-seguridad-social","status":"publish","type":"post","link":"https:\/\/lasprimeras.com.do\/index.php\/2025\/03\/22\/dgjp-destaca-en-seminario-iberoamericano-sobre-comunicacion-en-seguridad-social\/","title":{"rendered":"DGJP destaca en Seminario Iberoamericano sobre Comunicaci\u00f3n en Seguridad Social"},"content":{"rendered":"\n<p>La Direcci\u00f3n General de Jubilaciones y Pensiones a Cargo del Estado (DGJP) particip\u00f3 en el Seminario Iberoamericano sobre la Comunicaci\u00f3n en el \u00c1mbito de la Seguridad Social, celebrado en Colombia, con el objetivo de fortalecer la comunicaci\u00f3n de las instituciones de seguridad y protecci\u00f3n social en Iberoam\u00e9rica.<\/p>\n\n\n\n<p>En representaci\u00f3n del director general, licenciado Juan Rosa, el subdirector de la DGJP, licenciado F\u00e9lix Joel Almonte, expres\u00f3 su satisfacci\u00f3n por formar parte y coorganizar este evento, desarrollado los d\u00edas 20 y 21 del presente mes.<\/p>\n\n\n\n<p>Adem\u00e1s, fue ponente con el tema &#8220;Retos de la Comunicaci\u00f3n Digital, la Inteligencia Artificial y La Desinformaci\u00f3n-Fake-News en los Sistemas de la Seguridad Social \u201d, donde abord\u00f3 el impacto de la difusi\u00f3n de informaci\u00f3n err\u00f3nea en este \u00e1mbito.<\/p>\n\n\n\n<p>Durante su participaci\u00f3n, destac\u00f3 c\u00f3mo la desinformaci\u00f3n puede generar incertidumbre entre los beneficiarios, afectar la confianza en las instituciones y llevar a decisiones equivocadas.<\/p>\n\n\n\n<p>Asimismo, enfatiz\u00f3 la necesidad de fortalecer la educaci\u00f3n previsional y los canales oficiales de comunicaci\u00f3n para contrarrestar noticias falsas.<\/p>\n\n\n\n<p>El seminario tambi\u00e9n sirvi\u00f3 como espacio de reflexi\u00f3n sobre el rol de los ciudadanos y las entidades gubernamentales en la lucha contra la desinformaci\u00f3n en temas de seguridad social.<\/p>\n\n\n\n<p>Se discutieron los retos en la comunicaci\u00f3n, las nuevas tendencias digitales y la importancia del lenguaje inclusivo. Adem\u00e1s, se compartieron estrategias innovadoras para lograr una comunicaci\u00f3n m\u00e1s accesible y efectiva.<\/p>\n\n\n\n<p>La actividad fue liderada por Gina Magnolia Ria\u00f1o Bar\u00f3n, secretaria general de la Organizaci\u00f3n Iberoamericana de Seguridad Social, y tuvo lugar en el Centro de Formaci\u00f3n de la Cooperaci\u00f3n Espa\u00f1ola en Cartagena de India.<\/p>\n","protected":false},"excerpt":{"rendered":"<p>La Direcci\u00f3n General de Jubilaciones y Pensiones a Cargo del Estado (DGJP) particip\u00f3 en el Seminario Iberoamericano sobre la Comunicaci\u00f3n en el \u00c1mbito de la Seguridad Social, celebrado en Colombia,&hellip;<\/p>\n","protected":false},"author":2,"featured_media":95939,"comment_status":"open","ping_status":"open","sticky":false,"template":"","format":"standard","meta":{"content-type":"","jetpack_post_was_ever_published":false,"_jetpack_newsletter_access":"","_jetpack_dont_email_post_to_subs":false,"_jetpack_newsletter_tier_id":0,"_jetpack_memberships_contains_paywalled_content":false,"_jetpack_memberships_contains_paid_content":false,"footnotes":""},"categories":[35],"tags":[298,18334,15084,18335],"class_list":["post-95938","post","type-post","status-publish","format-standard","has-post-thumbnail","hentry","category-nacionales","tag-comunicacion","tag-dgjp","tag-seguridad-social","tag-seminario-iberoamericano"],"jetpack_featured_media_url":"https:\/\/lasprimeras.com.do\/wp-content\/uploads\/2025\/03\/Seminario-Iberoamericano.jpg","jetpack-related-posts":[{"id":116482,"url":"https:\/\/lasprimeras.com.do\/index.php\/2025\/12\/01\/dgjp-realiza-jornada-de-reforestacion-en-bonao\/","url_meta":{"origin":95938,"position":0},"title":"DGJP realiza jornada de reforestaci\u00f3n en Bonao","author":"Nelson Feliz","date":"1 de diciembre de 2025","format":false,"excerpt":"La Direcci\u00f3n General de Jubilaciones y Pensiones a Cargo del Estado (DGJP), en coordinaci\u00f3n con el Ministerio de Medio Ambiente y Recursos Naturales, desarrollaron una amplia jornada de reforestaci\u00f3n en el distrito municipal Villa Sonador, sector Colonial, provincia Monse\u00f1or Noel. En representaci\u00f3n del director general, Juan Rosa, el subdirector F\u00e9lix\u2026","rel":"","context":"En \u00abNACIONALES\u00bb","block_context":{"text":"NACIONALES","link":"https:\/\/lasprimeras.com.do\/index.php\/category\/nacionales\/"},"img":{"alt_text":"","src":"https:\/\/i0.wp.com\/lasprimeras.com.do\/wp-content\/uploads\/2025\/12\/DGJP-realiza-jornada-de-reforestacion-en-Bonao.jpg?resize=350%2C200&ssl=1","width":350,"height":200,"srcset":"https:\/\/i0.wp.com\/lasprimeras.com.do\/wp-content\/uploads\/2025\/12\/DGJP-realiza-jornada-de-reforestacion-en-Bonao.jpg?resize=350%2C200&ssl=1 1x, https:\/\/i0.wp.com\/lasprimeras.com.do\/wp-content\/uploads\/2025\/12\/DGJP-realiza-jornada-de-reforestacion-en-Bonao.jpg?resize=525%2C300&ssl=1 1.5x, https:\/\/i0.wp.com\/lasprimeras.com.do\/wp-content\/uploads\/2025\/12\/DGJP-realiza-jornada-de-reforestacion-en-Bonao.jpg?resize=700%2C400&ssl=1 2x"},"classes":[]},{"id":96624,"url":"https:\/\/lasprimeras.com.do\/index.php\/2025\/04\/05\/dgjp-impulsa-la-formacion-del-personal-para-un-retiro-digno\/","url_meta":{"origin":95938,"position":1},"title":"DGJP impulsa la formaci\u00f3n del personal para un retiro digno","author":"Nelson Feliz","date":"5 de abril de 2025","format":false,"excerpt":"El director general de Jubilaciones y Pensiones a Cargo del Estado, Juan Rosa, destac\u00f3 la importancia de la charla \"Lo que debo saber sobre mi Pensi\u00f3n\", como parte de los objetivos institucionales y del gobierno del presidente Luis Abinader, orientados a capacitar a los colaboradores de las distintas entidades estatales.\u2026","rel":"","context":"En \u00abNACIONALES\u00bb","block_context":{"text":"NACIONALES","link":"https:\/\/lasprimeras.com.do\/index.php\/category\/nacionales\/"},"img":{"alt_text":"","src":"https:\/\/i0.wp.com\/lasprimeras.com.do\/wp-content\/uploads\/2025\/04\/pension.jpg?resize=350%2C200&ssl=1","width":350,"height":200,"srcset":"https:\/\/i0.wp.com\/lasprimeras.com.do\/wp-content\/uploads\/2025\/04\/pension.jpg?resize=350%2C200&ssl=1 1x, https:\/\/i0.wp.com\/lasprimeras.com.do\/wp-content\/uploads\/2025\/04\/pension.jpg?resize=525%2C300&ssl=1 1.5x, https:\/\/i0.wp.com\/lasprimeras.com.do\/wp-content\/uploads\/2025\/04\/pension.jpg?resize=700%2C400&ssl=1 2x"},"classes":[]},{"id":75467,"url":"https:\/\/lasprimeras.com.do\/index.php\/2024\/02\/01\/dgjp-y-asodoprom-estudian-propuesta-de-inclusion-de-productores-a-programa-de-pensiones\/","url_meta":{"origin":95938,"position":2},"title":"DGJP y ASODOPROM estudian propuesta de inclusi\u00f3n de productores a programa de pensiones","author":"Nelson Feliz","date":"1 de febrero de 2024","format":false,"excerpt":"El Director de la Direcci\u00f3n Generalde Pensiones y Jubilaci\u00f3n del Estado, Juan Rosa recibi\u00f3 este jueves una visita de cortes\u00eda del presidente de la Asociaci\u00f3nDominicana de Productores de Opini\u00f3n P\u00fablica (ASODOPROM), Luis Tejada y del coordinador\u00a0 del Municipio Santo DomingoEste, Carlos Mart\u00ednez.\u00a0\u00a0\u00a0\u00a0 En una nota de prensa enviada a los\u2026","rel":"","context":"En \u00abECONOM\u00cdA\u00bb","block_context":{"text":"ECONOM\u00cdA","link":"https:\/\/lasprimeras.com.do\/index.php\/category\/economia\/"},"img":{"alt_text":"Director de Pensiones y ASODOPROM","src":"https:\/\/i0.wp.com\/lasprimeras.com.do\/wp-content\/uploads\/2024\/02\/Director-de-Pensiones-y-ASODOPROM.jpg?resize=350%2C200&ssl=1","width":350,"height":200,"srcset":"https:\/\/i0.wp.com\/lasprimeras.com.do\/wp-content\/uploads\/2024\/02\/Director-de-Pensiones-y-ASODOPROM.jpg?resize=350%2C200&ssl=1 1x, https:\/\/i0.wp.com\/lasprimeras.com.do\/wp-content\/uploads\/2024\/02\/Director-de-Pensiones-y-ASODOPROM.jpg?resize=525%2C300&ssl=1 1.5x, https:\/\/i0.wp.com\/lasprimeras.com.do\/wp-content\/uploads\/2024\/02\/Director-de-Pensiones-y-ASODOPROM.jpg?resize=700%2C400&ssl=1 2x"},"classes":[]},{"id":115024,"url":"https:\/\/lasprimeras.com.do\/index.php\/2025\/11\/18\/mas-de-26000-personas-con-pensiones-aprobadas-no-la-han-reclamado\/","url_meta":{"origin":95938,"position":3},"title":"M\u00e1s de 26,000 personas con pensiones aprobadas no la han reclamado","author":"Nelson Feliz","date":"18 de noviembre de 2025","format":false,"excerpt":"La lista de beneficiarios est\u00e1 disponible en la p\u00e1gina web de la DIDA www.dida.gob.do. La Direcci\u00f3n General de Informaci\u00f3n y Defensa de los Afiliados a la Seguridad Social (DIDA) inform\u00f3 que 26,167 personas con distintos tipos de pensiones aprobadas por el Poder Ejecutivo a\u00fan no disfrutan de las mismas por\u2026","rel":"","context":"En \u00abECONOM\u00cdA\u00bb","block_context":{"text":"ECONOM\u00cdA","link":"https:\/\/lasprimeras.com.do\/index.php\/category\/economia\/"},"img":{"alt_text":"El\u00edas B\u00e1ez","src":"https:\/\/i0.wp.com\/lasprimeras.com.do\/wp-content\/uploads\/2025\/11\/Elias-Baez-1.jpg?resize=350%2C200&ssl=1","width":350,"height":200,"srcset":"https:\/\/i0.wp.com\/lasprimeras.com.do\/wp-content\/uploads\/2025\/11\/Elias-Baez-1.jpg?resize=350%2C200&ssl=1 1x, https:\/\/i0.wp.com\/lasprimeras.com.do\/wp-content\/uploads\/2025\/11\/Elias-Baez-1.jpg?resize=525%2C300&ssl=1 1.5x, https:\/\/i0.wp.com\/lasprimeras.com.do\/wp-content\/uploads\/2025\/11\/Elias-Baez-1.jpg?resize=700%2C400&ssl=1 2x"},"classes":[]},{"id":109866,"url":"https:\/\/lasprimeras.com.do\/index.php\/2025\/09\/23\/felix-joel-almonte-agradece-al-cnss-por-incluirlo-en-terna-y-felicita-nueva-gerente-general\/","url_meta":{"origin":95938,"position":4},"title":"F\u00e9lix Joel Almonte agradece al CNSS por incluirlo en Terna y felicita nueva gerente general","author":"Nelson Feliz","date":"23 de septiembre de 2025","format":false,"excerpt":"El subdirector General de la Direcci\u00f3n General de Jubilaciones y Pensiones (DGJP)Lic. F\u00e9lix Joel Almonte Inoa, expresa su m\u00e1s sincero agradecimiento al Consejo Nacional de la Seguridad Social, en la persona de su presidente, el doctor Eddy Olivares, Ministro de Trabajo, por haber considerado su perfil profesional dentro de la\u2026","rel":"","context":"En \u00abNACIONALES\u00bb","block_context":{"text":"NACIONALES","link":"https:\/\/lasprimeras.com.do\/index.php\/category\/nacionales\/"},"img":{"alt_text":"","src":"https:\/\/i0.wp.com\/lasprimeras.com.do\/wp-content\/uploads\/2025\/09\/Felix-Joel-Almonte.jpg?resize=350%2C200&ssl=1","width":350,"height":200,"srcset":"https:\/\/i0.wp.com\/lasprimeras.com.do\/wp-content\/uploads\/2025\/09\/Felix-Joel-Almonte.jpg?resize=350%2C200&ssl=1 1x, https:\/\/i0.wp.com\/lasprimeras.com.do\/wp-content\/uploads\/2025\/09\/Felix-Joel-Almonte.jpg?resize=525%2C300&ssl=1 1.5x"},"classes":[]},{"id":114554,"url":"https:\/\/lasprimeras.com.do\/index.php\/2025\/11\/14\/jubilaciones-y-pensiones-gana-medalla-de-plata-en-el-premio-nacional-a-la-calidad-2025\/","url_meta":{"origin":95938,"position":5},"title":"Jubilaciones y Pensiones gana Medalla de Plata en el Premio Nacional a la Calidad 2025","author":"Nelson Feliz","date":"14 de noviembre de 2025","format":false,"excerpt":"La Direcci\u00f3n General de Jubilaciones y Pensiones a Cargo del Estado (DGJP) fue galardonada con la Medalla de Plata en la XXI entrega del Premio Nacional a la Calidad del Sector P\u00fablico 2025, durante una ceremonia encabezada por la vicepresidenta de la Rep\u00fablica, Raquel Pe\u00f1a, en el Ministerio de Relaciones\u2026","rel":"","context":"En \u00abNACIONALES\u00bb","block_context":{"text":"NACIONALES","link":"https:\/\/lasprimeras.com.do\/index.php\/category\/nacionales\/"},"img":{"alt_text":"","src":"https:\/\/i0.wp.com\/lasprimeras.com.do\/wp-content\/uploads\/2025\/11\/premio-1.jpg?resize=350%2C200&ssl=1","width":350,"height":200,"srcset":"https:\/\/i0.wp.com\/lasprimeras.com.do\/wp-content\/uploads\/2025\/11\/premio-1.jpg?resize=350%2C200&ssl=1 1x, https:\/\/i0.wp.com\/lasprimeras.com.do\/wp-content\/uploads\/2025\/11\/premio-1.jpg?resize=525%2C300&ssl=1 1.5x, https:\/\/i0.wp.com\/lasprimeras.com.do\/wp-content\/uploads\/2025\/11\/premio-1.jpg?resize=700%2C400&ssl=1 2x"},"classes":[]}],"jetpack_sharing_enabled":true,"_links":{"self":[{"href":"https:\/\/lasprimeras.com.do\/index.php\/wp-json\/wp\/v2\/posts\/95938","targetHints":{"allow":["GET"]}}],"collection":[{"href":"https:\/\/lasprimeras.com.do\/index.php\/wp-json\/wp\/v2\/posts"}],"about":[{"href":"https:\/\/lasprimeras.com.do\/index.php\/wp-json\/wp\/v2\/types\/post"}],"author":[{"embeddable":true,"href":"https:\/\/lasprimeras.com.do\/index.php\/wp-json\/wp\/v2\/users\/2"}],"replies":[{"embeddable":true,"href":"https:\/\/lasprimeras.com.do\/index.php\/wp-json\/wp\/v2\/comments?post=95938"}],"version-history":[{"count":1,"href":"https:\/\/lasprimeras.com.do\/index.php\/wp-json\/wp\/v2\/posts\/95938\/revisions"}],"predecessor-version":[{"id":95940,"href":"https:\/\/lasprimeras.com.do\/index.php\/wp-json\/wp\/v2\/posts\/95938\/revisions\/95940"}],"wp:featuredmedia":[{"embeddable":true,"href":"https:\/\/lasprimeras.com.do\/index.php\/wp-json\/wp\/v2\/media\/95939"}],"wp:attachment":[{"href":"https:\/\/lasprimeras.com.do\/index.php\/wp-json\/wp\/v2\/media?parent=95938"}],"wp:term":[{"taxonomy":"category","embeddable":true,"href":"https:\/\/lasprimeras.com.do\/index.php\/wp-json\/wp\/v2\/categories?post=95938"},{"taxonomy":"post_tag","embeddable":true,"href":"https:\/\/lasprimeras.com.do\/index.php\/wp-json\/wp\/v2\/tags?post=95938"}],"curies":[{"name":"wp","href":"https:\/\/api.w.org\/{rel}","templated":true}]}}