{"id":95947,"date":"2025-03-23T11:11:45","date_gmt":"2025-03-23T15:11:45","guid":{"rendered":"https:\/\/lasprimeras.com.do\/?p=95947"},"modified":"2025-03-23T11:11:47","modified_gmt":"2025-03-23T15:11:47","slug":"la-violencia-arrebata-la-vida-a-dos-jovenes-emprendedores-en-herrera","status":"publish","type":"post","link":"https:\/\/lasprimeras.com.do\/index.php\/2025\/03\/23\/la-violencia-arrebata-la-vida-a-dos-jovenes-emprendedores-en-herrera\/","title":{"rendered":"La violencia arrebata la vida a dos j\u00f3venes emprendedores en Herrera"},"content":{"rendered":"\n<p><strong>Los comerciantes tambi\u00e9n expresaron su preocupaci\u00f3n, se\u00f1alando que han tenido que cerrar sus negocios m\u00e1s temprano.<\/strong><\/p>\n\n\n\n<p>La violencia les arrebat\u00f3 la vida cuando apenas comenzaban a construir su futuro. N\u00e9stor de \u00d3leo Cabrera y Josu\u00e9 Grull\u00f3n, dos j\u00f3venes emprendedores y apasionados del baloncesto, fueron asesinados en Buenos Aires de Herrera mientras cerraban su negocio, una boutique en la zona.<\/p>\n\n\n\n<p>Aunque la polic\u00eda asegura que sus muertes se produjeron durante una transacci\u00f3n de droga, han dejado un vac\u00edo en sus familias y en los barrios donde crecieron, donde eran reconocidos por su talento en la cancha y su dedicaci\u00f3n a los equipos del Club 30 de Mayo, Gregorio Luper\u00f3n y la Academia Mart\u00ednez.<\/p>\n\n\n\n<p>El informe policial se\u00f1ala que Yenci Williams Guti\u00e9rrez Mart\u00ednez, alias Chivato, junto a tres pr\u00f3fugos, se present\u00f3 en la escena del crimen con la intenci\u00f3n de realizar una transacci\u00f3n de drogas narc\u00f3ticas (marihuana sint\u00e9tica).<\/p>\n\n\n\n<p>Sin embargo, en el transcurso de dicha transacci\u00f3n narc\u00f3tica, le quitaron la vida a D\u00b4\u00d3leo Cabrera y Grull\u00f3n De La Cruz, &#8220;despoj\u00e1ndolos de la droga y de una pistola que portaba una de las v\u00edctimas&#8221;, y posteriormente emprendieron la huida del lugar del hecho.<\/p>\n\n\n\n<p>En sus comunidades, ubicadas en los kil\u00f3metros 8 y 11 de la avenida Independencia, sus amigos y vecinos a\u00fan intentan asimilar la p\u00e9rdida.<\/p>\n\n\n\n<p>Como muestra de indignaci\u00f3n y dolor, los residentes encendieron velas en las calles esta semana y resaltaron que los fallecidos eran j\u00f3venes trabajadores.<\/p>\n\n\n\n<p>Los hechos<\/p>\n\n\n\n<p>&#8220;Josu\u00e9 ten\u00eda una boutique en Buenos Aires de Herrera y, cuando estaba cerrando el negocio, los asaltantes llegaron para despojarlo de sus pertenencias&#8221;, relat\u00f3 una vecina de Los Kil\u00f3metros.<\/p>\n\n\n\n<p>En el lugar del crimen, agentes de la Polic\u00eda Nacional recolectaron varios casquillos de bala de una pistola calibre 9 mm como parte de la investigaci\u00f3n en curso.<\/p>\n\n\n\n<p>La Polic\u00eda Nacional emiti\u00f3 este s\u00e1bado una alerta de b\u00fasqueda y captura contra tres delincuentes, se\u00f1alados como presuntos responsables del asesinato de Grull\u00f3n de la Cruz y de \u00d3leo Cabrera, por el cual ya hay un detenido.<\/p>\n\n\n\n<p>Los sospechosos han sido identificados como Daurys de los Santos Aguirre, alias &#8220;La Bolanta&#8221;; Darlin Cuevas Amador, alias &#8220;El Capo&#8221;; y Jos\u00e9 Alberto Alc\u00e1ntara Vargas, alias &#8220;Yon el Sicario&#8221;.<\/p>\n\n\n\n<p>Vuelve la calma en Herrera<\/p>\n\n\n\n<p>Tras el asesinato de los j\u00f3venes, los residentes de Buenos Aires de Herrera han retomado la normalidad. Muchos coinciden en que la situaci\u00f3n de inseguridad no es distinta a la que se vive en otras partes del pa\u00eds.<\/p>\n\n\n\n<p>Vecinos de las calles Caracas y Cayena, donde ocurri\u00f3 el hecho, afirman que la seguridad depende de ellos mismos, tanto en sus hogares como en las calles.<\/p>\n\n\n\n<p>&#8220;Eso fue algo sorprendente. Los muertos no son de aqu\u00ed, los matadores no sabemos. Dicen que uno es de La Noria&#8221;, coment\u00f3 un motoconchista del \u00e1rea.<\/p>\n\n\n\n<p>Los comerciantes tambi\u00e9n expresaron su preocupaci\u00f3n, se\u00f1alando que han tenido que cerrar sus negocios m\u00e1s temprano por temor a la violencia.<\/p>\n\n\n\n<p>&#8220;Esta situaci\u00f3n nos hace perder dinero, pues no podemos arriesgarnos a trabajar en horarios nocturnos&#8221;, lament\u00f3 F\u00e9lix Mar\u00eda Pineda, comerciante del sector.<\/p>\n\n\n\n<p>Fuente www.diariolibre.com<\/p>\n","protected":false},"excerpt":{"rendered":"<p>Los comerciantes tambi\u00e9n expresaron su preocupaci\u00f3n, se\u00f1alando que han tenido que cerrar sus negocios m\u00e1s temprano. La violencia les arrebat\u00f3 la vida cuando apenas comenzaban a construir su futuro. N\u00e9stor&hellip;<\/p>\n","protected":false},"author":2,"featured_media":95948,"comment_status":"open","ping_status":"open","sticky":false,"template":"","format":"standard","meta":{"content-type":"","jetpack_post_was_ever_published":false,"_jetpack_newsletter_access":"","_jetpack_dont_email_post_to_subs":false,"_jetpack_newsletter_tier_id":0,"_jetpack_memberships_contains_paywalled_content":false,"_jetpack_memberships_contains_paid_content":false,"footnotes":""},"categories":[35],"tags":[18337,2920,9359,3899,762,3882],"class_list":["post-95947","post","type-post","status-publish","format-standard","has-post-thumbnail","hentry","category-nacionales","tag-arrebata","tag-emprendedores","tag-herrera","tag-jovenes","tag-vida","tag-violencia"],"jetpack_featured_media_url":"https:\/\/lasprimeras.com.do\/wp-content\/uploads\/2025\/03\/El-doble-crimen-en-Herrera-ha-dejado-consternada-a-toda-la-comunidad.jpg","jetpack-related-posts":[{"id":75380,"url":"https:\/\/lasprimeras.com.do\/index.php\/2024\/01\/31\/jovenes-con-abel-senalan-dia-de-la-juventud-los-encuentra-sin-oportunidades\/","url_meta":{"origin":95947,"position":0},"title":"J\u00f3venes con Abel se\u00f1alan D\u00eda de la Juventud los encuentra sin oportunidades","author":"Nelson Feliz","date":"31 de enero de 2024","format":false,"excerpt":"El D\u00eda Nacional de la Juventud en Rep\u00fablica Dominicana encuentra a j\u00f3venes del pa\u00eds con falta de oportunidades, desempleo y desatenci\u00f3n por parte del Gobierno del PRM. As\u00ed lo describi\u00f3 la coordinadora nacional de J\u00f3venes con Abel, Carolina Wegmuller, quien indic\u00f3 que las Casas de la Juventud prometidas por el\u2026","rel":"","context":"En \u00abSin categor\u00eda\u00bb","block_context":{"text":"Sin categor\u00eda","link":"https:\/\/lasprimeras.com.do\/index.php\/category\/sin-categoria\/"},"img":{"alt_text":"","src":"https:\/\/i0.wp.com\/lasprimeras.com.do\/wp-content\/uploads\/2024\/01\/jovenes.jpeg?resize=350%2C200&ssl=1","width":350,"height":200,"srcset":"https:\/\/i0.wp.com\/lasprimeras.com.do\/wp-content\/uploads\/2024\/01\/jovenes.jpeg?resize=350%2C200&ssl=1 1x, https:\/\/i0.wp.com\/lasprimeras.com.do\/wp-content\/uploads\/2024\/01\/jovenes.jpeg?resize=525%2C300&ssl=1 1.5x, https:\/\/i0.wp.com\/lasprimeras.com.do\/wp-content\/uploads\/2024\/01\/jovenes.jpeg?resize=700%2C400&ssl=1 2x"},"classes":[]},{"id":120629,"url":"https:\/\/lasprimeras.com.do\/index.php\/2026\/01\/26\/jovenes-denuncian-abandono-y-desprecio-del-gobierno-prm-exigen-politicas-integrales-video\/","url_meta":{"origin":95947,"position":1},"title":"J\u00f3venes denuncian abandono y desprecio del Gobierno PRM; exigen pol\u00edticas integrales | Video","author":"Nelson Feliz","date":"26 de enero de 2026","format":false,"excerpt":"El PLD, en el d\u00eda de Duarte, demanda la adopci\u00f3n de una Estrategia Nacional de Juventud En la celebraci\u00f3n del d\u00eda del Natalicio del Patricio Juan Pablo Duarte, el Partido de la Liberaci\u00f3n Dominicana (PLD) al resaltar el eterno liderazgo joven del Padre de la Patria, demand\u00f3 del Gobierno adoptar,\u2026","rel":"","context":"En \u00abPOLITICA\u00bb","block_context":{"text":"POLITICA","link":"https:\/\/lasprimeras.com.do\/index.php\/category\/politica\/"},"img":{"alt_text":"Estrategia Nacional de Juventud","src":"https:\/\/i0.wp.com\/lasprimeras.com.do\/wp-content\/uploads\/2026\/01\/pld.jpg?resize=350%2C200&ssl=1","width":350,"height":200,"srcset":"https:\/\/i0.wp.com\/lasprimeras.com.do\/wp-content\/uploads\/2026\/01\/pld.jpg?resize=350%2C200&ssl=1 1x, https:\/\/i0.wp.com\/lasprimeras.com.do\/wp-content\/uploads\/2026\/01\/pld.jpg?resize=525%2C300&ssl=1 1.5x, https:\/\/i0.wp.com\/lasprimeras.com.do\/wp-content\/uploads\/2026\/01\/pld.jpg?resize=700%2C400&ssl=1 2x"},"classes":[]},{"id":128128,"url":"https:\/\/lasprimeras.com.do\/index.php\/2026\/04\/20\/violencia-en-el-bronx-jovenes-asaltan-zonas-dominicanas-y-transporte-publico\/","url_meta":{"origin":95947,"position":2},"title":"Violencia en El Bronx: J\u00f3venes asaltan zonas dominicanas y transporte p\u00fablico","author":"Nelson Feliz","date":"20 de abril de 2026","format":false,"excerpt":"Por Ram\u00f3n Mercedes NUEVA YORK.- La polic\u00eda de este condado persigue activamente a dos j\u00f3venes que han cometido una serie de asaltos desde ciclomotores en vecindarios donde residen cientos de familias dominicanas, entre otras etnias. La uniformada solicita la colaboraci\u00f3n del p\u00fablico para identificar a los sospechosos que aparecen en\u2026","rel":"","context":"En \u00abLA VOZ DE LA DIASPORA\u00bb","block_context":{"text":"LA VOZ DE LA DIASPORA","link":"https:\/\/lasprimeras.com.do\/index.php\/category\/la-voz-de-la-diaspora\/"},"img":{"alt_text":"","src":"","width":0,"height":0},"classes":[]},{"id":103173,"url":"https:\/\/lasprimeras.com.do\/index.php\/2025\/07\/13\/propeep-impulsa-intervencion-en-capotillo-con-apoyo-directo-a-emprendedores-y-jovenes\/","url_meta":{"origin":95947,"position":3},"title":"Propeep impulsa intervenci\u00f3n en Capotillo con apoyo directo a emprendedores y j\u00f3venes","author":"Nelson Feliz","date":"13 de julio de 2025","format":false,"excerpt":"A trav\u00e9s del programa Renacer Contigo, m\u00e1s de 120 personas fueron impactadas en jornada que promueve capacitaci\u00f3n, inclusi\u00f3n financiera y convivencia comunitaria El programa Renacer Contigo, ejecutado por la Direcci\u00f3n General de Proyectos Estrat\u00e9gicos y Especiales de la Presidencia (Propeep), inici\u00f3 una intervenci\u00f3n integral en el sector Capotillo, del Distrito\u2026","rel":"","context":"En \u00abNACIONALES\u00bb","block_context":{"text":"NACIONALES","link":"https:\/\/lasprimeras.com.do\/index.php\/category\/nacionales\/"},"img":{"alt_text":"","src":"https:\/\/i0.wp.com\/lasprimeras.com.do\/wp-content\/uploads\/2025\/07\/propep-1.jpg?resize=350%2C200&ssl=1","width":350,"height":200,"srcset":"https:\/\/i0.wp.com\/lasprimeras.com.do\/wp-content\/uploads\/2025\/07\/propep-1.jpg?resize=350%2C200&ssl=1 1x, https:\/\/i0.wp.com\/lasprimeras.com.do\/wp-content\/uploads\/2025\/07\/propep-1.jpg?resize=525%2C300&ssl=1 1.5x, https:\/\/i0.wp.com\/lasprimeras.com.do\/wp-content\/uploads\/2025\/07\/propep-1.jpg?resize=700%2C400&ssl=1 2x"},"classes":[]},{"id":105489,"url":"https:\/\/lasprimeras.com.do\/index.php\/2025\/08\/04\/eres-joven-emprendedor-asi-puedes-venderle-al-estado-con-la-nueva-ley-47-25\/","url_meta":{"origin":95947,"position":4},"title":"\u00bfEres joven emprendedor? As\u00ed puedes venderle al Estado con la nueva Ley 47-25","author":"Nelson Feliz","date":"4 de agosto de 2025","format":false,"excerpt":"Por Randy SantanaAbogado y Comunicador La reci\u00e9n promulgada Ley 47-25 sobre Compras y Contrataciones P\u00fablicas representa un cambio hist\u00f3rico para los j\u00f3venes emprendedores y peque\u00f1os negocios de la Rep\u00fablica Dominicana. Esta norma actualiza el sistema de compras del Estado y lo vuelve m\u00e1s inclusivo, transparente y accesible, especialmente para las\u2026","rel":"","context":"En \u00abOPINI\u00d3N\u00bb","block_context":{"text":"OPINI\u00d3N","link":"https:\/\/lasprimeras.com.do\/index.php\/category\/opinion\/"},"img":{"alt_text":"","src":"https:\/\/i0.wp.com\/lasprimeras.com.do\/wp-content\/uploads\/2025\/08\/Randy-Santana.jpg?resize=350%2C200&ssl=1","width":350,"height":200,"srcset":"https:\/\/i0.wp.com\/lasprimeras.com.do\/wp-content\/uploads\/2025\/08\/Randy-Santana.jpg?resize=350%2C200&ssl=1 1x, https:\/\/i0.wp.com\/lasprimeras.com.do\/wp-content\/uploads\/2025\/08\/Randy-Santana.jpg?resize=525%2C300&ssl=1 1.5x, https:\/\/i0.wp.com\/lasprimeras.com.do\/wp-content\/uploads\/2025\/08\/Randy-Santana.jpg?resize=700%2C400&ssl=1 2x"},"classes":[]},{"id":80947,"url":"https:\/\/lasprimeras.com.do\/index.php\/2024\/04\/14\/abel-el-gobierno-tiene-dinero-para-comprar-transfugas-y-charlatanes-pero-no-para-el-pueblo\/","url_meta":{"origin":95947,"position":5},"title":"Abel: &#8220;El gobierno tiene dinero para comprar tr\u00e1nsfugas y charlatanes, pero no para el pueblo&#8221;","author":"Nelson Feliz","date":"14 de abril de 2024","format":false,"excerpt":"El candidato presidencial del PLD afirma que no gasta en el pueblo. El candidato presidencial del Partido de la Liberaci\u00f3n Dominicana (PLD), Abel Mart\u00ednez, plante\u00f3 este domingo que el Gobierno no tiene dinero para mejorar la calidad de vida del pueblo, pero s\u00ed \"para comprar tr\u00e1nsfugas, charlatanes y sinverg\u00fcenzas\" Durante\u2026","rel":"","context":"En \u00abPORTADA\u00bb","block_context":{"text":"PORTADA","link":"https:\/\/lasprimeras.com.do\/index.php\/category\/portada\/"},"img":{"alt_text":"Abel Mart\u00ednez","src":"https:\/\/i0.wp.com\/lasprimeras.com.do\/wp-content\/uploads\/2024\/04\/Abel-Martinez.jpg?resize=350%2C200&ssl=1","width":350,"height":200,"srcset":"https:\/\/i0.wp.com\/lasprimeras.com.do\/wp-content\/uploads\/2024\/04\/Abel-Martinez.jpg?resize=350%2C200&ssl=1 1x, https:\/\/i0.wp.com\/lasprimeras.com.do\/wp-content\/uploads\/2024\/04\/Abel-Martinez.jpg?resize=525%2C300&ssl=1 1.5x, https:\/\/i0.wp.com\/lasprimeras.com.do\/wp-content\/uploads\/2024\/04\/Abel-Martinez.jpg?resize=700%2C400&ssl=1 2x"},"classes":[]}],"jetpack_sharing_enabled":true,"_links":{"self":[{"href":"https:\/\/lasprimeras.com.do\/index.php\/wp-json\/wp\/v2\/posts\/95947","targetHints":{"allow":["GET"]}}],"collection":[{"href":"https:\/\/lasprimeras.com.do\/index.php\/wp-json\/wp\/v2\/posts"}],"about":[{"href":"https:\/\/lasprimeras.com.do\/index.php\/wp-json\/wp\/v2\/types\/post"}],"author":[{"embeddable":true,"href":"https:\/\/lasprimeras.com.do\/index.php\/wp-json\/wp\/v2\/users\/2"}],"replies":[{"embeddable":true,"href":"https:\/\/lasprimeras.com.do\/index.php\/wp-json\/wp\/v2\/comments?post=95947"}],"version-history":[{"count":1,"href":"https:\/\/lasprimeras.com.do\/index.php\/wp-json\/wp\/v2\/posts\/95947\/revisions"}],"predecessor-version":[{"id":95949,"href":"https:\/\/lasprimeras.com.do\/index.php\/wp-json\/wp\/v2\/posts\/95947\/revisions\/95949"}],"wp:featuredmedia":[{"embeddable":true,"href":"https:\/\/lasprimeras.com.do\/index.php\/wp-json\/wp\/v2\/media\/95948"}],"wp:attachment":[{"href":"https:\/\/lasprimeras.com.do\/index.php\/wp-json\/wp\/v2\/media?parent=95947"}],"wp:term":[{"taxonomy":"category","embeddable":true,"href":"https:\/\/lasprimeras.com.do\/index.php\/wp-json\/wp\/v2\/categories?post=95947"},{"taxonomy":"post_tag","embeddable":true,"href":"https:\/\/lasprimeras.com.do\/index.php\/wp-json\/wp\/v2\/tags?post=95947"}],"curies":[{"name":"wp","href":"https:\/\/api.w.org\/{rel}","templated":true}]}}