{"id":95950,"date":"2025-03-23T11:51:48","date_gmt":"2025-03-23T15:51:48","guid":{"rendered":"https:\/\/lasprimeras.com.do\/?p=95950"},"modified":"2025-03-23T11:51:49","modified_gmt":"2025-03-23T15:51:49","slug":"la-embajada-de-ee-uu-anuncia-suspension-de-servicios-en-agencia-consular-de-punta-cana","status":"publish","type":"post","link":"https:\/\/lasprimeras.com.do\/index.php\/2025\/03\/23\/la-embajada-de-ee-uu-anuncia-suspension-de-servicios-en-agencia-consular-de-punta-cana\/","title":{"rendered":"La embajada de EE. UU. anuncia suspensi\u00f3n de servicios en agencia consular de Punta Cana"},"content":{"rendered":"\n<p><strong>Citas y servicios en Embajada y Agencia Consular.<\/strong><\/p>\n\n\n\n<p>La embajada de los Estados Unidos en la Rep\u00fablica Dominicana anunci\u00f3 este viernes la suspensi\u00f3n temporal del servicio de pasaportes y notaria en la Agencia Consular de Punta Cana para los ciudadanos estadounidenses.<\/p>\n\n\n\n<p>Informaron que los interesados pueden hacer citas para dichos servicios en las otras oficinas en el pa\u00eds que son en la Embajada ubicada en Santo Domingo y la Agencia Consular de Puerto Plata. Las citas pueden realizarse a trav\u00e9s de su plataforma web.<\/p>\n\n\n\n<p>&#8220;La Embajada emitir\u00e1 un aviso previo si se disponen citas limitadas en la Agencia Consular de Punta Cana&#8221;, declararon a trav\u00e9s de un post en las redes oficiales de la legaci\u00f3n.<\/p>\n\n\n\n<p>La representaci\u00f3n diplom\u00e1tica afirm\u00f3 que si un ciudadano estadounidense tiene un viaje urgente y es elegible para un pasaporte urgente deber\u00e1 hacer una cita de emergencia por medio de la misma Embajada en Santo Domingo.<\/p>\n\n\n\n<p>Agencias consulares<\/p>\n\n\n\n<p>La embajada de los Estados Unidos en el pa\u00eds tiene dos agencias consulares; una en Punta Cana y otra en Puerto Plata, que ofrecen servicios a los norteamericanos que residen o visiten las \u00e1reas.<\/p>\n\n\n\n<p>En las cuales ofrecen servicios de asistencia de emergencia, servicios notariales y aceptaci\u00f3n e solicitudes de pasaportes de los EE. UU. para sus ciudadanos.<\/p>\n\n\n\n<figure class=\"wp-block-image size-large\"><img decoding=\"async\" width=\"1024\" height=\"714\" src=\"https:\/\/lasprimeras.com.do\/wp-content\/uploads\/2025\/03\/Embajada-de-EEUU-en-RD-suspende-servicios-en-Punta-Cana-1024x714.jpg\" alt=\"\" class=\"wp-image-95951\" srcset=\"https:\/\/lasprimeras.com.do\/wp-content\/uploads\/2025\/03\/Embajada-de-EEUU-en-RD-suspende-servicios-en-Punta-Cana-1024x714.jpg 1024w, https:\/\/lasprimeras.com.do\/wp-content\/uploads\/2025\/03\/Embajada-de-EEUU-en-RD-suspende-servicios-en-Punta-Cana-300x209.jpg 300w, https:\/\/lasprimeras.com.do\/wp-content\/uploads\/2025\/03\/Embajada-de-EEUU-en-RD-suspende-servicios-en-Punta-Cana-768x536.jpg 768w, https:\/\/lasprimeras.com.do\/wp-content\/uploads\/2025\/03\/Embajada-de-EEUU-en-RD-suspende-servicios-en-Punta-Cana.jpg 1164w\" sizes=\"(max-width: 1024px) 100vw, 1024px\" \/><\/figure>\n","protected":false},"excerpt":{"rendered":"<p>Citas y servicios en Embajada y Agencia Consular. La embajada de los Estados Unidos en la Rep\u00fablica Dominicana anunci\u00f3 este viernes la suspensi\u00f3n temporal del servicio de pasaportes y notaria&hellip;<\/p>\n","protected":false},"author":2,"featured_media":92239,"comment_status":"open","ping_status":"open","sticky":false,"template":"","format":"standard","meta":{"content-type":"","jetpack_post_was_ever_published":false,"_jetpack_newsletter_access":"","_jetpack_dont_email_post_to_subs":false,"_jetpack_newsletter_tier_id":0,"_jetpack_memberships_contains_paywalled_content":false,"_jetpack_memberships_contains_paid_content":false,"footnotes":""},"categories":[35,25],"tags":[18338,11741,1308,994,2189],"class_list":["post-95950","post","type-post","status-publish","format-standard","has-post-thumbnail","hentry","category-nacionales","category-portada","tag-agencia-consular","tag-embajada-de-ee-uu","tag-punta-cana","tag-servicios","tag-suspension"],"jetpack_featured_media_url":"https:\/\/lasprimeras.com.do\/wp-content\/uploads\/2025\/01\/Embajada-de-EE.UU_.-en-RD.jpg","jetpack-related-posts":[{"id":108323,"url":"https:\/\/lasprimeras.com.do\/index.php\/2025\/09\/04\/embajada-de-rd-en-londres-ofrece-servicios-de-visas-y-renovacion-de-pasaportes\/","url_meta":{"origin":95950,"position":0},"title":"Embajada de RD en Londres ofrece servicios de visas y renovaci\u00f3n de pasaportes","author":"Nelson Feliz","date":"4 de septiembre de 2025","format":false,"excerpt":"La embajadora Rosa Hern\u00e1ndez de Grull\u00f3n hizo entrega formal de la primera visa emitida por la secci\u00f3n consular. La Embajada de la Rep\u00fablica Dominicana en Londres inform\u00f3 hoy que, a partir de este mes, su secci\u00f3n consular ofrecer\u00e1 servicios de visado y renovaci\u00f3n de pasaportes. Como parte de este nuevo\u2026","rel":"","context":"En \u00abNACIONALES\u00bb","block_context":{"text":"NACIONALES","link":"https:\/\/lasprimeras.com.do\/index.php\/category\/nacionales\/"},"img":{"alt_text":"","src":"https:\/\/i0.wp.com\/lasprimeras.com.do\/wp-content\/uploads\/2025\/09\/Rosa-Hernandez-de-Grullon.jpg?resize=350%2C200&ssl=1","width":350,"height":200,"srcset":"https:\/\/i0.wp.com\/lasprimeras.com.do\/wp-content\/uploads\/2025\/09\/Rosa-Hernandez-de-Grullon.jpg?resize=350%2C200&ssl=1 1x, https:\/\/i0.wp.com\/lasprimeras.com.do\/wp-content\/uploads\/2025\/09\/Rosa-Hernandez-de-Grullon.jpg?resize=525%2C300&ssl=1 1.5x, https:\/\/i0.wp.com\/lasprimeras.com.do\/wp-content\/uploads\/2025\/09\/Rosa-Hernandez-de-Grullon.jpg?resize=700%2C400&ssl=1 2x"},"classes":[]},{"id":110556,"url":"https:\/\/lasprimeras.com.do\/index.php\/2025\/09\/29\/embajada-ee-uu-en-rd-cancelaria-visas-a-quienes-paguen-para-adelantar-citas\/","url_meta":{"origin":95950,"position":1},"title":"Embajada EE.UU. en RD cancelar\u00eda visas a quienes paguen para adelantar citas","author":"Nelson Feliz","date":"29 de septiembre de 2025","format":false,"excerpt":"La Embajada de Estados Unidos en Rep\u00fablica Dominicana emite advertencia a solicitantes de visa sobre adelanto de citas. La Embajada de Estados Unidos en Rep\u00fablica Dominicana pidi\u00f3 este lunes a los solicitantes de visa no recurrir a personas que ofrecen adelantar las citas consulares. La misi\u00f3n diplom\u00e1tica advirti\u00f3 que pagar\u2026","rel":"","context":"En \u00abNACIONALES\u00bb","block_context":{"text":"NACIONALES","link":"https:\/\/lasprimeras.com.do\/index.php\/category\/nacionales\/"},"img":{"alt_text":"","src":"https:\/\/i0.wp.com\/lasprimeras.com.do\/wp-content\/uploads\/2025\/01\/Embajada-de-EE.UU_.-en-RD.jpg?resize=350%2C200&ssl=1","width":350,"height":200,"srcset":"https:\/\/i0.wp.com\/lasprimeras.com.do\/wp-content\/uploads\/2025\/01\/Embajada-de-EE.UU_.-en-RD.jpg?resize=350%2C200&ssl=1 1x, https:\/\/i0.wp.com\/lasprimeras.com.do\/wp-content\/uploads\/2025\/01\/Embajada-de-EE.UU_.-en-RD.jpg?resize=525%2C300&ssl=1 1.5x"},"classes":[]},{"id":48487,"url":"https:\/\/lasprimeras.com.do\/index.php\/2023\/05\/01\/mas-de-60-mil-personas-solicitaran-visas-de-residencia-a-los-estados-unidos-este-ano-dice-consul\/","url_meta":{"origin":95950,"position":2},"title":"M\u00e1s de 60 mil personas solicitar\u00e1n visas de residencia a los Estados Unidos este a\u00f1o, dice c\u00f3nsul","author":"prenxa100","date":"1 de mayo de 2023","format":false,"excerpt":"Punta Cana, RD.-. La Embajada de los Estados Unidos en Rep\u00fablica Dominicana procesa este a\u00f1o una cifra r\u00e9cord de solicitudes de visas de residencia, revel\u00f3 el c\u00f3nsul general Greg Segas. De acuerdo a las informaciones, la embajada norteamericana en el pa\u00eds otorg\u00f3 a m\u00e1s de 130 mil personas \u201cvisas de\u2026","rel":"","context":"En \u00abNACIONALES\u00bb","block_context":{"text":"NACIONALES","link":"https:\/\/lasprimeras.com.do\/index.php\/category\/nacionales\/"},"img":{"alt_text":"","src":"","width":0,"height":0},"classes":[]},{"id":91173,"url":"https:\/\/lasprimeras.com.do\/index.php\/2024\/11\/12\/la-embajada-de-gran-bretana-e-irlanda-instalan-primer-consulado-movil-en-escocia\/","url_meta":{"origin":95950,"position":3},"title":"La Embajada de Gran Breta\u00f1a e Irlanda instalan Primer Consulado M\u00f3vil en Escocia","author":"Nelson Feliz","date":"12 de noviembre de 2024","format":false,"excerpt":"Por Emmanuel Solano Edimburgo fue escenario del\"Primer Consulado M\u00f3vil \" de la Embajada de la Rep\u00fablica Dominicana en el Reino Unido de Gran Breta\u00f1a e Irlanda del Norte, iniciativa que busca acercar los servicios consulares y fortalecer los lazos con la comunidad dominicana residente en Escocia. El presidente de la\u2026","rel":"","context":"En \u00abNACIONALES\u00bb","block_context":{"text":"NACIONALES","link":"https:\/\/lasprimeras.com.do\/index.php\/category\/nacionales\/"},"img":{"alt_text":"","src":"https:\/\/i0.wp.com\/lasprimeras.com.do\/wp-content\/uploads\/2024\/11\/FOTO-OFICIAL.jpg?resize=350%2C200&ssl=1","width":350,"height":200},"classes":[]},{"id":89275,"url":"https:\/\/lasprimeras.com.do\/index.php\/2024\/09\/20\/abinader-designa-nuevos-consules-embajadores-y-directora-del-despacho-presidencial\/","url_meta":{"origin":95950,"position":4},"title":"Abinader designa nuevos c\u00f3nsules, embajadores y directora del Despacho Presidencial","author":"Nelson Feliz","date":"20 de septiembre de 2024","format":false,"excerpt":"Tambi\u00e9n se nombran nuevos miembros del Consejo de Directores del Banco de Reservas El presidente Luis Abinader emiti\u00f3 los decretos 515-24, 554-24 y 555-24 mediante los cuales se realizan cambios en el Despacho Presidencial, consulados generales de la Rep\u00fablica Dominicana en diversos pa\u00edses, el servicio interno del Ministerio de Relaciones\u2026","rel":"","context":"En \u00abNACIONALES\u00bb","block_context":{"text":"NACIONALES","link":"https:\/\/lasprimeras.com.do\/index.php\/category\/nacionales\/"},"img":{"alt_text":"","src":"https:\/\/i0.wp.com\/lasprimeras.com.do\/wp-content\/uploads\/2024\/09\/ny.jpeg?resize=350%2C200&ssl=1","width":350,"height":200,"srcset":"https:\/\/i0.wp.com\/lasprimeras.com.do\/wp-content\/uploads\/2024\/09\/ny.jpeg?resize=350%2C200&ssl=1 1x, https:\/\/i0.wp.com\/lasprimeras.com.do\/wp-content\/uploads\/2024\/09\/ny.jpeg?resize=525%2C300&ssl=1 1.5x, https:\/\/i0.wp.com\/lasprimeras.com.do\/wp-content\/uploads\/2024\/09\/ny.jpeg?resize=700%2C400&ssl=1 2x, https:\/\/i0.wp.com\/lasprimeras.com.do\/wp-content\/uploads\/2024\/09\/ny.jpeg?resize=1050%2C600&ssl=1 3x"},"classes":[]},{"id":122530,"url":"https:\/\/lasprimeras.com.do\/index.php\/2026\/02\/18\/embajada-de-ee-uu-en-rd-detalla-como-solicitar-una-cita-de-emergencia-para-visa\/","url_meta":{"origin":95950,"position":5},"title":"Embajada de EE. UU. en RD detalla c\u00f3mo solicitar una cita de emergencia para visa","author":"Nelson Feliz","date":"18 de febrero de 2026","format":false,"excerpt":"Los solicitantes deben completar el formulario DS-160 y pagar la tarifa de visa antes de solicitar una cita de emergencia, seg\u00fan indica la embajada. La Embajada de los Estados Unidos en Santo Domingo explic\u00f3 este mi\u00e9rcoles los pasos que deben seguir los solicitantes que necesiten una cita de visa de\u2026","rel":"","context":"En \u00abNACIONALES\u00bb","block_context":{"text":"NACIONALES","link":"https:\/\/lasprimeras.com.do\/index.php\/category\/nacionales\/"},"img":{"alt_text":"","src":"https:\/\/i0.wp.com\/lasprimeras.com.do\/wp-content\/uploads\/2025\/01\/Embajada-de-EE.UU_.-en-RD.jpg?resize=350%2C200&ssl=1","width":350,"height":200,"srcset":"https:\/\/i0.wp.com\/lasprimeras.com.do\/wp-content\/uploads\/2025\/01\/Embajada-de-EE.UU_.-en-RD.jpg?resize=350%2C200&ssl=1 1x, https:\/\/i0.wp.com\/lasprimeras.com.do\/wp-content\/uploads\/2025\/01\/Embajada-de-EE.UU_.-en-RD.jpg?resize=525%2C300&ssl=1 1.5x"},"classes":[]}],"jetpack_sharing_enabled":true,"_links":{"self":[{"href":"https:\/\/lasprimeras.com.do\/index.php\/wp-json\/wp\/v2\/posts\/95950","targetHints":{"allow":["GET"]}}],"collection":[{"href":"https:\/\/lasprimeras.com.do\/index.php\/wp-json\/wp\/v2\/posts"}],"about":[{"href":"https:\/\/lasprimeras.com.do\/index.php\/wp-json\/wp\/v2\/types\/post"}],"author":[{"embeddable":true,"href":"https:\/\/lasprimeras.com.do\/index.php\/wp-json\/wp\/v2\/users\/2"}],"replies":[{"embeddable":true,"href":"https:\/\/lasprimeras.com.do\/index.php\/wp-json\/wp\/v2\/comments?post=95950"}],"version-history":[{"count":1,"href":"https:\/\/lasprimeras.com.do\/index.php\/wp-json\/wp\/v2\/posts\/95950\/revisions"}],"predecessor-version":[{"id":95952,"href":"https:\/\/lasprimeras.com.do\/index.php\/wp-json\/wp\/v2\/posts\/95950\/revisions\/95952"}],"wp:featuredmedia":[{"embeddable":true,"href":"https:\/\/lasprimeras.com.do\/index.php\/wp-json\/wp\/v2\/media\/92239"}],"wp:attachment":[{"href":"https:\/\/lasprimeras.com.do\/index.php\/wp-json\/wp\/v2\/media?parent=95950"}],"wp:term":[{"taxonomy":"category","embeddable":true,"href":"https:\/\/lasprimeras.com.do\/index.php\/wp-json\/wp\/v2\/categories?post=95950"},{"taxonomy":"post_tag","embeddable":true,"href":"https:\/\/lasprimeras.com.do\/index.php\/wp-json\/wp\/v2\/tags?post=95950"}],"curies":[{"name":"wp","href":"https:\/\/api.w.org\/{rel}","templated":true}]}}