{"id":95953,"date":"2025-03-23T12:21:57","date_gmt":"2025-03-23T16:21:57","guid":{"rendered":"https:\/\/lasprimeras.com.do\/?p=95953"},"modified":"2025-03-23T12:21:59","modified_gmt":"2025-03-23T16:21:59","slug":"faride-raful-se-reune-con-juntas-de-vecinos-del-dn-fortalecera-la-seguridad-ciudadana","status":"publish","type":"post","link":"https:\/\/lasprimeras.com.do\/index.php\/2025\/03\/23\/faride-raful-se-reune-con-juntas-de-vecinos-del-dn-fortalecera-la-seguridad-ciudadana\/","title":{"rendered":"Faride Raful se re\u00fane con juntas de vecinos del DN; fortalecer\u00e1 la seguridad ciudadana"},"content":{"rendered":"\n<p><strong>La ministra inst\u00f3 a los presidentes de las juntas a mantener la comunicaci\u00f3n con los comandantes locales.<\/strong><\/p>\n\n\n\n<p>La ministra de Interior y Polic\u00eda, Faride Raful se reuni\u00f3 este fin de semana en la sede del Ministerio con representantes de las juntas de vecinos de la Circunscripci\u00f3n 1, donde estuvo acompa\u00f1ada por los comandantes policiales de cada zona, as\u00ed como por autoridades de dicha cartera.<\/p>\n\n\n\n<p>Durante la reuni\u00f3n, los representantes de las juntas de vecinos expusieron diversas problem\u00e1ticas que afectan a sus comunidades, entre las que se encuentran veh\u00edculos estacionados en aceras, talleres en las calles, falta de luminarias, sem\u00e1foros y c\u00e1maras del 911, robos, contaminaci\u00f3n s\u00f3nica y reductores de velocidad sin control.<\/p>\n\n\n\n<p>En respuesta a estas inquietudes planteadas, la ministra de Interior y Polic\u00eda garantiz\u00f3 el fortalecimiento de las medidas de seguridad ciudadana, que incluyen estrategias para solucionar los problemas de tr\u00e1nsito y movilidad en la capital dominicana.<\/p>\n\n\n\n<p>&#8220;La problem\u00e1tica del tr\u00e1nsito es un aspecto fundamental de la seguridad ciudadana. Desde el Ministerio de Interior y Polic\u00eda trabajamos las 24 horas del d\u00eda en todos los temas que contribuyen a garantizar la paz y tranquilidad de la ciudadan\u00eda&#8221;, destac\u00f3 la Raful durante su intervenci\u00f3n.<\/p>\n\n\n\n<p>Faride, inst\u00f3 a los presidentes de las juntas de vecinos a mantener una comunicaci\u00f3n estrecha con los comandantes de sus respectivos sectores, con el objetivo de identificar y resolver cualquier situaci\u00f3n que afecte el bienestar de las comunidades.<\/p>\n\n\n\n<p>Asimismo, mencion\u00f3 los avances en la modificaci\u00f3n de la Ley 63-17 de Movilidad, Transporte Terrestre, Tr\u00e1nsito y Seguridad Vial, la cual busca incrementar las consecuencias legales en casos de muertes por accidentes de tr\u00e1nsito.<\/p>\n\n\n\n<p>&#8220;La seguridad ciudadana es una responsabilidad compartida que involucra a toda la sociedad, no solo al Ministerio de Interior y Polic\u00eda. Solicitamos el apoyo de todos, especialmente de las juntas de vecinos, para velar diariamente por el bienestar de nuestras comunidades&#8221;, afirm\u00f3 Faride Raful.<\/p>\n","protected":false},"excerpt":{"rendered":"<p>La ministra inst\u00f3 a los presidentes de las juntas a mantener la comunicaci\u00f3n con los comandantes locales. La ministra de Interior y Polic\u00eda, Faride Raful se reuni\u00f3 este fin de&hellip;<\/p>\n","protected":false},"author":2,"featured_media":95954,"comment_status":"open","ping_status":"open","sticky":false,"template":"","format":"standard","meta":{"content-type":"","jetpack_post_was_ever_published":false,"_jetpack_newsletter_access":"","_jetpack_dont_email_post_to_subs":false,"_jetpack_newsletter_tier_id":0,"_jetpack_memberships_contains_paywalled_content":false,"_jetpack_memberships_contains_paid_content":false,"footnotes":""},"categories":[35,25],"tags":[2162,996,4816,4774],"class_list":["post-95953","post","type-post","status-publish","format-standard","has-post-thumbnail","hentry","category-nacionales","category-portada","tag-dn","tag-faride-raful","tag-juntas-de-vecinos","tag-seguridad-ciudadana"],"jetpack_featured_media_url":"https:\/\/lasprimeras.com.do\/wp-content\/uploads\/2025\/03\/Faride-Raful.jpg","jetpack-related-posts":[{"id":111692,"url":"https:\/\/lasprimeras.com.do\/index.php\/2025\/10\/12\/faride-raful-garantiza-orden-y-paz-ante-llamado-a-paro-en-navarrete\/","url_meta":{"origin":95953,"position":0},"title":"Faride Raful garantiza orden y paz ante llamado a paro en Navarrete","author":"Nelson Feliz","date":"12 de octubre de 2025","format":false,"excerpt":"La ministra de Interior y Polic\u00eda, Faride Raful, garantiz\u00f3 este domingo el orden y la paz en el municipio de Navarrete, ante el llamado a paro por 48 horas convocado por organizaciones sociales para este lunes y martes. Raful ofreci\u00f3 sus declaraciones durante una visita al director regional Cibao Central\u2026","rel":"","context":"En \u00abMILITARES\u00bb","block_context":{"text":"MILITARES","link":"https:\/\/lasprimeras.com.do\/index.php\/category\/militares\/"},"img":{"alt_text":"Faride Raful","src":"https:\/\/i0.wp.com\/lasprimeras.com.do\/wp-content\/uploads\/2025\/01\/Faride-Raful.jpeg?resize=350%2C200&ssl=1","width":350,"height":200,"srcset":"https:\/\/i0.wp.com\/lasprimeras.com.do\/wp-content\/uploads\/2025\/01\/Faride-Raful.jpeg?resize=350%2C200&ssl=1 1x, https:\/\/i0.wp.com\/lasprimeras.com.do\/wp-content\/uploads\/2025\/01\/Faride-Raful.jpeg?resize=525%2C300&ssl=1 1.5x, https:\/\/i0.wp.com\/lasprimeras.com.do\/wp-content\/uploads\/2025\/01\/Faride-Raful.jpeg?resize=700%2C400&ssl=1 2x"},"classes":[]},{"id":103331,"url":"https:\/\/lasprimeras.com.do\/index.php\/2025\/07\/14\/faride-raful-estadisticas-reflejan-efectividad-en-reduccion-de-homicidios-y-robos\/","url_meta":{"origin":95953,"position":1},"title":"Faride Raful: Estad\u00edsticas reflejan efectividad en reducci\u00f3n de homicidios y robos","author":"Nelson Feliz","date":"14 de julio de 2025","format":false,"excerpt":"-Ministra Faride Raful ofrece detalles tras reuni\u00f3n de seguridad encabezada por la vicepresidenta Raquel Pe\u00f1a. La ministra de Interior y Polic\u00eda, Faride Raful, present\u00f3 este lunes los m\u00e1s recientes indicadores sobre la criminalidad en el pa\u00eds, destacando la significativa reducci\u00f3n tanto en homicidios como en robos, lo cual es el\u2026","rel":"","context":"En \u00abMILITARES\u00bb","block_context":{"text":"MILITARES","link":"https:\/\/lasprimeras.com.do\/index.php\/category\/militares\/"},"img":{"alt_text":"","src":"https:\/\/i0.wp.com\/lasprimeras.com.do\/wp-content\/uploads\/2025\/07\/Faride-Raful-1.jpg?resize=350%2C200&ssl=1","width":350,"height":200,"srcset":"https:\/\/i0.wp.com\/lasprimeras.com.do\/wp-content\/uploads\/2025\/07\/Faride-Raful-1.jpg?resize=350%2C200&ssl=1 1x, https:\/\/i0.wp.com\/lasprimeras.com.do\/wp-content\/uploads\/2025\/07\/Faride-Raful-1.jpg?resize=525%2C300&ssl=1 1.5x, https:\/\/i0.wp.com\/lasprimeras.com.do\/wp-content\/uploads\/2025\/07\/Faride-Raful-1.jpg?resize=700%2C400&ssl=1 2x"},"classes":[]},{"id":87907,"url":"https:\/\/lasprimeras.com.do\/index.php\/2024\/08\/19\/faride-raful-se-estrena-como-ministra-de-interior-y-vocera-de-la-reunion-sobre-seguridad-ciudadana\/","url_meta":{"origin":95953,"position":2},"title":"Faride Raful se estrena como ministra de Interior y vocera de la reuni\u00f3n sobre seguridad ciudadana","author":"Nelson Feliz","date":"19 de agosto de 2024","format":false,"excerpt":"La funcionaria asegur\u00f3 que se enfocar\u00e1 en aplicar los planes existentes. La ministra de Interior y Polic\u00eda Faride Raful particip\u00f3 por primera vez en la reuni\u00f3n semanal sobre seguridad ciudadana, que este lunes encabez\u00f3 la vicepresidenta Raquel Pe\u00f1a. Raful asumi\u00f3 a partir de hoy la vocer\u00eda de reuni\u00f3n y encabez\u00f3\u2026","rel":"","context":"En \u00abNACIONALES\u00bb","block_context":{"text":"NACIONALES","link":"https:\/\/lasprimeras.com.do\/index.php\/category\/nacionales\/"},"img":{"alt_text":"Faride Raful","src":"https:\/\/i0.wp.com\/lasprimeras.com.do\/wp-content\/uploads\/2023\/09\/Faride-Raful.jpg?resize=350%2C200&ssl=1","width":350,"height":200},"classes":[]},{"id":116764,"url":"https:\/\/lasprimeras.com.do\/index.php\/2025\/12\/03\/ministra-de-interior-integra-casi-25000-nuevos-policias-al-patrullaje-navideno\/","url_meta":{"origin":95953,"position":3},"title":"Ministra de Interior integra casi 25,000 nuevos polic\u00edas al patrullaje navide\u00f1o","author":"Nelson Feliz","date":"3 de diciembre de 2025","format":false,"excerpt":"La ministra de Interior y Polic\u00eda, Faride Raful, inform\u00f3 que el pa\u00eds aumenta su capacidad operativa pasando de 19,000 agentes en las calles a casi 25,000, integrando la promoci\u00f3n m\u00e1s grande de nuevos polic\u00edas, hombres y mujeres preparados para prevenir, disuadir, vigilar y proteger, durante las festividades de Navidad, A\u00f1o\u2026","rel":"","context":"En \u00abNACIONALES\u00bb","block_context":{"text":"NACIONALES","link":"https:\/\/lasprimeras.com.do\/index.php\/category\/nacionales\/"},"img":{"alt_text":"","src":"https:\/\/i0.wp.com\/lasprimeras.com.do\/wp-content\/uploads\/2025\/12\/Faride-Raful-1.jpg?resize=350%2C200&ssl=1","width":350,"height":200,"srcset":"https:\/\/i0.wp.com\/lasprimeras.com.do\/wp-content\/uploads\/2025\/12\/Faride-Raful-1.jpg?resize=350%2C200&ssl=1 1x, https:\/\/i0.wp.com\/lasprimeras.com.do\/wp-content\/uploads\/2025\/12\/Faride-Raful-1.jpg?resize=525%2C300&ssl=1 1.5x, https:\/\/i0.wp.com\/lasprimeras.com.do\/wp-content\/uploads\/2025\/12\/Faride-Raful-1.jpg?resize=700%2C400&ssl=1 2x"},"classes":[]},{"id":105024,"url":"https:\/\/lasprimeras.com.do\/index.php\/2025\/07\/29\/dictan-impedimento-de-salida-garantia-economica-a-la-torita-por-caso-de-faride-raful\/","url_meta":{"origin":95953,"position":4},"title":"Dictan impedimento de salida, garant\u00eda econ\u00f3mica a &#8220;la Torita&#8221; por caso de Faride Raful","author":"Nelson Feliz","date":"29 de julio de 2025","format":false,"excerpt":"Ingrid Jorge fue sometida por alegada difamaci\u00f3n e injuria contra Faride Raful, ministra de Interior y Polic\u00eda. La jueza Yanibet Rivas, del Sexto Juzgado de la Instrucci\u00f3n del Distrito Nacional, impuso la tarde de este martes medida de coerci\u00f3n contra la creadora de contenido Ingrid Jorge, conocida como \"la Torita\",\u2026","rel":"","context":"En \u00abJUSTICIA\u00bb","block_context":{"text":"JUSTICIA","link":"https:\/\/lasprimeras.com.do\/index.php\/category\/justicia\/"},"img":{"alt_text":"","src":"https:\/\/i0.wp.com\/lasprimeras.com.do\/wp-content\/uploads\/2025\/07\/Faride-Raful.jpg?resize=350%2C200&ssl=1","width":350,"height":200,"srcset":"https:\/\/i0.wp.com\/lasprimeras.com.do\/wp-content\/uploads\/2025\/07\/Faride-Raful.jpg?resize=350%2C200&ssl=1 1x, https:\/\/i0.wp.com\/lasprimeras.com.do\/wp-content\/uploads\/2025\/07\/Faride-Raful.jpg?resize=525%2C300&ssl=1 1.5x, https:\/\/i0.wp.com\/lasprimeras.com.do\/wp-content\/uploads\/2025\/07\/Faride-Raful.jpg?resize=700%2C400&ssl=1 2x"},"classes":[]},{"id":109655,"url":"https:\/\/lasprimeras.com.do\/index.php\/2025\/09\/21\/leonel-fernandez-recibe-en-funglode-a-faride-raful-y-a-la-comision-de-reforma-policial\/","url_meta":{"origin":95953,"position":5},"title":"Leonel Fern\u00e1ndez recibe en Funglode a Faride Raful y a la Comisi\u00f3n de Reforma Policial","author":"Nelson Feliz","date":"21 de septiembre de 2025","format":false,"excerpt":"El expresidente y l\u00edder de Fuerza del Pueblo sostuvo un encuentro en el que se present\u00f3 el anteproyecto de ley de reforma policial. El presidente de la Fuerza del Pueblo y expresidente de la Rep\u00fablica, Leonel Fern\u00e1ndez, recibi\u00f3 en la sede de la Fundaci\u00f3n Global Democracia y Desarrollo (Funglode) a\u2026","rel":"","context":"En \u00abPOLITICA\u00bb","block_context":{"text":"POLITICA","link":"https:\/\/lasprimeras.com.do\/index.php\/category\/politica\/"},"img":{"alt_text":"","src":"","width":0,"height":0},"classes":[]}],"jetpack_sharing_enabled":true,"_links":{"self":[{"href":"https:\/\/lasprimeras.com.do\/index.php\/wp-json\/wp\/v2\/posts\/95953","targetHints":{"allow":["GET"]}}],"collection":[{"href":"https:\/\/lasprimeras.com.do\/index.php\/wp-json\/wp\/v2\/posts"}],"about":[{"href":"https:\/\/lasprimeras.com.do\/index.php\/wp-json\/wp\/v2\/types\/post"}],"author":[{"embeddable":true,"href":"https:\/\/lasprimeras.com.do\/index.php\/wp-json\/wp\/v2\/users\/2"}],"replies":[{"embeddable":true,"href":"https:\/\/lasprimeras.com.do\/index.php\/wp-json\/wp\/v2\/comments?post=95953"}],"version-history":[{"count":1,"href":"https:\/\/lasprimeras.com.do\/index.php\/wp-json\/wp\/v2\/posts\/95953\/revisions"}],"predecessor-version":[{"id":95955,"href":"https:\/\/lasprimeras.com.do\/index.php\/wp-json\/wp\/v2\/posts\/95953\/revisions\/95955"}],"wp:featuredmedia":[{"embeddable":true,"href":"https:\/\/lasprimeras.com.do\/index.php\/wp-json\/wp\/v2\/media\/95954"}],"wp:attachment":[{"href":"https:\/\/lasprimeras.com.do\/index.php\/wp-json\/wp\/v2\/media?parent=95953"}],"wp:term":[{"taxonomy":"category","embeddable":true,"href":"https:\/\/lasprimeras.com.do\/index.php\/wp-json\/wp\/v2\/categories?post=95953"},{"taxonomy":"post_tag","embeddable":true,"href":"https:\/\/lasprimeras.com.do\/index.php\/wp-json\/wp\/v2\/tags?post=95953"}],"curies":[{"name":"wp","href":"https:\/\/api.w.org\/{rel}","templated":true}]}}