{"id":95956,"date":"2025-03-23T14:38:55","date_gmt":"2025-03-23T18:38:55","guid":{"rendered":"https:\/\/lasprimeras.com.do\/?p=95956"},"modified":"2025-03-23T14:38:57","modified_gmt":"2025-03-23T18:38:57","slug":"lama-destaca-transformacion-del-sector-salud-en-los-gobierno-abinader","status":"publish","type":"post","link":"https:\/\/lasprimeras.com.do\/index.php\/2025\/03\/23\/lama-destaca-transformacion-del-sector-salud-en-los-gobierno-abinader\/","title":{"rendered":"Lama destaca transformaci\u00f3n del sector salud en los gobierno Abinader"},"content":{"rendered":"\n<p><strong>Mandatario ha remozado el 40% de hospitales p\u00fablicos del pa\u00eds.<\/strong><\/p>\n\n\n\n<p>El director del Servicio Nacional de Salud, Mario Lama, afirm\u00f3 que el presidente Luis Abinader ha hecho posible el m\u00e1s importante proceso de remozamiento y transformaci\u00f3n del sistema sanitario del pa\u00eds desde la fundaci\u00f3n del Ministerio de Salud P\u00fablica, hace m\u00e1s de 105 a\u00f1os.<\/p>\n\n\n\n<p>Dijo que la transformaci\u00f3n que ha experimentado la red nacional de salud con un total de 70 hospitales renovados y modernizados, ha tenido un impacto especialmente significativo en el Sur del pa\u00eds, una regi\u00f3n que por d\u00e9cadas se hab\u00eda mantenido en el olvido.<\/p>\n\n\n\n<p>\u201cUsted ha remozado 70 de 192, lo que lo acerca al 40% de todos los hospitales de este pa\u00eds en apenas cuatro a\u00f1os y decirle, se\u00f1or Presidente, que qu\u00e9 bueno que lo veo y con todos mis respetos, con unos zapatos c\u00f3modos porque faltan m\u00e1s de 50 inauguraciones en el sector salud y yo no quiero que usted se me canse\u201d.<\/p>\n\n\n\n<p>El doctor Lama hizo el se\u00f1alamiento durante la entrega del remozado Hospital Nuestra Se\u00f1ora de Regla en Ban\u00ed, que ahora cuenta con 16 consultorios generales, dos para atenci\u00f3n de adolescentes, cuatro pedi\u00e1tricos, uno ginecol\u00f3gico, uno de sonograf\u00eda y otros especializados en VIH, tuberculosis y odontolog\u00eda.<\/p>\n\n\n\n<p>Adem\u00e1s de una sala de lactancia y un \u00e1rea de espera mucho m\u00e1s c\u00f3moda y amplia.<\/p>\n\n\n\n<p>\u201cNo me canso de decir que no hay una provincia de la Rep\u00fablica Dominicana que no haya tenido un salto en salud. El sur, nuestro sur olvidado hoy se coloca en un lugar privilegiado de la salud\u201d, indic\u00f3 Lama.<\/p>\n\n\n\n<p>En ese sentido cit\u00f3 la reciente inauguraci\u00f3n del primer hospital traumatol\u00f3gico de Azua; as\u00ed como la renovaci\u00f3n y equipamiento del hospital Elio Fiallo, de Pedernales; el Hospital de Tamayo, el Hospital de Galv\u00e1n, el Hospital de Neiba, el Hospital de Guayabal, el Hospital de Padre Las Casas, el hospital de Peralta, mientras avanzan los trabajos del materno infantil de Barahona, del Hospital de Traumatolog\u00eda de San Crist\u00f3bal; el hospital municipal de Enriquillo y el hospital de Vicente Noble.<\/p>\n\n\n\n<p>\u201cNo hay duda de que nunca antes un Presidente hab\u00eda hecho tanto como su gesti\u00f3n. Se\u00f1or Presidente usted puede sentirse orgulloso de lo que est\u00e1 pasando.<\/p>\n","protected":false},"excerpt":{"rendered":"<p>Mandatario ha remozado el 40% de hospitales p\u00fablicos del pa\u00eds. El director del Servicio Nacional de Salud, Mario Lama, afirm\u00f3 que el presidente Luis Abinader ha hecho posible el m\u00e1s&hellip;<\/p>\n","protected":false},"author":10,"featured_media":95957,"comment_status":"open","ping_status":"open","sticky":false,"template":"","format":"standard","meta":{"content-type":"","jetpack_post_was_ever_published":false,"_jetpack_newsletter_access":"","_jetpack_dont_email_post_to_subs":false,"_jetpack_newsletter_tier_id":0,"_jetpack_memberships_contains_paywalled_content":false,"_jetpack_memberships_contains_paid_content":false,"footnotes":""},"categories":[25,16558],"tags":[171,67,5174,3685,1592],"class_list":["post-95956","post","type-post","status-publish","format-standard","has-post-thumbnail","hentry","category-portada","category-salud","tag-gobierno","tag-luis-abinader","tag-mario-lama","tag-sector-salud","tag-transformacion"],"jetpack_featured_media_url":"https:\/\/lasprimeras.com.do\/wp-content\/uploads\/2025\/03\/MARIO-LAMA.jpg","jetpack-related-posts":[{"id":113976,"url":"https:\/\/lasprimeras.com.do\/index.php\/2025\/11\/06\/abinader-entrega-hospital-totalmente-remozado-y-nueva-emergencia-en-yaguate\/","url_meta":{"origin":95956,"position":0},"title":"Abinader entrega hospital totalmente remozado y nueva Emergencia en Yaguate","author":"Nelson Feliz","date":"6 de noviembre de 2025","format":false,"excerpt":"Anuncia firma de un acuerdo para entregar t\u00edtulos de propiedad a residentes de Yaguate, Do\u00f1a Ana, Semana Santa y Duboc, con el que se beneficiar\u00e1n m\u00e1s de seis mil familias El presidente Luis Abinader entreg\u00f3 este jueves, junto con el director del Servicio Nacional de Salud (SNS), Mario Lama, el\u2026","rel":"","context":"En \u00abPORTADA\u00bb","block_context":{"text":"PORTADA","link":"https:\/\/lasprimeras.com.do\/index.php\/category\/portada\/"},"img":{"alt_text":"","src":"https:\/\/i0.wp.com\/lasprimeras.com.do\/wp-content\/uploads\/2025\/11\/Hospital-Municipal-de-Yaguate.jpg?resize=350%2C200&ssl=1","width":350,"height":200,"srcset":"https:\/\/i0.wp.com\/lasprimeras.com.do\/wp-content\/uploads\/2025\/11\/Hospital-Municipal-de-Yaguate.jpg?resize=350%2C200&ssl=1 1x, https:\/\/i0.wp.com\/lasprimeras.com.do\/wp-content\/uploads\/2025\/11\/Hospital-Municipal-de-Yaguate.jpg?resize=525%2C300&ssl=1 1.5x, https:\/\/i0.wp.com\/lasprimeras.com.do\/wp-content\/uploads\/2025\/11\/Hospital-Municipal-de-Yaguate.jpg?resize=700%2C400&ssl=1 2x"},"classes":[]},{"id":114942,"url":"https:\/\/lasprimeras.com.do\/index.php\/2025\/10\/10\/la-romana-inauguran-nueva-emergencia-y-remozamiento-bloque-quirurgico-hospital-aristides-fiallo\/","url_meta":{"origin":95956,"position":1},"title":"La Romana: Inauguran nueva Emergencia y remozamiento Bloque Quir\u00fargico Hospital Ar\u00edstides Fiallo","author":"Nelson Feliz","date":"10 de octubre de 2025","format":false,"excerpt":"Anuncian construcci\u00f3n nuevo hospital inicia en 2026 La vicepresidenta de la Rep\u00fablica, Raquel Pe\u00f1a, encabez\u00f3 este viernes la inauguraci\u00f3n de la nueva Emergencia y el remozamiento del Bloque Quir\u00fargico del Hospital Provincial Doctor Ar\u00edstides Fiallo Cabral, en la regi\u00f3n Este del pa\u00eds, con una inversi\u00f3n superior a los RD$ 107\u2026","rel":"","context":"En \u00abPORTADA\u00bb","block_context":{"text":"PORTADA","link":"https:\/\/lasprimeras.com.do\/index.php\/category\/portada\/"},"img":{"alt_text":"","src":"https:\/\/i0.wp.com\/lasprimeras.com.do\/wp-content\/uploads\/2025\/11\/Raquel-Pena-1-1.jpg?resize=350%2C200&ssl=1","width":350,"height":200,"srcset":"https:\/\/i0.wp.com\/lasprimeras.com.do\/wp-content\/uploads\/2025\/11\/Raquel-Pena-1-1.jpg?resize=350%2C200&ssl=1 1x, https:\/\/i0.wp.com\/lasprimeras.com.do\/wp-content\/uploads\/2025\/11\/Raquel-Pena-1-1.jpg?resize=525%2C300&ssl=1 1.5x, https:\/\/i0.wp.com\/lasprimeras.com.do\/wp-content\/uploads\/2025\/11\/Raquel-Pena-1-1.jpg?resize=700%2C400&ssl=1 2x, https:\/\/i0.wp.com\/lasprimeras.com.do\/wp-content\/uploads\/2025\/11\/Raquel-Pena-1-1.jpg?resize=1050%2C600&ssl=1 3x"},"classes":[]},{"id":113415,"url":"https:\/\/lasprimeras.com.do\/index.php\/2025\/11\/02\/mario-lama-destaca-como-historico-inversiones-del-gobierno-al-sector-salud\/","url_meta":{"origin":95956,"position":2},"title":"Mario Lama destaca como hist\u00f3rico inversiones del Gobierno al sector salud","author":"Nelson Feliz","date":"2 de noviembre de 2025","format":false,"excerpt":"Gran impacto hist\u00f3rico de las inversiones en salud durante gesti\u00f3n del presidente Abinader. El director del Servicio Nacional de Salud, Mario Lama, destac\u00f3 que la inauguraci\u00f3n del Hospital Regional Universitario Doctor \u00c1ngel Mar\u00eda Gat\u00f3n marca un avance trascendental para la salud en la regi\u00f3n Nordeste, al convertirse en una de\u2026","rel":"","context":"En \u00abPORTADA\u00bb","block_context":{"text":"PORTADA","link":"https:\/\/lasprimeras.com.do\/index.php\/category\/portada\/"},"img":{"alt_text":"","src":"https:\/\/i0.wp.com\/lasprimeras.com.do\/wp-content\/uploads\/2025\/11\/MARIO-LAMA-3.jpg?resize=350%2C200&ssl=1","width":350,"height":200,"srcset":"https:\/\/i0.wp.com\/lasprimeras.com.do\/wp-content\/uploads\/2025\/11\/MARIO-LAMA-3.jpg?resize=350%2C200&ssl=1 1x, https:\/\/i0.wp.com\/lasprimeras.com.do\/wp-content\/uploads\/2025\/11\/MARIO-LAMA-3.jpg?resize=525%2C300&ssl=1 1.5x, https:\/\/i0.wp.com\/lasprimeras.com.do\/wp-content\/uploads\/2025\/11\/MARIO-LAMA-3.jpg?resize=700%2C400&ssl=1 2x"},"classes":[]},{"id":114276,"url":"https:\/\/lasprimeras.com.do\/index.php\/2025\/11\/06\/abinader-entrega-hospital-totalmente-remozado-y-nueva-emergencia-en-yaguate-2\/","url_meta":{"origin":95956,"position":3},"title":"Abinader entrega hospital totalmente remozado y nueva emergencia en Yaguate","author":"Nelson Feliz","date":"6 de noviembre de 2025","format":false,"excerpt":"Anuncia firma de un acuerdo para entregar t\u00edtulos de propiedad a residentes de Yaguate, Do\u00f1a Ana, Semana Santa y Duboc, con el que se beneficiar\u00e1n m\u00e1s de seis mil familias. El presidente Luis Abinader entreg\u00f3 este jueves junto al director del Servicio Nacional de Salud (SNS), Mario Lama, el remozamiento\u2026","rel":"","context":"En \u00abPORTADA\u00bb","block_context":{"text":"PORTADA","link":"https:\/\/lasprimeras.com.do\/index.php\/category\/portada\/"},"img":{"alt_text":"","src":"https:\/\/i0.wp.com\/lasprimeras.com.do\/wp-content\/uploads\/2025\/11\/abina-1.jpg?resize=350%2C200&ssl=1","width":350,"height":200,"srcset":"https:\/\/i0.wp.com\/lasprimeras.com.do\/wp-content\/uploads\/2025\/11\/abina-1.jpg?resize=350%2C200&ssl=1 1x, https:\/\/i0.wp.com\/lasprimeras.com.do\/wp-content\/uploads\/2025\/11\/abina-1.jpg?resize=525%2C300&ssl=1 1.5x, https:\/\/i0.wp.com\/lasprimeras.com.do\/wp-content\/uploads\/2025\/11\/abina-1.jpg?resize=700%2C400&ssl=1 2x"},"classes":[]},{"id":114563,"url":"https:\/\/lasprimeras.com.do\/index.php\/2025\/07\/06\/presidente-abinader-entrega-remozado-hospital-de-villa-riva\/","url_meta":{"origin":95956,"position":4},"title":"Presidente Abinader entrega remozado hospital de Villa Riva","author":"Nelson Feliz","date":"6 de julio de 2025","format":false,"excerpt":"La obra supera los RD$67 millones, impacta a m\u00e1s de 33 mil habitantes El presidente de la Rep\u00fablica, Luis Abinader, encabez\u00f3 este domingo la entrega del remozado y ampliado Hospital Municipal Alicia de Legendre, en el municipio Villa Riva, intervenci\u00f3n que mejora significativamente las condiciones de atenci\u00f3n para m\u00e1s de\u2026","rel":"","context":"En \u00abPORTADA\u00bb","block_context":{"text":"PORTADA","link":"https:\/\/lasprimeras.com.do\/index.php\/category\/portada\/"},"img":{"alt_text":"","src":"https:\/\/i0.wp.com\/lasprimeras.com.do\/wp-content\/uploads\/2025\/11\/Luis-Abinader-4-1.jpg?resize=350%2C200&ssl=1","width":350,"height":200,"srcset":"https:\/\/i0.wp.com\/lasprimeras.com.do\/wp-content\/uploads\/2025\/11\/Luis-Abinader-4-1.jpg?resize=350%2C200&ssl=1 1x, https:\/\/i0.wp.com\/lasprimeras.com.do\/wp-content\/uploads\/2025\/11\/Luis-Abinader-4-1.jpg?resize=525%2C300&ssl=1 1.5x, https:\/\/i0.wp.com\/lasprimeras.com.do\/wp-content\/uploads\/2025\/11\/Luis-Abinader-4-1.jpg?resize=700%2C400&ssl=1 2x"},"classes":[]},{"id":114591,"url":"https:\/\/lasprimeras.com.do\/index.php\/2025\/09\/03\/gobierno-anuncia-intervencion-hospital-salvador-b-gautier\/","url_meta":{"origin":95956,"position":5},"title":"Gobierno anuncia intervenci\u00f3n Hospital Salvador B. Gautier","author":"Nelson Feliz","date":"3 de septiembre de 2025","format":false,"excerpt":"El gobierno invertira mas RD$655 millones en el Hospital Salvador B. Gautier, a traves del SNS El director del Servicio Nacional de Salud (SNS), doctor Mario Lama, anunci\u00f3 la ejecuci\u00f3n de un plan de remozamiento en el Hospital Salvador B. Gautier, con el prop\u00f3sito de rehabilitar y modernizar \u00e1reas cr\u00edticas\u2026","rel":"","context":"En \u00abPORTADA\u00bb","block_context":{"text":"PORTADA","link":"https:\/\/lasprimeras.com.do\/index.php\/category\/portada\/"},"img":{"alt_text":"","src":"https:\/\/i0.wp.com\/lasprimeras.com.do\/wp-content\/uploads\/2025\/11\/Mario-Lama-sns-2.jpg?resize=350%2C200&ssl=1","width":350,"height":200,"srcset":"https:\/\/i0.wp.com\/lasprimeras.com.do\/wp-content\/uploads\/2025\/11\/Mario-Lama-sns-2.jpg?resize=350%2C200&ssl=1 1x, https:\/\/i0.wp.com\/lasprimeras.com.do\/wp-content\/uploads\/2025\/11\/Mario-Lama-sns-2.jpg?resize=525%2C300&ssl=1 1.5x, https:\/\/i0.wp.com\/lasprimeras.com.do\/wp-content\/uploads\/2025\/11\/Mario-Lama-sns-2.jpg?resize=700%2C400&ssl=1 2x"},"classes":[]}],"jetpack_sharing_enabled":true,"_links":{"self":[{"href":"https:\/\/lasprimeras.com.do\/index.php\/wp-json\/wp\/v2\/posts\/95956","targetHints":{"allow":["GET"]}}],"collection":[{"href":"https:\/\/lasprimeras.com.do\/index.php\/wp-json\/wp\/v2\/posts"}],"about":[{"href":"https:\/\/lasprimeras.com.do\/index.php\/wp-json\/wp\/v2\/types\/post"}],"author":[{"embeddable":true,"href":"https:\/\/lasprimeras.com.do\/index.php\/wp-json\/wp\/v2\/users\/10"}],"replies":[{"embeddable":true,"href":"https:\/\/lasprimeras.com.do\/index.php\/wp-json\/wp\/v2\/comments?post=95956"}],"version-history":[{"count":1,"href":"https:\/\/lasprimeras.com.do\/index.php\/wp-json\/wp\/v2\/posts\/95956\/revisions"}],"predecessor-version":[{"id":95958,"href":"https:\/\/lasprimeras.com.do\/index.php\/wp-json\/wp\/v2\/posts\/95956\/revisions\/95958"}],"wp:featuredmedia":[{"embeddable":true,"href":"https:\/\/lasprimeras.com.do\/index.php\/wp-json\/wp\/v2\/media\/95957"}],"wp:attachment":[{"href":"https:\/\/lasprimeras.com.do\/index.php\/wp-json\/wp\/v2\/media?parent=95956"}],"wp:term":[{"taxonomy":"category","embeddable":true,"href":"https:\/\/lasprimeras.com.do\/index.php\/wp-json\/wp\/v2\/categories?post=95956"},{"taxonomy":"post_tag","embeddable":true,"href":"https:\/\/lasprimeras.com.do\/index.php\/wp-json\/wp\/v2\/tags?post=95956"}],"curies":[{"name":"wp","href":"https:\/\/api.w.org\/{rel}","templated":true}]}}