{"id":95974,"date":"2025-03-23T22:42:17","date_gmt":"2025-03-24T02:42:17","guid":{"rendered":"https:\/\/lasprimeras.com.do\/?p=95974"},"modified":"2025-03-23T22:42:18","modified_gmt":"2025-03-24T02:42:18","slug":"abinader-incumple-acuerdo-con-gremios-administrativos-de-la-salud-sobre-reajuste-salarial","status":"publish","type":"post","link":"https:\/\/lasprimeras.com.do\/index.php\/2025\/03\/23\/abinader-incumple-acuerdo-con-gremios-administrativos-de-la-salud-sobre-reajuste-salarial\/","title":{"rendered":"Abinader incumple acuerdo con gremios administrativos de la salud sobre reajuste salarial"},"content":{"rendered":"\n<p>A pesar de haberse comprometido a evaluar en un plazo de dos semanas la solicitud de reajuste salarial para los trabajadores administrativos y de apoyo del sector salud, el presidente Luis Abinader, no ha dado respuesta a los gremios que representan a estos empleados, incumpliendo as\u00ed su palabra y prolongando la crisis econ\u00f3mica y la desmotivaci\u00f3n de quienes trabajan en los hospitales.<\/p>\n\n\n\n<p>As\u00ed lo indican la Federaci\u00f3n Nacional de Trabajadores y Pensionados de la Salud (FENATRASAL), la Asociaci\u00f3n Nacional de Trabajadores de la Salud (ANTRASALUD), la Confederaci\u00f3n Nacional de Trabajadores del Estado (CONATE), Federaci\u00f3n Nacional de Mujeres Trabajadoras (FENAMUTRA) y el Sindicato Nacional de Trabajadores y T\u00e9cnicos de la Salud (SINATESA), quienes expresaron su indignaci\u00f3n ante esta falta de respuesta y advierten que retomar\u00e1n y arreciar\u00e1n las protestas en los hospitales de todo el pa\u00eds.<\/p>\n\n\n\n<p>Recordaron que el pasado jueves 30 de enero, el mandatario celebr\u00f3 una reuni\u00f3n con los principales l\u00edderes sindicales, quienes expusieron la necesidad urgente de mejorar los salarios de estos trabajadores, muchos de los cuales apenas devengan 10,000 pesos mensuales.<\/p>\n\n\n\n<p>En ese encuentro, Abinader pidi\u00f3 un comp\u00e1s de espera de dos semanas para evaluar la viabilidad del ajuste, un plazo que ya ha vencido sin que se haya ofrecido una soluci\u00f3n.<\/p>\n\n\n\n<p>\u201cEl presidente nos pidi\u00f3 paciencia y cumplimos con nuestra parte, pero el tiempo ha pasado y a\u00fan no tenemos ninguna respuesta. Esta actitud es una burla a la lucha de los trabajadores de la salud, quienes mantienen en funcionamiento los hospitales a pesar de sus precarias condiciones salariales\u201d, se\u00f1alaron los dirigentes sindicales.<\/p>\n\n\n\n<p>Las organizaciones laborales han recordado que ya han realizado paros y manifestaciones en distintos centros hospitalarios, y que la falta de compromiso del Gobierno los obliga a intensificar sus acciones.<\/p>\n\n\n\n<p>Advirtieron que en los pr\u00f3ximos d\u00edas anunciar\u00e1n un plan de lucha para exigir el cumplimiento del acuerdo y la dignificaci\u00f3n de los empleados administrativos y de apoyo en el sector salud.<\/p>\n\n\n\n<p>\u201cSi el Gobierno cree que puede ignorarnos y que nos quedaremos de brazos cruzados, est\u00e1 equivocado, no descansaremos hasta que se haga justicia con estos trabajadores esenciales, cuyo esfuerzo diario garantiza el funcionamiento del sistema de salud\u201d, expresaron los sindicalistas.<\/p>\n\n\n\n<p>Los gremios reiteraron su llamado al presidente Abinader para que honrar su compromiso y presentar una soluci\u00f3n concreta e inmediata, evitando as\u00ed un conflicto mayor que afectar\u00eda a toda la poblaci\u00f3n.<\/p>\n\n\n\n<p>Enfatizaron que su lucha no solo se limita al rejuste salarial sino hay un fajo de reivindicaciones a las cuales las autoridades deben dar respuesta, como son llevar el sueldo m\u00ednimo a 20,000 pesos, pensiones al 100 % con seguro m\u00e9dico, incentivos laborales, transporte subsidiado, cambios de designaci\u00f3n y la implementaci\u00f3n de un salario n\u00famero 14, entre otras conquistas.<\/p>\n","protected":false},"excerpt":{"rendered":"<p>A pesar de haberse comprometido a evaluar en un plazo de dos semanas la solicitud de reajuste salarial para los trabajadores administrativos y de apoyo del sector salud, el presidente&hellip;<\/p>\n","protected":false},"author":2,"featured_media":95975,"comment_status":"open","ping_status":"open","sticky":false,"template":"","format":"standard","meta":{"content-type":"","jetpack_post_was_ever_published":false,"_jetpack_newsletter_access":"","_jetpack_dont_email_post_to_subs":false,"_jetpack_newsletter_tier_id":0,"_jetpack_memberships_contains_paywalled_content":false,"_jetpack_memberships_contains_paid_content":false,"footnotes":""},"categories":[39,25],"tags":[521,18348,14784,18347,67,18349,297,813],"class_list":["post-95974","post","type-post","status-publish","format-standard","has-post-thumbnail","hentry","category-economia","category-portada","tag-acuerdo","tag-administrativos","tag-gremios","tag-incumple","tag-luis-abinader","tag-reajuste","tag-salarial","tag-salud"],"jetpack_featured_media_url":"https:\/\/lasprimeras.com.do\/wp-content\/uploads\/2025\/03\/gremios.jpg","jetpack-related-posts":[{"id":79357,"url":"https:\/\/lasprimeras.com.do\/index.php\/2024\/03\/26\/gremios-de-enfermeria-demandan-al-gobierno-por-incumplimiento-de-promesas\/","url_meta":{"origin":95974,"position":0},"title":"Gremios de enfermer\u00eda demandan al gobierno por incumplimiento de promesas","author":"BIMARY DE JES\u00daS Matos","date":"26 de marzo de 2024","format":false,"excerpt":"Martin Restituyo Santo Domingo.- Los principales gremios de enfermer\u00eda del pa\u00eds han levantado su voz exigiendo al presidente de la Rep\u00fablica, Luis Abinader, el cumplimiento de una serie de reivindicaciones, que van desde un aumento salarial hasta facilidades para la adquisici\u00f3n de viviendas. Las entidades que agrupan a enfermeras y\u2026","rel":"","context":"En \u00abPORTADA\u00bb","block_context":{"text":"PORTADA","link":"https:\/\/lasprimeras.com.do\/index.php\/category\/portada\/"},"img":{"alt_text":"","src":"https:\/\/i0.wp.com\/lasprimeras.com.do\/wp-content\/uploads\/2024\/03\/IMG-20240326-WA0012.jpg?resize=350%2C200&ssl=1","width":350,"height":200,"srcset":"https:\/\/i0.wp.com\/lasprimeras.com.do\/wp-content\/uploads\/2024\/03\/IMG-20240326-WA0012.jpg?resize=350%2C200&ssl=1 1x, https:\/\/i0.wp.com\/lasprimeras.com.do\/wp-content\/uploads\/2024\/03\/IMG-20240326-WA0012.jpg?resize=525%2C300&ssl=1 1.5x, https:\/\/i0.wp.com\/lasprimeras.com.do\/wp-content\/uploads\/2024\/03\/IMG-20240326-WA0012.jpg?resize=700%2C400&ssl=1 2x, https:\/\/i0.wp.com\/lasprimeras.com.do\/wp-content\/uploads\/2024\/03\/IMG-20240326-WA0012.jpg?resize=1050%2C600&ssl=1 3x, https:\/\/i0.wp.com\/lasprimeras.com.do\/wp-content\/uploads\/2024\/03\/IMG-20240326-WA0012.jpg?resize=1400%2C800&ssl=1 4x"},"classes":[]},{"id":100637,"url":"https:\/\/lasprimeras.com.do\/index.php\/2025\/06\/09\/colvet-anuncia-paro-por-incumplimiento-de-aumento-y-pensiones-a-veterinarios\/","url_meta":{"origin":95974,"position":1},"title":"Colvet anuncia paro por incumplimiento de aumento y pensiones a veterinarios","author":"Nelson Feliz","date":"9 de junio de 2025","format":false,"excerpt":"El Colegio Dominicano de M\u00e9dicos Veterinarios (COLVET), anunci\u00f3 este lunes la convocatoria a un paro nacional en protesta por el incumplimiento de los acuerdos previamente pactados con el Gobierno, referentes al aumento salarial y a la inclusi\u00f3n efectiva de los profesionales del \u00e1rea en el r\u00e9gimen de pensiones. La medida,\u2026","rel":"","context":"En \u00abSALUD\u00bb","block_context":{"text":"SALUD","link":"https:\/\/lasprimeras.com.do\/index.php\/category\/salud\/"},"img":{"alt_text":"","src":"https:\/\/i0.wp.com\/lasprimeras.com.do\/wp-content\/uploads\/2025\/06\/COLVET.jpg?resize=350%2C200&ssl=1","width":350,"height":200,"srcset":"https:\/\/i0.wp.com\/lasprimeras.com.do\/wp-content\/uploads\/2025\/06\/COLVET.jpg?resize=350%2C200&ssl=1 1x, https:\/\/i0.wp.com\/lasprimeras.com.do\/wp-content\/uploads\/2025\/06\/COLVET.jpg?resize=525%2C300&ssl=1 1.5x, https:\/\/i0.wp.com\/lasprimeras.com.do\/wp-content\/uploads\/2025\/06\/COLVET.jpg?resize=700%2C400&ssl=1 2x"},"classes":[]},{"id":97224,"url":"https:\/\/lasprimeras.com.do\/index.php\/2025\/04\/17\/reaccion-al-anuncio-de-reajuste-salarial-a-trabajadores-del-hogar\/","url_meta":{"origin":95974,"position":2},"title":"Reacci\u00f3n al anuncio de reajuste salarial a trabajadores del hogar","author":"Nelson Feliz","date":"17 de abril de 2025","format":false,"excerpt":"El titular de la Secretar\u00eda de Asuntos Laborales del PLD deja entrever que se trata de un regalo envenenado el anuncio de un reajuste salarial para las trabajadoras del hogar. El titular de la Secretar\u00eda de Asuntos Laborales del Partido de la Liberaci\u00f3n Dominicana (PLD), Elso Segura Mart\u00ednez, reaccion\u00f3 este\u2026","rel":"","context":"En \u00abECONOM\u00cdA\u00bb","block_context":{"text":"ECONOM\u00cdA","link":"https:\/\/lasprimeras.com.do\/index.php\/category\/economia\/"},"img":{"alt_text":"Elso Segura Mart\u00ednez","src":"https:\/\/i0.wp.com\/lasprimeras.com.do\/wp-content\/uploads\/2025\/04\/Elso-Segura-Martinez.jpg?resize=350%2C200&ssl=1","width":350,"height":200,"srcset":"https:\/\/i0.wp.com\/lasprimeras.com.do\/wp-content\/uploads\/2025\/04\/Elso-Segura-Martinez.jpg?resize=350%2C200&ssl=1 1x, https:\/\/i0.wp.com\/lasprimeras.com.do\/wp-content\/uploads\/2025\/04\/Elso-Segura-Martinez.jpg?resize=525%2C300&ssl=1 1.5x"},"classes":[]},{"id":93106,"url":"https:\/\/lasprimeras.com.do\/index.php\/2025\/01\/24\/gremios-del-sector-salud-piquetean-sede-servicio-nacional-de-salud\/","url_meta":{"origin":95974,"position":3},"title":"Gremios del sector salud piquetean sede Servicio Nacional de Salud","author":"Nelson Feliz","date":"24 de enero de 2025","format":false,"excerpt":"Exigen equidad en aumento salarial para administrativos y personal de apoyo. Representantes de cinco gremios del sector salud se manifestaron este jueves frente a la sede del Servicio Nacional de Salud (SNS) para entregar un documento en el que exigen justicia salarial para el personal administrativo y de apoyo, quienes\u2026","rel":"","context":"En \u00abNACIONALES\u00bb","block_context":{"text":"NACIONALES","link":"https:\/\/lasprimeras.com.do\/index.php\/category\/nacionales\/"},"img":{"alt_text":"","src":"https:\/\/i0.wp.com\/lasprimeras.com.do\/wp-content\/uploads\/2025\/01\/Gremios-del-sector-salud.jpg?resize=350%2C200&ssl=1","width":350,"height":200,"srcset":"https:\/\/i0.wp.com\/lasprimeras.com.do\/wp-content\/uploads\/2025\/01\/Gremios-del-sector-salud.jpg?resize=350%2C200&ssl=1 1x, https:\/\/i0.wp.com\/lasprimeras.com.do\/wp-content\/uploads\/2025\/01\/Gremios-del-sector-salud.jpg?resize=525%2C300&ssl=1 1.5x"},"classes":[]},{"id":120591,"url":"https:\/\/lasprimeras.com.do\/index.php\/2026\/01\/26\/cmd-preocupado-por-falta-del-aumento-salarial-para-la-mayoria-de-los-medicos-pensionados\/","url_meta":{"origin":95974,"position":4},"title":"CMD preocupado por falta del aumento salarial para la mayor\u00eda de los m\u00e9dicos pensionados","author":"Nelson Feliz","date":"26 de enero de 2026","format":false,"excerpt":"Dr. Luis Pe\u00f1a N\u00fa\u00f1ez","rel":"","context":"En \u00abECONOM\u00cdA\u00bb","block_context":{"text":"ECONOM\u00cdA","link":"https:\/\/lasprimeras.com.do\/index.php\/category\/economia\/"},"img":{"alt_text":"Dr. Luis Pe\u00f1a N\u00fa\u00f1ez","src":"https:\/\/i0.wp.com\/lasprimeras.com.do\/wp-content\/uploads\/2026\/01\/Dr.-Luis-Pena-Nunez.jpg?resize=350%2C200&ssl=1","width":350,"height":200,"srcset":"https:\/\/i0.wp.com\/lasprimeras.com.do\/wp-content\/uploads\/2026\/01\/Dr.-Luis-Pena-Nunez.jpg?resize=350%2C200&ssl=1 1x, https:\/\/i0.wp.com\/lasprimeras.com.do\/wp-content\/uploads\/2026\/01\/Dr.-Luis-Pena-Nunez.jpg?resize=525%2C300&ssl=1 1.5x, https:\/\/i0.wp.com\/lasprimeras.com.do\/wp-content\/uploads\/2026\/01\/Dr.-Luis-Pena-Nunez.jpg?resize=700%2C400&ssl=1 2x"},"classes":[]},{"id":88102,"url":"https:\/\/lasprimeras.com.do\/index.php\/2024\/08\/22\/gremios-de-enfermeria-realizan-gran-planton-en-hospitales-del-gran-santo-domingo\/","url_meta":{"origin":95974,"position":5},"title":"Gremios de enfermer\u00eda realizan \u201cgran plant\u00f3n\u201d en hospitales del Gran Santo Domingo","author":"Nelson Feliz","date":"22 de agosto de 2024","format":false,"excerpt":"En la continuaci\u00f3n de sus jornadas reivindicativas, los principales gremios de enfermer\u00eda del pa\u00eds realizaron un \u201cgran plant\u00f3n\u201d en los hospitales p\u00fablicos del Distrito Nacional y todo el Gran Santo Domingo, en demanda de que el gobierno cumpla con una serie de compromisos que asumi\u00f3 con este importante sector. En\u2026","rel":"","context":"En \u00abSin categor\u00eda\u00bb","block_context":{"text":"Sin categor\u00eda","link":"https:\/\/lasprimeras.com.do\/index.php\/category\/sin-categoria\/"},"img":{"alt_text":"","src":"https:\/\/i0.wp.com\/lasprimeras.com.do\/wp-content\/uploads\/2024\/08\/gremios.jpg?resize=350%2C200&ssl=1","width":350,"height":200,"srcset":"https:\/\/i0.wp.com\/lasprimeras.com.do\/wp-content\/uploads\/2024\/08\/gremios.jpg?resize=350%2C200&ssl=1 1x, https:\/\/i0.wp.com\/lasprimeras.com.do\/wp-content\/uploads\/2024\/08\/gremios.jpg?resize=525%2C300&ssl=1 1.5x, https:\/\/i0.wp.com\/lasprimeras.com.do\/wp-content\/uploads\/2024\/08\/gremios.jpg?resize=700%2C400&ssl=1 2x"},"classes":[]}],"jetpack_sharing_enabled":true,"_links":{"self":[{"href":"https:\/\/lasprimeras.com.do\/index.php\/wp-json\/wp\/v2\/posts\/95974","targetHints":{"allow":["GET"]}}],"collection":[{"href":"https:\/\/lasprimeras.com.do\/index.php\/wp-json\/wp\/v2\/posts"}],"about":[{"href":"https:\/\/lasprimeras.com.do\/index.php\/wp-json\/wp\/v2\/types\/post"}],"author":[{"embeddable":true,"href":"https:\/\/lasprimeras.com.do\/index.php\/wp-json\/wp\/v2\/users\/2"}],"replies":[{"embeddable":true,"href":"https:\/\/lasprimeras.com.do\/index.php\/wp-json\/wp\/v2\/comments?post=95974"}],"version-history":[{"count":1,"href":"https:\/\/lasprimeras.com.do\/index.php\/wp-json\/wp\/v2\/posts\/95974\/revisions"}],"predecessor-version":[{"id":95976,"href":"https:\/\/lasprimeras.com.do\/index.php\/wp-json\/wp\/v2\/posts\/95974\/revisions\/95976"}],"wp:featuredmedia":[{"embeddable":true,"href":"https:\/\/lasprimeras.com.do\/index.php\/wp-json\/wp\/v2\/media\/95975"}],"wp:attachment":[{"href":"https:\/\/lasprimeras.com.do\/index.php\/wp-json\/wp\/v2\/media?parent=95974"}],"wp:term":[{"taxonomy":"category","embeddable":true,"href":"https:\/\/lasprimeras.com.do\/index.php\/wp-json\/wp\/v2\/categories?post=95974"},{"taxonomy":"post_tag","embeddable":true,"href":"https:\/\/lasprimeras.com.do\/index.php\/wp-json\/wp\/v2\/tags?post=95974"}],"curies":[{"name":"wp","href":"https:\/\/api.w.org\/{rel}","templated":true}]}}