{"id":95984,"date":"2025-03-23T23:08:10","date_gmt":"2025-03-24T03:08:10","guid":{"rendered":"https:\/\/lasprimeras.com.do\/?p=95984"},"modified":"2025-03-23T23:08:10","modified_gmt":"2025-03-24T03:08:10","slug":"gobierno-del-prm-con-poca-cosa-que-exhibir-en-infraestructuras","status":"publish","type":"post","link":"https:\/\/lasprimeras.com.do\/index.php\/2025\/03\/23\/gobierno-del-prm-con-poca-cosa-que-exhibir-en-infraestructuras\/","title":{"rendered":"Gobierno del PRM con poca cosa que exhibir en infraestructuras"},"content":{"rendered":"\n<p><strong>Secretaria de Obras P\u00fablicas del Partido de la Liberaci\u00f3n Dominicana (PLD) socializa Plan Estrat\u00e9gico Institucional.<\/strong><\/p>\n\n\n\n<p>La Secretaria de Obras P\u00fablicas del Partido de la Liberaci\u00f3n Dominicana (PLD) se reuni\u00f3 con los subsecretarios de dicho \u00f3rgano de trabajo y sus representantes provinciales, socializando su plan de trabajo para el a\u00f1o en curso.<\/p>\n\n\n\n<p>Ram\u00f3n Pep\u00edn, ex Ministro de Obras P\u00fablicas, hizo la presentaci\u00f3n formal a los participantes en el encuentro realizado en uno de los salones de la Casa Nacional Reinaldo Pared P\u00e9rez.<\/p>\n\n\n\n<p>\u201cCompartimos este d\u00eda el Plan Estrat\u00e9gico Institucional, concebido para la Secretar\u00eda de Obras P\u00fablicas luego de la consulta a compa\u00f1eros y compa\u00f1eras t\u00e9cnicos y profesionales\u201d, explic\u00f3 Ram\u00f3n Pep\u00edn al concluir la reuni\u00f3n.<\/p>\n\n\n\n<p>Un equipo de trabajo, junto los subsecretarios y subsecretarias, acompa\u00f1an a Pep\u00edn al frente del \u00f3rgano de trabajo del PLD para el tema de las obras p\u00fablicas, con representaciones en todas las regiones del pa\u00eds.<\/p>\n\n\n\n<p>Tanto de manera personal, como institucional, por intermedio del Secretariado para Pol\u00edticas P\u00fablicas del PLD, Ram\u00f3n Pep\u00edn viene denunciando que en materia de infraestructura, el Gobierno del PRM y del presidente Luis Abinader, tiene muy poca cosa que exhibir en una gesti\u00f3n caracterizada solo por el anuncio de obras y las pocas que han iniciado, se desconoce cu\u00e1ndo finalizar\u00e1n.<\/p>\n","protected":false},"excerpt":{"rendered":"<p>Secretaria de Obras P\u00fablicas del Partido de la Liberaci\u00f3n Dominicana (PLD) socializa Plan Estrat\u00e9gico Institucional. La Secretaria de Obras P\u00fablicas del Partido de la Liberaci\u00f3n Dominicana (PLD) se reuni\u00f3 con&hellip;<\/p>\n","protected":false},"author":2,"featured_media":95985,"comment_status":"open","ping_status":"open","sticky":false,"template":"","format":"standard","meta":{"content-type":"","jetpack_post_was_ever_published":false,"_jetpack_newsletter_access":"","_jetpack_dont_email_post_to_subs":false,"_jetpack_newsletter_tier_id":0,"_jetpack_memberships_contains_paywalled_content":false,"_jetpack_memberships_contains_paid_content":false,"footnotes":""},"categories":[16559,25],"tags":[18353,171,8366,269,31],"class_list":["post-95984","post","type-post","status-publish","format-standard","has-post-thumbnail","hentry","category-politica","category-portada","tag-con-poca-cosa-que-exhibir","tag-gobierno","tag-infraestructuras","tag-pld","tag-prm"],"jetpack_featured_media_url":"https:\/\/lasprimeras.com.do\/wp-content\/uploads\/2025\/03\/OP-PLD-2.jpg","jetpack-related-posts":[{"id":95563,"url":"https:\/\/lasprimeras.com.do\/index.php\/2025\/03\/13\/ramon-pepin-gobierno-inicia-obras-y-se-desconoce-cuando-terminaran\/","url_meta":{"origin":95984,"position":0},"title":"Ram\u00f3n Pep\u00edn: Gobierno inicia obras y se desconoce cu\u00e1ndo terminar\u00e1n","author":"Nelson Feliz","date":"13 de marzo de 2025","format":false,"excerpt":"\u201cEn materia de infraestructura el Gobierno del PRM tiene muy poca cosa que exhibir\u201d El Secretario de Obras P\u00fablicas del Partido de la Liberaci\u00f3n Dominicana (PLD), Ram\u00f3n Pep\u00edn , afirma que en materia de infraestructura el Gobierno del PRM y del Presidente Luis Abinader tiene muy poca cosa que exhibir,\u2026","rel":"","context":"En \u00abPOLITICA\u00bb","block_context":{"text":"POLITICA","link":"https:\/\/lasprimeras.com.do\/index.php\/category\/politica\/"},"img":{"alt_text":"Ram\u00f3n Pep\u00edn","src":"https:\/\/i0.wp.com\/lasprimeras.com.do\/wp-content\/uploads\/2025\/03\/Ramon-Pepin.jpeg?resize=350%2C200&ssl=1","width":350,"height":200},"classes":[]},{"id":102673,"url":"https:\/\/lasprimeras.com.do\/index.php\/2025\/07\/07\/ramon-pepin-en-infraestructura-el-gobierno-del-prm-ha-fracasado\/","url_meta":{"origin":95984,"position":1},"title":"Ram\u00f3n Pep\u00edn: En infraestructura el Gobierno del PRM ha fracasado","author":"Nelson Feliz","date":"7 de julio de 2025","format":false,"excerpt":"\u201cEn materia de infraestructura el Gobierno del PRM se ha caracterizado por anunciar muchas obras, ejecutar muy pocas y no concluir ninguna. El titular de la Secretar\u00eda de Obras P\u00fablicas del Partido de la Liberaci\u00f3n Dominicana (PLD), Ram\u00f3n Pep\u00edn, declar\u00f3 que en t\u00e9rminos de infraestructura, adem\u00e1s de otros aspectos, el\u2026","rel":"","context":"En \u00abPOLITICA\u00bb","block_context":{"text":"POLITICA","link":"https:\/\/lasprimeras.com.do\/index.php\/category\/politica\/"},"img":{"alt_text":"","src":"https:\/\/i0.wp.com\/lasprimeras.com.do\/wp-content\/uploads\/2025\/07\/Ramon-Pepin.jpg?resize=350%2C200&ssl=1","width":350,"height":200,"srcset":"https:\/\/i0.wp.com\/lasprimeras.com.do\/wp-content\/uploads\/2025\/07\/Ramon-Pepin.jpg?resize=350%2C200&ssl=1 1x, https:\/\/i0.wp.com\/lasprimeras.com.do\/wp-content\/uploads\/2025\/07\/Ramon-Pepin.jpg?resize=525%2C300&ssl=1 1.5x, https:\/\/i0.wp.com\/lasprimeras.com.do\/wp-content\/uploads\/2025\/07\/Ramon-Pepin.jpg?resize=700%2C400&ssl=1 2x"},"classes":[]},{"id":121726,"url":"https:\/\/lasprimeras.com.do\/index.php\/2026\/02\/09\/pld-reprocha-baja-inversion-tilda-al-prm-de-ser-gobierno-de-anuncios-y-excusas\/","url_meta":{"origin":95984,"position":2},"title":"PLD reprocha baja inversi\u00f3n; tilda al PRM de ser Gobierno de \u201canuncios y excusas\u201d","author":"Nelson Feliz","date":"9 de febrero de 2026","format":false,"excerpt":"El Partido de la Liberaci\u00f3n Dominicana denunci\u00f3 que el Gobierno del PRM ha convertido la inversi\u00f3n p\u00fablica en una pol\u00edtica de anuncios, improvisaci\u00f3n y baja ejecuci\u00f3n, con graves consecuencias para el desarrollo nacional. Para el a\u00f1o 2025, el Gobierno presupuest\u00f3 RD$207,751 millones para gasto de capital, lo que representaba apenas\u2026","rel":"","context":"En \u00abPOLITICA\u00bb","block_context":{"text":"POLITICA","link":"https:\/\/lasprimeras.com.do\/index.php\/category\/politica\/"},"img":{"alt_text":"","src":"https:\/\/i0.wp.com\/lasprimeras.com.do\/wp-content\/uploads\/2026\/02\/WhatsApp-Image-2026-02-09-at-10.33.05-AM-1.jpeg?resize=350%2C200&ssl=1","width":350,"height":200,"srcset":"https:\/\/i0.wp.com\/lasprimeras.com.do\/wp-content\/uploads\/2026\/02\/WhatsApp-Image-2026-02-09-at-10.33.05-AM-1.jpeg?resize=350%2C200&ssl=1 1x, https:\/\/i0.wp.com\/lasprimeras.com.do\/wp-content\/uploads\/2026\/02\/WhatsApp-Image-2026-02-09-at-10.33.05-AM-1.jpeg?resize=525%2C300&ssl=1 1.5x, https:\/\/i0.wp.com\/lasprimeras.com.do\/wp-content\/uploads\/2026\/02\/WhatsApp-Image-2026-02-09-at-10.33.05-AM-1.jpeg?resize=700%2C400&ssl=1 2x, https:\/\/i0.wp.com\/lasprimeras.com.do\/wp-content\/uploads\/2026\/02\/WhatsApp-Image-2026-02-09-at-10.33.05-AM-1.jpeg?resize=1050%2C600&ssl=1 3x, https:\/\/i0.wp.com\/lasprimeras.com.do\/wp-content\/uploads\/2026\/02\/WhatsApp-Image-2026-02-09-at-10.33.05-AM-1.jpeg?resize=1400%2C800&ssl=1 4x"},"classes":[]},{"id":114446,"url":"https:\/\/lasprimeras.com.do\/index.php\/2025\/11\/14\/ramon-pepin-en-el-gobierno-del-prm-la-poblacion-esta-desprotegida\/","url_meta":{"origin":95984,"position":3},"title":"Ram\u00f3n Pep\u00edn: En el Gobierno del PRM la poblaci\u00f3n est\u00e1 desprotegida","author":"Nelson Feliz","date":"14 de noviembre de 2025","format":false,"excerpt":"El secretario de Obras P\u00fablicas del PLD reitera la denuncia de las improvisaciones del Gobierno del PRM. El titular de la Secretar\u00eda de Obras P\u00fablicas del Partido de la Liberaci\u00f3n Dominicana (PLD) Ram\u00f3n Pep\u00edn, critic\u00f3 la falta de planificaci\u00f3n del Gobierno en materia de transporte y movilidad, al se\u00f1alar que\u2026","rel":"","context":"En \u00abPOLITICA\u00bb","block_context":{"text":"POLITICA","link":"https:\/\/lasprimeras.com.do\/index.php\/category\/politica\/"},"img":{"alt_text":"","src":"https:\/\/i0.wp.com\/lasprimeras.com.do\/wp-content\/uploads\/2025\/11\/Ramon-Pepin.jpg?resize=350%2C200&ssl=1","width":350,"height":200,"srcset":"https:\/\/i0.wp.com\/lasprimeras.com.do\/wp-content\/uploads\/2025\/11\/Ramon-Pepin.jpg?resize=350%2C200&ssl=1 1x, https:\/\/i0.wp.com\/lasprimeras.com.do\/wp-content\/uploads\/2025\/11\/Ramon-Pepin.jpg?resize=525%2C300&ssl=1 1.5x, https:\/\/i0.wp.com\/lasprimeras.com.do\/wp-content\/uploads\/2025\/11\/Ramon-Pepin.jpg?resize=700%2C400&ssl=1 2x"},"classes":[]},{"id":101793,"url":"https:\/\/lasprimeras.com.do\/index.php\/2025\/06\/26\/ramon-pepin-se-opone-a-que-se-mutile-el-jardin-botanico\/","url_meta":{"origin":95984,"position":4},"title":"Ram\u00f3n Pep\u00edn se opone a que se mutile el Jard\u00edn Bot\u00e1nico","author":"Nelson Feliz","date":"26 de junio de 2025","format":false,"excerpt":"\u201cRecortar el per\u00edmetro del Jard\u00edn Bot\u00e1nico generar\u00eda un da\u00f1o ecol\u00f3gico\u201d El secretario de Obras P\u00fablicas del Partido de la Liberaci\u00f3n Dominicana (PLD), Ram\u00f3n Pep\u00edn, expres\u00f3 su desacuerdo con reducir el per\u00edmetro del Jard\u00edn Bot\u00e1nico Nacional Rafael Moscoso Puello para ampliar la avenida Rep\u00fablica de Colombia. El ex ministro de Obras\u2026","rel":"","context":"En \u00abNACIONALES\u00bb","block_context":{"text":"NACIONALES","link":"https:\/\/lasprimeras.com.do\/index.php\/category\/nacionales\/"},"img":{"alt_text":"Ram\u00f3n Pep\u00edn","src":"https:\/\/i0.wp.com\/lasprimeras.com.do\/wp-content\/uploads\/2025\/06\/Ramon-Pepin.jpg?resize=350%2C200&ssl=1","width":350,"height":200,"srcset":"https:\/\/i0.wp.com\/lasprimeras.com.do\/wp-content\/uploads\/2025\/06\/Ramon-Pepin.jpg?resize=350%2C200&ssl=1 1x, https:\/\/i0.wp.com\/lasprimeras.com.do\/wp-content\/uploads\/2025\/06\/Ramon-Pepin.jpg?resize=525%2C300&ssl=1 1.5x, https:\/\/i0.wp.com\/lasprimeras.com.do\/wp-content\/uploads\/2025\/06\/Ramon-Pepin.jpg?resize=700%2C400&ssl=1 2x"},"classes":[]},{"id":115045,"url":"https:\/\/lasprimeras.com.do\/index.php\/2025\/11\/18\/ramon-pepin-demanda-del-gobierno-resolver-los-problemas-de-la-movilidad-que-trastornan-la-poblacion\/","url_meta":{"origin":95984,"position":5},"title":"Ram\u00f3n Pep\u00edn demanda del Gobierno resolver los problemas de la movilidad que trastornan la poblaci\u00f3n","author":"Nelson Feliz","date":"18 de noviembre de 2025","format":false,"excerpt":"El titular de la Secretar\u00eda de Obras P\u00fablicas del Partido de la Liberaci\u00f3n Dominicana (PLD) Ram\u00f3n Pep\u00edn, demand\u00f3 del Gobierno resolver los graves problemas de la movilidad, que genera serios inconvenientes a la poblaci\u00f3n. Pep\u00edn respondi\u00f3 a los periodistas que le abordaron en la sede nacional del PLD a prop\u00f3sito\u2026","rel":"","context":"En \u00abPOLITICA\u00bb","block_context":{"text":"POLITICA","link":"https:\/\/lasprimeras.com.do\/index.php\/category\/politica\/"},"img":{"alt_text":"","src":"https:\/\/i0.wp.com\/lasprimeras.com.do\/wp-content\/uploads\/2025\/11\/Ramon-Pepin-1.jpg?resize=350%2C200&ssl=1","width":350,"height":200},"classes":[]}],"jetpack_sharing_enabled":true,"_links":{"self":[{"href":"https:\/\/lasprimeras.com.do\/index.php\/wp-json\/wp\/v2\/posts\/95984","targetHints":{"allow":["GET"]}}],"collection":[{"href":"https:\/\/lasprimeras.com.do\/index.php\/wp-json\/wp\/v2\/posts"}],"about":[{"href":"https:\/\/lasprimeras.com.do\/index.php\/wp-json\/wp\/v2\/types\/post"}],"author":[{"embeddable":true,"href":"https:\/\/lasprimeras.com.do\/index.php\/wp-json\/wp\/v2\/users\/2"}],"replies":[{"embeddable":true,"href":"https:\/\/lasprimeras.com.do\/index.php\/wp-json\/wp\/v2\/comments?post=95984"}],"version-history":[{"count":1,"href":"https:\/\/lasprimeras.com.do\/index.php\/wp-json\/wp\/v2\/posts\/95984\/revisions"}],"predecessor-version":[{"id":95986,"href":"https:\/\/lasprimeras.com.do\/index.php\/wp-json\/wp\/v2\/posts\/95984\/revisions\/95986"}],"wp:featuredmedia":[{"embeddable":true,"href":"https:\/\/lasprimeras.com.do\/index.php\/wp-json\/wp\/v2\/media\/95985"}],"wp:attachment":[{"href":"https:\/\/lasprimeras.com.do\/index.php\/wp-json\/wp\/v2\/media?parent=95984"}],"wp:term":[{"taxonomy":"category","embeddable":true,"href":"https:\/\/lasprimeras.com.do\/index.php\/wp-json\/wp\/v2\/categories?post=95984"},{"taxonomy":"post_tag","embeddable":true,"href":"https:\/\/lasprimeras.com.do\/index.php\/wp-json\/wp\/v2\/tags?post=95984"}],"curies":[{"name":"wp","href":"https:\/\/api.w.org\/{rel}","templated":true}]}}