{"id":95990,"date":"2025-03-23T23:26:10","date_gmt":"2025-03-24T03:26:10","guid":{"rendered":"https:\/\/lasprimeras.com.do\/?p=95990"},"modified":"2025-03-23T23:26:10","modified_gmt":"2025-03-24T03:26:10","slug":"comision-del-pld-visita-a-abel-martinez","status":"publish","type":"post","link":"https:\/\/lasprimeras.com.do\/index.php\/2025\/03\/23\/comision-del-pld-visita-a-abel-martinez\/","title":{"rendered":"Comisi\u00f3n del PLD visita a Abel Mart\u00ednez"},"content":{"rendered":"\n<p><strong>La Comisi\u00f3n de Arbitraje y Unidad del Partido de la Liberaci\u00f3n Dominicana (PLD) se re\u00fane con Abel Mart\u00ednez.<\/strong><\/p>\n\n\n\n<p>La Comisi\u00f3n de Arbitraje y Unidad en las aspiraciones a la candidatura presidencial del Partido de la Liberaci\u00f3n Dominicana (PLD), gir\u00f3 una visita a Abel Mart\u00ednez, miembro del Comit\u00e9 Pol\u00edtico, pasado candidato presidencial, a prop\u00f3sito de la encomienda de identificar las y los aspirantes a dicha nominaci\u00f3n.<\/p>\n\n\n\n<p>Melanio Paredes, miembro de dicha comisi\u00f3n, que preside Lidio Cadet e integra Alejandrina Germ\u00e1n, fue quien dio a conocer la informaci\u00f3n, publicando tambi\u00e9n una fotograf\u00eda del encuentro con el ex alcalde de Santiago de los Caballeros.<\/p>\n\n\n\n<p>\u201cEste s\u00e1bado la Comisi\u00f3n Arbitral y de Unidad, coordinada por Lidio Cadet y ampliada con Johnny Pujols y Juan Tem\u00edstocles Mont\u00e1s,visitamos a Abel Mart\u00ednez, en reposo por un evento de salud, a prop\u00f3sito de los trabajos de identificaci\u00f3n de aspirantes a la candidatura presidencial del PLD\u201d, escribi\u00f3 Paredes en su cuenta de la red social X.<\/p>\n\n\n\n<p>Melanio Paredes adelant\u00f3 que la Comisi\u00f3n agotar\u00e1 una serie de encuentros para lo cual ha entrado en contacto con las y los posibles aspirantes a la nominaci\u00f3n presidencial del PLD.<\/p>\n\n\n\n<p>\u201cLa Comisi\u00f3n agotar\u00e1 una serie de encuentros con los potenciales aspirantes a la candidatura presidencial de PLD en el marco del mandato y plazo establecido por el Comit\u00e9 Pol\u00edtico\u201d, explic\u00f3 Paredes.<\/p>\n\n\n\n<p>El coordinador de la Comisi\u00f3n, Lidio Cadet, ha explicado que ese estamento intervendr\u00eda para que todo se conduzca de tal manera que la disciplina y la unidad del partido no se pongan en riesgo, precisando sobre la responsabilidad de arbitraje de esa comisi\u00f3n designada por el Comit\u00e9 Pol\u00edtico en su reuni\u00f3n de inicios del cursante marzo.<\/p>\n","protected":false},"excerpt":{"rendered":"<p>La Comisi\u00f3n de Arbitraje y Unidad del Partido de la Liberaci\u00f3n Dominicana (PLD) se re\u00fane con Abel Mart\u00ednez. La Comisi\u00f3n de Arbitraje y Unidad en las aspiraciones a la candidatura&hellip;<\/p>\n","protected":false},"author":2,"featured_media":95991,"comment_status":"open","ping_status":"open","sticky":false,"template":"","format":"standard","meta":{"content-type":"","jetpack_post_was_ever_published":false,"_jetpack_newsletter_access":"","_jetpack_dont_email_post_to_subs":false,"_jetpack_newsletter_tier_id":0,"_jetpack_memberships_contains_paywalled_content":false,"_jetpack_memberships_contains_paid_content":false,"footnotes":""},"categories":[16559,25],"tags":[950,269,843],"class_list":["post-95990","post","type-post","status-publish","format-standard","has-post-thumbnail","hentry","category-politica","category-portada","tag-comision","tag-pld","tag-visita"],"jetpack_featured_media_url":"https:\/\/lasprimeras.com.do\/wp-content\/uploads\/2025\/03\/comision-con-abel.jpg","jetpack-related-posts":[{"id":113297,"url":"https:\/\/lasprimeras.com.do\/index.php\/2025\/10\/31\/comision-del-pld-se-reune-con-abel-martinez\/","url_meta":{"origin":95990,"position":0},"title":"Comision del PLD se reune con Abel Martinez","author":"Nelson Feliz","date":"31 de octubre de 2025","format":false,"excerpt":"La Comisi\u00f3n del PLD conformada para trabajar el Protocolo de Aspirantes Presidenciales se re\u00fane con Abel Mart\u00ednez. La comisi\u00f3n encargada de trabajar el Protocolo de Aspirantes Presidenciales del Partido de la Liberaci\u00f3n Dominicana (PLD) sostuvo un encuentro con Abel Mart\u00ednez, pasado candidato presidencial pelede\u00edsta en el que se intercambiaron ideas\u2026","rel":"","context":"En \u00abPOLITICA\u00bb","block_context":{"text":"POLITICA","link":"https:\/\/lasprimeras.com.do\/index.php\/category\/politica\/"},"img":{"alt_text":"","src":"https:\/\/i0.wp.com\/lasprimeras.com.do\/wp-content\/uploads\/2025\/10\/COMISION-CON-ABEL-2.jpg?resize=350%2C200&ssl=1","width":350,"height":200,"srcset":"https:\/\/i0.wp.com\/lasprimeras.com.do\/wp-content\/uploads\/2025\/10\/COMISION-CON-ABEL-2.jpg?resize=350%2C200&ssl=1 1x, https:\/\/i0.wp.com\/lasprimeras.com.do\/wp-content\/uploads\/2025\/10\/COMISION-CON-ABEL-2.jpg?resize=525%2C300&ssl=1 1.5x, https:\/\/i0.wp.com\/lasprimeras.com.do\/wp-content\/uploads\/2025\/10\/COMISION-CON-ABEL-2.jpg?resize=700%2C400&ssl=1 2x"},"classes":[]},{"id":96606,"url":"https:\/\/lasprimeras.com.do\/index.php\/2025\/04\/04\/lidio-cadet-quien-aspire-a-representar-al-pld-debe-encarnar-principio-de-unidad\/","url_meta":{"origin":95990,"position":1},"title":"Lidio Cadet: \u201cQuien aspire a representar al PLD debe encarnar principio de unidad\u201d","author":"Nelson Feliz","date":"4 de abril de 2025","format":false,"excerpt":"La Comisi\u00f3n de Arbitraje y Unidad del Partido de la Liberaci\u00f3n Dominicana (PLD) present\u00f3 ante los medios de comunicaci\u00f3n los avances de su labor, destacando el ambiente de madurez pol\u00edtica, compromiso democr\u00e1tico y voluntad de unidad que ha prevalecido en sus intercambios con los distintos aspirantes a la candidatura presidencial\u2026","rel":"","context":"En \u00abPOLITICA\u00bb","block_context":{"text":"POLITICA","link":"https:\/\/lasprimeras.com.do\/index.php\/category\/politica\/"},"img":{"alt_text":"","src":"https:\/\/i0.wp.com\/lasprimeras.com.do\/wp-content\/uploads\/2025\/04\/arbitraje-y-unid-pld-9.jpg?resize=350%2C200&ssl=1","width":350,"height":200,"srcset":"https:\/\/i0.wp.com\/lasprimeras.com.do\/wp-content\/uploads\/2025\/04\/arbitraje-y-unid-pld-9.jpg?resize=350%2C200&ssl=1 1x, https:\/\/i0.wp.com\/lasprimeras.com.do\/wp-content\/uploads\/2025\/04\/arbitraje-y-unid-pld-9.jpg?resize=525%2C300&ssl=1 1.5x, https:\/\/i0.wp.com\/lasprimeras.com.do\/wp-content\/uploads\/2025\/04\/arbitraje-y-unid-pld-9.jpg?resize=700%2C400&ssl=1 2x"},"classes":[]},{"id":95914,"url":"https:\/\/lasprimeras.com.do\/index.php\/2025\/03\/21\/manuel-galvanprocedimiento-de-eleccion-de-aspirantes-del-pld-esta-apegado-a-la-ley\/","url_meta":{"origin":95990,"position":2},"title":"Manuel Galv\u00e1n:Procedimiento de elecci\u00f3n de aspirantes del PLD est\u00e1 apegado a la Ley","author":"Nelson Feliz","date":"21 de marzo de 2025","format":false,"excerpt":"Mecanismo interno del PLD, para valorar la simpat\u00eda de los aspirantes presidenciales es en virtud de la Ley No.33-18 y de los Estatutos pelede\u00edstas. El proceso interno que ha abierto el Partido de la Liberaci\u00f3n Dominicana (PLD) con la designaci\u00f3n de parte del Comit\u00e9 Pol\u00edtico de la Comisi\u00f3n de Arbitraje\u2026","rel":"","context":"En \u00abPOLITICA\u00bb","block_context":{"text":"POLITICA","link":"https:\/\/lasprimeras.com.do\/index.php\/category\/politica\/"},"img":{"alt_text":"Manuel Galv\u00e1n","src":"https:\/\/i0.wp.com\/lasprimeras.com.do\/wp-content\/uploads\/2025\/03\/Manuel-Galvan.jpg?resize=350%2C200&ssl=1","width":350,"height":200,"srcset":"https:\/\/i0.wp.com\/lasprimeras.com.do\/wp-content\/uploads\/2025\/03\/Manuel-Galvan.jpg?resize=350%2C200&ssl=1 1x, https:\/\/i0.wp.com\/lasprimeras.com.do\/wp-content\/uploads\/2025\/03\/Manuel-Galvan.jpg?resize=525%2C300&ssl=1 1.5x, https:\/\/i0.wp.com\/lasprimeras.com.do\/wp-content\/uploads\/2025\/03\/Manuel-Galvan.jpg?resize=700%2C400&ssl=1 2x"},"classes":[]},{"id":95911,"url":"https:\/\/lasprimeras.com.do\/index.php\/2025\/03\/21\/comision-del-pld-recibe-a-francisco-javier-garcia-quien-formaliza-sus-aspiraciones\/","url_meta":{"origin":95990,"position":3},"title":"Comisi\u00f3n del PLD recibe a Francisco Javier Garc\u00eda quien formaliza sus aspiraciones","author":"Nelson Feliz","date":"21 de marzo de 2025","format":false,"excerpt":"La Comisi\u00f3n de Arbitraje y Unidad en las aspiraciones a la candidatura presidencial del Partido de la Liberaci\u00f3n Dominicana (PLD) recibi\u00f3 la primera comunicaci\u00f3n de un aspirante a dicha candidatura, depositada por Francisco Javier Garc\u00eda, miembro del Comit\u00e9 Pol\u00edtico. La comunicaci\u00f3n fue entregada por Garc\u00eda al coordinador de la Comisi\u00f3n\u2026","rel":"","context":"En \u00abPOLITICA\u00bb","block_context":{"text":"POLITICA","link":"https:\/\/lasprimeras.com.do\/index.php\/category\/politica\/"},"img":{"alt_text":"Francisco Javier Garc\u00eda","src":"https:\/\/i0.wp.com\/lasprimeras.com.do\/wp-content\/uploads\/2025\/03\/Francisco-Javier-Garcia.jpg?resize=350%2C200&ssl=1","width":350,"height":200,"srcset":"https:\/\/i0.wp.com\/lasprimeras.com.do\/wp-content\/uploads\/2025\/03\/Francisco-Javier-Garcia.jpg?resize=350%2C200&ssl=1 1x, https:\/\/i0.wp.com\/lasprimeras.com.do\/wp-content\/uploads\/2025\/03\/Francisco-Javier-Garcia.jpg?resize=525%2C300&ssl=1 1.5x"},"classes":[]},{"id":121192,"url":"https:\/\/lasprimeras.com.do\/index.php\/2026\/02\/02\/abel-martinez-sugiere-fortalecer-unidad-y-garantizar-competitividad-del-pld-rumbo-a-2028\/","url_meta":{"origin":95990,"position":4},"title":"Abel Mart\u00ednez sugiere fortalecer unidad y garantizar competitividad del PLD rumbo a 2028","author":"Nelson Feliz","date":"2 de febrero de 2026","format":false,"excerpt":"El excandidato presidencial del Partido de la Liberaci\u00f3n Dominicana (PLD), Abel Mart\u00ednez, plante\u00f3 una propuesta pol\u00edtica orientada a preservar la unidad interna del Partido y colocarlo en condiciones reales de competitividad de cara a las elecciones de 2028, apelando a la madurez, la armon\u00eda y la visi\u00f3n estrat\u00e9gica. Mart\u00ednez explic\u00f3\u2026","rel":"","context":"En \u00abPOLITICA\u00bb","block_context":{"text":"POLITICA","link":"https:\/\/lasprimeras.com.do\/index.php\/category\/politica\/"},"img":{"alt_text":"Abel Mart\u00ednez","src":"https:\/\/i0.wp.com\/lasprimeras.com.do\/wp-content\/uploads\/2025\/12\/Abel-Martinez-1.jpg?resize=350%2C200&ssl=1","width":350,"height":200,"srcset":"https:\/\/i0.wp.com\/lasprimeras.com.do\/wp-content\/uploads\/2025\/12\/Abel-Martinez-1.jpg?resize=350%2C200&ssl=1 1x, https:\/\/i0.wp.com\/lasprimeras.com.do\/wp-content\/uploads\/2025\/12\/Abel-Martinez-1.jpg?resize=525%2C300&ssl=1 1.5x, https:\/\/i0.wp.com\/lasprimeras.com.do\/wp-content\/uploads\/2025\/12\/Abel-Martinez-1.jpg?resize=700%2C400&ssl=1 2x"},"classes":[]},{"id":113898,"url":"https:\/\/lasprimeras.com.do\/index.php\/2025\/11\/06\/organizando-los-elementos-para-garantizar-el-triunfo-del-pld\/","url_meta":{"origin":95990,"position":5},"title":"Organizando los elementos para garantizar el triunfo del PLD","author":"Nelson Feliz","date":"6 de noviembre de 2025","format":false,"excerpt":"La Comisi\u00f3n del PLD conformada para trabajar el Protocolo de Aspirantes Presidenciales se re\u00fane con Francisco Javier Garc\u00eda. La comisi\u00f3n encargada de trabajar el Protocolo de Aspirantes Presidenciales del Partido de la Liberaci\u00f3n Dominicana (PLD) sostuvo un encuentro con Francisco Javier Garc\u00eda, miembro del Comit\u00e9 Pol\u00edtico, en el que se\u2026","rel":"","context":"En \u00abPOLITICA\u00bb","block_context":{"text":"POLITICA","link":"https:\/\/lasprimeras.com.do\/index.php\/category\/politica\/"},"img":{"alt_text":"","src":"https:\/\/i0.wp.com\/lasprimeras.com.do\/wp-content\/uploads\/2025\/11\/pld.jpg?resize=350%2C200&ssl=1","width":350,"height":200,"srcset":"https:\/\/i0.wp.com\/lasprimeras.com.do\/wp-content\/uploads\/2025\/11\/pld.jpg?resize=350%2C200&ssl=1 1x, https:\/\/i0.wp.com\/lasprimeras.com.do\/wp-content\/uploads\/2025\/11\/pld.jpg?resize=525%2C300&ssl=1 1.5x, https:\/\/i0.wp.com\/lasprimeras.com.do\/wp-content\/uploads\/2025\/11\/pld.jpg?resize=700%2C400&ssl=1 2x"},"classes":[]}],"jetpack_sharing_enabled":true,"_links":{"self":[{"href":"https:\/\/lasprimeras.com.do\/index.php\/wp-json\/wp\/v2\/posts\/95990","targetHints":{"allow":["GET"]}}],"collection":[{"href":"https:\/\/lasprimeras.com.do\/index.php\/wp-json\/wp\/v2\/posts"}],"about":[{"href":"https:\/\/lasprimeras.com.do\/index.php\/wp-json\/wp\/v2\/types\/post"}],"author":[{"embeddable":true,"href":"https:\/\/lasprimeras.com.do\/index.php\/wp-json\/wp\/v2\/users\/2"}],"replies":[{"embeddable":true,"href":"https:\/\/lasprimeras.com.do\/index.php\/wp-json\/wp\/v2\/comments?post=95990"}],"version-history":[{"count":2,"href":"https:\/\/lasprimeras.com.do\/index.php\/wp-json\/wp\/v2\/posts\/95990\/revisions"}],"predecessor-version":[{"id":95993,"href":"https:\/\/lasprimeras.com.do\/index.php\/wp-json\/wp\/v2\/posts\/95990\/revisions\/95993"}],"wp:featuredmedia":[{"embeddable":true,"href":"https:\/\/lasprimeras.com.do\/index.php\/wp-json\/wp\/v2\/media\/95991"}],"wp:attachment":[{"href":"https:\/\/lasprimeras.com.do\/index.php\/wp-json\/wp\/v2\/media?parent=95990"}],"wp:term":[{"taxonomy":"category","embeddable":true,"href":"https:\/\/lasprimeras.com.do\/index.php\/wp-json\/wp\/v2\/categories?post=95990"},{"taxonomy":"post_tag","embeddable":true,"href":"https:\/\/lasprimeras.com.do\/index.php\/wp-json\/wp\/v2\/tags?post=95990"}],"curies":[{"name":"wp","href":"https:\/\/api.w.org\/{rel}","templated":true}]}}