{"id":95997,"date":"2025-03-23T23:40:15","date_gmt":"2025-03-24T03:40:15","guid":{"rendered":"https:\/\/lasprimeras.com.do\/?p=95997"},"modified":"2025-03-23T23:40:16","modified_gmt":"2025-03-24T03:40:16","slug":"garcia-fermin-el-interes-del-presidente-abinader-es-que-la-juventud-se-supere-para-beneficio-del-pais","status":"publish","type":"post","link":"https:\/\/lasprimeras.com.do\/index.php\/2025\/03\/23\/garcia-fermin-el-interes-del-presidente-abinader-es-que-la-juventud-se-supere-para-beneficio-del-pais\/","title":{"rendered":"Garc\u00eda Ferm\u00edn: &#8220;El inter\u00e9s del presidente Abinader es que la juventud se supere para beneficio del pa\u00eds&#8221;"},"content":{"rendered":"\n<p>El ministro de Educaci\u00f3n Superior, Ciencia y Tecnolog\u00eda, doctor Franklin Garc\u00eda Ferm\u00edn, asegur\u00f3 que cientos de estudiantes dominicanos cursan diversas carreras en universidades de Espa\u00f1a como consecuencia del inter\u00e9s puesto por el presidente Luis Abinader de impulsar el desarrollo de la juventud dominicana.<\/p>\n\n\n\n<p>El funcionario hizo el planteamiento al recibir en su despacho a una comisi\u00f3n del Grupo San Valero, con quienes analiz\u00f3 sobre los nuevos programas e intercambios acad\u00e9micos entre las universidades espa\u00f1olas y el Ministerio.<\/p>\n\n\n\n<p>Durante el encuentro, el funcionario y los directivos abordaron temas sobre las nuevas carreras que implementar\u00e1n y todo lo relacionado con los estudiantes dominicanos que cursan diversas especialidades en las universidades espa\u00f1olas.<\/p>\n\n\n\n<p>Garc\u00eda Ferm\u00edn afirm\u00f3 que el Ministerio de Educaci\u00f3n Superior, Ciencia y Tecnolog\u00eda (MESCyT) seguir\u00e1 ampliando los programas de becas con Espa\u00f1a para favorecer a cientos de j\u00f3venes de zonas m\u00e1s vulnerables del pa\u00eds.<\/p>\n\n\n\n<p>El funcionario destac\u00f3 el inter\u00e9s del presidente Luis Abinader de que los j\u00f3venes dominicanos puedan seguir super\u00e1ndose en el campo profesional en diferentes \u00e1reas del saber en tierras extranjeras al m\u00e1s alto nivel.<\/p>\n\n\n\n<p>De su lado, la rectora de la Universidad San Jorge (USJ), la doctora Silvia Carrascal, se\u00f1al\u00f3 la relevancia que tiene la educaci\u00f3n superior en la Rep\u00fablica Dominicana, para formar a personas que puedan resolver los retos y desaf\u00edos que exige la sociedad actual, destacando los lazos de colaboraci\u00f3n entre ambas nacionalidades.<\/p>\n\n\n\n<p>En ese sentido, el gerente de la Universidad San Jorge (USJ), Jorge Antonio D\u00edez Zaera, confirm\u00f3 la nueva oferta acad\u00e9mica que tiene como objetivo ofrecer programas de calidad, alineados con los est\u00e1ndares requeridos a nivel nacional e internacional para que el estudiantado desarrolle las competencias necesarias acorde a su especialidad.<\/p>\n\n\n\n<p>Explic\u00f3 que las ofertas acad\u00e9micas, gradualmente, incluyen Ingenier\u00eda en Mecatr\u00f3nica y programas relacionados con las Tecnolog\u00edas de la Informaci\u00f3n y Comunicaci\u00f3n (TIC), Ciberseguridad, Programaci\u00f3n y Redes.<\/p>\n","protected":false},"excerpt":{"rendered":"<p>El ministro de Educaci\u00f3n Superior, Ciencia y Tecnolog\u00eda, doctor Franklin Garc\u00eda Ferm\u00edn, asegur\u00f3 que cientos de estudiantes dominicanos cursan diversas carreras en universidades de Espa\u00f1a como consecuencia del inter\u00e9s puesto&hellip;<\/p>\n","protected":false},"author":2,"featured_media":95998,"comment_status":"open","ping_status":"open","sticky":false,"template":"","format":"standard","meta":{"content-type":"","jetpack_post_was_ever_published":false,"_jetpack_newsletter_access":"","_jetpack_dont_email_post_to_subs":false,"_jetpack_newsletter_tier_id":0,"_jetpack_memberships_contains_paywalled_content":false,"_jetpack_memberships_contains_paid_content":false,"footnotes":""},"categories":[35],"tags":[14856,1373,2479,67,18357],"class_list":["post-95997","post","type-post","status-publish","format-standard","has-post-thumbnail","hentry","category-nacionales","tag-beneficio","tag-franklin-garcia-fermin","tag-juventud","tag-luis-abinader","tag-supere"],"jetpack_featured_media_url":"https:\/\/lasprimeras.com.do\/wp-content\/uploads\/2025\/03\/fermin.jpg","jetpack-related-posts":[{"id":111487,"url":"https:\/\/lasprimeras.com.do\/index.php\/2025\/10\/09\/mescyt-otorga-117-becas-nacionales-a-estudiantes-de-utesur-en-azua\/","url_meta":{"origin":95997,"position":0},"title":"Mescyt otorga 117 becas nacionales a estudiantes de Utesur en Azua","author":"Nelson Feliz","date":"9 de octubre de 2025","format":false,"excerpt":"Ministro Franklin Garc\u00eda Ferm\u00edn afirma que el conocimiento es la llave que abre la puerta del futuro y mejora la calidad de vida de los dominicanos. El Ministerio de Educaci\u00f3n Superior, Ciencia y Tecnolog\u00eda (Mescyt) entreg\u00f3 117 certificados de becas nacionales a igual n\u00famero de estudiantes meritorios de la Universidad\u2026","rel":"","context":"En \u00abNACIONALES\u00bb","block_context":{"text":"NACIONALES","link":"https:\/\/lasprimeras.com.do\/index.php\/category\/nacionales\/"},"img":{"alt_text":"","src":"https:\/\/i0.wp.com\/lasprimeras.com.do\/wp-content\/uploads\/2025\/10\/Franklin-Garcia-Fermin.jpg?resize=350%2C200&ssl=1","width":350,"height":200,"srcset":"https:\/\/i0.wp.com\/lasprimeras.com.do\/wp-content\/uploads\/2025\/10\/Franklin-Garcia-Fermin.jpg?resize=350%2C200&ssl=1 1x, https:\/\/i0.wp.com\/lasprimeras.com.do\/wp-content\/uploads\/2025\/10\/Franklin-Garcia-Fermin.jpg?resize=525%2C300&ssl=1 1.5x, https:\/\/i0.wp.com\/lasprimeras.com.do\/wp-content\/uploads\/2025\/10\/Franklin-Garcia-Fermin.jpg?resize=700%2C400&ssl=1 2x"},"classes":[]},{"id":100829,"url":"https:\/\/lasprimeras.com.do\/index.php\/2025\/06\/12\/gobierno-dominicano-impulsa-formacion-academica-en-carreras-stem\/","url_meta":{"origin":95997,"position":1},"title":"Gobierno dominicano impulsa formaci\u00f3n acad\u00e9mica en carreras STEM","author":"Nelson Feliz","date":"12 de junio de 2025","format":false,"excerpt":"MESCyT entrega 603 becas internacionales a beneficiarios que cursar\u00e1n programas de maestr\u00edas en el extranjero. El Ministerio de Educaci\u00f3n Superior, Ciencia y Tecnolog\u00eda (MESCyT) entreg\u00f3 603 de becas internacionales, al primer grupo de alumnos que cursar\u00e1n programas de maestr\u00edas en 19 universidades de 6 pa\u00edses ubicadas en Colombia, Espa\u00f1a, Estados\u2026","rel":"","context":"En \u00abNACIONALES\u00bb","block_context":{"text":"NACIONALES","link":"https:\/\/lasprimeras.com.do\/index.php\/category\/nacionales\/"},"img":{"alt_text":"MESCyT","src":"https:\/\/i0.wp.com\/lasprimeras.com.do\/wp-content\/uploads\/2025\/06\/MESCyT.jpg?resize=350%2C200&ssl=1","width":350,"height":200,"srcset":"https:\/\/i0.wp.com\/lasprimeras.com.do\/wp-content\/uploads\/2025\/06\/MESCyT.jpg?resize=350%2C200&ssl=1 1x, https:\/\/i0.wp.com\/lasprimeras.com.do\/wp-content\/uploads\/2025\/06\/MESCyT.jpg?resize=525%2C300&ssl=1 1.5x, https:\/\/i0.wp.com\/lasprimeras.com.do\/wp-content\/uploads\/2025\/06\/MESCyT.jpg?resize=700%2C400&ssl=1 2x"},"classes":[]},{"id":106936,"url":"https:\/\/lasprimeras.com.do\/index.php\/2025\/08\/21\/mescyt-e-itla-realizan-historica-entrega-de-350-becas-nacionales-a-estudiantes-en-carreras-steam\/","url_meta":{"origin":95997,"position":2},"title":"MESCyT e ITLA realizan hist\u00f3rica entrega de 350 becas nacionales a estudiantes en carreras STEAM","author":"Nelson Feliz","date":"21 de agosto de 2025","format":false,"excerpt":"Por primera vez, 350 j\u00f3venes reciben becas del Mescyt para estudios superiores en el ITLA. El Ministerio de Educaci\u00f3n Superior, Ciencia y Tecnolog\u00eda (MESCyT) y el Instituto Tecnol\u00f3gico de Las Am\u00e9ricas (ITLA) realizaron la entrega de 350 becas nacionales a j\u00f3venes provenientes de provincias del pa\u00eds, con el objetivo de\u2026","rel":"","context":"En \u00abNACIONALES\u00bb","block_context":{"text":"NACIONALES","link":"https:\/\/lasprimeras.com.do\/index.php\/category\/nacionales\/"},"img":{"alt_text":"","src":"https:\/\/i0.wp.com\/lasprimeras.com.do\/wp-content\/uploads\/2025\/08\/becas.jpg?resize=350%2C200&ssl=1","width":350,"height":200,"srcset":"https:\/\/i0.wp.com\/lasprimeras.com.do\/wp-content\/uploads\/2025\/08\/becas.jpg?resize=350%2C200&ssl=1 1x, https:\/\/i0.wp.com\/lasprimeras.com.do\/wp-content\/uploads\/2025\/08\/becas.jpg?resize=525%2C300&ssl=1 1.5x, https:\/\/i0.wp.com\/lasprimeras.com.do\/wp-content\/uploads\/2025\/08\/becas.jpg?resize=700%2C400&ssl=1 2x"},"classes":[]},{"id":100454,"url":"https:\/\/lasprimeras.com.do\/index.php\/2025\/06\/06\/mescyt-y-huawei-promoveran-programa-de-academias-en-universidades-dominicanas\/","url_meta":{"origin":95997,"position":3},"title":"MESCyT y Huawei promover\u00e1n programa de academias en universidades dominicanas","author":"Nelson Feliz","date":"6 de junio de 2025","format":false,"excerpt":"El Ministerio de Educaci\u00f3n Superior, Ciencia y Tecnolog\u00eda ( MESCyT) y Huawei firmaron un convenio para incorporar el programa de academias en universidades dominicanas para mejorar la capacitaci\u00f3n en tecnolog\u00edas de la informaci\u00f3n y comunicaci\u00f3n (TIC). El pacto, rubricado por los titulares de ambas entidades, Franklin Garc\u00eda Ferm\u00edn, y Huang\u2026","rel":"","context":"En \u00abNACIONALES\u00bb","block_context":{"text":"NACIONALES","link":"https:\/\/lasprimeras.com.do\/index.php\/category\/nacionales\/"},"img":{"alt_text":"","src":"https:\/\/i0.wp.com\/lasprimeras.com.do\/wp-content\/uploads\/2025\/06\/MESCyT-y-Huawei-1.jpg?resize=350%2C200&ssl=1","width":350,"height":200,"srcset":"https:\/\/i0.wp.com\/lasprimeras.com.do\/wp-content\/uploads\/2025\/06\/MESCyT-y-Huawei-1.jpg?resize=350%2C200&ssl=1 1x, https:\/\/i0.wp.com\/lasprimeras.com.do\/wp-content\/uploads\/2025\/06\/MESCyT-y-Huawei-1.jpg?resize=525%2C300&ssl=1 1.5x, https:\/\/i0.wp.com\/lasprimeras.com.do\/wp-content\/uploads\/2025\/06\/MESCyT-y-Huawei-1.jpg?resize=700%2C400&ssl=1 2x"},"classes":[]},{"id":60912,"url":"https:\/\/lasprimeras.com.do\/index.php\/2023\/09\/20\/fermin-exhorta-a-jovenes-beneficiados-con-becas-a-seguir-estudiando-aun-despues-de-obtener-un-titulo-de-grado\/","url_meta":{"origin":95997,"position":4},"title":"Ferm\u00edn exhorta a j\u00f3venes beneficiados con becas a seguir estudiando a\u00fan despu\u00e9s de obtener un t\u00edtulo de grado","author":"Nelson Feliz","date":"20 de septiembre de 2023","format":false,"excerpt":"El ministro de Educaci\u00f3n Superior, Ciencia y Tecnolog\u00eda encabeza entrega de 250 becas a j\u00f3venes municipio Santo Domingo Este. Por Mart\u00edn Restituyo El ministro de Educaci\u00f3n Superior, Ciencia y Tecnolog\u00eda, doctor Franklin Garc\u00eda Ferm\u00edn, inst\u00f3 a los j\u00f3venes dominicanos, que han sido beneficiados con becas otorgadas por el gobierno del\u2026","rel":"","context":"En \u00abNACIONALES\u00bb","block_context":{"text":"NACIONALES","link":"https:\/\/lasprimeras.com.do\/index.php\/category\/nacionales\/"},"img":{"alt_text":"Franklin Garc\u00eda Ferm\u00edn","src":"https:\/\/i0.wp.com\/lasprimeras.com.do\/wp-content\/uploads\/2023\/09\/Franklin-Garcia-Fermin-1.jpg?resize=350%2C200&ssl=1","width":350,"height":200,"srcset":"https:\/\/i0.wp.com\/lasprimeras.com.do\/wp-content\/uploads\/2023\/09\/Franklin-Garcia-Fermin-1.jpg?resize=350%2C200&ssl=1 1x, https:\/\/i0.wp.com\/lasprimeras.com.do\/wp-content\/uploads\/2023\/09\/Franklin-Garcia-Fermin-1.jpg?resize=525%2C300&ssl=1 1.5x, https:\/\/i0.wp.com\/lasprimeras.com.do\/wp-content\/uploads\/2023\/09\/Franklin-Garcia-Fermin-1.jpg?resize=700%2C400&ssl=1 2x"},"classes":[]},{"id":104310,"url":"https:\/\/lasprimeras.com.do\/index.php\/2025\/07\/23\/garcia-fermin-rd-y-huawei-exploran-iniciativas-conjuntas-para-transformar-educacion-superior\/","url_meta":{"origin":95997,"position":5},"title":"Garc\u00eda Ferm\u00edn: \u201cRD y Huawei exploran iniciativas conjuntas para transformar educaci\u00f3n superior\u201d","author":"Nelson Feliz","date":"23 de julio de 2025","format":false,"excerpt":"Shangh\u00e1i, China.- El ministro de Educaci\u00f3n Superior, Ciencia y Tecnolog\u00eda, Franklin Garc\u00eda Ferm\u00edn, realiz\u00f3 una visita oficial al campus Huawei Qingpu, en Shangh\u00e1i, como parte de su agenda institucional en la Rep\u00fablica Popular China. Durante el recorrido, la delegaci\u00f3n conoci\u00f3 de cerca las m\u00e1s recientes innovaciones tecnol\u00f3gicas de Huawei en\u2026","rel":"","context":"En \u00abINTERNACIONALES\u00bb","block_context":{"text":"INTERNACIONALES","link":"https:\/\/lasprimeras.com.do\/index.php\/category\/sin-categoria\/internacionales\/"},"img":{"alt_text":"Franklin Garc\u00eda Ferm\u00edn","src":"https:\/\/i0.wp.com\/lasprimeras.com.do\/wp-content\/uploads\/2025\/07\/Franklin-Garcia-Fermin.jpg?resize=350%2C200&ssl=1","width":350,"height":200,"srcset":"https:\/\/i0.wp.com\/lasprimeras.com.do\/wp-content\/uploads\/2025\/07\/Franklin-Garcia-Fermin.jpg?resize=350%2C200&ssl=1 1x, https:\/\/i0.wp.com\/lasprimeras.com.do\/wp-content\/uploads\/2025\/07\/Franklin-Garcia-Fermin.jpg?resize=525%2C300&ssl=1 1.5x, https:\/\/i0.wp.com\/lasprimeras.com.do\/wp-content\/uploads\/2025\/07\/Franklin-Garcia-Fermin.jpg?resize=700%2C400&ssl=1 2x"},"classes":[]}],"jetpack_sharing_enabled":true,"_links":{"self":[{"href":"https:\/\/lasprimeras.com.do\/index.php\/wp-json\/wp\/v2\/posts\/95997","targetHints":{"allow":["GET"]}}],"collection":[{"href":"https:\/\/lasprimeras.com.do\/index.php\/wp-json\/wp\/v2\/posts"}],"about":[{"href":"https:\/\/lasprimeras.com.do\/index.php\/wp-json\/wp\/v2\/types\/post"}],"author":[{"embeddable":true,"href":"https:\/\/lasprimeras.com.do\/index.php\/wp-json\/wp\/v2\/users\/2"}],"replies":[{"embeddable":true,"href":"https:\/\/lasprimeras.com.do\/index.php\/wp-json\/wp\/v2\/comments?post=95997"}],"version-history":[{"count":1,"href":"https:\/\/lasprimeras.com.do\/index.php\/wp-json\/wp\/v2\/posts\/95997\/revisions"}],"predecessor-version":[{"id":95999,"href":"https:\/\/lasprimeras.com.do\/index.php\/wp-json\/wp\/v2\/posts\/95997\/revisions\/95999"}],"wp:featuredmedia":[{"embeddable":true,"href":"https:\/\/lasprimeras.com.do\/index.php\/wp-json\/wp\/v2\/media\/95998"}],"wp:attachment":[{"href":"https:\/\/lasprimeras.com.do\/index.php\/wp-json\/wp\/v2\/media?parent=95997"}],"wp:term":[{"taxonomy":"category","embeddable":true,"href":"https:\/\/lasprimeras.com.do\/index.php\/wp-json\/wp\/v2\/categories?post=95997"},{"taxonomy":"post_tag","embeddable":true,"href":"https:\/\/lasprimeras.com.do\/index.php\/wp-json\/wp\/v2\/tags?post=95997"}],"curies":[{"name":"wp","href":"https:\/\/api.w.org\/{rel}","templated":true}]}}