{"id":96000,"date":"2025-03-24T07:42:07","date_gmt":"2025-03-24T11:42:07","guid":{"rendered":"https:\/\/lasprimeras.com.do\/?p=96000"},"modified":"2025-03-24T07:42:09","modified_gmt":"2025-03-24T11:42:09","slug":"mayoria-miembros-dc-fp-ny-favorece-a-penita-como-secretario-general","status":"publish","type":"post","link":"https:\/\/lasprimeras.com.do\/index.php\/2025\/03\/24\/mayoria-miembros-dc-fp-ny-favorece-a-penita-como-secretario-general\/","title":{"rendered":"Mayor\u00eda miembros DC FP-NY favorece a Pe\u00f1ita como secretario general"},"content":{"rendered":"\n<p>Por Ram\u00f3n Mercedes<\/p>\n\n\n\n<p>NUEVA YORK.- Los 1,500 miembros de la Direcci\u00f3n Central (DC) del Partido Fuerza del Pueblo (FP) son los que tienen el derecho de elegir al presidente, vicepresidente y secretario general de esa entidad pol\u00edtica durante el congreso elector \u00abManolo Tav\u00e1rez\u00bb, a celebrarse pr\u00f3ximamente.<br>Durante el evento, que viene teniendo un impacto significativo en la estructura de la organizaci\u00f3n, participan varios aspirantes a la secretar\u00eda general de la FP.<\/p>\n\n\n\n<p>El pasado fin de semana, este reportero hizo un sondeo entre 43 miembros de los 52 de la DC que hay en el estado de NY, a los cuales se le pregunt\u00f3 personalmente o v\u00eda telef\u00f3nica lo mismo:<\/p>\n\n\n\n<p>De los cuatro aspirantes a la secretar\u00eda general de la FP; Dionis S\u00e1nchez, Franklyn Rodr\u00edguez, Antonio Flori\u00e1n y Andy Morales: \u00bfPor cu\u00e1l de ellos Ud. votar\u00eda para ocupar ese importante cargo?<\/p>\n\n\n\n<p>Por Flori\u00e1n lo hicieron 33 (76.74%) miembros; por Rodr\u00edguez la cantidad de 6 (13.95%); por S\u00e1nchez la suma de 3 (6.98%); por Morales ninguno (0%); y 1 (2.33%) se abstuvo de contestar.<\/p>\n\n\n\n<p>En toda la circunscripci\u00f3n 1-USA, integrada por los estados de NY, Nueva Jersey, Connecticut, Pensilvania, Washington DC, Virginia, Delaware, Massachusetts y Providencia, entre otros, hay en su totalidad 85 miembros del DC.<\/p>\n\n\n\n<p>Es la mayor pol\u00edticamente en el exterior, seg\u00fan los datos de la Junta Central Electoral (JCE), y se ha podido comprobar que el actual secretario general de la FP ganar\u00eda la reelecci\u00f3n en la misma.<\/p>\n","protected":false},"excerpt":{"rendered":"<p>Por Ram\u00f3n Mercedes NUEVA YORK.- Los 1,500 miembros de la Direcci\u00f3n Central (DC) del Partido Fuerza del Pueblo (FP) son los que tienen el derecho de elegir al presidente, vicepresidente&hellip;<\/p>\n","protected":false},"author":10,"featured_media":96001,"comment_status":"open","ping_status":"open","sticky":false,"template":"","format":"standard","meta":{"content-type":"","jetpack_post_was_ever_published":false,"_jetpack_newsletter_access":"","_jetpack_dont_email_post_to_subs":false,"_jetpack_newsletter_tier_id":0,"_jetpack_memberships_contains_paywalled_content":false,"_jetpack_memberships_contains_paid_content":false,"footnotes":""},"categories":[16559],"tags":[17926,8924,158,475,104,4711],"class_list":["post-96000","post","type-post","status-publish","format-standard","has-post-thumbnail","hentry","category-politica","tag-antonio-florian","tag-direccion-central","tag-fuerza-del-pueblo","tag-miembros","tag-nueva-york","tag-secretario-general"],"jetpack_featured_media_url":"https:\/\/lasprimeras.com.do\/wp-content\/uploads\/2025\/03\/WhatsApp-Image-2025-03-24-at-6.04.02-AM.jpeg","jetpack-related-posts":[{"id":106279,"url":"https:\/\/lasprimeras.com.do\/index.php\/2025\/08\/13\/liderazgo-de-la-fp-en-sdn-que-apoya-a-manuel-brito-a-la-presidencia-saca-amplia-mayoria-de-la-dc\/","url_meta":{"origin":96000,"position":0},"title":"Liderazgo de la FP en SDN que apoya a Manuel Brito a la Presidencia saca amplia mayor\u00eda de la DC","author":"Nelson Feliz","date":"13 de agosto de 2025","format":false,"excerpt":"En el municipio Santo Domingo Norte fueron elegidos 34 nuevos miembros de la Direcci\u00f3n Central en su Congreso Ordinario Manuel Aurelio Tavares Justo -Manolo- de los cuales 26 de ellos apoyan al actual secretarios general, Manuel Brito, para que presida la organizaci\u00f3n pol\u00edtica en el municipio. De unos 19 a\u2026","rel":"","context":"En \u00abPOLITICA\u00bb","block_context":{"text":"POLITICA","link":"https:\/\/lasprimeras.com.do\/index.php\/category\/politica\/"},"img":{"alt_text":"","src":"https:\/\/i0.wp.com\/lasprimeras.com.do\/wp-content\/uploads\/2025\/08\/FP-3.jpg?resize=350%2C200&ssl=1","width":350,"height":200,"srcset":"https:\/\/i0.wp.com\/lasprimeras.com.do\/wp-content\/uploads\/2025\/08\/FP-3.jpg?resize=350%2C200&ssl=1 1x, https:\/\/i0.wp.com\/lasprimeras.com.do\/wp-content\/uploads\/2025\/08\/FP-3.jpg?resize=525%2C300&ssl=1 1.5x, https:\/\/i0.wp.com\/lasprimeras.com.do\/wp-content\/uploads\/2025\/08\/FP-3.jpg?resize=700%2C400&ssl=1 2x"},"classes":[]},{"id":128104,"url":"https:\/\/lasprimeras.com.do\/index.php\/2026\/04\/19\/leonel-fernandez-encabeza-sesiones-de-trabajo-de-la-dc-de-fp-en-el-este-y-el-gran-santo-domingo\/","url_meta":{"origin":96000,"position":1},"title":"Leonel Fern\u00e1ndez encabeza sesiones de trabajo de la DC de FP en el Este y el Gran Santo Domingo","author":"Nelson Feliz","date":"19 de abril de 2026","format":false,"excerpt":"Expresidente impulsa plan organizativo rumbo a 2028 y enfoca estrategia en fortalecer la estructura electoral del partido. El presidente del partido Fuerza del Pueblo, Leonel Fern\u00e1ndez, encabez\u00f3 este s\u00e1bado y domingo dos sesiones regionales de trabajo con miembros de la Direcci\u00f3n Central de esa organizaci\u00f3n, correspondientes a las provincias de\u2026","rel":"","context":"En \u00abPOLITICA\u00bb","block_context":{"text":"POLITICA","link":"https:\/\/lasprimeras.com.do\/index.php\/category\/politica\/"},"img":{"alt_text":"","src":"https:\/\/i0.wp.com\/lasprimeras.com.do\/wp-content\/uploads\/2026\/04\/Leonel-Fernandez-5.jpg?resize=350%2C200&ssl=1","width":350,"height":200,"srcset":"https:\/\/i0.wp.com\/lasprimeras.com.do\/wp-content\/uploads\/2026\/04\/Leonel-Fernandez-5.jpg?resize=350%2C200&ssl=1 1x, https:\/\/i0.wp.com\/lasprimeras.com.do\/wp-content\/uploads\/2026\/04\/Leonel-Fernandez-5.jpg?resize=525%2C300&ssl=1 1.5x, https:\/\/i0.wp.com\/lasprimeras.com.do\/wp-content\/uploads\/2026\/04\/Leonel-Fernandez-5.jpg?resize=700%2C400&ssl=1 2x"},"classes":[]},{"id":113427,"url":"https:\/\/lasprimeras.com.do\/index.php\/2025\/11\/02\/dirigente-fp-pide-a-presidentes-de-bases-en-sdn-escoger-a-pavon-como-secretario-general\/","url_meta":{"origin":96000,"position":2},"title":"Dirigente FP pide a presidentes de bases en SDN escoger a Pav\u00f3n como secretario general","author":"Nelson Feliz","date":"2 de noviembre de 2025","format":false,"excerpt":"El miembro de la Direcci\u00f3n Central del Partido Fuerza del Pueblo (FP9 y encargado del bloque 6 del sector Los Guaricanos en Santo Domingo Norte, \u00c9ramos Brito, sugiri\u00f3 a los presidentes bases de esa entidad en Santo Domingo Norte (SDN) escoger de manera un\u00e1nime a V\u00edctor Pav\u00f3n como secretario general\u2026","rel":"","context":"En \u00abPOLITICA\u00bb","block_context":{"text":"POLITICA","link":"https:\/\/lasprimeras.com.do\/index.php\/category\/politica\/"},"img":{"alt_text":"Victor Pav\u00f3n","src":"https:\/\/i0.wp.com\/lasprimeras.com.do\/wp-content\/uploads\/2024\/10\/Victor-Pavon.jpg?resize=350%2C200&ssl=1","width":350,"height":200,"srcset":"https:\/\/i0.wp.com\/lasprimeras.com.do\/wp-content\/uploads\/2024\/10\/Victor-Pavon.jpg?resize=350%2C200&ssl=1 1x, https:\/\/i0.wp.com\/lasprimeras.com.do\/wp-content\/uploads\/2024\/10\/Victor-Pavon.jpg?resize=525%2C300&ssl=1 1.5x, https:\/\/i0.wp.com\/lasprimeras.com.do\/wp-content\/uploads\/2024\/10\/Victor-Pavon.jpg?resize=700%2C400&ssl=1 2x"},"classes":[]},{"id":121796,"url":"https:\/\/lasprimeras.com.do\/index.php\/2026\/02\/10\/fuerza-del-pueblo-realiza-con-exito-pleno-de-dirigentes-en-sdn\/","url_meta":{"origin":96000,"position":3},"title":"Fuerza del Pueblo realiza con \u00e9xito pleno de dirigentes en SDN","author":"Nelson Feliz","date":"10 de febrero de 2026","format":false,"excerpt":"El partido Fuerza del Pueblo (FP) realiz\u00f3 un pleno de dirigentes en Santo Domingo Norte (SDN) en el que se escogieron los dirigentes faltantes de la direcci\u00f3n ejecutiva de esa demarcaci\u00f3n. El pleno que hab\u00eda sido aperturado el 29 de enero, pero suspendido en esa ocasi\u00f3n, finaliz\u00f3 hoy con la\u2026","rel":"","context":"En \u00abPOLITICA\u00bb","block_context":{"text":"POLITICA","link":"https:\/\/lasprimeras.com.do\/index.php\/category\/politica\/"},"img":{"alt_text":"","src":"https:\/\/i0.wp.com\/lasprimeras.com.do\/wp-content\/uploads\/2026\/02\/IMG-20260208-WA0940.jpg?resize=350%2C200&ssl=1","width":350,"height":200,"srcset":"https:\/\/i0.wp.com\/lasprimeras.com.do\/wp-content\/uploads\/2026\/02\/IMG-20260208-WA0940.jpg?resize=350%2C200&ssl=1 1x, https:\/\/i0.wp.com\/lasprimeras.com.do\/wp-content\/uploads\/2026\/02\/IMG-20260208-WA0940.jpg?resize=525%2C300&ssl=1 1.5x, https:\/\/i0.wp.com\/lasprimeras.com.do\/wp-content\/uploads\/2026\/02\/IMG-20260208-WA0940.jpg?resize=700%2C400&ssl=1 2x, https:\/\/i0.wp.com\/lasprimeras.com.do\/wp-content\/uploads\/2026\/02\/IMG-20260208-WA0940.jpg?resize=1050%2C600&ssl=1 3x"},"classes":[]},{"id":125952,"url":"https:\/\/lasprimeras.com.do\/index.php\/2026\/03\/27\/fp-juramenta-su-direccion-ejecutiva-municipal-en-santiago\/","url_meta":{"origin":96000,"position":4},"title":"FP juramenta su Direcci\u00f3n Ejecutiva Municipal en Santiago","author":"Nelson Feliz","date":"27 de marzo de 2026","format":false,"excerpt":"La Fuerza del Pueblo (FP) dej\u00f3 juramentada su Direcci\u00f3n Ejecutiva Municipal en Santiago, como parte del proceso de reorganizaci\u00f3n y fortalecimiento de sus estructuras territoriales. La direcci\u00f3n municipal estar\u00e1 encabezada por Hamlet Ot\u00e1\u00f1ez, presidente municipal, junto a Jarizqui Izquierdo, secretario general, quienes asumir\u00e1n la conducci\u00f3n pol\u00edtica y organizativa del partido\u2026","rel":"","context":"En \u00abPOLITICA\u00bb","block_context":{"text":"POLITICA","link":"https:\/\/lasprimeras.com.do\/index.php\/category\/politica\/"},"img":{"alt_text":"","src":"https:\/\/i0.wp.com\/lasprimeras.com.do\/wp-content\/uploads\/2026\/03\/juramentacion.jpg?resize=350%2C200&ssl=1","width":350,"height":200,"srcset":"https:\/\/i0.wp.com\/lasprimeras.com.do\/wp-content\/uploads\/2026\/03\/juramentacion.jpg?resize=350%2C200&ssl=1 1x, https:\/\/i0.wp.com\/lasprimeras.com.do\/wp-content\/uploads\/2026\/03\/juramentacion.jpg?resize=525%2C300&ssl=1 1.5x, https:\/\/i0.wp.com\/lasprimeras.com.do\/wp-content\/uploads\/2026\/03\/juramentacion.jpg?resize=700%2C400&ssl=1 2x"},"classes":[]},{"id":107896,"url":"https:\/\/lasprimeras.com.do\/index.php\/2025\/09\/01\/crece-descontento-en-dirigentes-fp-del-exterior-por-exclusion-en-proximas-votaciones-direccion-politica\/","url_meta":{"origin":96000,"position":5},"title":"Crece descontento en dirigentes FP del exterior por exclusi\u00f3n en pr\u00f3ximas votaciones Direcci\u00f3n Pol\u00edtica","author":"Nelson Feliz","date":"1 de septiembre de 2025","format":false,"excerpt":"Autor Francis P\u00e9rez Un gran disgusto y desconcierto se ha generado entre los miembros de la Direcci\u00f3n Central (DC) del partido Fuerza del Pueblo (FP) en el exterior despu\u00e9s que se diera a conocer la decisi\u00f3n de la Comisi\u00f3n Electoral que establece que ellos solo podr\u00e1n inscribirse, pero no podr\u00e1n\u2026","rel":"","context":"En \u00abSin categor\u00eda\u00bb","block_context":{"text":"Sin categor\u00eda","link":"https:\/\/lasprimeras.com.do\/index.php\/category\/sin-categoria\/"},"img":{"alt_text":"","src":"https:\/\/i0.wp.com\/lasprimeras.com.do\/wp-content\/uploads\/2023\/06\/fp-elegira-candidatos-por-encuestas-y-asamblea-de-dirigentes.jpg?resize=350%2C200&ssl=1","width":350,"height":200,"srcset":"https:\/\/i0.wp.com\/lasprimeras.com.do\/wp-content\/uploads\/2023\/06\/fp-elegira-candidatos-por-encuestas-y-asamblea-de-dirigentes.jpg?resize=350%2C200&ssl=1 1x, https:\/\/i0.wp.com\/lasprimeras.com.do\/wp-content\/uploads\/2023\/06\/fp-elegira-candidatos-por-encuestas-y-asamblea-de-dirigentes.jpg?resize=525%2C300&ssl=1 1.5x, https:\/\/i0.wp.com\/lasprimeras.com.do\/wp-content\/uploads\/2023\/06\/fp-elegira-candidatos-por-encuestas-y-asamblea-de-dirigentes.jpg?resize=700%2C400&ssl=1 2x"},"classes":[]}],"jetpack_sharing_enabled":true,"_links":{"self":[{"href":"https:\/\/lasprimeras.com.do\/index.php\/wp-json\/wp\/v2\/posts\/96000","targetHints":{"allow":["GET"]}}],"collection":[{"href":"https:\/\/lasprimeras.com.do\/index.php\/wp-json\/wp\/v2\/posts"}],"about":[{"href":"https:\/\/lasprimeras.com.do\/index.php\/wp-json\/wp\/v2\/types\/post"}],"author":[{"embeddable":true,"href":"https:\/\/lasprimeras.com.do\/index.php\/wp-json\/wp\/v2\/users\/10"}],"replies":[{"embeddable":true,"href":"https:\/\/lasprimeras.com.do\/index.php\/wp-json\/wp\/v2\/comments?post=96000"}],"version-history":[{"count":1,"href":"https:\/\/lasprimeras.com.do\/index.php\/wp-json\/wp\/v2\/posts\/96000\/revisions"}],"predecessor-version":[{"id":96002,"href":"https:\/\/lasprimeras.com.do\/index.php\/wp-json\/wp\/v2\/posts\/96000\/revisions\/96002"}],"wp:featuredmedia":[{"embeddable":true,"href":"https:\/\/lasprimeras.com.do\/index.php\/wp-json\/wp\/v2\/media\/96001"}],"wp:attachment":[{"href":"https:\/\/lasprimeras.com.do\/index.php\/wp-json\/wp\/v2\/media?parent=96000"}],"wp:term":[{"taxonomy":"category","embeddable":true,"href":"https:\/\/lasprimeras.com.do\/index.php\/wp-json\/wp\/v2\/categories?post=96000"},{"taxonomy":"post_tag","embeddable":true,"href":"https:\/\/lasprimeras.com.do\/index.php\/wp-json\/wp\/v2\/tags?post=96000"}],"curies":[{"name":"wp","href":"https:\/\/api.w.org\/{rel}","templated":true}]}}