{"id":96028,"date":"2025-03-24T09:52:00","date_gmt":"2025-03-24T13:52:00","guid":{"rendered":"https:\/\/lasprimeras.com.do\/?p=96028"},"modified":"2025-03-24T09:52:02","modified_gmt":"2025-03-24T13:52:02","slug":"caesco-impulsa-reflexion-sobre-el-futuro-del-periodismo-y-liderazgo-femenino-en-los-medios","status":"publish","type":"post","link":"https:\/\/lasprimeras.com.do\/index.php\/2025\/03\/24\/caesco-impulsa-reflexion-sobre-el-futuro-del-periodismo-y-liderazgo-femenino-en-los-medios\/","title":{"rendered":"CAESCO impulsa reflexi\u00f3n sobre el futuro del periodismo y liderazgo femenino en los medios"},"content":{"rendered":"\n<p><strong>Elaborar\u00e1n un documento acad\u00e9mico que recoger\u00e1 las conclusiones y aprendizajes compartidos en este espacio.<\/strong><\/p>\n\n\n\n<p>El Centro de An\u00e1lisis y Estudio de la Comunicaci\u00f3n (CAESCO) reuni\u00f3 a destacadas comunicadoras en el panel \u201cMujeres en la Comunicaci\u00f3n\u201d, abordando los desaf\u00edos \u00e9ticos del periodismo, el impacto de la inteligencia artificial, la transformaci\u00f3n digital y el liderazgo femenino.<\/p>\n\n\n\n<p>Moderado por la vicepresidenta ejecutiva de CAESCO, Maylin Dionicio, el panel reuni\u00f3 a voces femeninas con una trayectoria destacada en medios tradicionales y digitales: Carolina Pichardo, directora del peri\u00f3dico ambiental Ra\u00edz Clim\u00e1tica; Colombia Alc\u00e1ntara, CEO de Altanto TV; Millizen Uribe, subdirectora del peri\u00f3dico Hoy; Carmen Ligia Barcel\u00f3, comunicadora y legisladora; y Dannira Caminero, periodista y analista de Medios Panorama.<\/p>\n\n\n\n<p>Cambios profundos en las audiencias y el ejercicio period\u00edstico<\/p>\n\n\n\n<p>Durante el conversatorio, las panelistas coincidieron en que la digitalizaci\u00f3n ha transformado por completo la manera en que se produce y se consume la informaci\u00f3n. \u201cLa audiencia ya no es lineal ni pasiva\u201d, se\u00f1al\u00f3 Millizen Uribe, quien subray\u00f3 la necesidad de adoptar narrativas transmedia sin vulnerar derechos fundamentales.<\/p>\n\n\n\n<p>Por su parte, Dannira Caminero advirti\u00f3 que la b\u00fasqueda de \u201clikes\u201d y \u201cviews\u201d ha desvirtuado el rol de la radio y de otros medios que antes priorizaban la calidad sobre la viralidad.<\/p>\n\n\n\n<p>Colombia Alc\u00e1ntara, en tanto, destac\u00f3 que los influencers han desplazado a los medios formales como referentes de informaci\u00f3n. \u201cHoy la gente prefiere informarse con un influencer que con un periodista acreditado\u201d, expres\u00f3.<\/p>\n\n\n\n<p>Carmen Ligia Barcel\u00f3 lament\u00f3 que, pese a contar con m\u00e1s plataformas, exista menos contenido de valor. \u201cLa hipersegmentaci\u00f3n nos est\u00e1 dejando sin espacios para el debate p\u00fablico\u201d, advirti\u00f3.<\/p>\n\n\n\n<p>Carolina Pichardo agreg\u00f3 que el periodismo de investigaci\u00f3n ha debido adaptarse al nuevo entorno, utilizando recursos audiovisuales para captar la atenci\u00f3n en un ecosistema dominado por lo ef\u00edmero.<\/p>\n\n\n\n<p>Retos comunes: t\u00e9cnica, \u00e9tica y resiliencia profesional<\/p>\n\n\n\n<p>Las panelistas coincidieron en que, m\u00e1s all\u00e1 del formato, el verdadero reto est\u00e1 en preservar el rigor profesional y el apego a la t\u00e9cnica period\u00edstica. \u201cLa amenaza no es el TikTok o el podcast, es ceder en la \u00e9tica y la t\u00e9cnica por conseguir likes\u201d, sostuvo Uribe. Caminero a\u00f1adi\u00f3 que \u201clo que perdura es la credibilidad basada en el dato\u201d.<\/p>\n\n\n\n<p>En cuanto a la relaci\u00f3n con las audiencias, se destac\u00f3 que estas moldean la agenda medi\u00e1tica, pero no deben marcar el rumbo \u00e9tico del contenido. \u201cHay que escuchar al p\u00fablico sin perder la esencia profesional\u201d, apunt\u00f3 Pichardo.<\/p>\n\n\n\n<p>Inteligencia artificial: \u00bfherramienta o amenaza?<\/p>\n\n\n\n<p>Asimismo, en el panel se abord\u00f3 el papel de la inteligencia artificial, los algoritmos y la automatizaci\u00f3n. Alc\u00e1ntara confes\u00f3 haber sido esc\u00e9ptica, pero reconoci\u00f3 que hoy es pr\u00e1cticamente imposible ignorar estas herramientas en la producci\u00f3n de contenidos.<\/p>\n\n\n\n<p>Carmen Ligia Barcel\u00f3 destac\u00f3 su utilidad para el manejo de datos, aunque alert\u00f3 sobre la urgencia de legislar al respecto: \u201cEuropa ya est\u00e1 avanzando en eso; los gobiernos deben darse prisa\u201d.<\/p>\n\n\n\n<p>Pichardo y Caminero coincidieron en que la IA debe usarse con \u00e9tica y criterio humano, sin abandonar la responsabilidad profesional de verificar y contextualizar.<\/p>\n\n\n\n<p>Perspectiva de g\u00e9nero y liderazgo femenino<\/p>\n\n\n\n<p>El panel cerr\u00f3 con una mirada al rol de las mujeres en el periodismo. Uribe comparti\u00f3 datos que evidencian desigualdad: solo el 23% de los espacios de panel en medios est\u00e1n ocupados por mujeres. \u201cSeguimos teniendo menos tiempo de exposici\u00f3n, y m\u00e1s cargas sociales\u201d, se\u00f1al\u00f3.<\/p>\n\n\n\n<p>Caminero reflexion\u00f3 sobre el desaf\u00edo de equilibrar la maternidad con el ejercicio profesional. Alc\u00e1ntara record\u00f3 que, ante la falta de oportunidades, decidi\u00f3 crear su propio medio. \u201cLas tilapias unidas pueden asustar al tibur\u00f3n\u201d, expres\u00f3 metaf\u00f3ricamente.<\/p>\n\n\n\n<p>Barcel\u00f3 y Pichardo coincidieron en que la mujer sigue enfrentando brechas de representaci\u00f3n, financiamiento y liderazgo, y que la soluci\u00f3n pasa por formar, inspirar y crear redes de apoyo entre comunicadoras.<\/p>\n\n\n\n<p>Documento acad\u00e9mico de conclusiones<\/p>\n\n\n\n<p>Las palabras centrales del evento estuvieron a cargo de Mayrenilde Mu\u00f1oz, encargada de Educaci\u00f3n Continua de CAESCO, quien anunci\u00f3 la elaboraci\u00f3n de un documento acad\u00e9mico que recoger\u00e1 las conclusiones y aprendizajes compartidos durante el panel.<\/p>\n\n\n\n<p>\u201cEste material servir\u00e1 como fuente de consulta para estudiantes, profesores y profesionales. Queremos que las ideas, reflexiones y conocimientos vertidos aqu\u00ed se estudien y generen impacto m\u00e1s all\u00e1 del evento\u201d, expres\u00f3 Mu\u00f1oz.<\/p>\n\n\n\n<p>Por su parte, Miguel Ot\u00e1\u00f1ez, presidente de CAESCO, destac\u00f3 que este tipo de espacios permiten no solo mostrar el nivel profesional de las mujeres en los medios, sino proyectar una hoja de ruta para el futuro de la comunicaci\u00f3n, entendida como una herramienta clave para modelar la sociedad.<\/p>\n\n\n\n<p>El evento, que se desarroll\u00f3 en el marco del Mes de la Mujer, cont\u00f3 con la asistencia de comunicadores, periodistas, abogados, acad\u00e9micos, empresarios y estudiantes universitarios, quienes participaron activamente en la conversaci\u00f3n y compartieron inquietudes sobre el rol transformador de la comunicaci\u00f3n en la sociedad actual.<\/p>\n","protected":false},"excerpt":{"rendered":"<p>Elaborar\u00e1n un documento acad\u00e9mico que recoger\u00e1 las conclusiones y aprendizajes compartidos en este espacio. El Centro de An\u00e1lisis y Estudio de la Comunicaci\u00f3n (CAESCO) reuni\u00f3 a destacadas comunicadoras en el&hellip;<\/p>\n","protected":false},"author":10,"featured_media":96029,"comment_status":"open","ping_status":"open","sticky":false,"template":"","format":"standard","meta":{"content-type":"","jetpack_post_was_ever_published":false,"_jetpack_newsletter_access":"","_jetpack_dont_email_post_to_subs":false,"_jetpack_newsletter_tier_id":0,"_jetpack_memberships_contains_paywalled_content":false,"_jetpack_memberships_contains_paid_content":false,"footnotes":""},"categories":[35],"tags":[3695,2673,4718,1412,87,8229,18369],"class_list":["post-96028","post","type-post","status-publish","format-standard","has-post-thumbnail","hentry","category-nacionales","tag-caesco","tag-femenino","tag-futuro","tag-liderazgo","tag-medios","tag-periodismo","tag-reflexion"],"jetpack_featured_media_url":"https:\/\/lasprimeras.com.do\/wp-content\/uploads\/2025\/03\/CAESCO.jpg","jetpack-related-posts":[{"id":62488,"url":"https:\/\/lasprimeras.com.do\/index.php\/2023\/10\/05\/caesco-destaca-impacto-del-periodismo-economico-y-la-economia-solidaria\/","url_meta":{"origin":96028,"position":0},"title":"CAESCO destaca impacto del periodismo econ\u00f3mico y la econom\u00eda solidaria","author":"Nelson Feliz","date":"5 de octubre de 2023","format":false,"excerpt":"El Centro de An\u00e1lisis y Estudio de la Comunicaci\u00f3n en Rep\u00fablica Dominicana (CAESCO), reuni\u00f3 a destacados expertos en el campo del periodismo econ\u00f3mico y la econom\u00eda para analizar su importancia, su influencia en el desarrollo socioecon\u00f3mico, as\u00ed como el rol que juegan los medios en la divulgaci\u00f3n. Miguel Ot\u00e1\u00f1ez, presidente\u2026","rel":"","context":"En \u00abECONOM\u00cdA\u00bb","block_context":{"text":"ECONOM\u00cdA","link":"https:\/\/lasprimeras.com.do\/index.php\/category\/economia\/"},"img":{"alt_text":"CAESCO","src":"https:\/\/i0.wp.com\/lasprimeras.com.do\/wp-content\/uploads\/2023\/10\/Escenario-CAESCO.jpg?resize=350%2C200&ssl=1","width":350,"height":200,"srcset":"https:\/\/i0.wp.com\/lasprimeras.com.do\/wp-content\/uploads\/2023\/10\/Escenario-CAESCO.jpg?resize=350%2C200&ssl=1 1x, https:\/\/i0.wp.com\/lasprimeras.com.do\/wp-content\/uploads\/2023\/10\/Escenario-CAESCO.jpg?resize=525%2C300&ssl=1 1.5x, https:\/\/i0.wp.com\/lasprimeras.com.do\/wp-content\/uploads\/2023\/10\/Escenario-CAESCO.jpg?resize=700%2C400&ssl=1 2x"},"classes":[]},{"id":52918,"url":"https:\/\/lasprimeras.com.do\/index.php\/2023\/06\/21\/caesco-y-sodomedi-se-unen-para-promover-capacitacion-y-buenas-practicas\/","url_meta":{"origin":96028,"position":1},"title":"CAESCO y SODOMEDI se unen para promover capacitaci\u00f3n y buenas pr\u00e1cticas","author":"Nelson Feliz","date":"21 de junio de 2023","format":false,"excerpt":"El Centro de An\u00e1lisis y Estudios de la Comunicaci\u00f3n en Rep\u00fablica Dominicana (CAESCO) y la Sociedad Dominicana de Medios Digitales (SODOMEDI) trabajar\u00e1n en conjunto para capacitar y promover las buenas pr\u00e1cticas entre los profesionales de los medios digitales. Mediante una firma de acuerdo CAESCO se comprometi\u00f3 a dar acceso a\u2026","rel":"","context":"En \u00abNACIONALES\u00bb","block_context":{"text":"NACIONALES","link":"https:\/\/lasprimeras.com.do\/index.php\/category\/nacionales\/"},"img":{"alt_text":"","src":"https:\/\/i0.wp.com\/lasprimeras.com.do\/wp-content\/uploads\/2023\/06\/Caesco-y-Asomedi.-.jpg?resize=350%2C200&ssl=1","width":350,"height":200,"srcset":"https:\/\/i0.wp.com\/lasprimeras.com.do\/wp-content\/uploads\/2023\/06\/Caesco-y-Asomedi.-.jpg?resize=350%2C200&ssl=1 1x, https:\/\/i0.wp.com\/lasprimeras.com.do\/wp-content\/uploads\/2023\/06\/Caesco-y-Asomedi.-.jpg?resize=525%2C300&ssl=1 1.5x, https:\/\/i0.wp.com\/lasprimeras.com.do\/wp-content\/uploads\/2023\/06\/Caesco-y-Asomedi.-.jpg?resize=700%2C400&ssl=1 2x"},"classes":[]},{"id":68754,"url":"https:\/\/lasprimeras.com.do\/index.php\/2023\/11\/27\/caesco-capacitara-a-periodistas-y-comunicadores-en-economia-y-microfinanzas\/","url_meta":{"origin":96028,"position":2},"title":"CAESCO capacitar\u00e1 a periodistas y comunicadores en econom\u00eda y microfinanzas","author":"Nelson Feliz","date":"27 de noviembre de 2023","format":false,"excerpt":"El Centro de An\u00e1lisis y Estudio de la Comunicaci\u00f3n en Rep\u00fablica Dominicana (CAESCO) anunci\u00f3 que impartir\u00e1 una Masterclass de econom\u00eda y microfinanzas para periodistas y comunicadores el pr\u00f3ximo s\u00e1bado 09 de diciembre del 2023.\u00a0 La informaci\u00f3n la dio a conocer el presidente de CAESCO, Miguel Ot\u00e1\u00f1ez, quien explic\u00f3 que el\u2026","rel":"","context":"En \u00abECONOM\u00cdA\u00bb","block_context":{"text":"ECONOM\u00cdA","link":"https:\/\/lasprimeras.com.do\/index.php\/category\/economia\/"},"img":{"alt_text":"Miguel Ota\u00f1ez","src":"https:\/\/i0.wp.com\/lasprimeras.com.do\/wp-content\/uploads\/2023\/11\/Miguel-Otanez.jpg?resize=350%2C200&ssl=1","width":350,"height":200,"srcset":"https:\/\/i0.wp.com\/lasprimeras.com.do\/wp-content\/uploads\/2023\/11\/Miguel-Otanez.jpg?resize=350%2C200&ssl=1 1x, https:\/\/i0.wp.com\/lasprimeras.com.do\/wp-content\/uploads\/2023\/11\/Miguel-Otanez.jpg?resize=525%2C300&ssl=1 1.5x, https:\/\/i0.wp.com\/lasprimeras.com.do\/wp-content\/uploads\/2023\/11\/Miguel-Otanez.jpg?resize=700%2C400&ssl=1 2x"},"classes":[]},{"id":93151,"url":"https:\/\/lasprimeras.com.do\/index.php\/2025\/01\/26\/caesco-y-spain-business-school-firman-alianza-para-impulsar-la-formacion-profesional-internacional\/","url_meta":{"origin":96028,"position":3},"title":"CAESCO y Spain Business School firman alianza para impulsar la formaci\u00f3n profesional internacional","author":"Nelson Feliz","date":"26 de enero de 2025","format":false,"excerpt":"Madrid, Espa\u00f1a. \u2013 El Centro de An\u00e1lisis y Estudio de la Comunicaci\u00f3n (CAESCO) y Spain Business School firmaron un convenio de colaboraci\u00f3n interinstitucional que busca expandir y diversificar las oportunidades formativas en \u00e1reas de inter\u00e9s estrat\u00e9gico como la comunicaci\u00f3n, la transformaci\u00f3n digital, y la capacitaci\u00f3n profesional internacional. Este acuerdo permitir\u00e1\u2026","rel":"","context":"En \u00abINTERNACIONALES\u00bb","block_context":{"text":"INTERNACIONALES","link":"https:\/\/lasprimeras.com.do\/index.php\/category\/sin-categoria\/internacionales\/"},"img":{"alt_text":"","src":"https:\/\/i0.wp.com\/lasprimeras.com.do\/wp-content\/uploads\/2025\/01\/CAESCO.jpg?resize=350%2C200&ssl=1","width":350,"height":200,"srcset":"https:\/\/i0.wp.com\/lasprimeras.com.do\/wp-content\/uploads\/2025\/01\/CAESCO.jpg?resize=350%2C200&ssl=1 1x, https:\/\/i0.wp.com\/lasprimeras.com.do\/wp-content\/uploads\/2025\/01\/CAESCO.jpg?resize=525%2C300&ssl=1 1.5x, https:\/\/i0.wp.com\/lasprimeras.com.do\/wp-content\/uploads\/2025\/01\/CAESCO.jpg?resize=700%2C400&ssl=1 2x"},"classes":[]},{"id":87851,"url":"https:\/\/lasprimeras.com.do\/index.php\/2024\/08\/18\/doctor-puello-baez-el-uso-de-los-medios-para-difamar-ha-degradado-la-comunicacion\/","url_meta":{"origin":96028,"position":4},"title":"Doctor Puello B\u00e1ez: &#8220;El uso de los medios para difamar ha degradado la comunicaci\u00f3n&#8221;","author":"Nelson Feliz","date":"18 de agosto de 2024","format":false,"excerpt":"El abogado y destacado comunicador, doctor Ram\u00f3n Puello B\u00e1ez, afirm\u00f3 que el uso de los medios para difamar ha degradado la comunicaci\u00f3n en Rep\u00fablica Dominicana, adem\u00e1s la proliferaci\u00f3n de los medios ha creado un problema de calidad en los talentos que est\u00e1n en ellos. Puello B\u00e1ez reconoci\u00f3 que, aunque la\u2026","rel":"","context":"En \u00abNACIONALES\u00bb","block_context":{"text":"NACIONALES","link":"https:\/\/lasprimeras.com.do\/index.php\/category\/nacionales\/"},"img":{"alt_text":"Doctor Puello B\u00e1ez","src":"https:\/\/i0.wp.com\/lasprimeras.com.do\/wp-content\/uploads\/2024\/08\/Doctor-Puello-Baez-en-CAESCO.jpg?resize=350%2C200&ssl=1","width":350,"height":200,"srcset":"https:\/\/i0.wp.com\/lasprimeras.com.do\/wp-content\/uploads\/2024\/08\/Doctor-Puello-Baez-en-CAESCO.jpg?resize=350%2C200&ssl=1 1x, https:\/\/i0.wp.com\/lasprimeras.com.do\/wp-content\/uploads\/2024\/08\/Doctor-Puello-Baez-en-CAESCO.jpg?resize=525%2C300&ssl=1 1.5x, https:\/\/i0.wp.com\/lasprimeras.com.do\/wp-content\/uploads\/2024\/08\/Doctor-Puello-Baez-en-CAESCO.jpg?resize=700%2C400&ssl=1 2x"},"classes":[]},{"id":125142,"url":"https:\/\/lasprimeras.com.do\/index.php\/2026\/03\/19\/congreso-promueve-liderazgo-femenino-y-tecnologia-inclusiva\/","url_meta":{"origin":96028,"position":5},"title":"Congreso promueve liderazgo femenino y tecnolog\u00eda inclusiva","author":"Nelson Feliz","date":"19 de marzo de 2026","format":false,"excerpt":"El evento aborda el uso \u00e9tico y accesible de la inteligencia artificial para impulsar la educaci\u00f3n inclusiva y una vida libre de violencia Con el objetivo de promover un uso \u00e9tico, accesible y sostenible de la tecnolog\u00eda, la Fundaci\u00f3n InteRed, Centro Cultural Poveda y Red LUNA, celebraron el Congreso Tecnolog\u00eda:\u2026","rel":"","context":"En \u00abPORTADA\u00bb","block_context":{"text":"PORTADA","link":"https:\/\/lasprimeras.com.do\/index.php\/category\/portada\/"},"img":{"alt_text":"","src":"https:\/\/i0.wp.com\/lasprimeras.com.do\/wp-content\/uploads\/2026\/03\/Congreso.jpg?resize=350%2C200&ssl=1","width":350,"height":200,"srcset":"https:\/\/i0.wp.com\/lasprimeras.com.do\/wp-content\/uploads\/2026\/03\/Congreso.jpg?resize=350%2C200&ssl=1 1x, https:\/\/i0.wp.com\/lasprimeras.com.do\/wp-content\/uploads\/2026\/03\/Congreso.jpg?resize=525%2C300&ssl=1 1.5x, https:\/\/i0.wp.com\/lasprimeras.com.do\/wp-content\/uploads\/2026\/03\/Congreso.jpg?resize=700%2C400&ssl=1 2x"},"classes":[]}],"jetpack_sharing_enabled":true,"_links":{"self":[{"href":"https:\/\/lasprimeras.com.do\/index.php\/wp-json\/wp\/v2\/posts\/96028","targetHints":{"allow":["GET"]}}],"collection":[{"href":"https:\/\/lasprimeras.com.do\/index.php\/wp-json\/wp\/v2\/posts"}],"about":[{"href":"https:\/\/lasprimeras.com.do\/index.php\/wp-json\/wp\/v2\/types\/post"}],"author":[{"embeddable":true,"href":"https:\/\/lasprimeras.com.do\/index.php\/wp-json\/wp\/v2\/users\/10"}],"replies":[{"embeddable":true,"href":"https:\/\/lasprimeras.com.do\/index.php\/wp-json\/wp\/v2\/comments?post=96028"}],"version-history":[{"count":1,"href":"https:\/\/lasprimeras.com.do\/index.php\/wp-json\/wp\/v2\/posts\/96028\/revisions"}],"predecessor-version":[{"id":96030,"href":"https:\/\/lasprimeras.com.do\/index.php\/wp-json\/wp\/v2\/posts\/96028\/revisions\/96030"}],"wp:featuredmedia":[{"embeddable":true,"href":"https:\/\/lasprimeras.com.do\/index.php\/wp-json\/wp\/v2\/media\/96029"}],"wp:attachment":[{"href":"https:\/\/lasprimeras.com.do\/index.php\/wp-json\/wp\/v2\/media?parent=96028"}],"wp:term":[{"taxonomy":"category","embeddable":true,"href":"https:\/\/lasprimeras.com.do\/index.php\/wp-json\/wp\/v2\/categories?post=96028"},{"taxonomy":"post_tag","embeddable":true,"href":"https:\/\/lasprimeras.com.do\/index.php\/wp-json\/wp\/v2\/tags?post=96028"}],"curies":[{"name":"wp","href":"https:\/\/api.w.org\/{rel}","templated":true}]}}