{"id":96031,"date":"2025-03-24T10:19:19","date_gmt":"2025-03-24T14:19:19","guid":{"rendered":"https:\/\/lasprimeras.com.do\/?p=96031"},"modified":"2025-03-24T10:19:20","modified_gmt":"2025-03-24T14:19:20","slug":"se-entrega-policia-que-estaba-profugo-tras-matar-a-su-pareja-y-a-suegra-en-la-vega","status":"publish","type":"post","link":"https:\/\/lasprimeras.com.do\/index.php\/2025\/03\/24\/se-entrega-policia-que-estaba-profugo-tras-matar-a-su-pareja-y-a-suegra-en-la-vega\/","title":{"rendered":"Se entrega polic\u00eda que estaba pr\u00f3fugo tras matar a su pareja y a suegra en La Vega"},"content":{"rendered":"\n<p><strong>El suboficial tambi\u00e9n hiri\u00f3 en enero a un empleado de las v\u00edctimas mortales.<\/strong><\/p>\n\n\n\n<p>El segundo teniente de la Polic\u00eda Juan Luis Jim\u00e9nez Adames se entreg\u00f3 a las autoridades para responder a la imputaci\u00f3n de haber matado a su pareja, a su suegra y a un empleado de estas en el el sector Los Robles, en la provincia La Vega, despu\u00e9s de dos meses pr\u00f3fugo.<\/p>\n\n\n\n<p>Contra Jim\u00e9nez Adames pesaba una alerta de &#8220;se busca&#8221;, en la que se advert\u00eda estaba&#8221;fuertemente armado y es altamente peligroso&#8221;.<\/p>\n\n\n\n<p>Las v\u00edctimas del segundo teniente son Marisela Rodr\u00edguez Marte, de 51 a\u00f1os, y Meylin Ariany Marte Rodr\u00edguez, de 26. Seg\u00fan declaraciones de familiares, \u00e9ste la manten\u00eda bajo constantes amenazas.<\/p>\n\n\n\n<p>Jim\u00e9nez Adames ya hab\u00eda estado en prisi\u00f3n por violencia de g\u00e9nero contra una mujer con la que tuvo una relaci\u00f3n antes de Meylin Ariany.<\/p>\n\n\n\n<p>Por el momento, la instituci\u00f3n del orden no ha ofrecido detalles de la circunstancia de la entrega del imputado.<\/p>\n\n\n\n<p>Se realiz\u00f3 marcha para presionar apresamiento<\/p>\n\n\n\n<p>El pasado fin de semana, amigos y familiares recorrieron las inmediaciones del Palacio de Justicia y del destacamento policial de La Vega, portando pancartas con fotograf\u00edas de las v\u00edctimas y mensajes en los que presionaban para que se apresara al suboficial.<\/p>\n","protected":false},"excerpt":{"rendered":"<p>El suboficial tambi\u00e9n hiri\u00f3 en enero a un empleado de las v\u00edctimas mortales. El segundo teniente de la Polic\u00eda Juan Luis Jim\u00e9nez Adames se entreg\u00f3 a las autoridades para responder&hellip;<\/p>\n","protected":false},"author":10,"featured_media":96032,"comment_status":"open","ping_status":"open","sticky":false,"template":"","format":"standard","meta":{"content-type":"","jetpack_post_was_ever_published":false,"_jetpack_newsletter_access":"","_jetpack_dont_email_post_to_subs":false,"_jetpack_newsletter_tier_id":0,"_jetpack_memberships_contains_paywalled_content":false,"_jetpack_memberships_contains_paid_content":false,"footnotes":""},"categories":[35,25],"tags":[940,321,1311,48,1897,1129,3375],"class_list":["post-96031","post","type-post","status-publish","format-standard","has-post-thumbnail","hentry","category-nacionales","category-portada","tag-la-vega","tag-matar","tag-pareja","tag-policia","tag-profugo","tag-se-entrega","tag-suegra"],"jetpack_featured_media_url":"https:\/\/lasprimeras.com.do\/wp-content\/uploads\/2025\/03\/Juan_Luis_Jimenez_Adames-removebg-preview.png","jetpack-related-posts":[{"id":92934,"url":"https:\/\/lasprimeras.com.do\/index.php\/2025\/01\/19\/pn-busca-oficial-por-asesinato-de-esposa-y-suegra-en-la-vega\/","url_meta":{"origin":96031,"position":0},"title":"PN busca oficial por asesinato de esposa y suegra en La Vega","author":"Nelson Feliz","date":"19 de enero de 2025","format":false,"excerpt":"La Polic\u00eda Nacional, en conjunto con el Ministerio P\u00fablico, emiti\u00f3 este domingo una orden de captura contra el segundo teniente Juan Luis Jim\u00e9nez Adames, de 41 a\u00f1os, se\u00f1alado como el presunto responsable del asesinato a tiros de su esposa y la madre de \u00e9sta, adem\u00e1s de herir una tercera persona,\u2026","rel":"","context":"En \u00abMILITARES\u00bb","block_context":{"text":"MILITARES","link":"https:\/\/lasprimeras.com.do\/index.php\/category\/militares\/"},"img":{"alt_text":"Juan Luis Jim\u00e9nez Adames, Meylin Ariany Marte Rodr\u00edguez y Marisela Rodr\u00edguez Marte","src":"https:\/\/i0.wp.com\/lasprimeras.com.do\/wp-content\/uploads\/2025\/01\/Juan-Luis-Jimenez-Adames-Meylin-Ariany-Marte-Rodriguez-y-Marisela-Rodriguez-Marte.jpg?resize=350%2C200&ssl=1","width":350,"height":200,"srcset":"https:\/\/i0.wp.com\/lasprimeras.com.do\/wp-content\/uploads\/2025\/01\/Juan-Luis-Jimenez-Adames-Meylin-Ariany-Marte-Rodriguez-y-Marisela-Rodriguez-Marte.jpg?resize=350%2C200&ssl=1 1x, https:\/\/i0.wp.com\/lasprimeras.com.do\/wp-content\/uploads\/2025\/01\/Juan-Luis-Jimenez-Adames-Meylin-Ariany-Marte-Rodriguez-y-Marisela-Rodriguez-Marte.jpg?resize=525%2C300&ssl=1 1.5x, https:\/\/i0.wp.com\/lasprimeras.com.do\/wp-content\/uploads\/2025\/01\/Juan-Luis-Jimenez-Adames-Meylin-Ariany-Marte-Rodriguez-y-Marisela-Rodriguez-Marte.jpg?resize=700%2C400&ssl=1 2x"},"classes":[]},{"id":92937,"url":"https:\/\/lasprimeras.com.do\/index.php\/2025\/01\/19\/madre-e-hija-victimas-del-feminicidio-en-la-vega-eran-dirigentes-del-pld\/","url_meta":{"origin":96031,"position":1},"title":"Madre e hija v\u00edctimas del feminicidio en La Vega eran dirigentes del PLD","author":"Nelson Feliz","date":"19 de enero de 2025","format":false,"excerpt":"El Partido de la Liberaci\u00f3n Dominicana (PLD) est\u00e1 de luto en La Vega El Partido de la Liberaci\u00f3n Dominicana (PLD) en la Vega se manifest\u00f3 indignado y triste por las muertes inesperadas de dos connotadas dirigentes de la organizaci\u00f3n en un acto t\u00edpico de feminicidio. Se trata del tr\u00e1gico fallecimiento\u2026","rel":"","context":"En \u00abNACIONALES\u00bb","block_context":{"text":"NACIONALES","link":"https:\/\/lasprimeras.com.do\/index.php\/category\/nacionales\/"},"img":{"alt_text":"PLD Luto","src":"https:\/\/i0.wp.com\/lasprimeras.com.do\/wp-content\/uploads\/2025\/01\/PLD-Luto.jpg?resize=350%2C200&ssl=1","width":350,"height":200,"srcset":"https:\/\/i0.wp.com\/lasprimeras.com.do\/wp-content\/uploads\/2025\/01\/PLD-Luto.jpg?resize=350%2C200&ssl=1 1x, https:\/\/i0.wp.com\/lasprimeras.com.do\/wp-content\/uploads\/2025\/01\/PLD-Luto.jpg?resize=525%2C300&ssl=1 1.5x, https:\/\/i0.wp.com\/lasprimeras.com.do\/wp-content\/uploads\/2025\/01\/PLD-Luto.jpg?resize=700%2C400&ssl=1 2x"},"classes":[]},{"id":95029,"url":"https:\/\/lasprimeras.com.do\/index.php\/2025\/03\/09\/ministra-de-la-mujer-califica-de-monstruo-a-oficial-pn-mato-2-mujeres-en-la-vega\/","url_meta":{"origin":96031,"position":2},"title":"Ministra de la Mujer califica de monstruo a oficial PN mat\u00f3 2 mujeres en La Vega","author":"Nelson Feliz","date":"9 de marzo de 2025","format":false,"excerpt":"La ministra de la Mujer, Mayra Jim\u00e9nez, calific\u00f3 de monstruo y vulgar criminal al segundo teniente de la Polic\u00eda Nacional, Juan Luis Jim\u00e9nez, quien el pasado 19 de enero mat\u00f3 a su pareja Marlyn Arianny Marte y a la madre de \u00e9sta, Marisela Rodr\u00edguez Martes, y hiri\u00f3 a Franklin Ruiz\u2026","rel":"","context":"En \u00abNACIONALES\u00bb","block_context":{"text":"NACIONALES","link":"https:\/\/lasprimeras.com.do\/index.php\/category\/nacionales\/"},"img":{"alt_text":"","src":"https:\/\/i0.wp.com\/lasprimeras.com.do\/wp-content\/uploads\/2025\/03\/Mayra-Jimenez.jpg?resize=350%2C200&ssl=1","width":350,"height":200,"srcset":"https:\/\/i0.wp.com\/lasprimeras.com.do\/wp-content\/uploads\/2025\/03\/Mayra-Jimenez.jpg?resize=350%2C200&ssl=1 1x, https:\/\/i0.wp.com\/lasprimeras.com.do\/wp-content\/uploads\/2025\/03\/Mayra-Jimenez.jpg?resize=525%2C300&ssl=1 1.5x, https:\/\/i0.wp.com\/lasprimeras.com.do\/wp-content\/uploads\/2025\/03\/Mayra-Jimenez.jpg?resize=700%2C400&ssl=1 2x"},"classes":[]},{"id":52413,"url":"https:\/\/lasprimeras.com.do\/index.php\/2023\/06\/10\/militar-que-ultimo-pareja-en-la-victoria-advirtio-a-su-suegra-que-cometeria-el-crimen\/","url_meta":{"origin":96031,"position":3},"title":"Militar que ultim\u00f3 pareja en La Victoria advirti\u00f3 a su suegra que cometer\u00eda el crimen","author":"prenxa100","date":"10 de junio de 2023","format":false,"excerpt":"Natal\u00ed Santil, que se dedicaba a labores en una banca de loter\u00eda , deja a tres hijos en la orfandad. El militar que mat\u00f3 a su pareja sentimental de un disparo la noche del jueves en La Victoria habr\u00eda advertido a su suegra que iba a cometer el hecho \u201cporque\u2026","rel":"","context":"En \u00abNACIONALES\u00bb","block_context":{"text":"NACIONALES","link":"https:\/\/lasprimeras.com.do\/index.php\/category\/nacionales\/"},"img":{"alt_text":"","src":"","width":0,"height":0},"classes":[]},{"id":104666,"url":"https:\/\/lasprimeras.com.do\/index.php\/2025\/07\/25\/joven-dominicana-muere-tras-ser-torturada-su-suegra-es-arrestada-por-encubrimiento\/","url_meta":{"origin":96031,"position":4},"title":"Joven dominicana muere tras ser torturada; su suegra es arrestada por encubrimiento","author":"Nelson Feliz","date":"25 de julio de 2025","format":false,"excerpt":"-Naida Jorge, de 54 a\u00f1os, fue acusada de cinco cargos que incluyen: asesinato, ocultamiento de un cad\u00e1ver humano y manipulaci\u00f3n de pruebas f\u00edsicas. -Robert Strother, presuntamente autor del asesinato, se encuentra pr\u00f3fugo. La madre de un hombre que presuntamente tortur\u00f3 y mat\u00f3 a su novia dominicana de 21 a\u00f1os \u2014dej\u00e1ndola\u2026","rel":"","context":"En \u00abINTERNACIONALES\u00bb","block_context":{"text":"INTERNACIONALES","link":"https:\/\/lasprimeras.com.do\/index.php\/category\/sin-categoria\/internacionales\/"},"img":{"alt_text":"Collage de im\u00e1genes de Naida Jorge, de 54 a\u00f1os y Princesa Encarnaci\u00f3n Soto, de 21 a\u00f1os.","src":"https:\/\/i0.wp.com\/lasprimeras.com.do\/wp-content\/uploads\/2025\/07\/Collage-de-imagenes-de-Naida-Jorge-de-54-anos-y-Princesa-Encarnacion-Soto-de-21-anos.jpg?resize=350%2C200&ssl=1","width":350,"height":200,"srcset":"https:\/\/i0.wp.com\/lasprimeras.com.do\/wp-content\/uploads\/2025\/07\/Collage-de-imagenes-de-Naida-Jorge-de-54-anos-y-Princesa-Encarnacion-Soto-de-21-anos.jpg?resize=350%2C200&ssl=1 1x, https:\/\/i0.wp.com\/lasprimeras.com.do\/wp-content\/uploads\/2025\/07\/Collage-de-imagenes-de-Naida-Jorge-de-54-anos-y-Princesa-Encarnacion-Soto-de-21-anos.jpg?resize=525%2C300&ssl=1 1.5x"},"classes":[]},{"id":114752,"url":"https:\/\/lasprimeras.com.do\/index.php\/2025\/11\/16\/matan-mujer-de-dos-tiros-durante-intento-de-atraco-en-centro-de-diversion-en-santiago\/","url_meta":{"origin":96031,"position":5},"title":"Matan mujer de dos tiros durante intento de atraco en centro de diversi\u00f3n en Santiago","author":"Nelson Feliz","date":"16 de noviembre de 2025","format":false,"excerpt":"Una mujer falleci\u00f3 y un hombre result\u00f3 herido durante un supuesto intento de atraco ocurrido la noche del s\u00e1bado en el centro de diversi\u00f3n Plaza G\u00f3mez D\u00edaz, ubicado en la avenida Hispanoamericana del municipio de Pu\u00f1al en Santiago. La v\u00edctima fue identificada como Jennifer Altagracia Rodr\u00edguez de Gonz\u00e1lez, de 36\u2026","rel":"","context":"En \u00abNACIONALES\u00bb","block_context":{"text":"NACIONALES","link":"https:\/\/lasprimeras.com.do\/index.php\/category\/nacionales\/"},"img":{"alt_text":"","src":"","width":0,"height":0},"classes":[]}],"jetpack_sharing_enabled":true,"_links":{"self":[{"href":"https:\/\/lasprimeras.com.do\/index.php\/wp-json\/wp\/v2\/posts\/96031","targetHints":{"allow":["GET"]}}],"collection":[{"href":"https:\/\/lasprimeras.com.do\/index.php\/wp-json\/wp\/v2\/posts"}],"about":[{"href":"https:\/\/lasprimeras.com.do\/index.php\/wp-json\/wp\/v2\/types\/post"}],"author":[{"embeddable":true,"href":"https:\/\/lasprimeras.com.do\/index.php\/wp-json\/wp\/v2\/users\/10"}],"replies":[{"embeddable":true,"href":"https:\/\/lasprimeras.com.do\/index.php\/wp-json\/wp\/v2\/comments?post=96031"}],"version-history":[{"count":1,"href":"https:\/\/lasprimeras.com.do\/index.php\/wp-json\/wp\/v2\/posts\/96031\/revisions"}],"predecessor-version":[{"id":96033,"href":"https:\/\/lasprimeras.com.do\/index.php\/wp-json\/wp\/v2\/posts\/96031\/revisions\/96033"}],"wp:featuredmedia":[{"embeddable":true,"href":"https:\/\/lasprimeras.com.do\/index.php\/wp-json\/wp\/v2\/media\/96032"}],"wp:attachment":[{"href":"https:\/\/lasprimeras.com.do\/index.php\/wp-json\/wp\/v2\/media?parent=96031"}],"wp:term":[{"taxonomy":"category","embeddable":true,"href":"https:\/\/lasprimeras.com.do\/index.php\/wp-json\/wp\/v2\/categories?post=96031"},{"taxonomy":"post_tag","embeddable":true,"href":"https:\/\/lasprimeras.com.do\/index.php\/wp-json\/wp\/v2\/tags?post=96031"}],"curies":[{"name":"wp","href":"https:\/\/api.w.org\/{rel}","templated":true}]}}