{"id":96062,"date":"2025-03-25T08:49:01","date_gmt":"2025-03-25T12:49:01","guid":{"rendered":"https:\/\/lasprimeras.com.do\/?p=96062"},"modified":"2025-03-25T08:49:02","modified_gmt":"2025-03-25T12:49:02","slug":"llama-evitar-doble-parqueo-nyc-espera-autoridades-permitan-a-taxistas-hacerlo-en-horas-de-trabajo","status":"publish","type":"post","link":"https:\/\/lasprimeras.com.do\/index.php\/2025\/03\/25\/llama-evitar-doble-parqueo-nyc-espera-autoridades-permitan-a-taxistas-hacerlo-en-horas-de-trabajo\/","title":{"rendered":"Llama evitar doble parqueo NYC; espera autoridades permitan a taxistas hacerlo en horas de trabajo"},"content":{"rendered":"\n<p>Por Ram\u00f3n Mercedes<\/p>\n\n\n\n<p>NUEVA YORK.- Antonio Cabrera, presidente del Consorcio High Class y de la Federaci\u00f3n de Taxista del estado de NY (NYSFTD) hizo un llamado a los taxistas miembros de las organizaciones y a choferes particulares para que eviten estacionarse en doble parqueo en esta ciudad para reducir la congesti\u00f3n vehicular.<\/p>\n\n\n\n<p>Asimismo, espera de las autoridades permit\u00edrselo de manera breve a los taxistas en horas de trabajo cuando tenga que recoger o dejar envejecientes, discapacitados, ni\u00f1os o mujeres embarazadas, para dejarlo frente a su destino.<\/p>\n\n\n\n<p>Record\u00f3 que en NYC los veh\u00edculos comerciales se pueden estacionar en doble fila para entregas, recogidas r\u00e1pidas o llamadas de servicio, durante el horario establecido.<\/p>\n\n\n\n<p>Cabrera sostiene que los taxistas motorizan a diario la pujante econom\u00eda de la Gran Manzana al trasladar decenas de miles de personas en los cinco condados, que se dirigen a sus oficinas, escuelas y hospitales, entre otras \u00e1reas.<\/p>\n\n\n\n<p>Expresa que actualmente hay un proyecto de ley en Albany, del asamble\u00edsta Steven Raga, de Queens, de 150 c\u00e1maras, por un valor de 35 millones de d\u00f3lares, para que detecten a los conductores que estacionan en doble fila o de manera ilegal.<\/p>\n\n\n\n<p>\u00abA ese proyecto de Ley se le deber\u00eda agregar un ac\u00e1pite que especifique que los taxistas en horas de trabajo solo podr\u00e1n estacionarse de manera doble si van a recoger o dejar a envejecientes, discapacitados, ni\u00f1os o mujeres embarazadas, para dejarlo frente a su destino\u00bb, precis\u00f3 Cabrera.<\/p>\n\n\n\n<p>Aprobado eso, las fotos que las guaguas tomen a los taxistas, el juez debe desestimarla con una carta de la base dando constancia que el taxista se encontraba trabajando ese d\u00eda, a esa hora y tal o cual condado.<\/p>\n\n\n\n<p>Durante las reuniones que sostenemos mensualmente con los miembros pertenecientes a ambas entidades tratamos el tema, reiterando una y otra vez que el doble estacionamiento crea problemas, tanto al conductor y al desenvolvimiento de la ciudad, pero a la vez, recibo m\u00faltiples quejas de multas que les imponen cuando est\u00e1n dejando un discapacitado o envejeciente.<\/p>\n","protected":false},"excerpt":{"rendered":"<p>Por Ram\u00f3n Mercedes NUEVA YORK.- Antonio Cabrera, presidente del Consorcio High Class y de la Federaci\u00f3n de Taxista del estado de NY (NYSFTD) hizo un llamado a los taxistas miembros&hellip;<\/p>\n","protected":false},"author":10,"featured_media":96063,"comment_status":"open","ping_status":"open","sticky":false,"template":"","format":"standard","meta":{"content-type":"","jetpack_post_was_ever_published":false,"_jetpack_newsletter_access":"","_jetpack_dont_email_post_to_subs":false,"_jetpack_newsletter_tier_id":0,"_jetpack_memberships_contains_paywalled_content":false,"_jetpack_memberships_contains_paid_content":false,"footnotes":""},"categories":[16289],"tags":[949,18381,104,7168,967],"class_list":["post-96062","post","type-post","status-publish","format-standard","has-post-thumbnail","hentry","category-internacionales","tag-autoridades","tag-doble-parqueo","tag-nueva-york","tag-taxistas","tag-trabajo"],"jetpack_featured_media_url":"https:\/\/lasprimeras.com.do\/wp-content\/uploads\/2025\/03\/WhatsApp-Image-2025-03-25-at-7.22.00-AM-1.jpeg","jetpack-related-posts":[{"id":98317,"url":"https:\/\/lasprimeras.com.do\/index.php\/2025\/05\/06\/reitera-peticion-de-doble-parqueo-para-taxistas-recoger-y-dejar-pasajeros-con-discapacidades-en-nyc\/","url_meta":{"origin":96062,"position":0},"title":"Reitera petici\u00f3n de doble parqueo para taxistas recoger y dejar pasajeros con discapacidades en NYC","author":"Nelson Feliz","date":"6 de mayo de 2025","format":false,"excerpt":"Por Ram\u00f3n Mercedes NUEVA YORK.- El presidente del Consorcio High Class en esta ciudad, Antonio Cabrera (Tuly), que aglutina cientos de taxistas, reiter\u00f3 a las autoridades neoyorkinas permitirles a todos conductores de este tipo en los cinco condados estacionarse en doble l\u00ednea o utilizar moment\u00e1neamente los carriles de autobuses para\u2026","rel":"","context":"En \u00abINTERNACIONALES\u00bb","block_context":{"text":"INTERNACIONALES","link":"https:\/\/lasprimeras.com.do\/index.php\/category\/sin-categoria\/internacionales\/"},"img":{"alt_text":"","src":"https:\/\/i0.wp.com\/lasprimeras.com.do\/wp-content\/uploads\/2025\/05\/WhatsApp-Image-2025-05-06-at-5.22.38-AM-2.jpeg?resize=350%2C200&ssl=1","width":350,"height":200,"srcset":"https:\/\/i0.wp.com\/lasprimeras.com.do\/wp-content\/uploads\/2025\/05\/WhatsApp-Image-2025-05-06-at-5.22.38-AM-2.jpeg?resize=350%2C200&ssl=1 1x, https:\/\/i0.wp.com\/lasprimeras.com.do\/wp-content\/uploads\/2025\/05\/WhatsApp-Image-2025-05-06-at-5.22.38-AM-2.jpeg?resize=525%2C300&ssl=1 1.5x, https:\/\/i0.wp.com\/lasprimeras.com.do\/wp-content\/uploads\/2025\/05\/WhatsApp-Image-2025-05-06-at-5.22.38-AM-2.jpeg?resize=700%2C400&ssl=1 2x"},"classes":[]},{"id":101352,"url":"https:\/\/lasprimeras.com.do\/index.php\/2025\/06\/19\/dominicanos-alto-manhattan-esperan-del-alcalde-igual-medida-al-eliminar-carril-bici-en-brooklyn\/","url_meta":{"origin":96062,"position":1},"title":"Dominicanos Alto Manhattan esperan del alcalde igual medida al eliminar carril bici en Brooklyn","author":"Nelson Feliz","date":"19 de junio de 2025","format":false,"excerpt":"Por Ram\u00f3n Mercedes NUEVA YORK.- Taxistas y conductores dominicanos en el Alto Manhattan manifestaron esperar que el alcalde de esta ciudad, Eric Adams, tome en los vecindarios de Washington Heights e Inwood igual medida que la tomada en Brooklyn, consistente en eliminar un carril bici de un tramo de la\u2026","rel":"","context":"En \u00abINTERNACIONALES\u00bb","block_context":{"text":"INTERNACIONALES","link":"https:\/\/lasprimeras.com.do\/index.php\/category\/sin-categoria\/internacionales\/"},"img":{"alt_text":"","src":"https:\/\/i0.wp.com\/lasprimeras.com.do\/wp-content\/uploads\/2025\/06\/WhatsApp-Image-2025-06-19-at-6.49.13-AM-1.jpeg?resize=350%2C200&ssl=1","width":350,"height":200,"srcset":"https:\/\/i0.wp.com\/lasprimeras.com.do\/wp-content\/uploads\/2025\/06\/WhatsApp-Image-2025-06-19-at-6.49.13-AM-1.jpeg?resize=350%2C200&ssl=1 1x, https:\/\/i0.wp.com\/lasprimeras.com.do\/wp-content\/uploads\/2025\/06\/WhatsApp-Image-2025-06-19-at-6.49.13-AM-1.jpeg?resize=525%2C300&ssl=1 1.5x"},"classes":[]},{"id":121527,"url":"https:\/\/lasprimeras.com.do\/index.php\/2026\/02\/06\/combatira-taxistas-piratas-en-aeropuerto-jfk-90-de-ellos-son-dominicanos\/","url_meta":{"origin":96062,"position":2},"title":"Combatir\u00e1 taxistas piratas en aeropuerto JFK; 90% de ellos son dominicanos","author":"Nelson Feliz","date":"6 de febrero de 2026","format":false,"excerpt":"Por Ram\u00f3n Mercedes NUEVA YORK.-La nueva jefa de la Autoridad Portuaria de Nueva York y Nueva Jersey (PANYNJ) se comprometi\u00f3 este jueves en aumentar la vigilancia sobre los taxistas ilegales (piratas) en los aeropuertos en ambos estados, principalmente en el John F. Kennedy, donde el 90% son de origenes dominicanos.\u2026","rel":"","context":"En \u00abINTERNACIONALES\u00bb","block_context":{"text":"INTERNACIONALES","link":"https:\/\/lasprimeras.com.do\/index.php\/category\/sin-categoria\/internacionales\/"},"img":{"alt_text":"","src":"https:\/\/i0.wp.com\/lasprimeras.com.do\/wp-content\/uploads\/2026\/02\/Combatira-taxistas-piratas-en-aeropuerto-JFK-90-de-ellos-son-dominicanos.jpg?resize=350%2C200&ssl=1","width":350,"height":200,"srcset":"https:\/\/i0.wp.com\/lasprimeras.com.do\/wp-content\/uploads\/2026\/02\/Combatira-taxistas-piratas-en-aeropuerto-JFK-90-de-ellos-son-dominicanos.jpg?resize=350%2C200&ssl=1 1x, https:\/\/i0.wp.com\/lasprimeras.com.do\/wp-content\/uploads\/2026\/02\/Combatira-taxistas-piratas-en-aeropuerto-JFK-90-de-ellos-son-dominicanos.jpg?resize=525%2C300&ssl=1 1.5x, https:\/\/i0.wp.com\/lasprimeras.com.do\/wp-content\/uploads\/2026\/02\/Combatira-taxistas-piratas-en-aeropuerto-JFK-90-de-ellos-son-dominicanos.jpg?resize=700%2C400&ssl=1 2x"},"classes":[]},{"id":103643,"url":"https:\/\/lasprimeras.com.do\/index.php\/2025\/07\/17\/anciano-dispara-contra-taxista-en-el-bronx-horas-despues-dos-tiroteos-dejan-heridos-en-dicho-condado\/","url_meta":{"origin":96062,"position":3},"title":"Anciano dispara contra taxista en El Bronx; horas despu\u00e9s dos tiroteos dejan heridos en dicho condado","author":"Nelson Feliz","date":"17 de julio de 2025","format":false,"excerpt":"Por Ram\u00f3n Mercedes NUEVA YORK.- El anciano Joseph Meeks, de 76 a\u00f1os, le entr\u00f3 a tiros e hiri\u00f3 a un taxista amarillo este lunes que lo llev\u00f3 a su casa por la tarde, ubicada en el 1265 de la avenida Nelson, en El Bronx, un centro para personas mayores. Se\u2026","rel":"","context":"En \u00abINTERNACIONALES\u00bb","block_context":{"text":"INTERNACIONALES","link":"https:\/\/lasprimeras.com.do\/index.php\/category\/sin-categoria\/internacionales\/"},"img":{"alt_text":"","src":"https:\/\/i0.wp.com\/lasprimeras.com.do\/wp-content\/uploads\/2025\/07\/WhatsApp-Image-2025-07-17-at-6.40.32-AM-2.jpeg?resize=350%2C200&ssl=1","width":350,"height":200,"srcset":"https:\/\/i0.wp.com\/lasprimeras.com.do\/wp-content\/uploads\/2025\/07\/WhatsApp-Image-2025-07-17-at-6.40.32-AM-2.jpeg?resize=350%2C200&ssl=1 1x, https:\/\/i0.wp.com\/lasprimeras.com.do\/wp-content\/uploads\/2025\/07\/WhatsApp-Image-2025-07-17-at-6.40.32-AM-2.jpeg?resize=525%2C300&ssl=1 1.5x"},"classes":[]},{"id":79465,"url":"https:\/\/lasprimeras.com.do\/index.php\/2024\/03\/27\/dr-yomare-polanco-recibe-apoyo-de-taxistas-de-nueva-york\/","url_meta":{"origin":96062,"position":4},"title":"Dr Yomare Polanco recibe apoyo de taxistas de Nueva York","author":"BIMARY DE JES\u00daS Matos","date":"27 de marzo de 2024","format":false,"excerpt":"NUEVA YORK. - El candidato a diputado de ultramar por la circunscripci\u00f3n 1, doctor Yomare Polanco, sostuvo un encuentro con taxistas de diferentes condados de esta ciudad, con quienes intercambi\u00f3 impresiones sobre situaciones de la cotidianidad de los trabajadores del volante. Durante un almuerzo en el Caridad Restaurant de El\u2026","rel":"","context":"En \u00abSin categor\u00eda\u00bb","block_context":{"text":"Sin categor\u00eda","link":"https:\/\/lasprimeras.com.do\/index.php\/category\/sin-categoria\/"},"img":{"alt_text":"","src":"https:\/\/i0.wp.com\/lasprimeras.com.do\/wp-content\/uploads\/2024\/03\/WhatsApp-Image-2024-03-27-at-1.05.47-PM.jpeg?resize=350%2C200&ssl=1","width":350,"height":200,"srcset":"https:\/\/i0.wp.com\/lasprimeras.com.do\/wp-content\/uploads\/2024\/03\/WhatsApp-Image-2024-03-27-at-1.05.47-PM.jpeg?resize=350%2C200&ssl=1 1x, https:\/\/i0.wp.com\/lasprimeras.com.do\/wp-content\/uploads\/2024\/03\/WhatsApp-Image-2024-03-27-at-1.05.47-PM.jpeg?resize=525%2C300&ssl=1 1.5x, https:\/\/i0.wp.com\/lasprimeras.com.do\/wp-content\/uploads\/2024\/03\/WhatsApp-Image-2024-03-27-at-1.05.47-PM.jpeg?resize=700%2C400&ssl=1 2x, https:\/\/i0.wp.com\/lasprimeras.com.do\/wp-content\/uploads\/2024\/03\/WhatsApp-Image-2024-03-27-at-1.05.47-PM.jpeg?resize=1050%2C600&ssl=1 3x"},"classes":[]},{"id":79563,"url":"https:\/\/lasprimeras.com.do\/index.php\/2024\/03\/28\/dr-yomare-polanco-recibe-apoyo-de-taxistas-de-nueva-york-2\/","url_meta":{"origin":96062,"position":5},"title":"Dr Yomare Polanco recibe apoyo de taxistas de Nueva York","author":"BIMARY DE JES\u00daS Matos","date":"28 de marzo de 2024","format":false,"excerpt":"NUEVA YORK. - El candidato a diputado de ultramar por la circunscripci\u00f3n 1, doctor Yomare Polanco, sostuvo un encuentro con taxistas de diferentes condados de esta ciudad, con quienes intercambi\u00f3 impresiones sobre situaciones de la cotidianidad de los trabajadores del volante. Durante un almuerzo en el Caridad Restaurant de El\u2026","rel":"","context":"En \u00abSin categor\u00eda\u00bb","block_context":{"text":"Sin categor\u00eda","link":"https:\/\/lasprimeras.com.do\/index.php\/category\/sin-categoria\/"},"img":{"alt_text":"","src":"https:\/\/i0.wp.com\/lasprimeras.com.do\/wp-content\/uploads\/2024\/03\/WhatsApp-Image-2024-03-28-at-9.26.25-AM.jpeg?resize=350%2C200&ssl=1","width":350,"height":200,"srcset":"https:\/\/i0.wp.com\/lasprimeras.com.do\/wp-content\/uploads\/2024\/03\/WhatsApp-Image-2024-03-28-at-9.26.25-AM.jpeg?resize=350%2C200&ssl=1 1x, https:\/\/i0.wp.com\/lasprimeras.com.do\/wp-content\/uploads\/2024\/03\/WhatsApp-Image-2024-03-28-at-9.26.25-AM.jpeg?resize=525%2C300&ssl=1 1.5x, https:\/\/i0.wp.com\/lasprimeras.com.do\/wp-content\/uploads\/2024\/03\/WhatsApp-Image-2024-03-28-at-9.26.25-AM.jpeg?resize=700%2C400&ssl=1 2x, https:\/\/i0.wp.com\/lasprimeras.com.do\/wp-content\/uploads\/2024\/03\/WhatsApp-Image-2024-03-28-at-9.26.25-AM.jpeg?resize=1050%2C600&ssl=1 3x, https:\/\/i0.wp.com\/lasprimeras.com.do\/wp-content\/uploads\/2024\/03\/WhatsApp-Image-2024-03-28-at-9.26.25-AM.jpeg?resize=1400%2C800&ssl=1 4x"},"classes":[]}],"jetpack_sharing_enabled":true,"_links":{"self":[{"href":"https:\/\/lasprimeras.com.do\/index.php\/wp-json\/wp\/v2\/posts\/96062","targetHints":{"allow":["GET"]}}],"collection":[{"href":"https:\/\/lasprimeras.com.do\/index.php\/wp-json\/wp\/v2\/posts"}],"about":[{"href":"https:\/\/lasprimeras.com.do\/index.php\/wp-json\/wp\/v2\/types\/post"}],"author":[{"embeddable":true,"href":"https:\/\/lasprimeras.com.do\/index.php\/wp-json\/wp\/v2\/users\/10"}],"replies":[{"embeddable":true,"href":"https:\/\/lasprimeras.com.do\/index.php\/wp-json\/wp\/v2\/comments?post=96062"}],"version-history":[{"count":1,"href":"https:\/\/lasprimeras.com.do\/index.php\/wp-json\/wp\/v2\/posts\/96062\/revisions"}],"predecessor-version":[{"id":96064,"href":"https:\/\/lasprimeras.com.do\/index.php\/wp-json\/wp\/v2\/posts\/96062\/revisions\/96064"}],"wp:featuredmedia":[{"embeddable":true,"href":"https:\/\/lasprimeras.com.do\/index.php\/wp-json\/wp\/v2\/media\/96063"}],"wp:attachment":[{"href":"https:\/\/lasprimeras.com.do\/index.php\/wp-json\/wp\/v2\/media?parent=96062"}],"wp:term":[{"taxonomy":"category","embeddable":true,"href":"https:\/\/lasprimeras.com.do\/index.php\/wp-json\/wp\/v2\/categories?post=96062"},{"taxonomy":"post_tag","embeddable":true,"href":"https:\/\/lasprimeras.com.do\/index.php\/wp-json\/wp\/v2\/tags?post=96062"}],"curies":[{"name":"wp","href":"https:\/\/api.w.org\/{rel}","templated":true}]}}