{"id":96065,"date":"2025-03-25T08:59:38","date_gmt":"2025-03-25T12:59:38","guid":{"rendered":"https:\/\/lasprimeras.com.do\/?p=96065"},"modified":"2025-03-25T08:59:40","modified_gmt":"2025-03-25T12:59:40","slug":"repartidor-en-bicicleta-electrica-atropella-de-manera-mortal-hispano-en-brooklyn","status":"publish","type":"post","link":"https:\/\/lasprimeras.com.do\/index.php\/2025\/03\/25\/repartidor-en-bicicleta-electrica-atropella-de-manera-mortal-hispano-en-brooklyn\/","title":{"rendered":"Repartidor en bicicleta el\u00e9ctrica atropella de manera mortal hispano en Brooklyn"},"content":{"rendered":"\n<p>Por Ram\u00f3n Mercedes<\/p>\n\n\n\n<p>NUEVA YORK.- El hispano Luis Cruz, de 49 a\u00f1os, presuntamente dominicano, al desmontarse de su veh\u00edculo en la intersecci\u00f3n de las calles Franklin e India en Greenpoint, Brooklyn, fue arrollado de muerte por un repartidor de alimentos mientras conduc\u00eda una bicicleta el\u00e9ctrica a alta velocidad.<\/p>\n\n\n\n<p>El ciclista, no identificado, cruz\u00f3 a toda velocidad una se\u00f1al de pare, impactando al hispano que \u00abvol\u00f3 por los altos\u00bb. El repartidor se qued\u00f3 en el lugar del accidente, seg\u00fan la Polic\u00eda.<\/p>\n\n\n\n<p>Entre 2021 y 2024, seis peatones murieron atropellados por bicicletas el\u00e9ctricas, en comparaci\u00f3n con 471 por otros veh\u00edculos, seg\u00fan las autoridades.<\/p>\n\n\n\n<p>Por su parte, el Departamento de Transporte (DOT), que dirige el dominicano Ydanis Rodr\u00edguez, sostiene que las bicicletas el\u00e9ctricas representan menos del 2% de las muertes por accidentes de tr\u00e1fico y menos del 4% de los traumatismos causados por accidentes de tr\u00e1fico.<\/p>\n\n\n\n<p>Las autoridades municipales estiman que hay m\u00e1s de 65,000 repartidores en los cinco distritos, la mayor\u00eda de los cuales no usan coche y dependen de bicicletas el\u00e9ctricas para hacer entrega m\u00e1s r\u00e1pida.<\/p>\n\n\n\n<p>Los legisladores de toda la ciudad llevan a\u00f1os pidiendo regulaciones m\u00e1s estrictas para las bicicletas el\u00e9ctricas, argumentando que no deber\u00edan recibir un trato diferente al de los autom\u00f3viles.<\/p>\n","protected":false},"excerpt":{"rendered":"<p>Por Ram\u00f3n Mercedes NUEVA YORK.- El hispano Luis Cruz, de 49 a\u00f1os, presuntamente dominicano, al desmontarse de su veh\u00edculo en la intersecci\u00f3n de las calles Franklin e India en Greenpoint,&hellip;<\/p>\n","protected":false},"author":10,"featured_media":96066,"comment_status":"open","ping_status":"open","sticky":false,"template":"","format":"standard","meta":{"content-type":"","jetpack_post_was_ever_published":false,"_jetpack_newsletter_access":"","_jetpack_dont_email_post_to_subs":false,"_jetpack_newsletter_tier_id":0,"_jetpack_memberships_contains_paywalled_content":false,"_jetpack_memberships_contains_paid_content":false,"footnotes":""},"categories":[16289],"tags":[18384,18382,175,4255,18383],"class_list":["post-96065","post","type-post","status-publish","format-standard","has-post-thumbnail","hentry","category-internacionales","tag-atropella","tag-bicicleta-electrica","tag-brooklyn","tag-hispano","tag-repartidor"],"jetpack_featured_media_url":"https:\/\/lasprimeras.com.do\/wp-content\/uploads\/2025\/03\/WhatsApp-Image-2025-03-25-at-7.22.00-AM-2.jpeg","jetpack-related-posts":[{"id":54167,"url":"https:\/\/lasprimeras.com.do\/index.php\/2023\/07\/08\/nino-muere-atropellado-y-presunto-conductor-es-detenido-tras-huir\/","url_meta":{"origin":96065,"position":0},"title":"Ni\u00f1o muere atropellado y presunto conductor es detenido tras huir","author":"Nelson Feliz","date":"8 de julio de 2023","format":false,"excerpt":"Un ni\u00f1o de 2 a\u00f1os muri\u00f3 arrollado en La Paloma del Esp\u00edritu Santo. El responsable huy\u00f3 del lugar. M\u00e1s tarde, el presunto autor fue identificado, localizado y detenido. Era un joven de 20 a\u00f1os que conduc\u00eda un cami\u00f3n repartidor. El accidente fatal ocurri\u00f3 alrededor de las 10:00 de este s\u00e1bado,\u2026","rel":"","context":"En \u00abSin categor\u00eda\u00bb","block_context":{"text":"Sin categor\u00eda","link":"https:\/\/lasprimeras.com.do\/index.php\/category\/sin-categoria\/"},"img":{"alt_text":"Cami\u00f3n repartidor presumiblemente involucrado en la muerte del ni\u00f1o de 2 a\u00f1os.Foto: Gentileza.","src":"https:\/\/i0.wp.com\/lasprimeras.com.do\/wp-content\/uploads\/2023\/07\/Camion.jpg?resize=350%2C200&ssl=1","width":350,"height":200,"srcset":"https:\/\/i0.wp.com\/lasprimeras.com.do\/wp-content\/uploads\/2023\/07\/Camion.jpg?resize=350%2C200&ssl=1 1x, https:\/\/i0.wp.com\/lasprimeras.com.do\/wp-content\/uploads\/2023\/07\/Camion.jpg?resize=525%2C300&ssl=1 1.5x, https:\/\/i0.wp.com\/lasprimeras.com.do\/wp-content\/uploads\/2023\/07\/Camion.jpg?resize=700%2C400&ssl=1 2x"},"classes":[]},{"id":102851,"url":"https:\/\/lasprimeras.com.do\/index.php\/2025\/07\/09\/autoridades-nyc-crean-departamento-de-entrega-sostenible\/","url_meta":{"origin":96065,"position":1},"title":"Autoridades NYC crean Departamento de Entrega Sostenible","author":"Nelson Feliz","date":"9 de julio de 2025","format":false,"excerpt":"Por Ram\u00f3n Mercedes NUEVA YORK.- El alcalde de esta ciudad, Eric Adams, y el comisionado del Departamento de Transporte (DOT), Ydanis Rodr\u00edguez, anunciaron la creaci\u00f3n del Departamento de Entrega Sostenible (DSD), que se encargar\u00e1 de la aplicaci\u00f3n de la ley contra la circulaci\u00f3n ilegal de ciclomotores, bicicletas el\u00e9ctricas y patinetes\u2026","rel":"","context":"En \u00abINTERNACIONALES\u00bb","block_context":{"text":"INTERNACIONALES","link":"https:\/\/lasprimeras.com.do\/index.php\/category\/sin-categoria\/internacionales\/"},"img":{"alt_text":"Autoridades NYC crean Departamento de Entrega Sostenible","src":"https:\/\/i0.wp.com\/lasprimeras.com.do\/wp-content\/uploads\/2025\/07\/WhatsApp-Image-2025-07-09-at-5.35.19-AM-1.jpeg?resize=350%2C200&ssl=1","width":350,"height":200},"classes":[]},{"id":103529,"url":"https:\/\/lasprimeras.com.do\/index.php\/2025\/07\/15\/conductores-bicicletas-electricas-en-nyc-podrian-caer-en-mano-inmigracion\/","url_meta":{"origin":96065,"position":2},"title":"Conductores bicicletas el\u00e9ctricas en NYC podr\u00edan caer en mano Inmigraci\u00f3n","author":"Nelson Feliz","date":"15 de julio de 2025","format":false,"excerpt":"Por Ram\u00f3n Mercedes NUEVA YORK.- Los conductores de bicicletas el\u00e9ctricas en esta ciudad que cometan faltas de tr\u00e1nsito podr\u00edan recibir citaciones penales, en lugar de simples multas civiles, teniendo luego que asistir a una corte criminal. Hasta la entrada en vigor de esta medida el pasado 28 de abril, si\u2026","rel":"","context":"En \u00abINTERNACIONALES\u00bb","block_context":{"text":"INTERNACIONALES","link":"https:\/\/lasprimeras.com.do\/index.php\/category\/sin-categoria\/internacionales\/"},"img":{"alt_text":"","src":"https:\/\/i0.wp.com\/lasprimeras.com.do\/wp-content\/uploads\/2025\/07\/WhatsApp-Image-2025-07-15-at-6.06.14-AM-1.jpeg?resize=350%2C200&ssl=1","width":350,"height":200},"classes":[]},{"id":49719,"url":"https:\/\/lasprimeras.com.do\/index.php\/2023\/05\/13\/cuatro-latinos-muertos-sube-cifra-fatal-de-incendio-en-hogar-de-nueva-york-por-bateria-e-bike\/","url_meta":{"origin":96065,"position":3},"title":"Cuatro latinos muertos: sube cifra fatal de incendio en hogar de Nueva York por bater\u00eda e-bike","author":"prenxa100","date":"13 de mayo de 2023","format":false,"excerpt":"Murieron los cuatro hispanos que hab\u00edan sido hospitalizados por un incendio en el Alto Manhattan causado por la bater\u00eda de un scooter el\u00e9ctrico. Las v\u00edctimas incluyen una abuela de 94 a\u00f1os, su sobrino discapacitado, una madre hondure\u00f1a y un joven inquilino dominicano. Nueva York .-. Dos personas m\u00e1s murieron a\u2026","rel":"","context":"En \u00abSin categor\u00eda\u00bb","block_context":{"text":"Sin categor\u00eda","link":"https:\/\/lasprimeras.com.do\/index.php\/category\/sin-categoria\/"},"img":{"alt_text":"","src":"","width":0,"height":0},"classes":[]},{"id":97943,"url":"https:\/\/lasprimeras.com.do\/index.php\/2025\/04\/29\/acusan-hispano-violar-cadaver-humano-en-tren-nyc-presuntamente-es-dominicano\/","url_meta":{"origin":96065,"position":4},"title":"Acusan hispano violar cad\u00e1ver humano en tren NYC; presuntamente es dominicano","author":"Nelson Feliz","date":"29 de abril de 2025","format":false,"excerpt":"Por Ram\u00f3n Mercedes NUEVA YORK.- El hispano F\u00e9lix Rojas, de 44 a\u00f1os, residente en Brooklyn y presuntamente dominicano, apresado el pasado domingo, fue acusado de violar un cad\u00e1ver humano en un vag\u00f3n del tren R en la estaci\u00f3n de la calle Whitehall-Manhattan. La instituci\u00f3n del orden ven\u00eda d\u00e1ndole seguimiento, desde\u2026","rel":"","context":"En \u00abINTERNACIONALES\u00bb","block_context":{"text":"INTERNACIONALES","link":"https:\/\/lasprimeras.com.do\/index.php\/category\/sin-categoria\/internacionales\/"},"img":{"alt_text":"Apresan y acusan hispano violar cad\u00e1ver humano en tren NYC","src":"https:\/\/i0.wp.com\/lasprimeras.com.do\/wp-content\/uploads\/2025\/04\/WhatsApp-Image-2025-04-29-at-5.43.41-AM.jpeg?resize=350%2C200&ssl=1","width":350,"height":200,"srcset":"https:\/\/i0.wp.com\/lasprimeras.com.do\/wp-content\/uploads\/2025\/04\/WhatsApp-Image-2025-04-29-at-5.43.41-AM.jpeg?resize=350%2C200&ssl=1 1x, https:\/\/i0.wp.com\/lasprimeras.com.do\/wp-content\/uploads\/2025\/04\/WhatsApp-Image-2025-04-29-at-5.43.41-AM.jpeg?resize=525%2C300&ssl=1 1.5x"},"classes":[]},{"id":117350,"url":"https:\/\/lasprimeras.com.do\/index.php\/2025\/12\/10\/nuevas-leyes-entraran-en-vigor-nyc-proximo-ano\/","url_meta":{"origin":96065,"position":5},"title":"Nuevas leyes entrar\u00e1n en vigor NYC pr\u00f3ximo a\u00f1o","author":"Nelson Feliz","date":"10 de diciembre de 2025","format":false,"excerpt":"Por Ram\u00f3n Mercedes NUEVA YORK.- A partir del pr\u00f3ximo a\u00f1o entrar\u00e1n en vigor varias nuevas leyes en esta ciudad que impactar\u00e1n a trabajadores, empresas de entrega, vendedores ambulantes y conductores, que buscan reforzar derechos laborales, mejorar la transparencia en los pagos y aumentar la seguridad vial. A partir del 1\u2026","rel":"","context":"En \u00abINTERNACIONALES\u00bb","block_context":{"text":"INTERNACIONALES","link":"https:\/\/lasprimeras.com.do\/index.php\/category\/sin-categoria\/internacionales\/"},"img":{"alt_text":"Nuevas leyes entrar\u00e1n en vigor NYC pr\u00f3ximo a\u00f1o","src":"https:\/\/i0.wp.com\/lasprimeras.com.do\/wp-content\/uploads\/2025\/12\/WhatsApp-Image-2025-12-10-at-7.43.26-AM-1.jpeg?resize=350%2C200&ssl=1","width":350,"height":200},"classes":[]}],"jetpack_sharing_enabled":true,"_links":{"self":[{"href":"https:\/\/lasprimeras.com.do\/index.php\/wp-json\/wp\/v2\/posts\/96065","targetHints":{"allow":["GET"]}}],"collection":[{"href":"https:\/\/lasprimeras.com.do\/index.php\/wp-json\/wp\/v2\/posts"}],"about":[{"href":"https:\/\/lasprimeras.com.do\/index.php\/wp-json\/wp\/v2\/types\/post"}],"author":[{"embeddable":true,"href":"https:\/\/lasprimeras.com.do\/index.php\/wp-json\/wp\/v2\/users\/10"}],"replies":[{"embeddable":true,"href":"https:\/\/lasprimeras.com.do\/index.php\/wp-json\/wp\/v2\/comments?post=96065"}],"version-history":[{"count":1,"href":"https:\/\/lasprimeras.com.do\/index.php\/wp-json\/wp\/v2\/posts\/96065\/revisions"}],"predecessor-version":[{"id":96067,"href":"https:\/\/lasprimeras.com.do\/index.php\/wp-json\/wp\/v2\/posts\/96065\/revisions\/96067"}],"wp:featuredmedia":[{"embeddable":true,"href":"https:\/\/lasprimeras.com.do\/index.php\/wp-json\/wp\/v2\/media\/96066"}],"wp:attachment":[{"href":"https:\/\/lasprimeras.com.do\/index.php\/wp-json\/wp\/v2\/media?parent=96065"}],"wp:term":[{"taxonomy":"category","embeddable":true,"href":"https:\/\/lasprimeras.com.do\/index.php\/wp-json\/wp\/v2\/categories?post=96065"},{"taxonomy":"post_tag","embeddable":true,"href":"https:\/\/lasprimeras.com.do\/index.php\/wp-json\/wp\/v2\/tags?post=96065"}],"curies":[{"name":"wp","href":"https:\/\/api.w.org\/{rel}","templated":true}]}}