{"id":96086,"date":"2025-03-25T10:15:26","date_gmt":"2025-03-25T14:15:26","guid":{"rendered":"https:\/\/lasprimeras.com.do\/?p=96086"},"modified":"2025-03-25T10:15:27","modified_gmt":"2025-03-25T14:15:27","slug":"presidente-de-sociedades-medicas-cuestiona-a-director-de-la-dida-por-sus-declaraciones-contra-los-medicos","status":"publish","type":"post","link":"https:\/\/lasprimeras.com.do\/index.php\/2025\/03\/25\/presidente-de-sociedades-medicas-cuestiona-a-director-de-la-dida-por-sus-declaraciones-contra-los-medicos\/","title":{"rendered":"Presidente de Sociedades M\u00e9dicas cuestiona a director de la DIDA por sus declaraciones contra los m\u00e9dicos"},"content":{"rendered":"\n<p>El presidente del Consejo Nacional de Sociedades M\u00e9dicas Especializadas, doctor Luis Farington, calific\u00f3 como infundadas las recientes declaraciones del director general de la Direcci\u00f3n General de Informaci\u00f3n y Defensa de los Afiliados a la Seguridad Social (DIDA), El\u00edas B\u00e1ez, quien en los \u00faltimos meses ha emitido comentarios en contra de los m\u00e9dicos, los cuales considera prepotentes y cargados de ignorancia.<\/p>\n\n\n\n<p>&#8220;Si hay un profesional que cuida de la salud de las personas son los m\u00e9dicos&#8221;, destac\u00f3 Farington, quien tambi\u00e9n recalc\u00f3 que B\u00e1ez ha insistido en emitir cr\u00edticas sin justificaci\u00f3n hacia los especialistas en medicina, los cuales, a la hora de realizar procedimientos quir\u00fargicos, requieren estar acompa\u00f1ados de otros profesionales para garantizar una pr\u00e1ctica operatoria segura y eficaz. \u201cAqu\u00ed el \u00fanico que cuida la salud del paciente es el m\u00e9dico\u201d, subray\u00f3 el presidente del Consejo.<\/p>\n\n\n\n<p>Farington cuestion\u00f3 adem\u00e1s el desempe\u00f1o \u00e9tico de B\u00e1ez como director de la DIDA, particularmente en lo relacionado con la protecci\u00f3n de la salud en el pa\u00eds, se\u00f1alando que el funcionario no ha tomado acciones en contra algunas de las Administradoras de Riesgos de Salud (ARS), que violan sus compromisos con sus afiliados, seg\u00fan Farington, contin\u00faan realizando pr\u00e1cticas que afectan negativamente la salud de los afiliados.<\/p>\n\n\n\n<p>Entre ellas, destac\u00f3 la limitaci\u00f3n en la cobertura para atenci\u00f3n de salud mental, un \u00e1rea crucial para el bienestar de la poblaci\u00f3n.<\/p>\n\n\n\n<p>\u201cEl 54% de la poblaci\u00f3n dominicana pertenece al r\u00e9gimen subsidiado de la Seguridad Social. Como legislador, B\u00e1ez no ha presentado ninguna iniciativa en el Congreso que beneficie a los afiliados, como lo hizo el gobierno con la propuesta de reforma a la Ley 87-01 de la Seguridad Social, que busca modificar seis puntos fundamentales de una legislaci\u00f3n que data de hace 20 a\u00f1os\u201d, expres\u00f3 Farington.<\/p>\n\n\n\n<p>El presidente de las Sociedades M\u00e9dicas Especializadas tambi\u00e9n cuestion\u00f3 la inacci\u00f3n de B\u00e1ez frente a denuncias hechas por diversas Sociedades Especializadas, que han alertado sobre los cambios realizados por algunas ARS en los tratamientos de medicamentos de alto costo, que perjudican a los pacientes.<\/p>\n\n\n\n<p>\u201cEl funcionario no ha hecho nada contra algunas ARS que cambian los medicamentos que deber\u00edan ser cubiertos, tal como lo ha anunciado la Sociedad de Oncolog\u00eda&#8221;, afirm\u00f3.<\/p>\n\n\n\n<p>Con estas declaraciones, Farington insta a las autoridades a enfocarse en garantizar una atenci\u00f3n m\u00e9dica de calidad y a proteger los derechos de los pacientes, en lugar de continuar con ataques infundados hacia los m\u00e9dicos, quienes, seg\u00fan \u00e9l, son los verdaderos guardianes de la salud de la poblaci\u00f3n dominicana.<\/p>\n","protected":false},"excerpt":{"rendered":"<p>El presidente del Consejo Nacional de Sociedades M\u00e9dicas Especializadas, doctor Luis Farington, calific\u00f3 como infundadas las recientes declaraciones del director general de la Direcci\u00f3n General de Informaci\u00f3n y Defensa de&hellip;<\/p>\n","protected":false},"author":10,"featured_media":96087,"comment_status":"open","ping_status":"open","sticky":false,"template":"","format":"standard","meta":{"content-type":"","jetpack_post_was_ever_published":false,"_jetpack_newsletter_access":"","_jetpack_dont_email_post_to_subs":false,"_jetpack_newsletter_tier_id":0,"_jetpack_memberships_contains_paywalled_content":false,"_jetpack_memberships_contains_paid_content":false,"footnotes":""},"categories":[16558],"tags":[9736,4352,18390,17964,961,18389],"class_list":["post-96086","post","type-post","status-publish","format-standard","has-post-thumbnail","hentry","category-salud","tag-dida","tag-elias-baez","tag-especializadas","tag-medicas","tag-medicos","tag-sociedades"],"jetpack_featured_media_url":"https:\/\/lasprimeras.com.do\/wp-content\/uploads\/2025\/03\/Luis-Farington.jpg","jetpack-related-posts":[{"id":117567,"url":"https:\/\/lasprimeras.com.do\/index.php\/2025\/12\/11\/dida-denuncia-que-farmacias-no-entregan-documentos-para-compra-de-medicamentos-faltantes\/","url_meta":{"origin":96086,"position":0},"title":"DIDA denuncia que farmacias no entregan documentos para compra de medicamentos faltantes","author":"Nelson Feliz","date":"11 de diciembre de 2025","format":false,"excerpt":"Informa que una persona puede comprar medicamentos en varias farmacias con copia de una misma receta y el formulario de dispensaci\u00f3n parcial de medicamentos. El director de la Direcci\u00f3n General de Informaci\u00f3n y Defensa de los Afiliados a la Seguridad Social (DIDA), El\u00edas B\u00e1ez, inform\u00f3 que un monitoreo realizado en\u2026","rel":"","context":"En \u00abPORTADA\u00bb","block_context":{"text":"PORTADA","link":"https:\/\/lasprimeras.com.do\/index.php\/category\/portada\/"},"img":{"alt_text":"El\u00edas B\u00e1ez","src":"https:\/\/i0.wp.com\/lasprimeras.com.do\/wp-content\/uploads\/2025\/12\/Elias-Baez-2.jpg?resize=350%2C200&ssl=1","width":350,"height":200,"srcset":"https:\/\/i0.wp.com\/lasprimeras.com.do\/wp-content\/uploads\/2025\/12\/Elias-Baez-2.jpg?resize=350%2C200&ssl=1 1x, https:\/\/i0.wp.com\/lasprimeras.com.do\/wp-content\/uploads\/2025\/12\/Elias-Baez-2.jpg?resize=525%2C300&ssl=1 1.5x, https:\/\/i0.wp.com\/lasprimeras.com.do\/wp-content\/uploads\/2025\/12\/Elias-Baez-2.jpg?resize=700%2C400&ssl=1 2x"},"classes":[]},{"id":114307,"url":"https:\/\/lasprimeras.com.do\/index.php\/2025\/11\/12\/dida-ofrece-mas-1-millon-de-asistencias-en-primer-ano-de-gestion-de-elias-baez\/","url_meta":{"origin":96086,"position":1},"title":"DIDA ofrece m\u00e1s 1 mill\u00f3n de asistencias en primer a\u00f1o de gesti\u00f3n de El\u00edas B\u00e1ez","author":"Nelson Feliz","date":"12 de noviembre de 2025","format":false,"excerpt":"Instituci\u00f3n ha ahorrado e identificado m\u00e1s de 500 millones de pesos a los afiliados del Sistema Dominicano de Seguridad Social. Lanza Premio a las Buenas Pr\u00e1cticas. La Direcci\u00f3n General de Informaci\u00f3n y Defensa de los Afiliados a la Seguridad Social (DIDA) ofreci\u00f3 m\u00e1s de 1 mill\u00f3n 243 mil asistencias en\u2026","rel":"","context":"En \u00abECONOM\u00cdA\u00bb","block_context":{"text":"ECONOM\u00cdA","link":"https:\/\/lasprimeras.com.do\/index.php\/category\/economia\/"},"img":{"alt_text":"","src":"https:\/\/i0.wp.com\/lasprimeras.com.do\/wp-content\/uploads\/2025\/11\/ELIAS-BAEZ.jpg?resize=350%2C200&ssl=1","width":350,"height":200,"srcset":"https:\/\/i0.wp.com\/lasprimeras.com.do\/wp-content\/uploads\/2025\/11\/ELIAS-BAEZ.jpg?resize=350%2C200&ssl=1 1x, https:\/\/i0.wp.com\/lasprimeras.com.do\/wp-content\/uploads\/2025\/11\/ELIAS-BAEZ.jpg?resize=525%2C300&ssl=1 1.5x, https:\/\/i0.wp.com\/lasprimeras.com.do\/wp-content\/uploads\/2025\/11\/ELIAS-BAEZ.jpg?resize=700%2C400&ssl=1 2x"},"classes":[]},{"id":107572,"url":"https:\/\/lasprimeras.com.do\/index.php\/2025\/08\/28\/dida-ofrece-detalles-sobre-requisitos-para-pension-de-sobrevivencia-y-devolucion-de-saldo-a-herederos-legales\/","url_meta":{"origin":96086,"position":2},"title":"DIDA ofrece detalles sobre requisitos para pensi\u00f3n de sobrevivencia y devoluci\u00f3n de saldo a herederos legales","author":"Nelson Feliz","date":"28 de agosto de 2025","format":false,"excerpt":"El director de la Direcci\u00f3n de Informaci\u00f3n y Defensa de los Afiliados a la Seguridad Social (DIDA), El\u00edas B\u00e1ez, ofreci\u00f3 en el d\u00eda de hoy importantes informaciones a los medios de comunicaci\u00f3n sobre los requisitos que deben cumplir los familiares de un afiliado fallecido para acceder a la pensi\u00f3n de\u2026","rel":"","context":"En \u00abECONOM\u00cdA\u00bb","block_context":{"text":"ECONOM\u00cdA","link":"https:\/\/lasprimeras.com.do\/index.php\/category\/economia\/"},"img":{"alt_text":"","src":"https:\/\/i0.wp.com\/lasprimeras.com.do\/wp-content\/uploads\/2025\/08\/Elias-Baez.jpg?resize=350%2C200&ssl=1","width":350,"height":200,"srcset":"https:\/\/i0.wp.com\/lasprimeras.com.do\/wp-content\/uploads\/2025\/08\/Elias-Baez.jpg?resize=350%2C200&ssl=1 1x, https:\/\/i0.wp.com\/lasprimeras.com.do\/wp-content\/uploads\/2025\/08\/Elias-Baez.jpg?resize=525%2C300&ssl=1 1.5x, https:\/\/i0.wp.com\/lasprimeras.com.do\/wp-content\/uploads\/2025\/08\/Elias-Baez.jpg?resize=700%2C400&ssl=1 2x"},"classes":[]},{"id":86634,"url":"https:\/\/lasprimeras.com.do\/index.php\/2024\/06\/28\/cmd-logra-codigos-para-los-emergenciologos-radiologos-despues-de-15-anos-de-luchas\/","url_meta":{"origin":96086,"position":3},"title":"CMD logra c\u00f3digos para los emergenciologos, radi\u00f3logos; despu\u00e9s de 15 a\u00f1os de luchas","author":"Nelson Feliz","date":"28 de junio de 2024","format":false,"excerpt":"El Director del Seguro Nacional de Salud (SENASA), Santiago Hazim y el Presidente del Colegio M\u00e9dico Dominicano Dr. Waldo Ariel Suero, firmaron un acuerdo en aras de entregarles los c\u00f3digos por parte del SENASA a los m\u00e9dicos que integran estas Sociedades M\u00e9dicas Especializadas. La firma de este acuerdo se realiz\u00f3\u2026","rel":"","context":"En \u00abSin categor\u00eda\u00bb","block_context":{"text":"Sin categor\u00eda","link":"https:\/\/lasprimeras.com.do\/index.php\/category\/sin-categoria\/"},"img":{"alt_text":"Sof\u00eda, el Chatbot de SeNaSa","src":"https:\/\/i0.wp.com\/lasprimeras.com.do\/wp-content\/uploads\/2023\/08\/Sofia-el-Chatbot-de-SeNaSa.jpg?resize=350%2C200&ssl=1","width":350,"height":200,"srcset":"https:\/\/i0.wp.com\/lasprimeras.com.do\/wp-content\/uploads\/2023\/08\/Sofia-el-Chatbot-de-SeNaSa.jpg?resize=350%2C200&ssl=1 1x, https:\/\/i0.wp.com\/lasprimeras.com.do\/wp-content\/uploads\/2023\/08\/Sofia-el-Chatbot-de-SeNaSa.jpg?resize=525%2C300&ssl=1 1.5x, https:\/\/i0.wp.com\/lasprimeras.com.do\/wp-content\/uploads\/2023\/08\/Sofia-el-Chatbot-de-SeNaSa.jpg?resize=700%2C400&ssl=1 2x"},"classes":[]},{"id":112284,"url":"https:\/\/lasprimeras.com.do\/index.php\/2025\/10\/20\/dida-ars-no-cumplen-normas-de-compra-medicamentos-de-alto-costo-para-afiliados\/","url_meta":{"origin":96086,"position":4},"title":"DIDA: ARS no cumplen normas de compra de medicamentos de Alto Costo para afiliados","author":"Nelson Feliz","date":"20 de octubre de 2025","format":false,"excerpt":"El\u00edas B\u00e1ez dijo que dicha medida est\u00e1 contenida en la Resoluci\u00f3n 553 del Consejo Nacional de la Seguridad Social (CNSS) y en la sentencia 111-19 del Tribunal Constitucional. Exhort\u00f3 a los afiliados a verificar su cobertura en la DIDA. El titular de la Direcci\u00f3n General de Informaci\u00f3n y Defensa de\u2026","rel":"","context":"En \u00abECONOM\u00cdA\u00bb","block_context":{"text":"ECONOM\u00cdA","link":"https:\/\/lasprimeras.com.do\/index.php\/category\/economia\/"},"img":{"alt_text":"","src":"https:\/\/i0.wp.com\/lasprimeras.com.do\/wp-content\/uploads\/2025\/10\/DIDA-1.jpg?resize=350%2C200&ssl=1","width":350,"height":200,"srcset":"https:\/\/i0.wp.com\/lasprimeras.com.do\/wp-content\/uploads\/2025\/10\/DIDA-1.jpg?resize=350%2C200&ssl=1 1x, https:\/\/i0.wp.com\/lasprimeras.com.do\/wp-content\/uploads\/2025\/10\/DIDA-1.jpg?resize=525%2C300&ssl=1 1.5x, https:\/\/i0.wp.com\/lasprimeras.com.do\/wp-content\/uploads\/2025\/10\/DIDA-1.jpg?resize=700%2C400&ssl=1 2x"},"classes":[]},{"id":116197,"url":"https:\/\/lasprimeras.com.do\/index.php\/2025\/11\/28\/dida-lanza-el-premio-a-las-buenas-practicas-en-seguridad-social\/","url_meta":{"origin":96086,"position":5},"title":"DIDA lanza el &#8220;Premio a las Buenas Pr\u00e1cticas en Seguridad Social&#8221;","author":"Nelson Feliz","date":"28 de noviembre de 2025","format":false,"excerpt":"La instituci\u00f3n ha realizado m\u00e1s de 1,700 encuestas a afiliados y alrededor de 600 visitas de monitoreo a cl\u00ednicas, hospitales, farmacias, laboratorios para medir calidad en servicios en un a\u00f1o. La Direcci\u00f3n General de Informaci\u00f3n y Defensa de los Afiliados a la Seguridad Social (DIDA) lanz\u00f3 el \"Premio a las\u2026","rel":"","context":"En \u00abENTRETENIMIENTO\u00bb","block_context":{"text":"ENTRETENIMIENTO","link":"https:\/\/lasprimeras.com.do\/index.php\/category\/entretenimiento\/"},"img":{"alt_text":"","src":"https:\/\/i0.wp.com\/lasprimeras.com.do\/wp-content\/uploads\/2025\/11\/4.-KINLLER-MOQUETE-ASESOR-DEL-PREMIO.jpg?resize=350%2C200&ssl=1","width":350,"height":200,"srcset":"https:\/\/i0.wp.com\/lasprimeras.com.do\/wp-content\/uploads\/2025\/11\/4.-KINLLER-MOQUETE-ASESOR-DEL-PREMIO.jpg?resize=350%2C200&ssl=1 1x, https:\/\/i0.wp.com\/lasprimeras.com.do\/wp-content\/uploads\/2025\/11\/4.-KINLLER-MOQUETE-ASESOR-DEL-PREMIO.jpg?resize=525%2C300&ssl=1 1.5x, https:\/\/i0.wp.com\/lasprimeras.com.do\/wp-content\/uploads\/2025\/11\/4.-KINLLER-MOQUETE-ASESOR-DEL-PREMIO.jpg?resize=700%2C400&ssl=1 2x"},"classes":[]}],"jetpack_sharing_enabled":true,"_links":{"self":[{"href":"https:\/\/lasprimeras.com.do\/index.php\/wp-json\/wp\/v2\/posts\/96086","targetHints":{"allow":["GET"]}}],"collection":[{"href":"https:\/\/lasprimeras.com.do\/index.php\/wp-json\/wp\/v2\/posts"}],"about":[{"href":"https:\/\/lasprimeras.com.do\/index.php\/wp-json\/wp\/v2\/types\/post"}],"author":[{"embeddable":true,"href":"https:\/\/lasprimeras.com.do\/index.php\/wp-json\/wp\/v2\/users\/10"}],"replies":[{"embeddable":true,"href":"https:\/\/lasprimeras.com.do\/index.php\/wp-json\/wp\/v2\/comments?post=96086"}],"version-history":[{"count":1,"href":"https:\/\/lasprimeras.com.do\/index.php\/wp-json\/wp\/v2\/posts\/96086\/revisions"}],"predecessor-version":[{"id":96088,"href":"https:\/\/lasprimeras.com.do\/index.php\/wp-json\/wp\/v2\/posts\/96086\/revisions\/96088"}],"wp:featuredmedia":[{"embeddable":true,"href":"https:\/\/lasprimeras.com.do\/index.php\/wp-json\/wp\/v2\/media\/96087"}],"wp:attachment":[{"href":"https:\/\/lasprimeras.com.do\/index.php\/wp-json\/wp\/v2\/media?parent=96086"}],"wp:term":[{"taxonomy":"category","embeddable":true,"href":"https:\/\/lasprimeras.com.do\/index.php\/wp-json\/wp\/v2\/categories?post=96086"},{"taxonomy":"post_tag","embeddable":true,"href":"https:\/\/lasprimeras.com.do\/index.php\/wp-json\/wp\/v2\/tags?post=96086"}],"curies":[{"name":"wp","href":"https:\/\/api.w.org\/{rel}","templated":true}]}}